{"id":910696,"date":"2025-12-09T09:33:00","date_gmt":"2025-12-09T08:33:00","guid":{"rendered":"https:\/\/dmcsrb.com\/uncategorized\/crnogorski-proizvodi-ponovo-privukli-paznju-na-humanitarnom-bazaru-u-sarajevu\/"},"modified":"2025-12-09T09:33:00","modified_gmt":"2025-12-09T08:33:00","slug":"crnogorski-proizvodi-ponovo-privukli-paznju-na-humanitarnom-bazaru-u-sarajevu","status":"publish","type":"post","link":"https:\/\/dmcsrb.com\/en\/drustvo\/crnogorski-proizvodi-ponovo-privukli-paznju-na-humanitarnom-bazaru-u-sarajevu\/","title":{"rendered":"Crnogorski proizvodi ponovo privukli pa\u017enju na humanitarnom bazaru u Sarajevu"},"content":{"rendered":"<p>Na \u0161tandu Crne Gore predstavljeni su tradicionalni proizvodi, ru\u010dno ra\u0111eni suveniri i autenti\u010dna gastronomska ponuda iz razli\u010ditih regija na\u0161e zemlje. Posjetiocima je bio na raspolaganju i raznovrstan promotivni turisti\u010dki materijal, koji je izazvao veliko interesovanje, posebno me\u0111u onima koji planiraju posjetiti Crnu Goru tokom predstoje\u0107e turisti\u010dke sezone.<strong><\/strong><\/p>\n\n\n\n<p>Posjetioci su sa odu\u0161evljenjem isticali autenti\u010dnost ru\u010dno ra\u0111enih crnogorskih proizvoda, a svi izlo\u017eeni proizvodi rasprodati su u rekordnom roku.<\/p>\n\n\n\n<p>\u201eSvake godine svratim ba\u0161 na crnogorski \u0161tand jer znam da uvijek donesu ne\u0161to posebno i ove rukotvorine imaju du\u0161u. Vidi se trud, tradicija i ljubav\u201d, poru\u010dila je jedna od posjetiteljki humanitarnog bazara.<\/p>\n\n\n\n<p>Jo\u0161 jedan posjetilac dodao je: \u201cOdrastao sam u Crnoj Gori i ovi ukusi me uvijek vrate u djetinjstvo. Divno je imati priliku osjetiti komadi\u0107 doma, a jo\u0161 ljep\u0161e kada znate da sve to ide u humanitarne svrhe\u201d.<\/p>\n\n\n\n<p>Crnogorski \u0161tand posjetila je i <strong>ministrica turizma Federacije Bosne i Hercegovine, Nasiha Pozder,<\/strong> koja je izrazila veliko zadovoljstvo kontinuiranim u\u010de\u0161\u0107em Crne Gore i posve\u0107enosti humanitarnom karakteru doga\u0111aja.<\/p>\n\n\n\n<p>Doga\u0111aj je imao isklju\u010divo humanitarnu svrhu, a sav prihod namijenjen je djeci sa posebnim potrebama, djeci bez roditeljskog staranja i osobama u stanju socijalne potrebe u Federaciji Bosni i Hercegovini. Zahvaljuju\u0107i velikom interesovanju posjetilaca, \u0161tand Crne Gore prikupio je oko 1.100 eura.<\/p>\n\n\n\n<p>Nacionalna turisti\u010dka organizacija Crne Gore podr\u017eala je i u\u010de\u0161\u0107e Ambasade Crne Gore na humanitarnom bazaru u Srbiji, potvr\u0111uju\u0107i svoju kontinuiranu posve\u0107enost regionalnoj saradnji, promociji destinacije i humanim inicijativama.<\/p>","protected":false},"excerpt":{"rendered":"<p>Nacionalna turisti\u010dka organizacija Crne Gore je i ove godine, u saradnji sa Ambasadom Crne Gore u \u00a0Federaciji Bosni i Hercegovini i lokalnim turisti\u010dkim organizacijama Budve i Podgorice, u\u010destvovala na tradicionalnom humanitarnom bazaru u Sarajevu.<\/p>","protected":false},"author":1,"featured_media":910697,"comment_status":"open","ping_status":"open","sticky":false,"template":"","format":"standard","meta":{"_acf_changed":false,"footnotes":""},"categories":[2],"tags":[1498,1879],"naslovna":[],"class_list":["post-910696","post","type-post","status-publish","format-standard","has-post-thumbnail","hentry","category-drustvo","tag-nto","tag-sarajevo"],"acf":[],"yoast_head":"<!-- This site is optimized with the Yoast SEO plugin v27.0 - https:\/\/yoast.com\/product\/yoast-seo-wordpress\/ -->\n<title>Crnogorski proizvodi ponovo privukli pa\u017enju na humanitarnom bazaru u Sarajevu - dmcsrb.com<\/title>\n<meta name=\"robots\" content=\"index, follow, max-snippet:-1, max-image-preview:large, max-video-preview:-1\" \/>\n<link rel=\"canonical\" href=\"https:\/\/dmcsrb.com\/en\/drustvo\/crnogorski-proizvodi-ponovo-privukli-paznju-na-humanitarnom-bazaru-u-sarajevu\/\" \/>\n<meta property=\"og:locale\" content=\"en_GB\" \/>\n<meta property=\"og:type\" content=\"article\" \/>\n<meta property=\"og:title\" content=\"Crnogorski proizvodi ponovo privukli pa\u017enju na humanitarnom bazaru u Sarajevu - dmcsrb.com\" \/>\n<meta property=\"og:description\" content=\"Nacionalna turisti\u010dka organizacija Crne Gore je i ove godine, u saradnji sa Ambasadom Crne Gore u \u00a0Federaciji Bosni i Hercegovini i lokalnim turisti\u010dkim organizacijama Budve i Podgorice, u\u010destvovala na tradicionalnom humanitarnom bazaru u Sarajevu.\" \/>\n<meta property=\"og:url\" content=\"https:\/\/dmcsrb.com\/en\/drustvo\/crnogorski-proizvodi-ponovo-privukli-paznju-na-humanitarnom-bazaru-u-sarajevu\/\" \/>\n<meta property=\"og:site_name\" content=\"dmcsrb.com\" \/>\n<meta property=\"article:published_time\" content=\"2025-12-09T08:33:00+00:00\" \/>\n<meta property=\"og:image\" content=\"https:\/\/dmcsrb.com\/wp-content\/uploads\/2026\/01\/naslovna.jpg\" \/>\n\t<meta property=\"og:image:width\" content=\"1600\" \/>\n\t<meta property=\"og:image:height\" content=\"1200\" \/>\n\t<meta property=\"og:image:type\" content=\"image\/jpeg\" \/>\n<meta name=\"author\" content=\"dmcsrbija.com@gmail.com\" \/>\n<meta name=\"twitter:card\" content=\"summary_large_image\" \/>\n<meta name=\"twitter:label1\" content=\"Written by\" \/>\n\t<meta name=\"twitter:data1\" content=\"dmcsrbija.com@gmail.com\" \/>\n\t<meta name=\"twitter:label2\" content=\"Estimated reading time\" \/>\n\t<meta name=\"twitter:data2\" content=\"1 minute\" \/>\n<script type=\"application\/ld+json\" class=\"yoast-schema-graph\">{\"@context\":\"https:\/\/schema.org\",\"@graph\":[{\"@type\":\"Article\",\"@id\":\"https:\/\/dmcsrb.com\/drustvo\/crnogorski-proizvodi-ponovo-privukli-paznju-na-humanitarnom-bazaru-u-sarajevu\/#article\",\"isPartOf\":{\"@id\":\"https:\/\/dmcsrb.com\/drustvo\/crnogorski-proizvodi-ponovo-privukli-paznju-na-humanitarnom-bazaru-u-sarajevu\/\"},\"author\":{\"name\":\"dmcsrbija.com@gmail.com\",\"@id\":\"https:\/\/dmcsrb.com\/#\/schema\/person\/5c39170f12db1b8b457732d0b5c854e2\"},\"headline\":\"Crnogorski proizvodi ponovo privukli pa\u017enju na humanitarnom bazaru u Sarajevu\",\"datePublished\":\"2025-12-09T08:33:00+00:00\",\"mainEntityOfPage\":{\"@id\":\"https:\/\/dmcsrb.com\/drustvo\/crnogorski-proizvodi-ponovo-privukli-paznju-na-humanitarnom-bazaru-u-sarajevu\/\"},\"wordCount\":274,\"commentCount\":0,\"image\":{\"@id\":\"https:\/\/dmcsrb.com\/drustvo\/crnogorski-proizvodi-ponovo-privukli-paznju-na-humanitarnom-bazaru-u-sarajevu\/#primaryimage\"},\"thumbnailUrl\":\"https:\/\/dmcsrb.com\/wp-content\/uploads\/2026\/01\/naslovna.jpg\",\"keywords\":[\"NTO\",\"Sarajevo\"],\"articleSection\":[\"Dru\u0161tvo\"],\"inLanguage\":\"en-GB\",\"potentialAction\":[{\"@type\":\"CommentAction\",\"name\":\"Comment\",\"target\":[\"https:\/\/dmcsrb.com\/drustvo\/crnogorski-proizvodi-ponovo-privukli-paznju-na-humanitarnom-bazaru-u-sarajevu\/#respond\"]}]},{\"@type\":\"WebPage\",\"@id\":\"https:\/\/dmcsrb.com\/drustvo\/crnogorski-proizvodi-ponovo-privukli-paznju-na-humanitarnom-bazaru-u-sarajevu\/\",\"url\":\"https:\/\/dmcsrb.com\/drustvo\/crnogorski-proizvodi-ponovo-privukli-paznju-na-humanitarnom-bazaru-u-sarajevu\/\",\"name\":\"Crnogorski proizvodi ponovo privukli pa\u017enju na humanitarnom bazaru u Sarajevu - dmcsrb.com\",\"isPartOf\":{\"@id\":\"https:\/\/dmcsrb.com\/#website\"},\"primaryImageOfPage\":{\"@id\":\"https:\/\/dmcsrb.com\/drustvo\/crnogorski-proizvodi-ponovo-privukli-paznju-na-humanitarnom-bazaru-u-sarajevu\/#primaryimage\"},\"image\":{\"@id\":\"https:\/\/dmcsrb.com\/drustvo\/crnogorski-proizvodi-ponovo-privukli-paznju-na-humanitarnom-bazaru-u-sarajevu\/#primaryimage\"},\"thumbnailUrl\":\"https:\/\/dmcsrb.com\/wp-content\/uploads\/2026\/01\/naslovna.jpg\",\"datePublished\":\"2025-12-09T08:33:00+00:00\",\"author\":{\"@id\":\"https:\/\/dmcsrb.com\/#\/schema\/person\/5c39170f12db1b8b457732d0b5c854e2\"},\"breadcrumb\":{\"@id\":\"https:\/\/dmcsrb.com\/drustvo\/crnogorski-proizvodi-ponovo-privukli-paznju-na-humanitarnom-bazaru-u-sarajevu\/#breadcrumb\"},\"inLanguage\":\"en-GB\",\"potentialAction\":[{\"@type\":\"ReadAction\",\"target\":[\"https:\/\/dmcsrb.com\/drustvo\/crnogorski-proizvodi-ponovo-privukli-paznju-na-humanitarnom-bazaru-u-sarajevu\/\"]}]},{\"@type\":\"ImageObject\",\"inLanguage\":\"en-GB\",\"@id\":\"https:\/\/dmcsrb.com\/drustvo\/crnogorski-proizvodi-ponovo-privukli-paznju-na-humanitarnom-bazaru-u-sarajevu\/#primaryimage\",\"url\":\"https:\/\/dmcsrb.com\/wp-content\/uploads\/2026\/01\/naslovna.jpg\",\"contentUrl\":\"https:\/\/dmcsrb.com\/wp-content\/uploads\/2026\/01\/naslovna.jpg\",\"width\":1600,\"height\":1200},{\"@type\":\"BreadcrumbList\",\"@id\":\"https:\/\/dmcsrb.com\/drustvo\/crnogorski-proizvodi-ponovo-privukli-paznju-na-humanitarnom-bazaru-u-sarajevu\/#breadcrumb\",\"itemListElement\":[{\"@type\":\"ListItem\",\"position\":1,\"name\":\"Home\",\"item\":\"https:\/\/dmcsrb.com\/\"},{\"@type\":\"ListItem\",\"position\":2,\"name\":\"Crnogorski proizvodi ponovo privukli pa\u017enju na humanitarnom bazaru u Sarajevu\"}]},{\"@type\":\"WebSite\",\"@id\":\"https:\/\/dmcsrb.com\/#website\",\"url\":\"https:\/\/dmcsrb.com\/\",\"name\":\"dmcsrb.com\",\"description\":\"\",\"potentialAction\":[{\"@type\":\"SearchAction\",\"target\":{\"@type\":\"EntryPoint\",\"urlTemplate\":\"https:\/\/dmcsrb.com\/?s={search_term_string}\"},\"query-input\":{\"@type\":\"PropertyValueSpecification\",\"valueRequired\":true,\"valueName\":\"search_term_string\"}}],\"inLanguage\":\"en-GB\"},{\"@type\":\"Person\",\"@id\":\"https:\/\/dmcsrb.com\/#\/schema\/person\/5c39170f12db1b8b457732d0b5c854e2\",\"name\":\"dmcsrbija.com@gmail.com\",\"image\":{\"@type\":\"ImageObject\",\"inLanguage\":\"en-GB\",\"@id\":\"https:\/\/dmcsrb.com\/#\/schema\/person\/image\/\",\"url\":\"https:\/\/secure.gravatar.com\/avatar\/68592660ad6347fad0fb587f8d5d8f1a7b44961362f56e4f2cd524feb87e9069?s=96&d=mm&r=g\",\"contentUrl\":\"https:\/\/secure.gravatar.com\/avatar\/68592660ad6347fad0fb587f8d5d8f1a7b44961362f56e4f2cd524feb87e9069?s=96&d=mm&r=g\",\"caption\":\"dmcsrbija.com@gmail.com\"},\"sameAs\":[\"https:\/\/dmcsrb.com\"],\"url\":\"https:\/\/dmcsrb.com\/en\/author\/dmcsrbija-comgmail-com\/\"}]}<\/script>\n<!-- \/ Yoast SEO plugin. -->","yoast_head_json":{"title":"Crnogorski proizvodi ponovo privukli pa\u017enju na humanitarnom bazaru u Sarajevu - dmcsrb.com","robots":{"index":"index","follow":"follow","max-snippet":"max-snippet:-1","max-image-preview":"max-image-preview:large","max-video-preview":"max-video-preview:-1"},"canonical":"https:\/\/dmcsrb.com\/en\/drustvo\/crnogorski-proizvodi-ponovo-privukli-paznju-na-humanitarnom-bazaru-u-sarajevu\/","og_locale":"en_GB","og_type":"article","og_title":"Crnogorski proizvodi ponovo privukli pa\u017enju na humanitarnom bazaru u Sarajevu - dmcsrb.com","og_description":"Nacionalna turisti\u010dka organizacija Crne Gore je i ove godine, u saradnji sa Ambasadom Crne Gore u \u00a0Federaciji Bosni i Hercegovini i lokalnim turisti\u010dkim organizacijama Budve i Podgorice, u\u010destvovala na tradicionalnom humanitarnom bazaru u Sarajevu.","og_url":"https:\/\/dmcsrb.com\/en\/drustvo\/crnogorski-proizvodi-ponovo-privukli-paznju-na-humanitarnom-bazaru-u-sarajevu\/","og_site_name":"dmcsrb.com","article_published_time":"2025-12-09T08:33:00+00:00","og_image":[{"width":1600,"height":1200,"url":"https:\/\/dmcsrb.com\/wp-content\/uploads\/2026\/01\/naslovna.jpg","type":"image\/jpeg"}],"author":"dmcsrbija.com@gmail.com","twitter_card":"summary_large_image","twitter_misc":{"Written by":"dmcsrbija.com@gmail.com","Estimated reading time":"1 minute"},"schema":{"@context":"https:\/\/schema.org","@graph":[{"@type":"Article","@id":"https:\/\/dmcsrb.com\/drustvo\/crnogorski-proizvodi-ponovo-privukli-paznju-na-humanitarnom-bazaru-u-sarajevu\/#article","isPartOf":{"@id":"https:\/\/dmcsrb.com\/drustvo\/crnogorski-proizvodi-ponovo-privukli-paznju-na-humanitarnom-bazaru-u-sarajevu\/"},"author":{"name":"dmcsrbija.com@gmail.com","@id":"https:\/\/dmcsrb.com\/#\/schema\/person\/5c39170f12db1b8b457732d0b5c854e2"},"headline":"Crnogorski proizvodi ponovo privukli pa\u017enju na humanitarnom bazaru u Sarajevu","datePublished":"2025-12-09T08:33:00+00:00","mainEntityOfPage":{"@id":"https:\/\/dmcsrb.com\/drustvo\/crnogorski-proizvodi-ponovo-privukli-paznju-na-humanitarnom-bazaru-u-sarajevu\/"},"wordCount":274,"commentCount":0,"image":{"@id":"https:\/\/dmcsrb.com\/drustvo\/crnogorski-proizvodi-ponovo-privukli-paznju-na-humanitarnom-bazaru-u-sarajevu\/#primaryimage"},"thumbnailUrl":"https:\/\/dmcsrb.com\/wp-content\/uploads\/2026\/01\/naslovna.jpg","keywords":["NTO","Sarajevo"],"articleSection":["Dru\u0161tvo"],"inLanguage":"en-GB","potentialAction":[{"@type":"CommentAction","name":"Comment","target":["https:\/\/dmcsrb.com\/drustvo\/crnogorski-proizvodi-ponovo-privukli-paznju-na-humanitarnom-bazaru-u-sarajevu\/#respond"]}]},{"@type":"WebPage","@id":"https:\/\/dmcsrb.com\/drustvo\/crnogorski-proizvodi-ponovo-privukli-paznju-na-humanitarnom-bazaru-u-sarajevu\/","url":"https:\/\/dmcsrb.com\/drustvo\/crnogorski-proizvodi-ponovo-privukli-paznju-na-humanitarnom-bazaru-u-sarajevu\/","name":"Crnogorski proizvodi ponovo privukli pa\u017enju na humanitarnom bazaru u Sarajevu - dmcsrb.com","isPartOf":{"@id":"https:\/\/dmcsrb.com\/#website"},"primaryImageOfPage":{"@id":"https:\/\/dmcsrb.com\/drustvo\/crnogorski-proizvodi-ponovo-privukli-paznju-na-humanitarnom-bazaru-u-sarajevu\/#primaryimage"},"image":{"@id":"https:\/\/dmcsrb.com\/drustvo\/crnogorski-proizvodi-ponovo-privukli-paznju-na-humanitarnom-bazaru-u-sarajevu\/#primaryimage"},"thumbnailUrl":"https:\/\/dmcsrb.com\/wp-content\/uploads\/2026\/01\/naslovna.jpg","datePublished":"2025-12-09T08:33:00+00:00","author":{"@id":"https:\/\/dmcsrb.com\/#\/schema\/person\/5c39170f12db1b8b457732d0b5c854e2"},"breadcrumb":{"@id":"https:\/\/dmcsrb.com\/drustvo\/crnogorski-proizvodi-ponovo-privukli-paznju-na-humanitarnom-bazaru-u-sarajevu\/#breadcrumb"},"inLanguage":"en-GB","potentialAction":[{"@type":"ReadAction","target":["https:\/\/dmcsrb.com\/drustvo\/crnogorski-proizvodi-ponovo-privukli-paznju-na-humanitarnom-bazaru-u-sarajevu\/"]}]},{"@type":"ImageObject","inLanguage":"en-GB","@id":"https:\/\/dmcsrb.com\/drustvo\/crnogorski-proizvodi-ponovo-privukli-paznju-na-humanitarnom-bazaru-u-sarajevu\/#primaryimage","url":"https:\/\/dmcsrb.com\/wp-content\/uploads\/2026\/01\/naslovna.jpg","contentUrl":"https:\/\/dmcsrb.com\/wp-content\/uploads\/2026\/01\/naslovna.jpg","width":1600,"height":1200},{"@type":"BreadcrumbList","@id":"https:\/\/dmcsrb.com\/drustvo\/crnogorski-proizvodi-ponovo-privukli-paznju-na-humanitarnom-bazaru-u-sarajevu\/#breadcrumb","itemListElement":[{"@type":"ListItem","position":1,"name":"Home","item":"https:\/\/dmcsrb.com\/"},{"@type":"ListItem","position":2,"name":"Crnogorski proizvodi ponovo privukli pa\u017enju na humanitarnom bazaru u Sarajevu"}]},{"@type":"WebSite","@id":"https:\/\/dmcsrb.com\/#website","url":"https:\/\/dmcsrb.com\/","name":"dmcsrb.com","description":"","potentialAction":[{"@type":"SearchAction","target":{"@type":"EntryPoint","urlTemplate":"https:\/\/dmcsrb.com\/?s={search_term_string}"},"query-input":{"@type":"PropertyValueSpecification","valueRequired":true,"valueName":"search_term_string"}}],"inLanguage":"en-GB"},{"@type":"Person","@id":"https:\/\/dmcsrb.com\/#\/schema\/person\/5c39170f12db1b8b457732d0b5c854e2","name":"dmcsrbija.com@gmail.com","image":{"@type":"ImageObject","inLanguage":"en-GB","@id":"https:\/\/dmcsrb.com\/#\/schema\/person\/image\/","url":"https:\/\/secure.gravatar.com\/avatar\/68592660ad6347fad0fb587f8d5d8f1a7b44961362f56e4f2cd524feb87e9069?s=96&d=mm&r=g","contentUrl":"https:\/\/secure.gravatar.com\/avatar\/68592660ad6347fad0fb587f8d5d8f1a7b44961362f56e4f2cd524feb87e9069?s=96&d=mm&r=g","caption":"dmcsrbija.com@gmail.com"},"sameAs":["https:\/\/dmcsrb.com"],"url":"https:\/\/dmcsrb.com\/en\/author\/dmcsrbija-comgmail-com\/"}]}},"_links":{"self":[{"href":"https:\/\/dmcsrb.com\/en\/wp-json\/wp\/v2\/posts\/910696","targetHints":{"allow":["GET"]}}],"collection":[{"href":"https:\/\/dmcsrb.com\/en\/wp-json\/wp\/v2\/posts"}],"about":[{"href":"https:\/\/dmcsrb.com\/en\/wp-json\/wp\/v2\/types\/post"}],"author":[{"embeddable":true,"href":"https:\/\/dmcsrb.com\/en\/wp-json\/wp\/v2\/users\/1"}],"replies":[{"embeddable":true,"href":"https:\/\/dmcsrb.com\/en\/wp-json\/wp\/v2\/comments?post=910696"}],"version-history":[{"count":0,"href":"https:\/\/dmcsrb.com\/en\/wp-json\/wp\/v2\/posts\/910696\/revisions"}],"wp:featuredmedia":[{"embeddable":true,"href":"https:\/\/dmcsrb.com\/en\/wp-json\/wp\/v2\/media\/910697"}],"wp:attachment":[{"href":"https:\/\/dmcsrb.com\/en\/wp-json\/wp\/v2\/media?parent=910696"}],"wp:term":[{"taxonomy":"category","embeddable":true,"href":"https:\/\/dmcsrb.com\/en\/wp-json\/wp\/v2\/categories?post=910696"},{"taxonomy":"post_tag","embeddable":true,"href":"https:\/\/dmcsrb.com\/en\/wp-json\/wp\/v2\/tags?post=910696"},{"taxonomy":"naslovna","embeddable":true,"href":"https:\/\/dmcsrb.com\/en\/wp-json\/wp\/v2\/naslovna?post=910696"}],"curies":[{"name":"wp","href":"https:\/\/api.w.org\/{rel}","templated":true}]}}