{"id":910658,"date":"2025-12-09T20:59:00","date_gmt":"2025-12-09T19:59:00","guid":{"rendered":"https:\/\/dmcsrb.com\/uncategorized\/kraj-sna-o-medalji-mocna-norveska-prejaka-za-lavice\/"},"modified":"2025-12-09T20:59:00","modified_gmt":"2025-12-09T19:59:00","slug":"kraj-sna-o-medalji-mocna-norveska-prejaka-za-lavice","status":"publish","type":"post","link":"https:\/\/dmcsrb.com\/en\/sport\/kraj-sna-o-medalji-mocna-norveska-prejaka-za-lavice\/","title":{"rendered":"Kraj sna o medalji: Mo\u0107na Norve\u0161ka prejaka za &#8220;lavice&#8221;"},"content":{"rendered":"<p>Norve\u0161ka je ve\u0107 nakon \u010detiri minuta vodila 4:0, a \u201elavice\u201c su prvi gol postigle tek u petom minutu preko Tanje Brnovi\u0107. Uspjele su \u0110ina Jaukovi\u0107 i saigra\u010dice&nbsp;na krilima Armel Atingre da smanje na 5:3 i nakratko vrate ritam, ali to nije poremetilo aktuelne evropske i olimpijske \u0161ampionke. Skandinavke su u tri navrata imale i devet golova prednosti (16:7, 17:8, 18:9), a na veliki odmor oti\u0161le su sa sigurnih plus osam&nbsp;(19:11).<\/p>\n\n\n\n<p>\u0110ina Jaukovi\u0107 je otvorila drugo poluvrijeme golom na praznu mre\u017eu, ali je uslijedio novi nalet Norve\u0161ke \u2013 serija 4:0 kojom je u 36. minutu prvi put dostignuta dvocifrena prednost (23:12). Do kraja susreta ostalo je samo pitanje kolikom \u0107e razlikom me\u010d biti zavr\u0161en<strong>.<\/strong><\/p>\n\n\n\n<figure class=\"wp-block-image size-large\"><img decoding=\"async\" src=\"https:\/\/gradski.me\/wp-content\/uploads\/2025\/12\/DJina-Jaukovic-IHF-1024x683.jpg\" alt=\"\" class=\"wp-image-888790\"\/><figcaption class=\"wp-element-caption\">Foto: IHF<\/figcaption><\/figure>\n\n\n\n<p>Crna Gora je sredinom drugog dijela imala dobar period kada je serijom 3:0 spustila razliku na jednocifren minus &#8211; 25:16, imale i dva napada da dodatno pri\u0111u, ali nisu ih iskoristile. Skandinavke su ubrzale za tili \u010das vratile dvocifrenu razliku (u nekoliko navrata imale&nbsp;plus 12), me\u0111utim na kraju ipak pristojan poraz sa jednocifrenim zaostatkom.&nbsp;<\/p>\n\n\n\n<p>Ako je za utjehu, na\u0161 nacionalni tim je jedini koji je uspio da izbjegne dvocifren poraz od Norve\u0161ke na turniru, a ujedno i prva ekipa koja je evropskim i olimpijskim \u0161ampionkama uspjela da postigne preko 20 golova.<\/p>\n\n\n\n<p>Najraspolo\u017eenija u pora\u017eenom sastavu bila je \u0110ur\u0111ina Jaukovi\u0107 sa osam golova, pet je postigla Jelena Vuk\u010devi\u0107, tri Dijana Trivi\u0107, po dva Tanja Brnovi\u0107, Itana Grbi\u0107 i Matea Pletikosi\u0107.<\/p>\n\n\n\n<p>Na drugoj strani prednja\u010dila je Heni Reistad sa devet pogodaka.<\/p>\n\n\n\n<p>\u010cudo je izostalo, ali ostavljen je solidan utisak, jer cilj je ispunjen samim plasmanom me\u0111u osam najboljih na planeti. <\/p>\n\n\n\n<p>Na\u0161e rukometa\u0161ice su zavr\u0161ile \u0161ampionat kao osmoplasirane sa u\u010dinkom od \u010detiri pobjede (Farska Ostrva, Paragvaj, Island i Srbija) i tri poraza (\u0160panija, Njema\u010dka i Norve\u0161ka).&nbsp;<\/p>\n\n\n\n<p>Norve\u0161ka u polufinalu \u010deka pobjednika Holandija &#8211; Ma\u0111arska.&nbsp;<\/p>\n\n\n\n<p>U drugom polufinalu sastaju se Njema\u010dka i bolji iz me\u010da Danska &#8211; Francuska.&nbsp;<\/p>\n\n\n\n<p><strong>TOK ME\u010cA<\/strong>:<\/p>\n\n\n\n<p>59&#8242; Tre\u0107a odbrana Marije Marseni\u0107.<\/p>\n\n\n\n<p>57&#8242; Nogi gol Jaukovi\u0107 u napadu &#8220;sedam na \u0161est&#8221; &#8211; <strong>21:30.<\/strong><\/p>\n\n\n\n<p>57&#8242; Sedmi gol kapitenke Jaukovi\u0107 &#8211; <strong>20:30.<\/strong><\/p>\n\n\n\n<p>55&#8242; Tajm-aut Suzane Lazovi\u0107 na pet minuta prije kraja. <\/p>\n\n\n\n<p>53&#8242; Prva odbrana za golmanku Mariju Marseni\u0107. <\/p>\n\n\n\n<p>52&#8242; Fantasti\u010dan gol \u0110ine Jaukovi\u0107 koja se vratila na parket nakon \u0161to joj je ukazana pomo\u0107 jer je dobila jedan udarac u vrat &#8211; <strong>19:30.<\/strong><\/p>\n\n\n\n<p>50&#8242; Deset minuta do kraja utakmice. Pobjednik je odavno poznat, jedino pitanje kojom razlikom \u0107e biti zavr\u0161en &#8211; <strong>17:29.<\/strong><\/p>\n\n\n\n<p>47&#8242; \u010cetvrti gol Jelene Vuk\u010devi\u0107 drugi sa sedam metara &#8211; <strong>17:27.<\/strong><\/p>\n\n\n\n<p>46&#8242; Deveti gol Heni Reistad &#8211; <strong>16:27.<\/strong><\/p>\n\n\n\n<p>45&#8242; Prekidaju Norve\u017eanke nalet Crnogorki i vra\u0107aju dvocifrenu prednost &#8211; <strong>16:26.<\/strong><\/p>\n\n\n\n<p>43&#8242; Serija 3:0 &#8211; lijep lob Matee Pletikosi\u0107 koja spu\u0161ta razliku na jednocifren minus &#8211; <strong>16:25.<\/strong><\/p>\n\n\n\n<p>42&#8242; Ima\u0107emo dvije igra\u010dice vi\u0161e u naredna dva minuta &#8211; gol Jelene Vuk\u010devi\u0107 &#8211; <strong>15:25.<\/strong><\/p>\n\n\n\n<p>40&#8242; Dijana Trivi\u0107 poga\u0111a sa desnog krila &#8211; <strong>14:25.<\/strong><\/p>\n\n\n\n<p>40&#8242; Nastavljaju se gre\u0161ke &#8211; ve\u0107 ih imamo 17. Nestvarno zvu\u010di, ali imamo vi\u0161e gre\u0161aka nego golova. Tajm-aut selektorke Lazovi\u0107 na 20 minuta do kraja i na minus 12.<\/p>\n\n\n\n<p>38&#8242; Novi gol Nore Merk za novu maksimalnu prednost &#8211; <strong>13:25.<\/strong><\/p>\n\n\n\n<p>36&#8242; Jelena Vuk\u010devi\u0107 prekida seriju Norve\u0161ke &#8211; <strong>13:23.<\/strong><\/p>\n\n\n\n<p>35&#8242; Reistad iz kontre za plus 11 &#8211; <strong>12:23.<\/strong><\/p>\n\n\n\n<p>34&#8242; Norve\u0161ka prvi put ima dvocifrenu razliku &#8211; <strong>12:22.<\/strong><\/p>\n\n\n\n<p>33&#8242; Nora Merk dva od dva sa penala &#8211; <strong>12:21.<\/strong> <\/p>\n\n\n\n<p>32&#8242; Prvi gol Kristijansen koja vra\u0107a prednost sa poluvremena &#8211; <strong>12:20.<\/strong><\/p>\n\n\n\n<p>31&#8242; Po\u010delo je drugo poluvrijeme i to na sjajan na\u010din &#8211; golom Jaukovi\u0107 na praznu mre\u017eu &#8211; <strong>12:19.<\/strong><\/p>\n\n\n\n<p><strong>PRVO POLUVRIJEME:<\/strong><\/p>\n\n\n\n<p>Kraj prvog poluvremena &#8211; Norve\u0161ka vodi 11:19 nakon uvodnih pola sata. <\/p>\n\n\n\n<figure class=\"wp-block-embed is-type-rich is-provider-twitter wp-block-embed-twitter\"><div class=\"wp-block-embed__wrapper\">\n<blockquote class=\"twitter-tweet\" data-width=\"500\" data-dnt=\"true\"><p lang=\"es\" dir=\"ltr\">\ud83d\udca5 \u00a1Thale Rushfeldt Deila tirando de potencia sobre el 40&#215;20!<br><br>Noruega est\u00e1 siendo un CICL\u00d3N. <a href=\"https:\/\/twitter.com\/hashtag\/GERNED2025?src=hash&amp;ref_src=twsrc%5Etfw\">#GERNED2025<\/a> <br><br>DIRECTO | Teledeporte y <a href=\"https:\/\/t.co\/wSsilvTqnH\">https:\/\/t.co\/wSsilvTqnH<\/a> <a href=\"https:\/\/t.co\/CwqhX3ww18\">pic.twitter.com\/CwqhX3ww18<\/a><\/p>&mdash; Teledeporte (@teledeporte) <a href=\"https:\/\/twitter.com\/teledeporte\/status\/1998484920298000804?ref_src=twsrc%5Etfw\">December 9, 2025<\/a><\/blockquote><script async src=\"https:\/\/platform.twitter.com\/widgets.js\" charset=\"utf-8\"><\/script>\n<\/div><\/figure>\n\n\n\n<p>30&#8242; Tale Dejla lako prolazii kroz na\u0161u odbranu, a uz to je iznudila drugo isklju\u010denje Andrijane Tatar &#8211; <strong>11:19.<\/strong><\/p>\n\n\n\n<p>30&#8242; Tajm-aut selektora Norve\u0161ke na 30 sekundi do kraja prvog poluvremena.<\/p>\n\n\n\n<p>30&#8242; Itana Grbi\u0107 je iznudila isklju\u010denje i sedmerac &#8211; novi gol sa sedam metara postigla je Jaukovi\u0107 &#8211; <strong>11:18.<\/strong><\/p>\n\n\n\n<p>29&#8242; Peta odbrana Armel Atingre. <\/p>\n\n\n\n<p>29&#8242; \u0110ina Jaukovi\u0107 precizna iz sedmerca &#8211; <strong>10:18.<\/strong><\/p>\n\n\n\n<p>27&#8242; Reistad posti\u017ee ve\u0107 \u0161esti pogodak &#8211; <strong>9:18.<\/strong><\/p>\n\n\n\n<p>27&#8242; Itana Grbi\u0107 u svom stilu sa &#8220;zemlje&#8221; &#8211; <strong>9:17.<\/strong><\/p>\n\n\n\n<p>27&#8242; Isklju\u010dena je sada i Andrijana Tatar, Hovden sigurna za plus devet &#8211; <strong>8:17.<\/strong><\/p>\n\n\n\n<p>26&#8242; Prvi gol Dijane Trivi\u0107 &#8211; <strong>8:16.<\/strong><\/p>\n\n\n\n<p>25&#8242; Prvi put je devet razlike &#8211; Nora Merk je bila sigurna sa penala &#8211; <strong>7:16<\/strong>. Ivana Gode\u010d je prethodno zaradila isklju\u010denje.<\/p>\n\n\n\n<p>24&#8242; Ve\u0107 12 gre\u0161ka crnogorskih rukometa\u0161ica, to zna\u010di da se de\u0161avaju na svaka dva minuta. <\/p>\n\n\n\n<p>22&#8242; Reistad je neuhvatljiva, njen peti gol &#8211; <strong>7:15.<\/strong><\/p>\n\n\n\n<p>20&#8242; Jo\u0161 10 minuta do kraja prvog poluvremena &#8211; <strong>7:14.<\/strong><\/p>\n\n\n\n<p>19&#8242; Maren Ordal sigurna za plus osam &#8211; <strong>5:13.<\/strong> Ve\u010d devet gre\u0161aka na\u0161ih djevojaka, a tek je 19. minut. <\/p>\n\n\n\n<p>17&#8242; Reistad je nezaustavljiva &#8211; njen \u010detvrti gol &#8211; <strong>5:12.<\/strong><\/p>\n\n\n\n<p>16&#8242; Lijepa kombinacija Itane Grbi\u0107 i Matee Pletikosi\u0107 za minus pet &#8211; <strong>5:10.<\/strong><a href=\"https:\/\/www.vijesti.me\/sport\/rukomet\/786837\/uzivo-sp-2025-lavice-za-cudo-i-istoriju-rival-je-aktuelni-olimpijski-i-evropski-prvak#\"><\/a><\/p>\n\n\n\n<p>15&#8242; Raste prednost Norve\u0161ke, Reistad poga\u0111a za \u0161est razlike &#8211; <strong>4:10.<\/strong><\/p>\n\n\n\n<p>14&#8242; \u0110ina Jaukovi\u0107 je isklju\u010dena na dva minuta, Norve\u0161ka je ponovo na plus pet &#8211; <strong>4:9.<\/strong><\/p>\n\n\n\n<p>14&#8242; Tanja Brnovi\u0107 poga\u0111a iz kontre i prekida post od pet minuta bez gola &#8211; <strong>4:8.<\/strong><\/p>\n\n\n\n<p>13&#8242; Drugi gol desnog krila Hovden za maksimalnih plus pet &#8211; <strong>3:8.<\/strong> Tajm-aut zove Suzana Lazovi\u0107.<\/p>\n\n\n\n<p>11&#8242; Sjajna akcija i gol Volik sa krila za plus \u010detiri &#8211; <strong>3:7.<\/strong><\/p>\n\n\n\n<p>10&#8242; Ve\u0107 pet gre\u0161aka Crne Gore, a tek je pro\u0161lo 10 minuta.<\/p>\n\n\n\n<p>10&#8242; Tre\u0107a odbrana Atingre, &#8220;skinula&#8221; je jo\u0161 jedan zicer, ostaje <strong>3:6.<\/strong><\/p>\n\n\n\n<p>10&#8242; Sjajan gol Reistad koja prekida mini seriju na\u0161e selekcije od dva gola &#8211; <strong>3:6.<\/strong><\/p>\n\n\n\n<p>9&#8242; Gol \u0110ine Jaukovi\u0107, smanjujemo na <strong>3:5.<\/strong><\/p>\n\n\n\n<p>8&#8242; Nova odbrana Atingre, da li mo\u017ee djevojka ro\u0111ena u Obali Slonova\u010de da ponovi sli\u010dno izdanje kao protiv Farskih Ostrva i Srbije?<\/p>\n\n\n\n<p>6&#8242; Sjajno prolazi i poga\u0111a Jelena Vuk\u010devi\u0107, a potom i prva odbrana Armel Atingre &#8211; <strong>2:5.<\/strong><\/p>\n\n\n\n<p>5&#8242; Nakon ta\u010dno pet minuta Tanja Brnovi\u0107 &#8220;skida&#8221; nulu sa semafora, smanjili smo na <strong>1:4.<\/strong><\/p>\n\n\n\n<p>5&#8242; Emilija Holden sigurna sa desnog krila &#8211; <strong>0:4.<\/strong><\/p>\n\n\n\n<p>4&#8242; Lo\u0161 ulazak u me\u010d na\u0161ih rukometa\u0161ica, proti\u010de peti minut i dalje smo na nuli. <\/p>\n\n\n\n<p>3&#8242; Nakon tri minuta igre Skandinavke vode <strong>0:3.<\/strong><\/p>\n\n\n\n<p>2&#8242; Norve\u017eanke vode 0:1, prvi gol na utakmici postigla je Ene Reistad. <\/p>\n\n\n\n<p>2&#8242; Drugi napad i druga gre\u0161ka &#8220;lavica&#8221; na startu me\u010da. <\/p>\n\n\n\n<p>1&#8242; Po jedan neuspje\u0161an napad na obje strane. <\/p>\n\n\n\n<p>1&#8242; Drugo \u010detvrtfinale u &#8220;Vesfalenhale&#8221; areni u Dortmundu upravo je po\u010delo. Prvi napad ima na\u0161a reprezentacija.<\/p>\n\n\n\n<p><strong>20.20<\/strong> Crna Gora i Norve\u0161ka do sada su se sastale 12 puta, a Skandinavke su daleko uspje\u0161nije sa 10 pobjeda, naspram dvije na\u0161e selekcije.<\/p>\n\n\n\n<p><strong>20.05<\/strong> Zavr\u0161eno je prvo \u010detvrtfinale &#8211; Njema\u010dka je o\u010dekivano bila bolja od Brazila (30:23) pred svojim navija\u010dima i sada \u010deka boljeg iz duela Danska &#8211; Francuska.<\/p>\n\n\n\n<figure class=\"wp-block-embed is-type-rich is-provider-twitter wp-block-embed-twitter\"><div class=\"wp-block-embed__wrapper\">\n<blockquote class=\"twitter-tweet\" data-width=\"500\" data-dnt=\"true\"><p lang=\"en\" dir=\"ltr\">Oh, wie ist das sch\u00f6n \ud83c\udfb6 Germany leave home in the best possible way \u2014 with a ticket to Rotterdam and the semi-finals \ud83c\udde9\ud83c\uddea\ud83e\udd29<a href=\"https:\/\/twitter.com\/hashtag\/handsupformore?src=hash&amp;ref_src=twsrc%5Etfw\">#handsupformore<\/a> <a href=\"https:\/\/twitter.com\/hashtag\/GERNED2025?src=hash&amp;ref_src=twsrc%5Etfw\">#GERNED2025<\/a> <a href=\"https:\/\/t.co\/ntwXS36ua5\">pic.twitter.com\/ntwXS36ua5<\/a><\/p>&mdash; International Handball Federation (@ihfhandball) <a href=\"https:\/\/twitter.com\/ihfhandball\/status\/1998460111442825490?ref_src=twsrc%5Etfw\">December 9, 2025<\/a><\/blockquote><script async src=\"https:\/\/platform.twitter.com\/widgets.js\" charset=\"utf-8\"><\/script>\n<\/div><\/figure>\n\n\n\n<p><strong>NAJAVA<\/strong><\/p>\n\n\n\n<p>Sve je spremno za rukometni spektakl u Dortmundu \u2013 Crna Gora ve\u010deras od 20.30 \u010dasova igra protiv mo\u0107ne Norve\u0161ke u \u010detvrtfinalu Svjetskog prvenstva.<\/p>\n\n\n\n<p>\u201eLavice\u201c \u0107e poku\u0161ati prvi put u istoriji da presko\u010de prepreku zvanu \u010detvrtfinale, ali za takav podvig bi\u0107e potrebno malo sportsko \u010dudo protiv jednog od glavnih favorita za zlato.<\/p>\n\n\n\n<p>Norve\u0161ka, predvo\u0111ena legendarnom 45-godi\u0161njom golmankom Katrin Lunde i nezaustavljivom Norom Merk, prakti\u010dno se pro\u0161etala do nokaut faze \u2013 \u0161est utakmica, \u0161est pobjeda, i svaka dobijena sa 13 plus razlike. <\/p>\n\n\n\n<figure class=\"wp-block-embed is-type-wp-embed is-provider-gradski-portal wp-block-embed-gradski-portal\"><div class=\"wp-block-embed__wrapper\">\n<blockquote class=\"wp-embedded-content\" data-secret=\"TaYaJNdONj\"><a href=\"https:\/\/gradski.me\/rscg-srce-posvecenost-i-ponos-ne-mogu-se-izmjeriti-brojkama\/\">RSCG: Srce, posve\u0107enost i ponos ne mogu se izmjeriti brojkama<\/a><\/blockquote><iframe loading=\"lazy\" class=\"wp-embedded-content\" sandbox=\"allow-scripts\" security=\"restricted\" style=\"position: absolute; visibility: hidden;\" title=\"&#132;RSCG: Srce, posve\u0107enost i ponos ne mogu se izmjeriti brojkama&#147; &#8212; Gradski portal\" src=\"https:\/\/gradski.me\/rscg-srce-posvecenost-i-ponos-ne-mogu-se-izmjeriti-brojkama\/embed\/#?secret=f0TkaVaHlT#?secret=TaYaJNdONj\" data-secret=\"TaYaJNdONj\" width=\"500\" height=\"282\" frameborder=\"0\" marginwidth=\"0\" marginheight=\"0\" scrolling=\"no\"><\/iframe>\n<\/div><\/figure>\n\n\n\n<p>Crna Gora je, s druge strane, do \u010detvrtfinala stigla znatno te\u017ei putem. U prvoj fazi savladani su Paragvaj i Farska Ostrva, da bi uslijedio poraz od \u0160panije, a potom u glavnoj rundi ubjedljiv trijumf nad Islandom. Nakon toga najubjedljiviji poraz istoriji od Njema\u010dke, ali su \u201elavice\u201c pokazale karakter kada je bilo najpotrebnije \u2013 u me\u010du odluke deklasirale su Srbiju, a potom do\u010dekale i klju\u010dnu pomo\u0107 Njemica protiv \u0160panije.<\/p>\n\n\n\n<p>Pobjednik ovog me\u010da u polufinalu \u0107e igrati protiv Holandije ili Ma\u0111arske.<\/p>\n\n\n\n<p>Op\u0161irniju najavu utakmice pro\u010ditajte <strong><a href=\"https:\/\/gradski.me\/mec-istine-u-dortmundu-lavice-protiv-drim-tima-norveske-jure-istorijsko-polufinale\/\" data-type=\"post\" data-id=\"887778\">OVDJE.<\/a><\/strong><\/p>\n\n\n\n<p>Me\u010d mo\u017eete pratiti u\u017eivo u tekstualnom prenosu na Portalu RTV Podgorica.<\/p>","protected":false},"excerpt":{"rendered":"<p>Kada protiv rukometne velesile u prvih 20 minuta upi\u0161ete \u010dak 10 tehni\u010dkih gre\u0161aka, a me\u010d zavr\u0161ite sa vi\u0161e \u201cprodatih\u201d lopti (25) nego postignutih golova (23) te\u0161ko je o\u010dekivati bilo kakvo \u010dudo. Crnogorske rukometa\u0161ice oprostile su se od sna o prvoj medalji na Svjetskom prvenstvu \u2013 u Dortmundu su u drugom \u010detvrtfinalu pora\u017eene od mo\u0107ne Norve\u0161ke rezultatom 32:23 (19:11).<\/p>","protected":false},"author":1,"featured_media":910659,"comment_status":"open","ping_status":"open","sticky":false,"template":"","format":"standard","meta":{"_acf_changed":false,"footnotes":""},"categories":[148],"tags":[258,259,1665],"naslovna":[],"class_list":["post-910658","post","type-post","status-publish","format-standard","has-post-thumbnail","hentry","category-sport","tag-svjetsko-prvenstvo-za-rukometasice","tag-zenska-rukometna-reprezentacija-crne-gore","tag-zenska-rukometna-reprezentacija-norveske"],"acf":[],"yoast_head":"<!-- This site is optimized with the Yoast SEO plugin v27.0 - https:\/\/yoast.com\/product\/yoast-seo-wordpress\/ -->\n<title>Kraj sna o medalji: Mo\u0107na Norve\u0161ka prejaka za &quot;lavice&quot; - dmcsrb.com<\/title>\n<meta name=\"robots\" content=\"index, follow, max-snippet:-1, max-image-preview:large, max-video-preview:-1\" \/>\n<link rel=\"canonical\" href=\"https:\/\/dmcsrb.com\/en\/sport\/kraj-sna-o-medalji-mocna-norveska-prejaka-za-lavice\/\" \/>\n<meta property=\"og:locale\" content=\"en_GB\" \/>\n<meta property=\"og:type\" content=\"article\" \/>\n<meta property=\"og:title\" content=\"Kraj sna o medalji: Mo\u0107na Norve\u0161ka prejaka za &quot;lavice&quot; - dmcsrb.com\" \/>\n<meta property=\"og:description\" content=\"Kada protiv rukometne velesile u prvih 20 minuta upi\u0161ete \u010dak 10 tehni\u010dkih gre\u0161aka, a me\u010d zavr\u0161ite sa vi\u0161e \u201cprodatih\u201d lopti (25) nego postignutih golova (23) te\u0161ko je o\u010dekivati bilo kakvo \u010dudo. Crnogorske rukometa\u0161ice oprostile su se od sna o prvoj medalji na Svjetskom prvenstvu \u2013 u Dortmundu su u drugom \u010detvrtfinalu pora\u017eene od mo\u0107ne Norve\u0161ke rezultatom 32:23 (19:11).\" \/>\n<meta property=\"og:url\" content=\"https:\/\/dmcsrb.com\/en\/sport\/kraj-sna-o-medalji-mocna-norveska-prejaka-za-lavice\/\" \/>\n<meta property=\"og:site_name\" content=\"dmcsrb.com\" \/>\n<meta property=\"article:published_time\" content=\"2025-12-09T19:59:00+00:00\" \/>\n<meta property=\"og:image\" content=\"https:\/\/dmcsrb.com\/wp-content\/uploads\/2026\/01\/Lavice-protiv-Norveske-Anze-Malovrh-kolktiff-ihfworldhandball.jpg\" \/>\n\t<meta property=\"og:image:width\" content=\"1440\" \/>\n\t<meta property=\"og:image:height\" content=\"960\" \/>\n\t<meta property=\"og:image:type\" content=\"image\/jpeg\" \/>\n<meta name=\"author\" content=\"dmcsrbija.com@gmail.com\" \/>\n<meta name=\"twitter:card\" content=\"summary_large_image\" \/>\n<meta name=\"twitter:label1\" content=\"Written by\" \/>\n\t<meta name=\"twitter:data1\" content=\"dmcsrbija.com@gmail.com\" \/>\n\t<meta name=\"twitter:label2\" content=\"Estimated reading time\" \/>\n\t<meta name=\"twitter:data2\" content=\"7 minutes\" \/>\n<script type=\"application\/ld+json\" class=\"yoast-schema-graph\">{\"@context\":\"https:\/\/schema.org\",\"@graph\":[{\"@type\":\"Article\",\"@id\":\"https:\/\/dmcsrb.com\/sport\/kraj-sna-o-medalji-mocna-norveska-prejaka-za-lavice\/#article\",\"isPartOf\":{\"@id\":\"https:\/\/dmcsrb.com\/sport\/kraj-sna-o-medalji-mocna-norveska-prejaka-za-lavice\/\"},\"author\":{\"name\":\"dmcsrbija.com@gmail.com\",\"@id\":\"https:\/\/dmcsrb.com\/#\/schema\/person\/5c39170f12db1b8b457732d0b5c854e2\"},\"headline\":\"Kraj sna o medalji: Mo\u0107na Norve\u0161ka prejaka za &#8220;lavice&#8221;\",\"datePublished\":\"2025-12-09T19:59:00+00:00\",\"mainEntityOfPage\":{\"@id\":\"https:\/\/dmcsrb.com\/sport\/kraj-sna-o-medalji-mocna-norveska-prejaka-za-lavice\/\"},\"wordCount\":1273,\"commentCount\":0,\"image\":{\"@id\":\"https:\/\/dmcsrb.com\/sport\/kraj-sna-o-medalji-mocna-norveska-prejaka-za-lavice\/#primaryimage\"},\"thumbnailUrl\":\"https:\/\/dmcsrb.com\/wp-content\/uploads\/2026\/01\/Lavice-protiv-Norveske-Anze-Malovrh-kolktiff-ihfworldhandball.jpg\",\"keywords\":[\"Svjetsko prvenstvo za rukometa\u0161ice\",\"\u017denska rukometna reprezentacija Crne Gore\",\"\u017denska rukometna reprezentacija Norve\u0161ke\"],\"articleSection\":[\"Sport\"],\"inLanguage\":\"en-GB\",\"potentialAction\":[{\"@type\":\"CommentAction\",\"name\":\"Comment\",\"target\":[\"https:\/\/dmcsrb.com\/sport\/kraj-sna-o-medalji-mocna-norveska-prejaka-za-lavice\/#respond\"]}]},{\"@type\":\"WebPage\",\"@id\":\"https:\/\/dmcsrb.com\/sport\/kraj-sna-o-medalji-mocna-norveska-prejaka-za-lavice\/\",\"url\":\"https:\/\/dmcsrb.com\/sport\/kraj-sna-o-medalji-mocna-norveska-prejaka-za-lavice\/\",\"name\":\"Kraj sna o medalji: Mo\u0107na Norve\u0161ka prejaka za \\\"lavice\\\" - dmcsrb.com\",\"isPartOf\":{\"@id\":\"https:\/\/dmcsrb.com\/#website\"},\"primaryImageOfPage\":{\"@id\":\"https:\/\/dmcsrb.com\/sport\/kraj-sna-o-medalji-mocna-norveska-prejaka-za-lavice\/#primaryimage\"},\"image\":{\"@id\":\"https:\/\/dmcsrb.com\/sport\/kraj-sna-o-medalji-mocna-norveska-prejaka-za-lavice\/#primaryimage\"},\"thumbnailUrl\":\"https:\/\/dmcsrb.com\/wp-content\/uploads\/2026\/01\/Lavice-protiv-Norveske-Anze-Malovrh-kolktiff-ihfworldhandball.jpg\",\"datePublished\":\"2025-12-09T19:59:00+00:00\",\"author\":{\"@id\":\"https:\/\/dmcsrb.com\/#\/schema\/person\/5c39170f12db1b8b457732d0b5c854e2\"},\"breadcrumb\":{\"@id\":\"https:\/\/dmcsrb.com\/sport\/kraj-sna-o-medalji-mocna-norveska-prejaka-za-lavice\/#breadcrumb\"},\"inLanguage\":\"en-GB\",\"potentialAction\":[{\"@type\":\"ReadAction\",\"target\":[\"https:\/\/dmcsrb.com\/sport\/kraj-sna-o-medalji-mocna-norveska-prejaka-za-lavice\/\"]}]},{\"@type\":\"ImageObject\",\"inLanguage\":\"en-GB\",\"@id\":\"https:\/\/dmcsrb.com\/sport\/kraj-sna-o-medalji-mocna-norveska-prejaka-za-lavice\/#primaryimage\",\"url\":\"https:\/\/dmcsrb.com\/wp-content\/uploads\/2026\/01\/Lavice-protiv-Norveske-Anze-Malovrh-kolktiff-ihfworldhandball.jpg\",\"contentUrl\":\"https:\/\/dmcsrb.com\/wp-content\/uploads\/2026\/01\/Lavice-protiv-Norveske-Anze-Malovrh-kolktiff-ihfworldhandball.jpg\",\"width\":1440,\"height\":960},{\"@type\":\"BreadcrumbList\",\"@id\":\"https:\/\/dmcsrb.com\/sport\/kraj-sna-o-medalji-mocna-norveska-prejaka-za-lavice\/#breadcrumb\",\"itemListElement\":[{\"@type\":\"ListItem\",\"position\":1,\"name\":\"Home\",\"item\":\"https:\/\/dmcsrb.com\/\"},{\"@type\":\"ListItem\",\"position\":2,\"name\":\"Kraj sna o medalji: Mo\u0107na Norve\u0161ka prejaka za &#8220;lavice&#8221;\"}]},{\"@type\":\"WebSite\",\"@id\":\"https:\/\/dmcsrb.com\/#website\",\"url\":\"https:\/\/dmcsrb.com\/\",\"name\":\"dmcsrb.com\",\"description\":\"\",\"potentialAction\":[{\"@type\":\"SearchAction\",\"target\":{\"@type\":\"EntryPoint\",\"urlTemplate\":\"https:\/\/dmcsrb.com\/?s={search_term_string}\"},\"query-input\":{\"@type\":\"PropertyValueSpecification\",\"valueRequired\":true,\"valueName\":\"search_term_string\"}}],\"inLanguage\":\"en-GB\"},{\"@type\":\"Person\",\"@id\":\"https:\/\/dmcsrb.com\/#\/schema\/person\/5c39170f12db1b8b457732d0b5c854e2\",\"name\":\"dmcsrbija.com@gmail.com\",\"image\":{\"@type\":\"ImageObject\",\"inLanguage\":\"en-GB\",\"@id\":\"https:\/\/dmcsrb.com\/#\/schema\/person\/image\/\",\"url\":\"https:\/\/secure.gravatar.com\/avatar\/68592660ad6347fad0fb587f8d5d8f1a7b44961362f56e4f2cd524feb87e9069?s=96&d=mm&r=g\",\"contentUrl\":\"https:\/\/secure.gravatar.com\/avatar\/68592660ad6347fad0fb587f8d5d8f1a7b44961362f56e4f2cd524feb87e9069?s=96&d=mm&r=g\",\"caption\":\"dmcsrbija.com@gmail.com\"},\"sameAs\":[\"https:\/\/dmcsrb.com\"],\"url\":\"https:\/\/dmcsrb.com\/en\/author\/dmcsrbija-comgmail-com\/\"}]}<\/script>\n<!-- \/ Yoast SEO plugin. -->","yoast_head_json":{"title":"Kraj sna o medalji: Mo\u0107na Norve\u0161ka prejaka za \"lavice\" - dmcsrb.com","robots":{"index":"index","follow":"follow","max-snippet":"max-snippet:-1","max-image-preview":"max-image-preview:large","max-video-preview":"max-video-preview:-1"},"canonical":"https:\/\/dmcsrb.com\/en\/sport\/kraj-sna-o-medalji-mocna-norveska-prejaka-za-lavice\/","og_locale":"en_GB","og_type":"article","og_title":"Kraj sna o medalji: Mo\u0107na Norve\u0161ka prejaka za \"lavice\" - dmcsrb.com","og_description":"Kada protiv rukometne velesile u prvih 20 minuta upi\u0161ete \u010dak 10 tehni\u010dkih gre\u0161aka, a me\u010d zavr\u0161ite sa vi\u0161e \u201cprodatih\u201d lopti (25) nego postignutih golova (23) te\u0161ko je o\u010dekivati bilo kakvo \u010dudo. Crnogorske rukometa\u0161ice oprostile su se od sna o prvoj medalji na Svjetskom prvenstvu \u2013 u Dortmundu su u drugom \u010detvrtfinalu pora\u017eene od mo\u0107ne Norve\u0161ke rezultatom 32:23 (19:11).","og_url":"https:\/\/dmcsrb.com\/en\/sport\/kraj-sna-o-medalji-mocna-norveska-prejaka-za-lavice\/","og_site_name":"dmcsrb.com","article_published_time":"2025-12-09T19:59:00+00:00","og_image":[{"width":1440,"height":960,"url":"https:\/\/dmcsrb.com\/wp-content\/uploads\/2026\/01\/Lavice-protiv-Norveske-Anze-Malovrh-kolktiff-ihfworldhandball.jpg","type":"image\/jpeg"}],"author":"dmcsrbija.com@gmail.com","twitter_card":"summary_large_image","twitter_misc":{"Written by":"dmcsrbija.com@gmail.com","Estimated reading time":"7 minutes"},"schema":{"@context":"https:\/\/schema.org","@graph":[{"@type":"Article","@id":"https:\/\/dmcsrb.com\/sport\/kraj-sna-o-medalji-mocna-norveska-prejaka-za-lavice\/#article","isPartOf":{"@id":"https:\/\/dmcsrb.com\/sport\/kraj-sna-o-medalji-mocna-norveska-prejaka-za-lavice\/"},"author":{"name":"dmcsrbija.com@gmail.com","@id":"https:\/\/dmcsrb.com\/#\/schema\/person\/5c39170f12db1b8b457732d0b5c854e2"},"headline":"Kraj sna o medalji: Mo\u0107na Norve\u0161ka prejaka za &#8220;lavice&#8221;","datePublished":"2025-12-09T19:59:00+00:00","mainEntityOfPage":{"@id":"https:\/\/dmcsrb.com\/sport\/kraj-sna-o-medalji-mocna-norveska-prejaka-za-lavice\/"},"wordCount":1273,"commentCount":0,"image":{"@id":"https:\/\/dmcsrb.com\/sport\/kraj-sna-o-medalji-mocna-norveska-prejaka-za-lavice\/#primaryimage"},"thumbnailUrl":"https:\/\/dmcsrb.com\/wp-content\/uploads\/2026\/01\/Lavice-protiv-Norveske-Anze-Malovrh-kolktiff-ihfworldhandball.jpg","keywords":["Svjetsko prvenstvo za rukometa\u0161ice","\u017denska rukometna reprezentacija Crne Gore","\u017denska rukometna reprezentacija Norve\u0161ke"],"articleSection":["Sport"],"inLanguage":"en-GB","potentialAction":[{"@type":"CommentAction","name":"Comment","target":["https:\/\/dmcsrb.com\/sport\/kraj-sna-o-medalji-mocna-norveska-prejaka-za-lavice\/#respond"]}]},{"@type":"WebPage","@id":"https:\/\/dmcsrb.com\/sport\/kraj-sna-o-medalji-mocna-norveska-prejaka-za-lavice\/","url":"https:\/\/dmcsrb.com\/sport\/kraj-sna-o-medalji-mocna-norveska-prejaka-za-lavice\/","name":"Kraj sna o medalji: Mo\u0107na Norve\u0161ka prejaka za \"lavice\" - dmcsrb.com","isPartOf":{"@id":"https:\/\/dmcsrb.com\/#website"},"primaryImageOfPage":{"@id":"https:\/\/dmcsrb.com\/sport\/kraj-sna-o-medalji-mocna-norveska-prejaka-za-lavice\/#primaryimage"},"image":{"@id":"https:\/\/dmcsrb.com\/sport\/kraj-sna-o-medalji-mocna-norveska-prejaka-za-lavice\/#primaryimage"},"thumbnailUrl":"https:\/\/dmcsrb.com\/wp-content\/uploads\/2026\/01\/Lavice-protiv-Norveske-Anze-Malovrh-kolktiff-ihfworldhandball.jpg","datePublished":"2025-12-09T19:59:00+00:00","author":{"@id":"https:\/\/dmcsrb.com\/#\/schema\/person\/5c39170f12db1b8b457732d0b5c854e2"},"breadcrumb":{"@id":"https:\/\/dmcsrb.com\/sport\/kraj-sna-o-medalji-mocna-norveska-prejaka-za-lavice\/#breadcrumb"},"inLanguage":"en-GB","potentialAction":[{"@type":"ReadAction","target":["https:\/\/dmcsrb.com\/sport\/kraj-sna-o-medalji-mocna-norveska-prejaka-za-lavice\/"]}]},{"@type":"ImageObject","inLanguage":"en-GB","@id":"https:\/\/dmcsrb.com\/sport\/kraj-sna-o-medalji-mocna-norveska-prejaka-za-lavice\/#primaryimage","url":"https:\/\/dmcsrb.com\/wp-content\/uploads\/2026\/01\/Lavice-protiv-Norveske-Anze-Malovrh-kolktiff-ihfworldhandball.jpg","contentUrl":"https:\/\/dmcsrb.com\/wp-content\/uploads\/2026\/01\/Lavice-protiv-Norveske-Anze-Malovrh-kolktiff-ihfworldhandball.jpg","width":1440,"height":960},{"@type":"BreadcrumbList","@id":"https:\/\/dmcsrb.com\/sport\/kraj-sna-o-medalji-mocna-norveska-prejaka-za-lavice\/#breadcrumb","itemListElement":[{"@type":"ListItem","position":1,"name":"Home","item":"https:\/\/dmcsrb.com\/"},{"@type":"ListItem","position":2,"name":"Kraj sna o medalji: Mo\u0107na Norve\u0161ka prejaka za &#8220;lavice&#8221;"}]},{"@type":"WebSite","@id":"https:\/\/dmcsrb.com\/#website","url":"https:\/\/dmcsrb.com\/","name":"dmcsrb.com","description":"","potentialAction":[{"@type":"SearchAction","target":{"@type":"EntryPoint","urlTemplate":"https:\/\/dmcsrb.com\/?s={search_term_string}"},"query-input":{"@type":"PropertyValueSpecification","valueRequired":true,"valueName":"search_term_string"}}],"inLanguage":"en-GB"},{"@type":"Person","@id":"https:\/\/dmcsrb.com\/#\/schema\/person\/5c39170f12db1b8b457732d0b5c854e2","name":"dmcsrbija.com@gmail.com","image":{"@type":"ImageObject","inLanguage":"en-GB","@id":"https:\/\/dmcsrb.com\/#\/schema\/person\/image\/","url":"https:\/\/secure.gravatar.com\/avatar\/68592660ad6347fad0fb587f8d5d8f1a7b44961362f56e4f2cd524feb87e9069?s=96&d=mm&r=g","contentUrl":"https:\/\/secure.gravatar.com\/avatar\/68592660ad6347fad0fb587f8d5d8f1a7b44961362f56e4f2cd524feb87e9069?s=96&d=mm&r=g","caption":"dmcsrbija.com@gmail.com"},"sameAs":["https:\/\/dmcsrb.com"],"url":"https:\/\/dmcsrb.com\/en\/author\/dmcsrbija-comgmail-com\/"}]}},"_links":{"self":[{"href":"https:\/\/dmcsrb.com\/en\/wp-json\/wp\/v2\/posts\/910658","targetHints":{"allow":["GET"]}}],"collection":[{"href":"https:\/\/dmcsrb.com\/en\/wp-json\/wp\/v2\/posts"}],"about":[{"href":"https:\/\/dmcsrb.com\/en\/wp-json\/wp\/v2\/types\/post"}],"author":[{"embeddable":true,"href":"https:\/\/dmcsrb.com\/en\/wp-json\/wp\/v2\/users\/1"}],"replies":[{"embeddable":true,"href":"https:\/\/dmcsrb.com\/en\/wp-json\/wp\/v2\/comments?post=910658"}],"version-history":[{"count":0,"href":"https:\/\/dmcsrb.com\/en\/wp-json\/wp\/v2\/posts\/910658\/revisions"}],"wp:featuredmedia":[{"embeddable":true,"href":"https:\/\/dmcsrb.com\/en\/wp-json\/wp\/v2\/media\/910659"}],"wp:attachment":[{"href":"https:\/\/dmcsrb.com\/en\/wp-json\/wp\/v2\/media?parent=910658"}],"wp:term":[{"taxonomy":"category","embeddable":true,"href":"https:\/\/dmcsrb.com\/en\/wp-json\/wp\/v2\/categories?post=910658"},{"taxonomy":"post_tag","embeddable":true,"href":"https:\/\/dmcsrb.com\/en\/wp-json\/wp\/v2\/tags?post=910658"},{"taxonomy":"naslovna","embeddable":true,"href":"https:\/\/dmcsrb.com\/en\/wp-json\/wp\/v2\/naslovna?post=910658"}],"curies":[{"name":"wp","href":"https:\/\/api.w.org\/{rel}","templated":true}]}}