{"id":910589,"date":"2025-12-08T16:53:00","date_gmt":"2025-12-08T15:53:00","guid":{"rendered":"https:\/\/dmcsrb.com\/uncategorized\/knjizevno-i-duhovno-sabranje-u-becicima\/"},"modified":"2025-12-08T16:53:00","modified_gmt":"2025-12-08T15:53:00","slug":"knjizevno-i-duhovno-sabranje-u-becicima","status":"publish","type":"post","link":"https:\/\/dmcsrb.com\/en\/kultura\/knjizevno-i-duhovno-sabranje-u-becicima\/","title":{"rendered":"Knji\u017eevno i duhovno sabranje u Be\u010di\u0107ima"},"content":{"rendered":"<p><\/p>\n\n\n\n<p><\/p>\n\n\n\n<p>Knji\u017eevni festival \u201eNa\u0161e Ognji\u0161te\u201c, koji ve\u0107 \u010detvrtu godinu okuplja istaknute stvaraoce i ljubitelje pisane rije\u010di, posve\u0107en je o\u010duvanju kulturnog i duhovnog naslje\u0111a na\u0161eg podneblja, kao i podsticanju knji\u017eevnog stvarala\u0161tva i unapre\u0111enju kulturnog \u017eivota zajednice. Tokom dvije sve\u010dane ve\u010deri, publika \u0107e imati priliku da u\u017eiva u bogatom programu koji objedinjuje rije\u010d, tradiciju i umjetnost.<\/p>\n\n\n\n<p><strong><u>Program festivala:<\/u><\/strong><\/p>\n\n\n\n<p><strong>12. decembar \u2013 prva festivalska no\u0107<\/strong><\/p>\n\n\n\n<p>Prvo ve\u010de bi\u0107e posve\u0107eno knji\u017eevnim izlaganjima uglednih autora i predava\u010da:<\/p>\n\n\n\n<p>Novica \u0110uri\u0107, predsjednik Udru\u017eenja knji\u017eevnika Crne Gore, prof. Veselin Matovi\u0107, knji\u017eevnik \u0110or\u0111ije Ra\u010di\u0107, mr Milorad Durutovi\u0107. Kulturni do\u017eivljaj bi\u0107e upotpunjen nastupom folklornog dru\u0161tva \u201eGrbalj\u201c, koje \u0107e svojim izvo\u0111enjem uplesti niti tradicije u prvo festivalsko ve\u010de.<\/p>\n\n\n\n<p><strong>13. decembar \u2013 druga festivalska no\u0107<\/strong><\/p>\n\n\n\n<p>Drugo ve\u010de festivala posve\u0107ena je stvaraocima sa jadranskog podneblja: Vi\u0161nja Kosovi\u0107, Miodrag Jovanovi\u0107 i Labud Lon\u010dar . U muzi\u010dkom dijelu programa nastupi\u0107e vokalna grupa \u201eHarmonija\u201c iz Budve, koja \u0107e svojim prepoznatljivim izvo\u0111enjem obogatiti sve\u010danu atmosferu i zaokru\u017eiti festivalsko dru\u017eenje.<\/p>\n\n\n\n<p>Pozivamo sve ljubitelje knji\u017eevnosti, kulture i tradicije da svojim prisustvom uveli\u010daju ovaj zna\u010dajni kulturni doga\u0111aj i podr\u017ee o\u010duvanje duhovnih i kulturnih vrijednosti na\u0161eg naroda &#8211; zaklju\u010duje se u saop\u0161tenju.<\/p>","protected":false},"excerpt":{"rendered":"<p>Udru\u017eenje \u201eSerdar\u201c, uz podr\u0161ku arhijerejskog namjesnika budvanskog, protojereja Petra Cerovi\u0107a, organizuje IV knji\u017eevni festival \u201eNa\u0161e Ognji\u0161te\u201c, koji \u0107e se odr\u017eati 12. i 13. decembra u Parohijskom domu Sveti Toma u Be\u010di\u0107ima. Pokrovitelj festivala je Republika Srbija \u2013 Ministarstvo spoljnih poslova, Uprava za saradnju s dijasporom i Srbima u regionu.<\/p>","protected":false},"author":1,"featured_media":910590,"comment_status":"open","ping_status":"open","sticky":false,"template":"","format":"standard","meta":{"_acf_changed":false,"footnotes":""},"categories":[50],"tags":[1814,1815],"naslovna":[],"class_list":["post-910589","post","type-post","status-publish","format-standard","has-post-thumbnail","hentry","category-kultura","tag-knjizevno-i-duhovno-sabranje","tag-nvo-serdar"],"acf":[],"yoast_head":"<!-- This site is optimized with the Yoast SEO plugin v27.4 - https:\/\/yoast.com\/product\/yoast-seo-wordpress\/ -->\n<title>Knji\u017eevno i duhovno sabranje u Be\u010di\u0107ima - dmcsrb.com<\/title>\n<meta name=\"robots\" content=\"index, follow, max-snippet:-1, max-image-preview:large, max-video-preview:-1\" \/>\n<link rel=\"canonical\" href=\"https:\/\/dmcsrb.com\/en\/kultura\/knjizevno-i-duhovno-sabranje-u-becicima\/\" \/>\n<meta property=\"og:locale\" content=\"en_GB\" \/>\n<meta property=\"og:type\" content=\"article\" \/>\n<meta property=\"og:title\" content=\"Knji\u017eevno i duhovno sabranje u Be\u010di\u0107ima - dmcsrb.com\" \/>\n<meta property=\"og:description\" content=\"Udru\u017eenje \u201eSerdar\u201c, uz podr\u0161ku arhijerejskog namjesnika budvanskog, protojereja Petra Cerovi\u0107a, organizuje IV knji\u017eevni festival \u201eNa\u0161e Ognji\u0161te\u201c, koji \u0107e se odr\u017eati 12. i 13. decembra u Parohijskom domu Sveti Toma u Be\u010di\u0107ima. Pokrovitelj festivala je Republika Srbija \u2013 Ministarstvo spoljnih poslova, Uprava za saradnju s dijasporom i Srbima u regionu.\" \/>\n<meta property=\"og:url\" content=\"https:\/\/dmcsrb.com\/en\/kultura\/knjizevno-i-duhovno-sabranje-u-becicima\/\" \/>\n<meta property=\"og:site_name\" content=\"dmcsrb.com\" \/>\n<meta property=\"article:published_time\" content=\"2025-12-08T15:53:00+00:00\" \/>\n<meta property=\"og:image\" content=\"https:\/\/dmcsrb.com\/wp-content\/uploads\/2026\/01\/1000099403.jpg\" \/>\n\t<meta property=\"og:image:width\" content=\"1131\" \/>\n\t<meta property=\"og:image:height\" content=\"1600\" \/>\n\t<meta property=\"og:image:type\" content=\"image\/jpeg\" \/>\n<meta name=\"author\" content=\"dmcsrbija.com@gmail.com\" \/>\n<meta name=\"twitter:card\" content=\"summary_large_image\" \/>\n<meta name=\"twitter:label1\" content=\"Written by\" \/>\n\t<meta name=\"twitter:data1\" content=\"dmcsrbija.com@gmail.com\" \/>\n\t<meta name=\"twitter:label2\" content=\"Estimated reading time\" \/>\n\t<meta name=\"twitter:data2\" content=\"1 minute\" \/>\n<script type=\"application\/ld+json\" class=\"yoast-schema-graph\">{\"@context\":\"https:\\\/\\\/schema.org\",\"@graph\":[{\"@type\":\"Article\",\"@id\":\"https:\\\/\\\/dmcsrb.com\\\/kultura\\\/knjizevno-i-duhovno-sabranje-u-becicima\\\/#article\",\"isPartOf\":{\"@id\":\"https:\\\/\\\/dmcsrb.com\\\/kultura\\\/knjizevno-i-duhovno-sabranje-u-becicima\\\/\"},\"author\":{\"name\":\"dmcsrbija.com@gmail.com\",\"@id\":\"https:\\\/\\\/dmcsrb.com\\\/#\\\/schema\\\/person\\\/5c39170f12db1b8b457732d0b5c854e2\"},\"headline\":\"Knji\u017eevno i duhovno sabranje u Be\u010di\u0107ima\",\"datePublished\":\"2025-12-08T15:53:00+00:00\",\"mainEntityOfPage\":{\"@id\":\"https:\\\/\\\/dmcsrb.com\\\/kultura\\\/knjizevno-i-duhovno-sabranje-u-becicima\\\/\"},\"wordCount\":232,\"commentCount\":0,\"image\":{\"@id\":\"https:\\\/\\\/dmcsrb.com\\\/kultura\\\/knjizevno-i-duhovno-sabranje-u-becicima\\\/#primaryimage\"},\"thumbnailUrl\":\"https:\\\/\\\/dmcsrb.com\\\/wp-content\\\/uploads\\\/2026\\\/01\\\/1000099403.jpg\",\"keywords\":[\"knji\u017eevno i duhovno sabranje\",\"nvo serdar\"],\"articleSection\":[\"Kultura\"],\"inLanguage\":\"en-GB\",\"potentialAction\":[{\"@type\":\"CommentAction\",\"name\":\"Comment\",\"target\":[\"https:\\\/\\\/dmcsrb.com\\\/kultura\\\/knjizevno-i-duhovno-sabranje-u-becicima\\\/#respond\"]}]},{\"@type\":\"WebPage\",\"@id\":\"https:\\\/\\\/dmcsrb.com\\\/kultura\\\/knjizevno-i-duhovno-sabranje-u-becicima\\\/\",\"url\":\"https:\\\/\\\/dmcsrb.com\\\/kultura\\\/knjizevno-i-duhovno-sabranje-u-becicima\\\/\",\"name\":\"Knji\u017eevno i duhovno sabranje u Be\u010di\u0107ima - dmcsrb.com\",\"isPartOf\":{\"@id\":\"https:\\\/\\\/dmcsrb.com\\\/#website\"},\"primaryImageOfPage\":{\"@id\":\"https:\\\/\\\/dmcsrb.com\\\/kultura\\\/knjizevno-i-duhovno-sabranje-u-becicima\\\/#primaryimage\"},\"image\":{\"@id\":\"https:\\\/\\\/dmcsrb.com\\\/kultura\\\/knjizevno-i-duhovno-sabranje-u-becicima\\\/#primaryimage\"},\"thumbnailUrl\":\"https:\\\/\\\/dmcsrb.com\\\/wp-content\\\/uploads\\\/2026\\\/01\\\/1000099403.jpg\",\"datePublished\":\"2025-12-08T15:53:00+00:00\",\"author\":{\"@id\":\"https:\\\/\\\/dmcsrb.com\\\/#\\\/schema\\\/person\\\/5c39170f12db1b8b457732d0b5c854e2\"},\"breadcrumb\":{\"@id\":\"https:\\\/\\\/dmcsrb.com\\\/kultura\\\/knjizevno-i-duhovno-sabranje-u-becicima\\\/#breadcrumb\"},\"inLanguage\":\"en-GB\",\"potentialAction\":[{\"@type\":\"ReadAction\",\"target\":[\"https:\\\/\\\/dmcsrb.com\\\/kultura\\\/knjizevno-i-duhovno-sabranje-u-becicima\\\/\"]}]},{\"@type\":\"ImageObject\",\"inLanguage\":\"en-GB\",\"@id\":\"https:\\\/\\\/dmcsrb.com\\\/kultura\\\/knjizevno-i-duhovno-sabranje-u-becicima\\\/#primaryimage\",\"url\":\"https:\\\/\\\/dmcsrb.com\\\/wp-content\\\/uploads\\\/2026\\\/01\\\/1000099403.jpg\",\"contentUrl\":\"https:\\\/\\\/dmcsrb.com\\\/wp-content\\\/uploads\\\/2026\\\/01\\\/1000099403.jpg\",\"width\":1131,\"height\":1600},{\"@type\":\"BreadcrumbList\",\"@id\":\"https:\\\/\\\/dmcsrb.com\\\/kultura\\\/knjizevno-i-duhovno-sabranje-u-becicima\\\/#breadcrumb\",\"itemListElement\":[{\"@type\":\"ListItem\",\"position\":1,\"name\":\"Home\",\"item\":\"https:\\\/\\\/dmcsrb.com\\\/\"},{\"@type\":\"ListItem\",\"position\":2,\"name\":\"Knji\u017eevno i duhovno sabranje u Be\u010di\u0107ima\"}]},{\"@type\":\"WebSite\",\"@id\":\"https:\\\/\\\/dmcsrb.com\\\/#website\",\"url\":\"https:\\\/\\\/dmcsrb.com\\\/\",\"name\":\"dmcsrb.com\",\"description\":\"\",\"potentialAction\":[{\"@type\":\"SearchAction\",\"target\":{\"@type\":\"EntryPoint\",\"urlTemplate\":\"https:\\\/\\\/dmcsrb.com\\\/?s={search_term_string}\"},\"query-input\":{\"@type\":\"PropertyValueSpecification\",\"valueRequired\":true,\"valueName\":\"search_term_string\"}}],\"inLanguage\":\"en-GB\"},{\"@type\":\"Person\",\"@id\":\"https:\\\/\\\/dmcsrb.com\\\/#\\\/schema\\\/person\\\/5c39170f12db1b8b457732d0b5c854e2\",\"name\":\"dmcsrbija.com@gmail.com\",\"image\":{\"@type\":\"ImageObject\",\"inLanguage\":\"en-GB\",\"@id\":\"https:\\\/\\\/secure.gravatar.com\\\/avatar\\\/68592660ad6347fad0fb587f8d5d8f1a7b44961362f56e4f2cd524feb87e9069?s=96&d=mm&r=g\",\"url\":\"https:\\\/\\\/secure.gravatar.com\\\/avatar\\\/68592660ad6347fad0fb587f8d5d8f1a7b44961362f56e4f2cd524feb87e9069?s=96&d=mm&r=g\",\"contentUrl\":\"https:\\\/\\\/secure.gravatar.com\\\/avatar\\\/68592660ad6347fad0fb587f8d5d8f1a7b44961362f56e4f2cd524feb87e9069?s=96&d=mm&r=g\",\"caption\":\"dmcsrbija.com@gmail.com\"},\"sameAs\":[\"https:\\\/\\\/dmcsrb.com\"],\"url\":\"https:\\\/\\\/dmcsrb.com\\\/en\\\/author\\\/dmcsrbija-comgmail-com\\\/\"}]}<\/script>\n<!-- \/ Yoast SEO plugin. -->","yoast_head_json":{"title":"Knji\u017eevno i duhovno sabranje u Be\u010di\u0107ima - dmcsrb.com","robots":{"index":"index","follow":"follow","max-snippet":"max-snippet:-1","max-image-preview":"max-image-preview:large","max-video-preview":"max-video-preview:-1"},"canonical":"https:\/\/dmcsrb.com\/en\/kultura\/knjizevno-i-duhovno-sabranje-u-becicima\/","og_locale":"en_GB","og_type":"article","og_title":"Knji\u017eevno i duhovno sabranje u Be\u010di\u0107ima - dmcsrb.com","og_description":"Udru\u017eenje \u201eSerdar\u201c, uz podr\u0161ku arhijerejskog namjesnika budvanskog, protojereja Petra Cerovi\u0107a, organizuje IV knji\u017eevni festival \u201eNa\u0161e Ognji\u0161te\u201c, koji \u0107e se odr\u017eati 12. i 13. decembra u Parohijskom domu Sveti Toma u Be\u010di\u0107ima. Pokrovitelj festivala je Republika Srbija \u2013 Ministarstvo spoljnih poslova, Uprava za saradnju s dijasporom i Srbima u regionu.","og_url":"https:\/\/dmcsrb.com\/en\/kultura\/knjizevno-i-duhovno-sabranje-u-becicima\/","og_site_name":"dmcsrb.com","article_published_time":"2025-12-08T15:53:00+00:00","og_image":[{"width":1131,"height":1600,"url":"https:\/\/dmcsrb.com\/wp-content\/uploads\/2026\/01\/1000099403.jpg","type":"image\/jpeg"}],"author":"dmcsrbija.com@gmail.com","twitter_card":"summary_large_image","twitter_misc":{"Written by":"dmcsrbija.com@gmail.com","Estimated reading time":"1 minute"},"schema":{"@context":"https:\/\/schema.org","@graph":[{"@type":"Article","@id":"https:\/\/dmcsrb.com\/kultura\/knjizevno-i-duhovno-sabranje-u-becicima\/#article","isPartOf":{"@id":"https:\/\/dmcsrb.com\/kultura\/knjizevno-i-duhovno-sabranje-u-becicima\/"},"author":{"name":"dmcsrbija.com@gmail.com","@id":"https:\/\/dmcsrb.com\/#\/schema\/person\/5c39170f12db1b8b457732d0b5c854e2"},"headline":"Knji\u017eevno i duhovno sabranje u Be\u010di\u0107ima","datePublished":"2025-12-08T15:53:00+00:00","mainEntityOfPage":{"@id":"https:\/\/dmcsrb.com\/kultura\/knjizevno-i-duhovno-sabranje-u-becicima\/"},"wordCount":232,"commentCount":0,"image":{"@id":"https:\/\/dmcsrb.com\/kultura\/knjizevno-i-duhovno-sabranje-u-becicima\/#primaryimage"},"thumbnailUrl":"https:\/\/dmcsrb.com\/wp-content\/uploads\/2026\/01\/1000099403.jpg","keywords":["knji\u017eevno i duhovno sabranje","nvo serdar"],"articleSection":["Kultura"],"inLanguage":"en-GB","potentialAction":[{"@type":"CommentAction","name":"Comment","target":["https:\/\/dmcsrb.com\/kultura\/knjizevno-i-duhovno-sabranje-u-becicima\/#respond"]}]},{"@type":"WebPage","@id":"https:\/\/dmcsrb.com\/kultura\/knjizevno-i-duhovno-sabranje-u-becicima\/","url":"https:\/\/dmcsrb.com\/kultura\/knjizevno-i-duhovno-sabranje-u-becicima\/","name":"Knji\u017eevno i duhovno sabranje u Be\u010di\u0107ima - dmcsrb.com","isPartOf":{"@id":"https:\/\/dmcsrb.com\/#website"},"primaryImageOfPage":{"@id":"https:\/\/dmcsrb.com\/kultura\/knjizevno-i-duhovno-sabranje-u-becicima\/#primaryimage"},"image":{"@id":"https:\/\/dmcsrb.com\/kultura\/knjizevno-i-duhovno-sabranje-u-becicima\/#primaryimage"},"thumbnailUrl":"https:\/\/dmcsrb.com\/wp-content\/uploads\/2026\/01\/1000099403.jpg","datePublished":"2025-12-08T15:53:00+00:00","author":{"@id":"https:\/\/dmcsrb.com\/#\/schema\/person\/5c39170f12db1b8b457732d0b5c854e2"},"breadcrumb":{"@id":"https:\/\/dmcsrb.com\/kultura\/knjizevno-i-duhovno-sabranje-u-becicima\/#breadcrumb"},"inLanguage":"en-GB","potentialAction":[{"@type":"ReadAction","target":["https:\/\/dmcsrb.com\/kultura\/knjizevno-i-duhovno-sabranje-u-becicima\/"]}]},{"@type":"ImageObject","inLanguage":"en-GB","@id":"https:\/\/dmcsrb.com\/kultura\/knjizevno-i-duhovno-sabranje-u-becicima\/#primaryimage","url":"https:\/\/dmcsrb.com\/wp-content\/uploads\/2026\/01\/1000099403.jpg","contentUrl":"https:\/\/dmcsrb.com\/wp-content\/uploads\/2026\/01\/1000099403.jpg","width":1131,"height":1600},{"@type":"BreadcrumbList","@id":"https:\/\/dmcsrb.com\/kultura\/knjizevno-i-duhovno-sabranje-u-becicima\/#breadcrumb","itemListElement":[{"@type":"ListItem","position":1,"name":"Home","item":"https:\/\/dmcsrb.com\/"},{"@type":"ListItem","position":2,"name":"Knji\u017eevno i duhovno sabranje u Be\u010di\u0107ima"}]},{"@type":"WebSite","@id":"https:\/\/dmcsrb.com\/#website","url":"https:\/\/dmcsrb.com\/","name":"dmcsrb.com","description":"","potentialAction":[{"@type":"SearchAction","target":{"@type":"EntryPoint","urlTemplate":"https:\/\/dmcsrb.com\/?s={search_term_string}"},"query-input":{"@type":"PropertyValueSpecification","valueRequired":true,"valueName":"search_term_string"}}],"inLanguage":"en-GB"},{"@type":"Person","@id":"https:\/\/dmcsrb.com\/#\/schema\/person\/5c39170f12db1b8b457732d0b5c854e2","name":"dmcsrbija.com@gmail.com","image":{"@type":"ImageObject","inLanguage":"en-GB","@id":"https:\/\/secure.gravatar.com\/avatar\/68592660ad6347fad0fb587f8d5d8f1a7b44961362f56e4f2cd524feb87e9069?s=96&d=mm&r=g","url":"https:\/\/secure.gravatar.com\/avatar\/68592660ad6347fad0fb587f8d5d8f1a7b44961362f56e4f2cd524feb87e9069?s=96&d=mm&r=g","contentUrl":"https:\/\/secure.gravatar.com\/avatar\/68592660ad6347fad0fb587f8d5d8f1a7b44961362f56e4f2cd524feb87e9069?s=96&d=mm&r=g","caption":"dmcsrbija.com@gmail.com"},"sameAs":["https:\/\/dmcsrb.com"],"url":"https:\/\/dmcsrb.com\/en\/author\/dmcsrbija-comgmail-com\/"}]}},"_links":{"self":[{"href":"https:\/\/dmcsrb.com\/en\/wp-json\/wp\/v2\/posts\/910589","targetHints":{"allow":["GET"]}}],"collection":[{"href":"https:\/\/dmcsrb.com\/en\/wp-json\/wp\/v2\/posts"}],"about":[{"href":"https:\/\/dmcsrb.com\/en\/wp-json\/wp\/v2\/types\/post"}],"author":[{"embeddable":true,"href":"https:\/\/dmcsrb.com\/en\/wp-json\/wp\/v2\/users\/1"}],"replies":[{"embeddable":true,"href":"https:\/\/dmcsrb.com\/en\/wp-json\/wp\/v2\/comments?post=910589"}],"version-history":[{"count":0,"href":"https:\/\/dmcsrb.com\/en\/wp-json\/wp\/v2\/posts\/910589\/revisions"}],"wp:featuredmedia":[{"embeddable":true,"href":"https:\/\/dmcsrb.com\/en\/wp-json\/wp\/v2\/media\/910590"}],"wp:attachment":[{"href":"https:\/\/dmcsrb.com\/en\/wp-json\/wp\/v2\/media?parent=910589"}],"wp:term":[{"taxonomy":"category","embeddable":true,"href":"https:\/\/dmcsrb.com\/en\/wp-json\/wp\/v2\/categories?post=910589"},{"taxonomy":"post_tag","embeddable":true,"href":"https:\/\/dmcsrb.com\/en\/wp-json\/wp\/v2\/tags?post=910589"},{"taxonomy":"naslovna","embeddable":true,"href":"https:\/\/dmcsrb.com\/en\/wp-json\/wp\/v2\/naslovna?post=910589"}],"curies":[{"name":"wp","href":"https:\/\/api.w.org\/{rel}","templated":true}]}}