{"id":910568,"date":"2025-12-08T13:19:55","date_gmt":"2025-12-08T12:19:55","guid":{"rendered":"https:\/\/dmcsrb.com\/uncategorized\/milatovic-na-cetinju-primio-akreditivna-pisma-novoimenovanih-ambasadora-slovacke-uae-koreje-i-kazahstana\/"},"modified":"2025-12-08T13:19:55","modified_gmt":"2025-12-08T12:19:55","slug":"milatovic-na-cetinju-primio-akreditivna-pisma-novoimenovanih-ambasadora-slovacke-uae-koreje-i-kazahstana","status":"publish","type":"post","link":"https:\/\/dmcsrb.com\/en\/politika\/milatovic-na-cetinju-primio-akreditivna-pisma-novoimenovanih-ambasadora-slovacke-uae-koreje-i-kazahstana\/","title":{"rendered":"Milatovi\u0107 na Cetinju primio akreditivna pisma novoimenovanih ambasadora\u00a0Slova\u010dke, UAE, Koreje i Kazahstana"},"content":{"rendered":"<p><\/p>\n\n\n\n<figure class=\"wp-block-image\"><a class=\"herald-popup\" href=\"https:\/\/www.cdm.me\/wp-content\/uploads\/2025\/12\/Ambasador-UAE.jpeg\"><img decoding=\"async\" src=\"https:\/\/www.cdm.me\/wp-content\/uploads\/2025\/12\/Ambasador-UAE-490x326.jpeg\" alt=\"\"\/><\/a><\/figure>\n\n\n\n<figure class=\"wp-block-image\"><a class=\"herald-popup\" href=\"https:\/\/www.cdm.me\/wp-content\/uploads\/2025\/12\/Ambasador-Republike-Koreje.jpeg\"><img decoding=\"async\" src=\"https:\/\/www.cdm.me\/wp-content\/uploads\/2025\/12\/Ambasador-Republike-Koreje-490x326.jpeg\" alt=\"\"\/><\/a><\/figure>\n\n\n\n<figure class=\"wp-block-image\"><a class=\"herald-popup\" href=\"https:\/\/www.cdm.me\/wp-content\/uploads\/2025\/12\/Ambasador-Republike-Kazahstan.jpeg\"><img decoding=\"async\" src=\"https:\/\/www.cdm.me\/wp-content\/uploads\/2025\/12\/Ambasador-Republike-Kazahstan-490x326.jpeg\" alt=\"\"\/><\/a><\/figure>\n\n\n\n<p>Predsjednik je, kako se navodi u saop\u0161tenju, ambasadorima po\u017eelio srda\u010dnu dobrodo\u0161licu i uspje\u0161an mandat, izraziv\u0161i o\u010dekivanje da \u0107e njihov anga\u017eman doprinijeti daljem intenziviranju politi\u010dkog dijaloga i ja\u010danju bilateralne saradnje u oblastima od zajedni\u010dkog interesa.<\/p>\n\n\n\n<p>\u201cAmbasadori su zahvalili na prijemu i poru\u010dili da \u0107e predano raditi na unapre\u0111enju politi\u010dkih, ekonomskih i kulturnih veza svojih dr\u017eava sa Crnom Gorom\u201d, istaknuto je.<\/p>\n\n\n\n<p>Milatovi\u0107 je, kako su zaklju\u010dili, upoznao ambasadore sa klju\u010dnim vanjskopoliti\u010dkim prioritetima Crne Gore, me\u0111u kojima su \u010dlanstvo u Evropskoj uniji do 2028. godine, ja\u010danje kredibiliteta u okviru NATO saveza, dobrosusjedski odnosi i aktivno u\u010de\u0161\u0107e Crne Gore u multilateralnim inicijativama.<\/p>","protected":false},"excerpt":{"rendered":"<p>Predsjednik Crne Gore\u00a0Jakov Milatovi\u0107\u00a0primio je na Cetinju akreditivna pisma novoimenovanih ambasadora Slova\u010dke\u00a0Eve Ponomarenkove, Ujedinjenih Arapskih Emirata\u00a0Hamisa Ra\u0161eda Ahmeda Lebsailija Al\u0161emeilija, Koreje\u00a0Kim Hjong Tea\u00a0i Kazahstana\u00a0Dauleta Batra\u0161eva, saop\u0161teno je iz Kancelarije za odnose s javno\u0161\u0107u predsjednika Crne Gore.<\/p>","protected":false},"author":1,"featured_media":910569,"comment_status":"open","ping_status":"open","sticky":false,"template":"","format":"standard","meta":{"_acf_changed":false,"footnotes":""},"categories":[12],"tags":[1788,1054],"naslovna":[],"class_list":["post-910568","post","type-post","status-publish","format-standard","has-post-thumbnail","hentry","category-politika","tag-jakov","tag-milatovic-2"],"acf":[],"yoast_head":"<!-- This site is optimized with the Yoast SEO plugin v27.4 - https:\/\/yoast.com\/product\/yoast-seo-wordpress\/ -->\n<title>Milatovi\u0107 na Cetinju primio akreditivna pisma novoimenovanih ambasadora\u00a0Slova\u010dke, UAE, Koreje i Kazahstana - dmcsrb.com<\/title>\n<meta name=\"robots\" content=\"index, follow, max-snippet:-1, max-image-preview:large, max-video-preview:-1\" \/>\n<link rel=\"canonical\" href=\"https:\/\/dmcsrb.com\/en\/politika\/milatovic-na-cetinju-primio-akreditivna-pisma-novoimenovanih-ambasadora-slovacke-uae-koreje-i-kazahstana\/\" \/>\n<meta property=\"og:locale\" content=\"en_GB\" \/>\n<meta property=\"og:type\" content=\"article\" \/>\n<meta property=\"og:title\" content=\"Milatovi\u0107 na Cetinju primio akreditivna pisma novoimenovanih ambasadora\u00a0Slova\u010dke, UAE, Koreje i Kazahstana - dmcsrb.com\" \/>\n<meta property=\"og:description\" content=\"Predsjednik Crne Gore\u00a0Jakov Milatovi\u0107\u00a0primio je na Cetinju akreditivna pisma novoimenovanih ambasadora Slova\u010dke\u00a0Eve Ponomarenkove, Ujedinjenih Arapskih Emirata\u00a0Hamisa Ra\u0161eda Ahmeda Lebsailija Al\u0161emeilija, Koreje\u00a0Kim Hjong Tea\u00a0i Kazahstana\u00a0Dauleta Batra\u0161eva, saop\u0161teno je iz Kancelarije za odnose s javno\u0161\u0107u predsjednika Crne Gore.\" \/>\n<meta property=\"og:url\" content=\"https:\/\/dmcsrb.com\/en\/politika\/milatovic-na-cetinju-primio-akreditivna-pisma-novoimenovanih-ambasadora-slovacke-uae-koreje-i-kazahstana\/\" \/>\n<meta property=\"og:site_name\" content=\"dmcsrb.com\" \/>\n<meta property=\"article:published_time\" content=\"2025-12-08T12:19:55+00:00\" \/>\n<meta property=\"og:image\" content=\"https:\/\/dmcsrb.com\/wp-content\/uploads\/2026\/01\/Ambasadorka-Slovacke-1000x555-1.jpeg\" \/>\n\t<meta property=\"og:image:width\" content=\"1000\" \/>\n\t<meta property=\"og:image:height\" content=\"555\" \/>\n\t<meta property=\"og:image:type\" content=\"image\/jpeg\" \/>\n<meta name=\"author\" content=\"dmcsrbija.com@gmail.com\" \/>\n<meta name=\"twitter:card\" content=\"summary_large_image\" \/>\n<meta name=\"twitter:label1\" content=\"Written by\" \/>\n\t<meta name=\"twitter:data1\" content=\"dmcsrbija.com@gmail.com\" \/>\n\t<meta name=\"twitter:label2\" content=\"Estimated reading time\" \/>\n\t<meta name=\"twitter:data2\" content=\"1 minute\" \/>\n<script type=\"application\/ld+json\" class=\"yoast-schema-graph\">{\"@context\":\"https:\\\/\\\/schema.org\",\"@graph\":[{\"@type\":\"Article\",\"@id\":\"https:\\\/\\\/dmcsrb.com\\\/politika\\\/milatovic-na-cetinju-primio-akreditivna-pisma-novoimenovanih-ambasadora-slovacke-uae-koreje-i-kazahstana\\\/#article\",\"isPartOf\":{\"@id\":\"https:\\\/\\\/dmcsrb.com\\\/politika\\\/milatovic-na-cetinju-primio-akreditivna-pisma-novoimenovanih-ambasadora-slovacke-uae-koreje-i-kazahstana\\\/\"},\"author\":{\"name\":\"dmcsrbija.com@gmail.com\",\"@id\":\"https:\\\/\\\/dmcsrb.com\\\/#\\\/schema\\\/person\\\/5c39170f12db1b8b457732d0b5c854e2\"},\"headline\":\"Milatovi\u0107 na Cetinju primio akreditivna pisma novoimenovanih ambasadora\u00a0Slova\u010dke, UAE, Koreje i Kazahstana\",\"datePublished\":\"2025-12-08T12:19:55+00:00\",\"mainEntityOfPage\":{\"@id\":\"https:\\\/\\\/dmcsrb.com\\\/politika\\\/milatovic-na-cetinju-primio-akreditivna-pisma-novoimenovanih-ambasadora-slovacke-uae-koreje-i-kazahstana\\\/\"},\"wordCount\":133,\"commentCount\":0,\"image\":{\"@id\":\"https:\\\/\\\/dmcsrb.com\\\/politika\\\/milatovic-na-cetinju-primio-akreditivna-pisma-novoimenovanih-ambasadora-slovacke-uae-koreje-i-kazahstana\\\/#primaryimage\"},\"thumbnailUrl\":\"https:\\\/\\\/dmcsrb.com\\\/wp-content\\\/uploads\\\/2026\\\/01\\\/Ambasadorka-Slovacke-1000x555-1.jpeg\",\"keywords\":[\"jakov\",\"Milatovi\u0107\"],\"articleSection\":[\"Politika\"],\"inLanguage\":\"en-GB\",\"potentialAction\":[{\"@type\":\"CommentAction\",\"name\":\"Comment\",\"target\":[\"https:\\\/\\\/dmcsrb.com\\\/politika\\\/milatovic-na-cetinju-primio-akreditivna-pisma-novoimenovanih-ambasadora-slovacke-uae-koreje-i-kazahstana\\\/#respond\"]}]},{\"@type\":\"WebPage\",\"@id\":\"https:\\\/\\\/dmcsrb.com\\\/politika\\\/milatovic-na-cetinju-primio-akreditivna-pisma-novoimenovanih-ambasadora-slovacke-uae-koreje-i-kazahstana\\\/\",\"url\":\"https:\\\/\\\/dmcsrb.com\\\/politika\\\/milatovic-na-cetinju-primio-akreditivna-pisma-novoimenovanih-ambasadora-slovacke-uae-koreje-i-kazahstana\\\/\",\"name\":\"Milatovi\u0107 na Cetinju primio akreditivna pisma novoimenovanih ambasadora\u00a0Slova\u010dke, UAE, Koreje i Kazahstana - dmcsrb.com\",\"isPartOf\":{\"@id\":\"https:\\\/\\\/dmcsrb.com\\\/#website\"},\"primaryImageOfPage\":{\"@id\":\"https:\\\/\\\/dmcsrb.com\\\/politika\\\/milatovic-na-cetinju-primio-akreditivna-pisma-novoimenovanih-ambasadora-slovacke-uae-koreje-i-kazahstana\\\/#primaryimage\"},\"image\":{\"@id\":\"https:\\\/\\\/dmcsrb.com\\\/politika\\\/milatovic-na-cetinju-primio-akreditivna-pisma-novoimenovanih-ambasadora-slovacke-uae-koreje-i-kazahstana\\\/#primaryimage\"},\"thumbnailUrl\":\"https:\\\/\\\/dmcsrb.com\\\/wp-content\\\/uploads\\\/2026\\\/01\\\/Ambasadorka-Slovacke-1000x555-1.jpeg\",\"datePublished\":\"2025-12-08T12:19:55+00:00\",\"author\":{\"@id\":\"https:\\\/\\\/dmcsrb.com\\\/#\\\/schema\\\/person\\\/5c39170f12db1b8b457732d0b5c854e2\"},\"breadcrumb\":{\"@id\":\"https:\\\/\\\/dmcsrb.com\\\/politika\\\/milatovic-na-cetinju-primio-akreditivna-pisma-novoimenovanih-ambasadora-slovacke-uae-koreje-i-kazahstana\\\/#breadcrumb\"},\"inLanguage\":\"en-GB\",\"potentialAction\":[{\"@type\":\"ReadAction\",\"target\":[\"https:\\\/\\\/dmcsrb.com\\\/politika\\\/milatovic-na-cetinju-primio-akreditivna-pisma-novoimenovanih-ambasadora-slovacke-uae-koreje-i-kazahstana\\\/\"]}]},{\"@type\":\"ImageObject\",\"inLanguage\":\"en-GB\",\"@id\":\"https:\\\/\\\/dmcsrb.com\\\/politika\\\/milatovic-na-cetinju-primio-akreditivna-pisma-novoimenovanih-ambasadora-slovacke-uae-koreje-i-kazahstana\\\/#primaryimage\",\"url\":\"https:\\\/\\\/dmcsrb.com\\\/wp-content\\\/uploads\\\/2026\\\/01\\\/Ambasadorka-Slovacke-1000x555-1.jpeg\",\"contentUrl\":\"https:\\\/\\\/dmcsrb.com\\\/wp-content\\\/uploads\\\/2026\\\/01\\\/Ambasadorka-Slovacke-1000x555-1.jpeg\",\"width\":1000,\"height\":555},{\"@type\":\"BreadcrumbList\",\"@id\":\"https:\\\/\\\/dmcsrb.com\\\/politika\\\/milatovic-na-cetinju-primio-akreditivna-pisma-novoimenovanih-ambasadora-slovacke-uae-koreje-i-kazahstana\\\/#breadcrumb\",\"itemListElement\":[{\"@type\":\"ListItem\",\"position\":1,\"name\":\"Home\",\"item\":\"https:\\\/\\\/dmcsrb.com\\\/\"},{\"@type\":\"ListItem\",\"position\":2,\"name\":\"Milatovi\u0107 na Cetinju primio akreditivna pisma novoimenovanih ambasadora\u00a0Slova\u010dke, UAE, Koreje i Kazahstana\"}]},{\"@type\":\"WebSite\",\"@id\":\"https:\\\/\\\/dmcsrb.com\\\/#website\",\"url\":\"https:\\\/\\\/dmcsrb.com\\\/\",\"name\":\"dmcsrb.com\",\"description\":\"\",\"potentialAction\":[{\"@type\":\"SearchAction\",\"target\":{\"@type\":\"EntryPoint\",\"urlTemplate\":\"https:\\\/\\\/dmcsrb.com\\\/?s={search_term_string}\"},\"query-input\":{\"@type\":\"PropertyValueSpecification\",\"valueRequired\":true,\"valueName\":\"search_term_string\"}}],\"inLanguage\":\"en-GB\"},{\"@type\":\"Person\",\"@id\":\"https:\\\/\\\/dmcsrb.com\\\/#\\\/schema\\\/person\\\/5c39170f12db1b8b457732d0b5c854e2\",\"name\":\"dmcsrbija.com@gmail.com\",\"image\":{\"@type\":\"ImageObject\",\"inLanguage\":\"en-GB\",\"@id\":\"https:\\\/\\\/secure.gravatar.com\\\/avatar\\\/68592660ad6347fad0fb587f8d5d8f1a7b44961362f56e4f2cd524feb87e9069?s=96&d=mm&r=g\",\"url\":\"https:\\\/\\\/secure.gravatar.com\\\/avatar\\\/68592660ad6347fad0fb587f8d5d8f1a7b44961362f56e4f2cd524feb87e9069?s=96&d=mm&r=g\",\"contentUrl\":\"https:\\\/\\\/secure.gravatar.com\\\/avatar\\\/68592660ad6347fad0fb587f8d5d8f1a7b44961362f56e4f2cd524feb87e9069?s=96&d=mm&r=g\",\"caption\":\"dmcsrbija.com@gmail.com\"},\"sameAs\":[\"https:\\\/\\\/dmcsrb.com\"],\"url\":\"https:\\\/\\\/dmcsrb.com\\\/en\\\/author\\\/dmcsrbija-comgmail-com\\\/\"}]}<\/script>\n<!-- \/ Yoast SEO plugin. -->","yoast_head_json":{"title":"Milatovi\u0107 na Cetinju primio akreditivna pisma novoimenovanih ambasadora\u00a0Slova\u010dke, UAE, Koreje i Kazahstana - dmcsrb.com","robots":{"index":"index","follow":"follow","max-snippet":"max-snippet:-1","max-image-preview":"max-image-preview:large","max-video-preview":"max-video-preview:-1"},"canonical":"https:\/\/dmcsrb.com\/en\/politika\/milatovic-na-cetinju-primio-akreditivna-pisma-novoimenovanih-ambasadora-slovacke-uae-koreje-i-kazahstana\/","og_locale":"en_GB","og_type":"article","og_title":"Milatovi\u0107 na Cetinju primio akreditivna pisma novoimenovanih ambasadora\u00a0Slova\u010dke, UAE, Koreje i Kazahstana - dmcsrb.com","og_description":"Predsjednik Crne Gore\u00a0Jakov Milatovi\u0107\u00a0primio je na Cetinju akreditivna pisma novoimenovanih ambasadora Slova\u010dke\u00a0Eve Ponomarenkove, Ujedinjenih Arapskih Emirata\u00a0Hamisa Ra\u0161eda Ahmeda Lebsailija Al\u0161emeilija, Koreje\u00a0Kim Hjong Tea\u00a0i Kazahstana\u00a0Dauleta Batra\u0161eva, saop\u0161teno je iz Kancelarije za odnose s javno\u0161\u0107u predsjednika Crne Gore.","og_url":"https:\/\/dmcsrb.com\/en\/politika\/milatovic-na-cetinju-primio-akreditivna-pisma-novoimenovanih-ambasadora-slovacke-uae-koreje-i-kazahstana\/","og_site_name":"dmcsrb.com","article_published_time":"2025-12-08T12:19:55+00:00","og_image":[{"width":1000,"height":555,"url":"https:\/\/dmcsrb.com\/wp-content\/uploads\/2026\/01\/Ambasadorka-Slovacke-1000x555-1.jpeg","type":"image\/jpeg"}],"author":"dmcsrbija.com@gmail.com","twitter_card":"summary_large_image","twitter_misc":{"Written by":"dmcsrbija.com@gmail.com","Estimated reading time":"1 minute"},"schema":{"@context":"https:\/\/schema.org","@graph":[{"@type":"Article","@id":"https:\/\/dmcsrb.com\/politika\/milatovic-na-cetinju-primio-akreditivna-pisma-novoimenovanih-ambasadora-slovacke-uae-koreje-i-kazahstana\/#article","isPartOf":{"@id":"https:\/\/dmcsrb.com\/politika\/milatovic-na-cetinju-primio-akreditivna-pisma-novoimenovanih-ambasadora-slovacke-uae-koreje-i-kazahstana\/"},"author":{"name":"dmcsrbija.com@gmail.com","@id":"https:\/\/dmcsrb.com\/#\/schema\/person\/5c39170f12db1b8b457732d0b5c854e2"},"headline":"Milatovi\u0107 na Cetinju primio akreditivna pisma novoimenovanih ambasadora\u00a0Slova\u010dke, UAE, Koreje i Kazahstana","datePublished":"2025-12-08T12:19:55+00:00","mainEntityOfPage":{"@id":"https:\/\/dmcsrb.com\/politika\/milatovic-na-cetinju-primio-akreditivna-pisma-novoimenovanih-ambasadora-slovacke-uae-koreje-i-kazahstana\/"},"wordCount":133,"commentCount":0,"image":{"@id":"https:\/\/dmcsrb.com\/politika\/milatovic-na-cetinju-primio-akreditivna-pisma-novoimenovanih-ambasadora-slovacke-uae-koreje-i-kazahstana\/#primaryimage"},"thumbnailUrl":"https:\/\/dmcsrb.com\/wp-content\/uploads\/2026\/01\/Ambasadorka-Slovacke-1000x555-1.jpeg","keywords":["jakov","Milatovi\u0107"],"articleSection":["Politika"],"inLanguage":"en-GB","potentialAction":[{"@type":"CommentAction","name":"Comment","target":["https:\/\/dmcsrb.com\/politika\/milatovic-na-cetinju-primio-akreditivna-pisma-novoimenovanih-ambasadora-slovacke-uae-koreje-i-kazahstana\/#respond"]}]},{"@type":"WebPage","@id":"https:\/\/dmcsrb.com\/politika\/milatovic-na-cetinju-primio-akreditivna-pisma-novoimenovanih-ambasadora-slovacke-uae-koreje-i-kazahstana\/","url":"https:\/\/dmcsrb.com\/politika\/milatovic-na-cetinju-primio-akreditivna-pisma-novoimenovanih-ambasadora-slovacke-uae-koreje-i-kazahstana\/","name":"Milatovi\u0107 na Cetinju primio akreditivna pisma novoimenovanih ambasadora\u00a0Slova\u010dke, UAE, Koreje i Kazahstana - dmcsrb.com","isPartOf":{"@id":"https:\/\/dmcsrb.com\/#website"},"primaryImageOfPage":{"@id":"https:\/\/dmcsrb.com\/politika\/milatovic-na-cetinju-primio-akreditivna-pisma-novoimenovanih-ambasadora-slovacke-uae-koreje-i-kazahstana\/#primaryimage"},"image":{"@id":"https:\/\/dmcsrb.com\/politika\/milatovic-na-cetinju-primio-akreditivna-pisma-novoimenovanih-ambasadora-slovacke-uae-koreje-i-kazahstana\/#primaryimage"},"thumbnailUrl":"https:\/\/dmcsrb.com\/wp-content\/uploads\/2026\/01\/Ambasadorka-Slovacke-1000x555-1.jpeg","datePublished":"2025-12-08T12:19:55+00:00","author":{"@id":"https:\/\/dmcsrb.com\/#\/schema\/person\/5c39170f12db1b8b457732d0b5c854e2"},"breadcrumb":{"@id":"https:\/\/dmcsrb.com\/politika\/milatovic-na-cetinju-primio-akreditivna-pisma-novoimenovanih-ambasadora-slovacke-uae-koreje-i-kazahstana\/#breadcrumb"},"inLanguage":"en-GB","potentialAction":[{"@type":"ReadAction","target":["https:\/\/dmcsrb.com\/politika\/milatovic-na-cetinju-primio-akreditivna-pisma-novoimenovanih-ambasadora-slovacke-uae-koreje-i-kazahstana\/"]}]},{"@type":"ImageObject","inLanguage":"en-GB","@id":"https:\/\/dmcsrb.com\/politika\/milatovic-na-cetinju-primio-akreditivna-pisma-novoimenovanih-ambasadora-slovacke-uae-koreje-i-kazahstana\/#primaryimage","url":"https:\/\/dmcsrb.com\/wp-content\/uploads\/2026\/01\/Ambasadorka-Slovacke-1000x555-1.jpeg","contentUrl":"https:\/\/dmcsrb.com\/wp-content\/uploads\/2026\/01\/Ambasadorka-Slovacke-1000x555-1.jpeg","width":1000,"height":555},{"@type":"BreadcrumbList","@id":"https:\/\/dmcsrb.com\/politika\/milatovic-na-cetinju-primio-akreditivna-pisma-novoimenovanih-ambasadora-slovacke-uae-koreje-i-kazahstana\/#breadcrumb","itemListElement":[{"@type":"ListItem","position":1,"name":"Home","item":"https:\/\/dmcsrb.com\/"},{"@type":"ListItem","position":2,"name":"Milatovi\u0107 na Cetinju primio akreditivna pisma novoimenovanih ambasadora\u00a0Slova\u010dke, UAE, Koreje i Kazahstana"}]},{"@type":"WebSite","@id":"https:\/\/dmcsrb.com\/#website","url":"https:\/\/dmcsrb.com\/","name":"dmcsrb.com","description":"","potentialAction":[{"@type":"SearchAction","target":{"@type":"EntryPoint","urlTemplate":"https:\/\/dmcsrb.com\/?s={search_term_string}"},"query-input":{"@type":"PropertyValueSpecification","valueRequired":true,"valueName":"search_term_string"}}],"inLanguage":"en-GB"},{"@type":"Person","@id":"https:\/\/dmcsrb.com\/#\/schema\/person\/5c39170f12db1b8b457732d0b5c854e2","name":"dmcsrbija.com@gmail.com","image":{"@type":"ImageObject","inLanguage":"en-GB","@id":"https:\/\/secure.gravatar.com\/avatar\/68592660ad6347fad0fb587f8d5d8f1a7b44961362f56e4f2cd524feb87e9069?s=96&d=mm&r=g","url":"https:\/\/secure.gravatar.com\/avatar\/68592660ad6347fad0fb587f8d5d8f1a7b44961362f56e4f2cd524feb87e9069?s=96&d=mm&r=g","contentUrl":"https:\/\/secure.gravatar.com\/avatar\/68592660ad6347fad0fb587f8d5d8f1a7b44961362f56e4f2cd524feb87e9069?s=96&d=mm&r=g","caption":"dmcsrbija.com@gmail.com"},"sameAs":["https:\/\/dmcsrb.com"],"url":"https:\/\/dmcsrb.com\/en\/author\/dmcsrbija-comgmail-com\/"}]}},"_links":{"self":[{"href":"https:\/\/dmcsrb.com\/en\/wp-json\/wp\/v2\/posts\/910568","targetHints":{"allow":["GET"]}}],"collection":[{"href":"https:\/\/dmcsrb.com\/en\/wp-json\/wp\/v2\/posts"}],"about":[{"href":"https:\/\/dmcsrb.com\/en\/wp-json\/wp\/v2\/types\/post"}],"author":[{"embeddable":true,"href":"https:\/\/dmcsrb.com\/en\/wp-json\/wp\/v2\/users\/1"}],"replies":[{"embeddable":true,"href":"https:\/\/dmcsrb.com\/en\/wp-json\/wp\/v2\/comments?post=910568"}],"version-history":[{"count":0,"href":"https:\/\/dmcsrb.com\/en\/wp-json\/wp\/v2\/posts\/910568\/revisions"}],"wp:featuredmedia":[{"embeddable":true,"href":"https:\/\/dmcsrb.com\/en\/wp-json\/wp\/v2\/media\/910569"}],"wp:attachment":[{"href":"https:\/\/dmcsrb.com\/en\/wp-json\/wp\/v2\/media?parent=910568"}],"wp:term":[{"taxonomy":"category","embeddable":true,"href":"https:\/\/dmcsrb.com\/en\/wp-json\/wp\/v2\/categories?post=910568"},{"taxonomy":"post_tag","embeddable":true,"href":"https:\/\/dmcsrb.com\/en\/wp-json\/wp\/v2\/tags?post=910568"},{"taxonomy":"naslovna","embeddable":true,"href":"https:\/\/dmcsrb.com\/en\/wp-json\/wp\/v2\/naslovna?post=910568"}],"curies":[{"name":"wp","href":"https:\/\/api.w.org\/{rel}","templated":true}]}}