{"id":910553,"date":"2025-12-08T14:26:00","date_gmt":"2025-12-08T13:26:00","guid":{"rendered":"https:\/\/dmcsrb.com\/uncategorized\/darmanovic-zene-u-politici-i-dalje-nijesu-dovoljno-vidljive\/"},"modified":"2025-12-08T14:26:00","modified_gmt":"2025-12-08T13:26:00","slug":"darmanovic-zene-u-politici-i-dalje-nijesu-dovoljno-vidljive","status":"publish","type":"post","link":"https:\/\/dmcsrb.com\/en\/drustvo\/darmanovic-zene-u-politici-i-dalje-nijesu-dovoljno-vidljive\/","title":{"rendered":"Darmanovi\u0107: \u017dene u politici i dalje nijesu dovoljno vidljive"},"content":{"rendered":"<p>&#8220;Ovo je petnaesti klub koji je Gra\u0111anska alijansa formirala u crnogorskim op\u0161tinama, sa ciljem umre\u017eavanja odbornica i ja\u010danja njihovog uticaja na dono\u0161enje odluka na lokalnom nivou. Cilj \u017denskih odborni\u010dkih klubova je da, prevazilaze\u0107i uske partijske interese, pokre\u0107u politike i inicijative u korist svih gra\u0111ana i gra\u0111anki&#8221;, navode iz Gra\u0111anske alijanse.<\/p>\n\n\n\n<p>Sve\u010danosti su, pored predstavnika Gra\u0111anske alijanse, prisustvovali predsjednik op\u0161tine Danilovgrad Aleksandar Grgurovi\u0107, potpredsjednici Bojan Pavi\u0107evi\u0107 i Marija Radonji\u0107, predsjednik Skup\u0161tine op\u0161tine Predrag Pajovi\u0107 i odbornice lokalnog parlamenta.<\/p>\n\n\n\n<p>Predstavnica Gra\u0111anske alijanse Danijela Darmanovi\u0107 istakla je da, uprkos sposobnostima i kapacitetima, \u017eene u politici i dalje \u010desto nijesu dovoljno vidljive. Patrijarhalni stavovi, \u2018dupli teret\u2019 posla i porodice i sputavanje unutar politi\u010dkih partija \u010desto uti\u010du da \u017eene te\u017ee napreduju i rje\u0111e dobijaju prostor koji zaslu\u017euju. Upravo zato \u017denski odborni\u010dki klub predstavlja va\u017enu platformu kroz koju \u0107e odbornice, bez obzira na politi\u010dku pripadnost, mo\u0107i da sara\u0111uju i pokre\u0107u inicijative u interesu gra\u0111ana i gra\u0111anki Danilovgrada i razvoja lokalne zajednice.<\/p>\n\n\n\n<p>Predsjednik Skup\u0161tine op\u0161tine Predrag Pajovi\u0107 naglasio je da \u017eene u politici donose druga\u010diju energiju i pristup. \u201ePristup koji se temelji na dijalogu, inkluziji i rje\u0161avanju problema u korist cijele zajednice. Zato je va\u017eno da njihov glas bude jasno i sna\u017eno zastupljen u procesima dono\u0161enja odluka\u201c, kazao je Pajovi\u0107.<\/p>\n\n\n\n<p>Potpredsjednica op\u0161tine Marija Radonji\u0107 ocijenila je da formiranje \u017denskog odborni\u010dkog kluba ima posebnu dru\u0161tvenu vrijednost. \u201eOvo nije samo tehni\u010dki korak, ve\u0107 jasna poruka da \u017eene u Crnoj Gori vi\u0161e ne pristaju da budu marginalizovane, ve\u0107 da \u017eele, mogu i moraju biti ravnopravan dio odlu\u010divanja\u201c, istakla je Radonji\u0107. Ona je dodala da je dana\u0161nji \u010din pokazao da se politi\u010dke razlike mogu prevazi\u0107i kada postoji vi\u0161i cilj \u2013 sigurniji, pravedniji i moderniji Danilovgrad, u kojem \u017eene stoje rame uz rame bez obzira na partiju i uvjerenja.<\/p>","protected":false},"excerpt":{"rendered":"<p>U Skup\u0161tini op\u0161tine Danilovgrad danas je potpisan sporazum o osnivanju \u017denskog odborni\u010dkog kluba, na inicijativu Gra\u0111anske alijanse.<\/p>","protected":false},"author":1,"featured_media":910554,"comment_status":"open","ping_status":"open","sticky":false,"template":"","format":"standard","meta":{"_acf_changed":false,"footnotes":""},"categories":[2],"tags":[159,1795,15],"naslovna":[],"class_list":["post-910553","post","type-post","status-publish","format-standard","has-post-thumbnail","hentry","category-drustvo","tag-danilovgrad","tag-gradjanska-alijansa-2","tag-skupstina"],"acf":[],"yoast_head":"<!-- This site is optimized with the Yoast SEO plugin v27.4 - https:\/\/yoast.com\/product\/yoast-seo-wordpress\/ -->\n<title>Darmanovi\u0107: \u017dene u politici i dalje nijesu dovoljno vidljive - dmcsrb.com<\/title>\n<meta name=\"robots\" content=\"index, follow, max-snippet:-1, max-image-preview:large, max-video-preview:-1\" \/>\n<link rel=\"canonical\" href=\"https:\/\/dmcsrb.com\/en\/drustvo\/darmanovic-zene-u-politici-i-dalje-nijesu-dovoljno-vidljive\/\" \/>\n<meta property=\"og:locale\" content=\"en_GB\" \/>\n<meta property=\"og:type\" content=\"article\" \/>\n<meta property=\"og:title\" content=\"Darmanovi\u0107: \u017dene u politici i dalje nijesu dovoljno vidljive - dmcsrb.com\" \/>\n<meta property=\"og:description\" content=\"U Skup\u0161tini op\u0161tine Danilovgrad danas je potpisan sporazum o osnivanju \u017denskog odborni\u010dkog kluba, na inicijativu Gra\u0111anske alijanse.\" \/>\n<meta property=\"og:url\" content=\"https:\/\/dmcsrb.com\/en\/drustvo\/darmanovic-zene-u-politici-i-dalje-nijesu-dovoljno-vidljive\/\" \/>\n<meta property=\"og:site_name\" content=\"dmcsrb.com\" \/>\n<meta property=\"article:published_time\" content=\"2025-12-08T13:26:00+00:00\" \/>\n<meta property=\"og:image\" content=\"https:\/\/dmcsrb.com\/wp-content\/uploads\/2026\/01\/thumbnail_DSC_9571.jpg\" \/>\n\t<meta property=\"og:image:width\" content=\"1920\" \/>\n\t<meta property=\"og:image:height\" content=\"1281\" \/>\n\t<meta property=\"og:image:type\" content=\"image\/jpeg\" \/>\n<meta name=\"author\" content=\"dmcsrbija.com@gmail.com\" \/>\n<meta name=\"twitter:card\" content=\"summary_large_image\" \/>\n<meta name=\"twitter:label1\" content=\"Written by\" \/>\n\t<meta name=\"twitter:data1\" content=\"dmcsrbija.com@gmail.com\" \/>\n\t<meta name=\"twitter:label2\" content=\"Estimated reading time\" \/>\n\t<meta name=\"twitter:data2\" content=\"2 minutes\" \/>\n<script type=\"application\/ld+json\" class=\"yoast-schema-graph\">{\"@context\":\"https:\\\/\\\/schema.org\",\"@graph\":[{\"@type\":\"Article\",\"@id\":\"https:\\\/\\\/dmcsrb.com\\\/drustvo\\\/darmanovic-zene-u-politici-i-dalje-nijesu-dovoljno-vidljive\\\/#article\",\"isPartOf\":{\"@id\":\"https:\\\/\\\/dmcsrb.com\\\/drustvo\\\/darmanovic-zene-u-politici-i-dalje-nijesu-dovoljno-vidljive\\\/\"},\"author\":{\"name\":\"dmcsrbija.com@gmail.com\",\"@id\":\"https:\\\/\\\/dmcsrb.com\\\/#\\\/schema\\\/person\\\/5c39170f12db1b8b457732d0b5c854e2\"},\"headline\":\"Darmanovi\u0107: \u017dene u politici i dalje nijesu dovoljno vidljive\",\"datePublished\":\"2025-12-08T13:26:00+00:00\",\"mainEntityOfPage\":{\"@id\":\"https:\\\/\\\/dmcsrb.com\\\/drustvo\\\/darmanovic-zene-u-politici-i-dalje-nijesu-dovoljno-vidljive\\\/\"},\"wordCount\":343,\"commentCount\":0,\"image\":{\"@id\":\"https:\\\/\\\/dmcsrb.com\\\/drustvo\\\/darmanovic-zene-u-politici-i-dalje-nijesu-dovoljno-vidljive\\\/#primaryimage\"},\"thumbnailUrl\":\"https:\\\/\\\/dmcsrb.com\\\/wp-content\\\/uploads\\\/2026\\\/01\\\/thumbnail_DSC_9571.jpg\",\"keywords\":[\"Danilovgrad\",\"Gra\u0111anska alijansa\",\"Skup\u0161tina\"],\"articleSection\":[\"Dru\u0161tvo\"],\"inLanguage\":\"en-GB\",\"potentialAction\":[{\"@type\":\"CommentAction\",\"name\":\"Comment\",\"target\":[\"https:\\\/\\\/dmcsrb.com\\\/drustvo\\\/darmanovic-zene-u-politici-i-dalje-nijesu-dovoljno-vidljive\\\/#respond\"]}]},{\"@type\":\"WebPage\",\"@id\":\"https:\\\/\\\/dmcsrb.com\\\/drustvo\\\/darmanovic-zene-u-politici-i-dalje-nijesu-dovoljno-vidljive\\\/\",\"url\":\"https:\\\/\\\/dmcsrb.com\\\/drustvo\\\/darmanovic-zene-u-politici-i-dalje-nijesu-dovoljno-vidljive\\\/\",\"name\":\"Darmanovi\u0107: \u017dene u politici i dalje nijesu dovoljno vidljive - dmcsrb.com\",\"isPartOf\":{\"@id\":\"https:\\\/\\\/dmcsrb.com\\\/#website\"},\"primaryImageOfPage\":{\"@id\":\"https:\\\/\\\/dmcsrb.com\\\/drustvo\\\/darmanovic-zene-u-politici-i-dalje-nijesu-dovoljno-vidljive\\\/#primaryimage\"},\"image\":{\"@id\":\"https:\\\/\\\/dmcsrb.com\\\/drustvo\\\/darmanovic-zene-u-politici-i-dalje-nijesu-dovoljno-vidljive\\\/#primaryimage\"},\"thumbnailUrl\":\"https:\\\/\\\/dmcsrb.com\\\/wp-content\\\/uploads\\\/2026\\\/01\\\/thumbnail_DSC_9571.jpg\",\"datePublished\":\"2025-12-08T13:26:00+00:00\",\"author\":{\"@id\":\"https:\\\/\\\/dmcsrb.com\\\/#\\\/schema\\\/person\\\/5c39170f12db1b8b457732d0b5c854e2\"},\"breadcrumb\":{\"@id\":\"https:\\\/\\\/dmcsrb.com\\\/drustvo\\\/darmanovic-zene-u-politici-i-dalje-nijesu-dovoljno-vidljive\\\/#breadcrumb\"},\"inLanguage\":\"en-GB\",\"potentialAction\":[{\"@type\":\"ReadAction\",\"target\":[\"https:\\\/\\\/dmcsrb.com\\\/drustvo\\\/darmanovic-zene-u-politici-i-dalje-nijesu-dovoljno-vidljive\\\/\"]}]},{\"@type\":\"ImageObject\",\"inLanguage\":\"en-GB\",\"@id\":\"https:\\\/\\\/dmcsrb.com\\\/drustvo\\\/darmanovic-zene-u-politici-i-dalje-nijesu-dovoljno-vidljive\\\/#primaryimage\",\"url\":\"https:\\\/\\\/dmcsrb.com\\\/wp-content\\\/uploads\\\/2026\\\/01\\\/thumbnail_DSC_9571.jpg\",\"contentUrl\":\"https:\\\/\\\/dmcsrb.com\\\/wp-content\\\/uploads\\\/2026\\\/01\\\/thumbnail_DSC_9571.jpg\",\"width\":1920,\"height\":1281},{\"@type\":\"BreadcrumbList\",\"@id\":\"https:\\\/\\\/dmcsrb.com\\\/drustvo\\\/darmanovic-zene-u-politici-i-dalje-nijesu-dovoljno-vidljive\\\/#breadcrumb\",\"itemListElement\":[{\"@type\":\"ListItem\",\"position\":1,\"name\":\"Home\",\"item\":\"https:\\\/\\\/dmcsrb.com\\\/\"},{\"@type\":\"ListItem\",\"position\":2,\"name\":\"Darmanovi\u0107: \u017dene u politici i dalje nijesu dovoljno vidljive\"}]},{\"@type\":\"WebSite\",\"@id\":\"https:\\\/\\\/dmcsrb.com\\\/#website\",\"url\":\"https:\\\/\\\/dmcsrb.com\\\/\",\"name\":\"dmcsrb.com\",\"description\":\"\",\"potentialAction\":[{\"@type\":\"SearchAction\",\"target\":{\"@type\":\"EntryPoint\",\"urlTemplate\":\"https:\\\/\\\/dmcsrb.com\\\/?s={search_term_string}\"},\"query-input\":{\"@type\":\"PropertyValueSpecification\",\"valueRequired\":true,\"valueName\":\"search_term_string\"}}],\"inLanguage\":\"en-GB\"},{\"@type\":\"Person\",\"@id\":\"https:\\\/\\\/dmcsrb.com\\\/#\\\/schema\\\/person\\\/5c39170f12db1b8b457732d0b5c854e2\",\"name\":\"dmcsrbija.com@gmail.com\",\"image\":{\"@type\":\"ImageObject\",\"inLanguage\":\"en-GB\",\"@id\":\"https:\\\/\\\/secure.gravatar.com\\\/avatar\\\/68592660ad6347fad0fb587f8d5d8f1a7b44961362f56e4f2cd524feb87e9069?s=96&d=mm&r=g\",\"url\":\"https:\\\/\\\/secure.gravatar.com\\\/avatar\\\/68592660ad6347fad0fb587f8d5d8f1a7b44961362f56e4f2cd524feb87e9069?s=96&d=mm&r=g\",\"contentUrl\":\"https:\\\/\\\/secure.gravatar.com\\\/avatar\\\/68592660ad6347fad0fb587f8d5d8f1a7b44961362f56e4f2cd524feb87e9069?s=96&d=mm&r=g\",\"caption\":\"dmcsrbija.com@gmail.com\"},\"sameAs\":[\"https:\\\/\\\/dmcsrb.com\"],\"url\":\"https:\\\/\\\/dmcsrb.com\\\/en\\\/author\\\/dmcsrbija-comgmail-com\\\/\"}]}<\/script>\n<!-- \/ Yoast SEO plugin. -->","yoast_head_json":{"title":"Darmanovi\u0107: \u017dene u politici i dalje nijesu dovoljno vidljive - dmcsrb.com","robots":{"index":"index","follow":"follow","max-snippet":"max-snippet:-1","max-image-preview":"max-image-preview:large","max-video-preview":"max-video-preview:-1"},"canonical":"https:\/\/dmcsrb.com\/en\/drustvo\/darmanovic-zene-u-politici-i-dalje-nijesu-dovoljno-vidljive\/","og_locale":"en_GB","og_type":"article","og_title":"Darmanovi\u0107: \u017dene u politici i dalje nijesu dovoljno vidljive - dmcsrb.com","og_description":"U Skup\u0161tini op\u0161tine Danilovgrad danas je potpisan sporazum o osnivanju \u017denskog odborni\u010dkog kluba, na inicijativu Gra\u0111anske alijanse.","og_url":"https:\/\/dmcsrb.com\/en\/drustvo\/darmanovic-zene-u-politici-i-dalje-nijesu-dovoljno-vidljive\/","og_site_name":"dmcsrb.com","article_published_time":"2025-12-08T13:26:00+00:00","og_image":[{"width":1920,"height":1281,"url":"https:\/\/dmcsrb.com\/wp-content\/uploads\/2026\/01\/thumbnail_DSC_9571.jpg","type":"image\/jpeg"}],"author":"dmcsrbija.com@gmail.com","twitter_card":"summary_large_image","twitter_misc":{"Written by":"dmcsrbija.com@gmail.com","Estimated reading time":"2 minutes"},"schema":{"@context":"https:\/\/schema.org","@graph":[{"@type":"Article","@id":"https:\/\/dmcsrb.com\/drustvo\/darmanovic-zene-u-politici-i-dalje-nijesu-dovoljno-vidljive\/#article","isPartOf":{"@id":"https:\/\/dmcsrb.com\/drustvo\/darmanovic-zene-u-politici-i-dalje-nijesu-dovoljno-vidljive\/"},"author":{"name":"dmcsrbija.com@gmail.com","@id":"https:\/\/dmcsrb.com\/#\/schema\/person\/5c39170f12db1b8b457732d0b5c854e2"},"headline":"Darmanovi\u0107: \u017dene u politici i dalje nijesu dovoljno vidljive","datePublished":"2025-12-08T13:26:00+00:00","mainEntityOfPage":{"@id":"https:\/\/dmcsrb.com\/drustvo\/darmanovic-zene-u-politici-i-dalje-nijesu-dovoljno-vidljive\/"},"wordCount":343,"commentCount":0,"image":{"@id":"https:\/\/dmcsrb.com\/drustvo\/darmanovic-zene-u-politici-i-dalje-nijesu-dovoljno-vidljive\/#primaryimage"},"thumbnailUrl":"https:\/\/dmcsrb.com\/wp-content\/uploads\/2026\/01\/thumbnail_DSC_9571.jpg","keywords":["Danilovgrad","Gra\u0111anska alijansa","Skup\u0161tina"],"articleSection":["Dru\u0161tvo"],"inLanguage":"en-GB","potentialAction":[{"@type":"CommentAction","name":"Comment","target":["https:\/\/dmcsrb.com\/drustvo\/darmanovic-zene-u-politici-i-dalje-nijesu-dovoljno-vidljive\/#respond"]}]},{"@type":"WebPage","@id":"https:\/\/dmcsrb.com\/drustvo\/darmanovic-zene-u-politici-i-dalje-nijesu-dovoljno-vidljive\/","url":"https:\/\/dmcsrb.com\/drustvo\/darmanovic-zene-u-politici-i-dalje-nijesu-dovoljno-vidljive\/","name":"Darmanovi\u0107: \u017dene u politici i dalje nijesu dovoljno vidljive - dmcsrb.com","isPartOf":{"@id":"https:\/\/dmcsrb.com\/#website"},"primaryImageOfPage":{"@id":"https:\/\/dmcsrb.com\/drustvo\/darmanovic-zene-u-politici-i-dalje-nijesu-dovoljno-vidljive\/#primaryimage"},"image":{"@id":"https:\/\/dmcsrb.com\/drustvo\/darmanovic-zene-u-politici-i-dalje-nijesu-dovoljno-vidljive\/#primaryimage"},"thumbnailUrl":"https:\/\/dmcsrb.com\/wp-content\/uploads\/2026\/01\/thumbnail_DSC_9571.jpg","datePublished":"2025-12-08T13:26:00+00:00","author":{"@id":"https:\/\/dmcsrb.com\/#\/schema\/person\/5c39170f12db1b8b457732d0b5c854e2"},"breadcrumb":{"@id":"https:\/\/dmcsrb.com\/drustvo\/darmanovic-zene-u-politici-i-dalje-nijesu-dovoljno-vidljive\/#breadcrumb"},"inLanguage":"en-GB","potentialAction":[{"@type":"ReadAction","target":["https:\/\/dmcsrb.com\/drustvo\/darmanovic-zene-u-politici-i-dalje-nijesu-dovoljno-vidljive\/"]}]},{"@type":"ImageObject","inLanguage":"en-GB","@id":"https:\/\/dmcsrb.com\/drustvo\/darmanovic-zene-u-politici-i-dalje-nijesu-dovoljno-vidljive\/#primaryimage","url":"https:\/\/dmcsrb.com\/wp-content\/uploads\/2026\/01\/thumbnail_DSC_9571.jpg","contentUrl":"https:\/\/dmcsrb.com\/wp-content\/uploads\/2026\/01\/thumbnail_DSC_9571.jpg","width":1920,"height":1281},{"@type":"BreadcrumbList","@id":"https:\/\/dmcsrb.com\/drustvo\/darmanovic-zene-u-politici-i-dalje-nijesu-dovoljno-vidljive\/#breadcrumb","itemListElement":[{"@type":"ListItem","position":1,"name":"Home","item":"https:\/\/dmcsrb.com\/"},{"@type":"ListItem","position":2,"name":"Darmanovi\u0107: \u017dene u politici i dalje nijesu dovoljno vidljive"}]},{"@type":"WebSite","@id":"https:\/\/dmcsrb.com\/#website","url":"https:\/\/dmcsrb.com\/","name":"dmcsrb.com","description":"","potentialAction":[{"@type":"SearchAction","target":{"@type":"EntryPoint","urlTemplate":"https:\/\/dmcsrb.com\/?s={search_term_string}"},"query-input":{"@type":"PropertyValueSpecification","valueRequired":true,"valueName":"search_term_string"}}],"inLanguage":"en-GB"},{"@type":"Person","@id":"https:\/\/dmcsrb.com\/#\/schema\/person\/5c39170f12db1b8b457732d0b5c854e2","name":"dmcsrbija.com@gmail.com","image":{"@type":"ImageObject","inLanguage":"en-GB","@id":"https:\/\/secure.gravatar.com\/avatar\/68592660ad6347fad0fb587f8d5d8f1a7b44961362f56e4f2cd524feb87e9069?s=96&d=mm&r=g","url":"https:\/\/secure.gravatar.com\/avatar\/68592660ad6347fad0fb587f8d5d8f1a7b44961362f56e4f2cd524feb87e9069?s=96&d=mm&r=g","contentUrl":"https:\/\/secure.gravatar.com\/avatar\/68592660ad6347fad0fb587f8d5d8f1a7b44961362f56e4f2cd524feb87e9069?s=96&d=mm&r=g","caption":"dmcsrbija.com@gmail.com"},"sameAs":["https:\/\/dmcsrb.com"],"url":"https:\/\/dmcsrb.com\/en\/author\/dmcsrbija-comgmail-com\/"}]}},"_links":{"self":[{"href":"https:\/\/dmcsrb.com\/en\/wp-json\/wp\/v2\/posts\/910553","targetHints":{"allow":["GET"]}}],"collection":[{"href":"https:\/\/dmcsrb.com\/en\/wp-json\/wp\/v2\/posts"}],"about":[{"href":"https:\/\/dmcsrb.com\/en\/wp-json\/wp\/v2\/types\/post"}],"author":[{"embeddable":true,"href":"https:\/\/dmcsrb.com\/en\/wp-json\/wp\/v2\/users\/1"}],"replies":[{"embeddable":true,"href":"https:\/\/dmcsrb.com\/en\/wp-json\/wp\/v2\/comments?post=910553"}],"version-history":[{"count":0,"href":"https:\/\/dmcsrb.com\/en\/wp-json\/wp\/v2\/posts\/910553\/revisions"}],"wp:featuredmedia":[{"embeddable":true,"href":"https:\/\/dmcsrb.com\/en\/wp-json\/wp\/v2\/media\/910554"}],"wp:attachment":[{"href":"https:\/\/dmcsrb.com\/en\/wp-json\/wp\/v2\/media?parent=910553"}],"wp:term":[{"taxonomy":"category","embeddable":true,"href":"https:\/\/dmcsrb.com\/en\/wp-json\/wp\/v2\/categories?post=910553"},{"taxonomy":"post_tag","embeddable":true,"href":"https:\/\/dmcsrb.com\/en\/wp-json\/wp\/v2\/tags?post=910553"},{"taxonomy":"naslovna","embeddable":true,"href":"https:\/\/dmcsrb.com\/en\/wp-json\/wp\/v2\/naslovna?post=910553"}],"curies":[{"name":"wp","href":"https:\/\/api.w.org\/{rel}","templated":true}]}}