{"id":910532,"date":"2025-12-08T13:49:00","date_gmt":"2025-12-08T12:49:00","guid":{"rendered":"https:\/\/dmcsrb.com\/uncategorized\/dejan-kalezic-gost-tribine-podgoricke-price\/"},"modified":"2025-12-08T13:49:00","modified_gmt":"2025-12-08T12:49:00","slug":"dejan-kalezic-gost-tribine-podgoricke-price","status":"publish","type":"post","link":"https:\/\/dmcsrb.com\/en\/kultura\/dejan-kalezic-gost-tribine-podgoricke-price\/","title":{"rendered":"Dejan Kalezi\u0107 gost tribine \u201ePodgori\u010dke pri\u010de\u201d"},"content":{"rendered":"<p><\/p>\n\n\n\n<p>&#8220;Kao edukator, organizator manifestacija i inicijator brojnih kulturnih projekata, Kalezi\u0107 je ostavio sna\u017ean trag u formiranju fotografske zajednice u Podgorici i Crnoj Gori. Zahvaljuju\u0107i raznovrsnom anga\u017emanu od autorskog stvarala\u0161tva do dugogodi\u0161njeg rada sa mladim fotografima, danas zauzima va\u017eno mjesto u oblikovanju savremene vizuelne umjetnosti u Crnoj Gori. O svom stvarala\u010dkom putu, me\u0111unarodnim iskustvima, zna\u010daju fotografije u savremenom dru\u0161tvu i inspiracijama koje odre\u0111uju njegov autorski rad, razgovara\u0107e sa moderatorom Vanjom Kova\u010devi\u0107em u srijedu, 10. decembra, u Multimedijalnoj sali KIC-a \u201eBudo Tomovi\u0107\u201d, od 20 sati&#8221;, najavljuju iz KIC-a.<\/p>\n\n\n\n<p>Dejan Kalezi\u0107 (1970, Nik\u0161i\u0107) se bavi fotografijom dugi niz godina. Imao je vi\u0161e samostalnih izlo\u017ebi u Sloveniji, Belgiji, Srbiji, Francuskoj, Poljskoj i Crnoj Gori, a u\u010destvovao je i na brojnim grupnim izlo\u017ebama u zemlji i inostranstvu. Osniva\u010d je jedine fotografske galerije u Crnoj Gori, \u201eF 64\u201c u Podgorici. <\/p>\n\n\n\n<p>Pokrenuo je \u0160kolu fotografije 2005. godine koju je zavr\u0161io veliki broj polaznika koji \u010dine ve\u0107inu \u010dlanova Foto kluba PhotoCG iz Podgorice, \u010diji je jedan od osniva\u010da. Klub se bavi promocijom fotografije, kao i podizanjem njenog zna\u010daja u svim sferama dru\u0161tva. Organizator je mnogih manifestacija koje promovi\u0161u i popularizuju fotografiju, a najzna\u010dajnija me\u0111u njima je manifestacija \u201eDani fotografije\u201d koja se odr\u017eavala dvanaest godina. <\/p>\n\n\n\n<p>U\u010destvovao je u velikom broju komercijalnih projekata, a bio je anga\u017eovan i od strane eminentnih organizacija i kompanija koje posluju u Crnoj Gori i inostranstvu. Pet godina je radio kao fotograf Delegacije Evropske unije u Crnoj Gori. Njegove fotografije su objavljivane u monografijama, \u010dasopisima, bro\u0161urama, na web stranicama, a neke od njih krase zidove institucija i pojedinaca u zemlji i inostranstvu. \u017divi i radi u Podgorici.<\/p>\n\n\n\n<p><\/p>","protected":false},"excerpt":{"rendered":"<p>Poznati crnogorski fotograf  Dejan Kalezi\u0107 bi\u0107e gost posljednjeg ovogodi\u0161njeg izdanja tribine \u201ePodgori\u010dke pri\u010de\u201c, 10. decembra, u multimedijalnoj sali KIC-a u 20 h.<\/p>","protected":false},"author":1,"featured_media":910533,"comment_status":"open","ping_status":"open","sticky":false,"template":"","format":"standard","meta":{"_acf_changed":false,"footnotes":""},"categories":[50],"tags":[95,1792,689,1793],"naslovna":[],"class_list":["post-910532","post","type-post","status-publish","format-standard","has-post-thumbnail","hentry","category-kultura","tag-crna-gora","tag-dejan-kalezic","tag-kic","tag-podgoorica"],"acf":[],"yoast_head":"<!-- This site is optimized with the Yoast SEO plugin v27.4 - https:\/\/yoast.com\/product\/yoast-seo-wordpress\/ -->\n<title>Dejan Kalezi\u0107 gost tribine \u201ePodgori\u010dke pri\u010de\u201d - dmcsrb.com<\/title>\n<meta name=\"robots\" content=\"index, follow, max-snippet:-1, max-image-preview:large, max-video-preview:-1\" \/>\n<link rel=\"canonical\" href=\"https:\/\/dmcsrb.com\/en\/kultura\/dejan-kalezic-gost-tribine-podgoricke-price\/\" \/>\n<meta property=\"og:locale\" content=\"en_GB\" \/>\n<meta property=\"og:type\" content=\"article\" \/>\n<meta property=\"og:title\" content=\"Dejan Kalezi\u0107 gost tribine \u201ePodgori\u010dke pri\u010de\u201d - dmcsrb.com\" \/>\n<meta property=\"og:description\" content=\"Poznati crnogorski fotograf Dejan Kalezi\u0107 bi\u0107e gost posljednjeg ovogodi\u0161njeg izdanja tribine \u201ePodgori\u010dke pri\u010de\u201c, 10. decembra, u multimedijalnoj sali KIC-a u 20 h.\" \/>\n<meta property=\"og:url\" content=\"https:\/\/dmcsrb.com\/en\/kultura\/dejan-kalezic-gost-tribine-podgoricke-price\/\" \/>\n<meta property=\"og:site_name\" content=\"dmcsrb.com\" \/>\n<meta property=\"article:published_time\" content=\"2025-12-08T12:49:00+00:00\" \/>\n<meta property=\"og:image\" content=\"https:\/\/dmcsrb.com\/wp-content\/uploads\/2026\/01\/DEJAN-KALEZIC-1024x763.png\" \/>\n\t<meta property=\"og:image:width\" content=\"1024\" \/>\n\t<meta property=\"og:image:height\" content=\"763\" \/>\n\t<meta property=\"og:image:type\" content=\"image\/png\" \/>\n<meta name=\"author\" content=\"dmcsrbija.com@gmail.com\" \/>\n<meta name=\"twitter:card\" content=\"summary_large_image\" \/>\n<meta name=\"twitter:label1\" content=\"Written by\" \/>\n\t<meta name=\"twitter:data1\" content=\"dmcsrbija.com@gmail.com\" \/>\n\t<meta name=\"twitter:label2\" content=\"Estimated reading time\" \/>\n\t<meta name=\"twitter:data2\" content=\"1 minute\" \/>\n<script type=\"application\/ld+json\" class=\"yoast-schema-graph\">{\"@context\":\"https:\\\/\\\/schema.org\",\"@graph\":[{\"@type\":\"Article\",\"@id\":\"https:\\\/\\\/dmcsrb.com\\\/kultura\\\/dejan-kalezic-gost-tribine-podgoricke-price\\\/#article\",\"isPartOf\":{\"@id\":\"https:\\\/\\\/dmcsrb.com\\\/kultura\\\/dejan-kalezic-gost-tribine-podgoricke-price\\\/\"},\"author\":{\"name\":\"dmcsrbija.com@gmail.com\",\"@id\":\"https:\\\/\\\/dmcsrb.com\\\/#\\\/schema\\\/person\\\/5c39170f12db1b8b457732d0b5c854e2\"},\"headline\":\"Dejan Kalezi\u0107 gost tribine \u201ePodgori\u010dke pri\u010de\u201d\",\"datePublished\":\"2025-12-08T12:49:00+00:00\",\"mainEntityOfPage\":{\"@id\":\"https:\\\/\\\/dmcsrb.com\\\/kultura\\\/dejan-kalezic-gost-tribine-podgoricke-price\\\/\"},\"wordCount\":296,\"commentCount\":0,\"image\":{\"@id\":\"https:\\\/\\\/dmcsrb.com\\\/kultura\\\/dejan-kalezic-gost-tribine-podgoricke-price\\\/#primaryimage\"},\"thumbnailUrl\":\"https:\\\/\\\/dmcsrb.com\\\/wp-content\\\/uploads\\\/2026\\\/01\\\/DEJAN-KALEZIC.png\",\"keywords\":[\"Crna Gora\",\"dejan kalezic\",\"KIC\",\"podgoorica\"],\"articleSection\":[\"Kultura\"],\"inLanguage\":\"en-GB\",\"potentialAction\":[{\"@type\":\"CommentAction\",\"name\":\"Comment\",\"target\":[\"https:\\\/\\\/dmcsrb.com\\\/kultura\\\/dejan-kalezic-gost-tribine-podgoricke-price\\\/#respond\"]}]},{\"@type\":\"WebPage\",\"@id\":\"https:\\\/\\\/dmcsrb.com\\\/kultura\\\/dejan-kalezic-gost-tribine-podgoricke-price\\\/\",\"url\":\"https:\\\/\\\/dmcsrb.com\\\/kultura\\\/dejan-kalezic-gost-tribine-podgoricke-price\\\/\",\"name\":\"Dejan Kalezi\u0107 gost tribine \u201ePodgori\u010dke pri\u010de\u201d - dmcsrb.com\",\"isPartOf\":{\"@id\":\"https:\\\/\\\/dmcsrb.com\\\/#website\"},\"primaryImageOfPage\":{\"@id\":\"https:\\\/\\\/dmcsrb.com\\\/kultura\\\/dejan-kalezic-gost-tribine-podgoricke-price\\\/#primaryimage\"},\"image\":{\"@id\":\"https:\\\/\\\/dmcsrb.com\\\/kultura\\\/dejan-kalezic-gost-tribine-podgoricke-price\\\/#primaryimage\"},\"thumbnailUrl\":\"https:\\\/\\\/dmcsrb.com\\\/wp-content\\\/uploads\\\/2026\\\/01\\\/DEJAN-KALEZIC.png\",\"datePublished\":\"2025-12-08T12:49:00+00:00\",\"author\":{\"@id\":\"https:\\\/\\\/dmcsrb.com\\\/#\\\/schema\\\/person\\\/5c39170f12db1b8b457732d0b5c854e2\"},\"breadcrumb\":{\"@id\":\"https:\\\/\\\/dmcsrb.com\\\/kultura\\\/dejan-kalezic-gost-tribine-podgoricke-price\\\/#breadcrumb\"},\"inLanguage\":\"en-GB\",\"potentialAction\":[{\"@type\":\"ReadAction\",\"target\":[\"https:\\\/\\\/dmcsrb.com\\\/kultura\\\/dejan-kalezic-gost-tribine-podgoricke-price\\\/\"]}]},{\"@type\":\"ImageObject\",\"inLanguage\":\"en-GB\",\"@id\":\"https:\\\/\\\/dmcsrb.com\\\/kultura\\\/dejan-kalezic-gost-tribine-podgoricke-price\\\/#primaryimage\",\"url\":\"https:\\\/\\\/dmcsrb.com\\\/wp-content\\\/uploads\\\/2026\\\/01\\\/DEJAN-KALEZIC.png\",\"contentUrl\":\"https:\\\/\\\/dmcsrb.com\\\/wp-content\\\/uploads\\\/2026\\\/01\\\/DEJAN-KALEZIC.png\",\"width\":1828,\"height\":1362},{\"@type\":\"BreadcrumbList\",\"@id\":\"https:\\\/\\\/dmcsrb.com\\\/kultura\\\/dejan-kalezic-gost-tribine-podgoricke-price\\\/#breadcrumb\",\"itemListElement\":[{\"@type\":\"ListItem\",\"position\":1,\"name\":\"Home\",\"item\":\"https:\\\/\\\/dmcsrb.com\\\/\"},{\"@type\":\"ListItem\",\"position\":2,\"name\":\"Dejan Kalezi\u0107 gost tribine \u201ePodgori\u010dke pri\u010de\u201d\"}]},{\"@type\":\"WebSite\",\"@id\":\"https:\\\/\\\/dmcsrb.com\\\/#website\",\"url\":\"https:\\\/\\\/dmcsrb.com\\\/\",\"name\":\"dmcsrb.com\",\"description\":\"\",\"potentialAction\":[{\"@type\":\"SearchAction\",\"target\":{\"@type\":\"EntryPoint\",\"urlTemplate\":\"https:\\\/\\\/dmcsrb.com\\\/?s={search_term_string}\"},\"query-input\":{\"@type\":\"PropertyValueSpecification\",\"valueRequired\":true,\"valueName\":\"search_term_string\"}}],\"inLanguage\":\"en-GB\"},{\"@type\":\"Person\",\"@id\":\"https:\\\/\\\/dmcsrb.com\\\/#\\\/schema\\\/person\\\/5c39170f12db1b8b457732d0b5c854e2\",\"name\":\"dmcsrbija.com@gmail.com\",\"image\":{\"@type\":\"ImageObject\",\"inLanguage\":\"en-GB\",\"@id\":\"https:\\\/\\\/secure.gravatar.com\\\/avatar\\\/68592660ad6347fad0fb587f8d5d8f1a7b44961362f56e4f2cd524feb87e9069?s=96&d=mm&r=g\",\"url\":\"https:\\\/\\\/secure.gravatar.com\\\/avatar\\\/68592660ad6347fad0fb587f8d5d8f1a7b44961362f56e4f2cd524feb87e9069?s=96&d=mm&r=g\",\"contentUrl\":\"https:\\\/\\\/secure.gravatar.com\\\/avatar\\\/68592660ad6347fad0fb587f8d5d8f1a7b44961362f56e4f2cd524feb87e9069?s=96&d=mm&r=g\",\"caption\":\"dmcsrbija.com@gmail.com\"},\"sameAs\":[\"https:\\\/\\\/dmcsrb.com\"],\"url\":\"https:\\\/\\\/dmcsrb.com\\\/en\\\/author\\\/dmcsrbija-comgmail-com\\\/\"}]}<\/script>\n<!-- \/ Yoast SEO plugin. -->","yoast_head_json":{"title":"Dejan Kalezi\u0107 gost tribine \u201ePodgori\u010dke pri\u010de\u201d - dmcsrb.com","robots":{"index":"index","follow":"follow","max-snippet":"max-snippet:-1","max-image-preview":"max-image-preview:large","max-video-preview":"max-video-preview:-1"},"canonical":"https:\/\/dmcsrb.com\/en\/kultura\/dejan-kalezic-gost-tribine-podgoricke-price\/","og_locale":"en_GB","og_type":"article","og_title":"Dejan Kalezi\u0107 gost tribine \u201ePodgori\u010dke pri\u010de\u201d - dmcsrb.com","og_description":"Poznati crnogorski fotograf Dejan Kalezi\u0107 bi\u0107e gost posljednjeg ovogodi\u0161njeg izdanja tribine \u201ePodgori\u010dke pri\u010de\u201c, 10. decembra, u multimedijalnoj sali KIC-a u 20 h.","og_url":"https:\/\/dmcsrb.com\/en\/kultura\/dejan-kalezic-gost-tribine-podgoricke-price\/","og_site_name":"dmcsrb.com","article_published_time":"2025-12-08T12:49:00+00:00","og_image":[{"width":1024,"height":763,"url":"https:\/\/dmcsrb.com\/wp-content\/uploads\/2026\/01\/DEJAN-KALEZIC-1024x763.png","type":"image\/png"}],"author":"dmcsrbija.com@gmail.com","twitter_card":"summary_large_image","twitter_misc":{"Written by":"dmcsrbija.com@gmail.com","Estimated reading time":"1 minute"},"schema":{"@context":"https:\/\/schema.org","@graph":[{"@type":"Article","@id":"https:\/\/dmcsrb.com\/kultura\/dejan-kalezic-gost-tribine-podgoricke-price\/#article","isPartOf":{"@id":"https:\/\/dmcsrb.com\/kultura\/dejan-kalezic-gost-tribine-podgoricke-price\/"},"author":{"name":"dmcsrbija.com@gmail.com","@id":"https:\/\/dmcsrb.com\/#\/schema\/person\/5c39170f12db1b8b457732d0b5c854e2"},"headline":"Dejan Kalezi\u0107 gost tribine \u201ePodgori\u010dke pri\u010de\u201d","datePublished":"2025-12-08T12:49:00+00:00","mainEntityOfPage":{"@id":"https:\/\/dmcsrb.com\/kultura\/dejan-kalezic-gost-tribine-podgoricke-price\/"},"wordCount":296,"commentCount":0,"image":{"@id":"https:\/\/dmcsrb.com\/kultura\/dejan-kalezic-gost-tribine-podgoricke-price\/#primaryimage"},"thumbnailUrl":"https:\/\/dmcsrb.com\/wp-content\/uploads\/2026\/01\/DEJAN-KALEZIC.png","keywords":["Crna Gora","dejan kalezic","KIC","podgoorica"],"articleSection":["Kultura"],"inLanguage":"en-GB","potentialAction":[{"@type":"CommentAction","name":"Comment","target":["https:\/\/dmcsrb.com\/kultura\/dejan-kalezic-gost-tribine-podgoricke-price\/#respond"]}]},{"@type":"WebPage","@id":"https:\/\/dmcsrb.com\/kultura\/dejan-kalezic-gost-tribine-podgoricke-price\/","url":"https:\/\/dmcsrb.com\/kultura\/dejan-kalezic-gost-tribine-podgoricke-price\/","name":"Dejan Kalezi\u0107 gost tribine \u201ePodgori\u010dke pri\u010de\u201d - dmcsrb.com","isPartOf":{"@id":"https:\/\/dmcsrb.com\/#website"},"primaryImageOfPage":{"@id":"https:\/\/dmcsrb.com\/kultura\/dejan-kalezic-gost-tribine-podgoricke-price\/#primaryimage"},"image":{"@id":"https:\/\/dmcsrb.com\/kultura\/dejan-kalezic-gost-tribine-podgoricke-price\/#primaryimage"},"thumbnailUrl":"https:\/\/dmcsrb.com\/wp-content\/uploads\/2026\/01\/DEJAN-KALEZIC.png","datePublished":"2025-12-08T12:49:00+00:00","author":{"@id":"https:\/\/dmcsrb.com\/#\/schema\/person\/5c39170f12db1b8b457732d0b5c854e2"},"breadcrumb":{"@id":"https:\/\/dmcsrb.com\/kultura\/dejan-kalezic-gost-tribine-podgoricke-price\/#breadcrumb"},"inLanguage":"en-GB","potentialAction":[{"@type":"ReadAction","target":["https:\/\/dmcsrb.com\/kultura\/dejan-kalezic-gost-tribine-podgoricke-price\/"]}]},{"@type":"ImageObject","inLanguage":"en-GB","@id":"https:\/\/dmcsrb.com\/kultura\/dejan-kalezic-gost-tribine-podgoricke-price\/#primaryimage","url":"https:\/\/dmcsrb.com\/wp-content\/uploads\/2026\/01\/DEJAN-KALEZIC.png","contentUrl":"https:\/\/dmcsrb.com\/wp-content\/uploads\/2026\/01\/DEJAN-KALEZIC.png","width":1828,"height":1362},{"@type":"BreadcrumbList","@id":"https:\/\/dmcsrb.com\/kultura\/dejan-kalezic-gost-tribine-podgoricke-price\/#breadcrumb","itemListElement":[{"@type":"ListItem","position":1,"name":"Home","item":"https:\/\/dmcsrb.com\/"},{"@type":"ListItem","position":2,"name":"Dejan Kalezi\u0107 gost tribine \u201ePodgori\u010dke pri\u010de\u201d"}]},{"@type":"WebSite","@id":"https:\/\/dmcsrb.com\/#website","url":"https:\/\/dmcsrb.com\/","name":"dmcsrb.com","description":"","potentialAction":[{"@type":"SearchAction","target":{"@type":"EntryPoint","urlTemplate":"https:\/\/dmcsrb.com\/?s={search_term_string}"},"query-input":{"@type":"PropertyValueSpecification","valueRequired":true,"valueName":"search_term_string"}}],"inLanguage":"en-GB"},{"@type":"Person","@id":"https:\/\/dmcsrb.com\/#\/schema\/person\/5c39170f12db1b8b457732d0b5c854e2","name":"dmcsrbija.com@gmail.com","image":{"@type":"ImageObject","inLanguage":"en-GB","@id":"https:\/\/secure.gravatar.com\/avatar\/68592660ad6347fad0fb587f8d5d8f1a7b44961362f56e4f2cd524feb87e9069?s=96&d=mm&r=g","url":"https:\/\/secure.gravatar.com\/avatar\/68592660ad6347fad0fb587f8d5d8f1a7b44961362f56e4f2cd524feb87e9069?s=96&d=mm&r=g","contentUrl":"https:\/\/secure.gravatar.com\/avatar\/68592660ad6347fad0fb587f8d5d8f1a7b44961362f56e4f2cd524feb87e9069?s=96&d=mm&r=g","caption":"dmcsrbija.com@gmail.com"},"sameAs":["https:\/\/dmcsrb.com"],"url":"https:\/\/dmcsrb.com\/en\/author\/dmcsrbija-comgmail-com\/"}]}},"_links":{"self":[{"href":"https:\/\/dmcsrb.com\/en\/wp-json\/wp\/v2\/posts\/910532","targetHints":{"allow":["GET"]}}],"collection":[{"href":"https:\/\/dmcsrb.com\/en\/wp-json\/wp\/v2\/posts"}],"about":[{"href":"https:\/\/dmcsrb.com\/en\/wp-json\/wp\/v2\/types\/post"}],"author":[{"embeddable":true,"href":"https:\/\/dmcsrb.com\/en\/wp-json\/wp\/v2\/users\/1"}],"replies":[{"embeddable":true,"href":"https:\/\/dmcsrb.com\/en\/wp-json\/wp\/v2\/comments?post=910532"}],"version-history":[{"count":0,"href":"https:\/\/dmcsrb.com\/en\/wp-json\/wp\/v2\/posts\/910532\/revisions"}],"wp:featuredmedia":[{"embeddable":true,"href":"https:\/\/dmcsrb.com\/en\/wp-json\/wp\/v2\/media\/910533"}],"wp:attachment":[{"href":"https:\/\/dmcsrb.com\/en\/wp-json\/wp\/v2\/media?parent=910532"}],"wp:term":[{"taxonomy":"category","embeddable":true,"href":"https:\/\/dmcsrb.com\/en\/wp-json\/wp\/v2\/categories?post=910532"},{"taxonomy":"post_tag","embeddable":true,"href":"https:\/\/dmcsrb.com\/en\/wp-json\/wp\/v2\/tags?post=910532"},{"taxonomy":"naslovna","embeddable":true,"href":"https:\/\/dmcsrb.com\/en\/wp-json\/wp\/v2\/naslovna?post=910532"}],"curies":[{"name":"wp","href":"https:\/\/api.w.org\/{rel}","templated":true}]}}