{"id":910499,"date":"2025-12-08T09:54:00","date_gmt":"2025-12-08T08:54:00","guid":{"rendered":"https:\/\/dmcsrb.com\/uncategorized\/zatvaranje-evropske-prestonice-kulture-nova-gorica-2025-delegacija-niksica-razmjenila-iskustva-i-prakse-koje-ce-biti-dragocjene-za-projekat-niksic-epk-2030\/"},"modified":"2025-12-08T09:54:00","modified_gmt":"2025-12-08T08:54:00","slug":"zatvaranje-evropske-prestonice-kulture-nova-gorica-2025-delegacija-niksica-razmjenila-iskustva-i-prakse-koje-ce-biti-dragocjene-za-projekat-niksic-epk-2030","status":"publish","type":"post","link":"https:\/\/dmcsrb.com\/en\/kultura\/zatvaranje-evropske-prestonice-kulture-nova-gorica-2025-delegacija-niksica-razmjenila-iskustva-i-prakse-koje-ce-biti-dragocjene-za-projekat-niksic-epk-2030\/","title":{"rendered":"Zatvaranje Evropske prestonice kulture Nova Gorica 2025: Delegacija Nik\u0161i\u0107a razmjenila iskustva i prakse koje \u0107e biti dragocjene za projekat Nik\u0161i\u0107 EPK 2030"},"content":{"rendered":"<p><\/p>\n\n\n\n<p>Delegacija Nik\u0161i\u0107a prisustvovala je sve\u010danoj ceremoniji predaje titule, tokom koje su dosada\u0161nji EPK gradovi Nova Gorica-Gorizia 2025 i Kemnic 2025 simboli\u010dno predali titulu Tren\u010dinu i Ouluu, gradovima koji \u0107e titulu EPK nositi 2026. godine. Nakon toga, delegacija je prisustvovala i zvani\u010dnoj zavr\u0161noj sve\u010danosti kojom je obilje\u017een kraj EPK godine u Novoj Gorici.<\/p>\n\n\n\n<p>&#8221;Tokom boravka, delegacija se susrela sa gradona\u010delnicima Nove Gorice i Kemnica, kao i sa radnim timovima Tren\u010dina i Oulua, razmjenjuju\u0107i iskustva i prakse koje \u0107e biti dragocjene za razvoj projekta Nik\u0161i\u0107 EPK 2030., navode iz Op\u0161tine Nik\u0161i\u0107.<\/p>\n\n\n\n<p>U pratnji Mojce Stubelj, direktorice XCentra, predstavnici Nik\u0161i\u0107a posjetili su ovaj savremeni centar za inovacije i digitalnu umjetnost, koji ostaje kao jedan od trajnih legata projekta Evropske prestonice kulture u Novoj Gorici. Posjeta XCentru bila je prilika za upoznavanje s modelima rada, programima i tehnolo\u0161kim rje\u0161enjima koja \u0107e biti inspiracija i za budu\u0107e aktivnosti u Nik\u0161i\u0107u.<\/p>\n\n\n\n<p>&#8221;U\u010de\u0161\u0107e na ovakvim doga\u0111ajima zna\u010dajno doprinosi ja\u010danju me\u0111unarodne saradnje, razmjeni znanja i sticanju novih iskustava. Kontakti ostvareni tokom ove posjete predstavljaju va\u017ean korak u daljoj pripremi i sprovo\u0111enju projekta Nik\u0161i\u0107 2030 Evropska prestonica kulture&#8221;, zaklju\u010duju iz Op\u0161tine Nik\u0161i\u0107.<\/p>","protected":false},"excerpt":{"rendered":"<p>Delegacija Nik\u0161i\u0107a prethodnih dana boravila je u Sloveniji i prisustvovala sve\u010danoj ceremoniji   ime Nik\u0161i\u0107a, Evropske prestonice kulture za 2030. godinu, ceremoniji su prisustvovali predsjednik Op\u0161tine Nik\u0161i\u0107 Marko Kova\u010devi\u0107 i projektni menad\u017eer Nik\u0161i\u0107 2030 EPK\u00a0Mato Uljarevi\u0107, navode iz Op\u0161tine Nik\u0161i\u0107.<\/p>","protected":false},"author":1,"featured_media":910500,"comment_status":"open","ping_status":"open","sticky":false,"template":"","format":"standard","meta":{"_acf_changed":false,"footnotes":""},"categories":[50],"tags":[1750,1751,1752,1753],"naslovna":[],"class_list":["post-910499","post","type-post","status-publish","format-standard","has-post-thumbnail","hentry","category-kultura","tag-delegacija-niksicana","tag-evropska-prestonica-kulture","tag-nova-gorica-gorizia-2025-2","tag-svecano-zatvaranje"],"acf":[],"yoast_head":"<!-- This site is optimized with the Yoast SEO plugin v27.4 - https:\/\/yoast.com\/product\/yoast-seo-wordpress\/ -->\n<title>Zatvaranje Evropske prestonice kulture Nova Gorica 2025: Delegacija Nik\u0161i\u0107a razmjenila iskustva i prakse koje \u0107e biti dragocjene za projekat Nik\u0161i\u0107 EPK 2030 - dmcsrb.com<\/title>\n<meta name=\"robots\" content=\"index, follow, max-snippet:-1, max-image-preview:large, max-video-preview:-1\" \/>\n<link rel=\"canonical\" href=\"https:\/\/dmcsrb.com\/en\/kultura\/zatvaranje-evropske-prestonice-kulture-nova-gorica-2025-delegacija-niksica-razmjenila-iskustva-i-prakse-koje-ce-biti-dragocjene-za-projekat-niksic-epk-2030\/\" \/>\n<meta property=\"og:locale\" content=\"en_GB\" \/>\n<meta property=\"og:type\" content=\"article\" \/>\n<meta property=\"og:title\" content=\"Zatvaranje Evropske prestonice kulture Nova Gorica 2025: Delegacija Nik\u0161i\u0107a razmjenila iskustva i prakse koje \u0107e biti dragocjene za projekat Nik\u0161i\u0107 EPK 2030 - dmcsrb.com\" \/>\n<meta property=\"og:description\" content=\"Delegacija Nik\u0161i\u0107a prethodnih dana boravila je u Sloveniji i prisustvovala sve\u010danoj ceremoniji  ime Nik\u0161i\u0107a, Evropske prestonice kulture za 2030. godinu, ceremoniji su prisustvovali predsjednik Op\u0161tine Nik\u0161i\u0107 Marko Kova\u010devi\u0107 i projektni menad\u017eer Nik\u0161i\u0107 2030 EPK\u00a0Mato Uljarevi\u0107, navode iz Op\u0161tine Nik\u0161i\u0107.\" \/>\n<meta property=\"og:url\" content=\"https:\/\/dmcsrb.com\/en\/kultura\/zatvaranje-evropske-prestonice-kulture-nova-gorica-2025-delegacija-niksica-razmjenila-iskustva-i-prakse-koje-ce-biti-dragocjene-za-projekat-niksic-epk-2030\/\" \/>\n<meta property=\"og:site_name\" content=\"dmcsrb.com\" \/>\n<meta property=\"article:published_time\" content=\"2025-12-08T08:54:00+00:00\" \/>\n<meta property=\"og:image\" content=\"https:\/\/dmcsrb.com\/wp-content\/uploads\/2026\/01\/0-02-05-a4e32db5b1c52de898fe8187bae852b9c29ff1bef31f2077e8ba3dc24bc135df_85a5202f9e548673.jpg\" \/>\n\t<meta property=\"og:image:width\" content=\"1600\" \/>\n\t<meta property=\"og:image:height\" content=\"1200\" \/>\n\t<meta property=\"og:image:type\" content=\"image\/jpeg\" \/>\n<meta name=\"author\" content=\"dmcsrbija.com@gmail.com\" \/>\n<meta name=\"twitter:card\" content=\"summary_large_image\" \/>\n<meta name=\"twitter:label1\" content=\"Written by\" \/>\n\t<meta name=\"twitter:data1\" content=\"dmcsrbija.com@gmail.com\" \/>\n\t<meta name=\"twitter:label2\" content=\"Estimated reading time\" \/>\n\t<meta name=\"twitter:data2\" content=\"1 minute\" \/>\n<script type=\"application\/ld+json\" class=\"yoast-schema-graph\">{\"@context\":\"https:\\\/\\\/schema.org\",\"@graph\":[{\"@type\":\"Article\",\"@id\":\"https:\\\/\\\/dmcsrb.com\\\/kultura\\\/zatvaranje-evropske-prestonice-kulture-nova-gorica-2025-delegacija-niksica-razmjenila-iskustva-i-prakse-koje-ce-biti-dragocjene-za-projekat-niksic-epk-2030\\\/#article\",\"isPartOf\":{\"@id\":\"https:\\\/\\\/dmcsrb.com\\\/kultura\\\/zatvaranje-evropske-prestonice-kulture-nova-gorica-2025-delegacija-niksica-razmjenila-iskustva-i-prakse-koje-ce-biti-dragocjene-za-projekat-niksic-epk-2030\\\/\"},\"author\":{\"name\":\"dmcsrbija.com@gmail.com\",\"@id\":\"https:\\\/\\\/dmcsrb.com\\\/#\\\/schema\\\/person\\\/5c39170f12db1b8b457732d0b5c854e2\"},\"headline\":\"Zatvaranje Evropske prestonice kulture Nova Gorica 2025: Delegacija Nik\u0161i\u0107a razmjenila iskustva i prakse koje \u0107e biti dragocjene za projekat Nik\u0161i\u0107 EPK 2030\",\"datePublished\":\"2025-12-08T08:54:00+00:00\",\"mainEntityOfPage\":{\"@id\":\"https:\\\/\\\/dmcsrb.com\\\/kultura\\\/zatvaranje-evropske-prestonice-kulture-nova-gorica-2025-delegacija-niksica-razmjenila-iskustva-i-prakse-koje-ce-biti-dragocjene-za-projekat-niksic-epk-2030\\\/\"},\"wordCount\":236,\"commentCount\":0,\"image\":{\"@id\":\"https:\\\/\\\/dmcsrb.com\\\/kultura\\\/zatvaranje-evropske-prestonice-kulture-nova-gorica-2025-delegacija-niksica-razmjenila-iskustva-i-prakse-koje-ce-biti-dragocjene-za-projekat-niksic-epk-2030\\\/#primaryimage\"},\"thumbnailUrl\":\"https:\\\/\\\/dmcsrb.com\\\/wp-content\\\/uploads\\\/2026\\\/01\\\/0-02-05-a4e32db5b1c52de898fe8187bae852b9c29ff1bef31f2077e8ba3dc24bc135df_85a5202f9e548673.jpg\",\"keywords\":[\"Delegacija Nik\u0161i\u0107ana\",\"Evropska prestonica kulture\",\"Nova Gorica - Gorizia 2025\",\"Sve\u010dano zatvaranje\"],\"articleSection\":[\"Kultura\"],\"inLanguage\":\"en-GB\",\"potentialAction\":[{\"@type\":\"CommentAction\",\"name\":\"Comment\",\"target\":[\"https:\\\/\\\/dmcsrb.com\\\/kultura\\\/zatvaranje-evropske-prestonice-kulture-nova-gorica-2025-delegacija-niksica-razmjenila-iskustva-i-prakse-koje-ce-biti-dragocjene-za-projekat-niksic-epk-2030\\\/#respond\"]}]},{\"@type\":\"WebPage\",\"@id\":\"https:\\\/\\\/dmcsrb.com\\\/kultura\\\/zatvaranje-evropske-prestonice-kulture-nova-gorica-2025-delegacija-niksica-razmjenila-iskustva-i-prakse-koje-ce-biti-dragocjene-za-projekat-niksic-epk-2030\\\/\",\"url\":\"https:\\\/\\\/dmcsrb.com\\\/kultura\\\/zatvaranje-evropske-prestonice-kulture-nova-gorica-2025-delegacija-niksica-razmjenila-iskustva-i-prakse-koje-ce-biti-dragocjene-za-projekat-niksic-epk-2030\\\/\",\"name\":\"Zatvaranje Evropske prestonice kulture Nova Gorica 2025: Delegacija Nik\u0161i\u0107a razmjenila iskustva i prakse koje \u0107e biti dragocjene za projekat Nik\u0161i\u0107 EPK 2030 - dmcsrb.com\",\"isPartOf\":{\"@id\":\"https:\\\/\\\/dmcsrb.com\\\/#website\"},\"primaryImageOfPage\":{\"@id\":\"https:\\\/\\\/dmcsrb.com\\\/kultura\\\/zatvaranje-evropske-prestonice-kulture-nova-gorica-2025-delegacija-niksica-razmjenila-iskustva-i-prakse-koje-ce-biti-dragocjene-za-projekat-niksic-epk-2030\\\/#primaryimage\"},\"image\":{\"@id\":\"https:\\\/\\\/dmcsrb.com\\\/kultura\\\/zatvaranje-evropske-prestonice-kulture-nova-gorica-2025-delegacija-niksica-razmjenila-iskustva-i-prakse-koje-ce-biti-dragocjene-za-projekat-niksic-epk-2030\\\/#primaryimage\"},\"thumbnailUrl\":\"https:\\\/\\\/dmcsrb.com\\\/wp-content\\\/uploads\\\/2026\\\/01\\\/0-02-05-a4e32db5b1c52de898fe8187bae852b9c29ff1bef31f2077e8ba3dc24bc135df_85a5202f9e548673.jpg\",\"datePublished\":\"2025-12-08T08:54:00+00:00\",\"author\":{\"@id\":\"https:\\\/\\\/dmcsrb.com\\\/#\\\/schema\\\/person\\\/5c39170f12db1b8b457732d0b5c854e2\"},\"breadcrumb\":{\"@id\":\"https:\\\/\\\/dmcsrb.com\\\/kultura\\\/zatvaranje-evropske-prestonice-kulture-nova-gorica-2025-delegacija-niksica-razmjenila-iskustva-i-prakse-koje-ce-biti-dragocjene-za-projekat-niksic-epk-2030\\\/#breadcrumb\"},\"inLanguage\":\"en-GB\",\"potentialAction\":[{\"@type\":\"ReadAction\",\"target\":[\"https:\\\/\\\/dmcsrb.com\\\/kultura\\\/zatvaranje-evropske-prestonice-kulture-nova-gorica-2025-delegacija-niksica-razmjenila-iskustva-i-prakse-koje-ce-biti-dragocjene-za-projekat-niksic-epk-2030\\\/\"]}]},{\"@type\":\"ImageObject\",\"inLanguage\":\"en-GB\",\"@id\":\"https:\\\/\\\/dmcsrb.com\\\/kultura\\\/zatvaranje-evropske-prestonice-kulture-nova-gorica-2025-delegacija-niksica-razmjenila-iskustva-i-prakse-koje-ce-biti-dragocjene-za-projekat-niksic-epk-2030\\\/#primaryimage\",\"url\":\"https:\\\/\\\/dmcsrb.com\\\/wp-content\\\/uploads\\\/2026\\\/01\\\/0-02-05-a4e32db5b1c52de898fe8187bae852b9c29ff1bef31f2077e8ba3dc24bc135df_85a5202f9e548673.jpg\",\"contentUrl\":\"https:\\\/\\\/dmcsrb.com\\\/wp-content\\\/uploads\\\/2026\\\/01\\\/0-02-05-a4e32db5b1c52de898fe8187bae852b9c29ff1bef31f2077e8ba3dc24bc135df_85a5202f9e548673.jpg\",\"width\":1600,\"height\":1200},{\"@type\":\"BreadcrumbList\",\"@id\":\"https:\\\/\\\/dmcsrb.com\\\/kultura\\\/zatvaranje-evropske-prestonice-kulture-nova-gorica-2025-delegacija-niksica-razmjenila-iskustva-i-prakse-koje-ce-biti-dragocjene-za-projekat-niksic-epk-2030\\\/#breadcrumb\",\"itemListElement\":[{\"@type\":\"ListItem\",\"position\":1,\"name\":\"Home\",\"item\":\"https:\\\/\\\/dmcsrb.com\\\/\"},{\"@type\":\"ListItem\",\"position\":2,\"name\":\"Zatvaranje Evropske prestonice kulture Nova Gorica 2025: Delegacija Nik\u0161i\u0107a razmjenila iskustva i prakse koje \u0107e biti dragocjene za projekat Nik\u0161i\u0107 EPK 2030\"}]},{\"@type\":\"WebSite\",\"@id\":\"https:\\\/\\\/dmcsrb.com\\\/#website\",\"url\":\"https:\\\/\\\/dmcsrb.com\\\/\",\"name\":\"dmcsrb.com\",\"description\":\"\",\"potentialAction\":[{\"@type\":\"SearchAction\",\"target\":{\"@type\":\"EntryPoint\",\"urlTemplate\":\"https:\\\/\\\/dmcsrb.com\\\/?s={search_term_string}\"},\"query-input\":{\"@type\":\"PropertyValueSpecification\",\"valueRequired\":true,\"valueName\":\"search_term_string\"}}],\"inLanguage\":\"en-GB\"},{\"@type\":\"Person\",\"@id\":\"https:\\\/\\\/dmcsrb.com\\\/#\\\/schema\\\/person\\\/5c39170f12db1b8b457732d0b5c854e2\",\"name\":\"dmcsrbija.com@gmail.com\",\"image\":{\"@type\":\"ImageObject\",\"inLanguage\":\"en-GB\",\"@id\":\"https:\\\/\\\/secure.gravatar.com\\\/avatar\\\/68592660ad6347fad0fb587f8d5d8f1a7b44961362f56e4f2cd524feb87e9069?s=96&d=mm&r=g\",\"url\":\"https:\\\/\\\/secure.gravatar.com\\\/avatar\\\/68592660ad6347fad0fb587f8d5d8f1a7b44961362f56e4f2cd524feb87e9069?s=96&d=mm&r=g\",\"contentUrl\":\"https:\\\/\\\/secure.gravatar.com\\\/avatar\\\/68592660ad6347fad0fb587f8d5d8f1a7b44961362f56e4f2cd524feb87e9069?s=96&d=mm&r=g\",\"caption\":\"dmcsrbija.com@gmail.com\"},\"sameAs\":[\"https:\\\/\\\/dmcsrb.com\"],\"url\":\"https:\\\/\\\/dmcsrb.com\\\/en\\\/author\\\/dmcsrbija-comgmail-com\\\/\"}]}<\/script>\n<!-- \/ Yoast SEO plugin. -->","yoast_head_json":{"title":"Zatvaranje Evropske prestonice kulture Nova Gorica 2025: Delegacija Nik\u0161i\u0107a razmjenila iskustva i prakse koje \u0107e biti dragocjene za projekat Nik\u0161i\u0107 EPK 2030 - dmcsrb.com","robots":{"index":"index","follow":"follow","max-snippet":"max-snippet:-1","max-image-preview":"max-image-preview:large","max-video-preview":"max-video-preview:-1"},"canonical":"https:\/\/dmcsrb.com\/en\/kultura\/zatvaranje-evropske-prestonice-kulture-nova-gorica-2025-delegacija-niksica-razmjenila-iskustva-i-prakse-koje-ce-biti-dragocjene-za-projekat-niksic-epk-2030\/","og_locale":"en_GB","og_type":"article","og_title":"Zatvaranje Evropske prestonice kulture Nova Gorica 2025: Delegacija Nik\u0161i\u0107a razmjenila iskustva i prakse koje \u0107e biti dragocjene za projekat Nik\u0161i\u0107 EPK 2030 - dmcsrb.com","og_description":"Delegacija Nik\u0161i\u0107a prethodnih dana boravila je u Sloveniji i prisustvovala sve\u010danoj ceremoniji  ime Nik\u0161i\u0107a, Evropske prestonice kulture za 2030. godinu, ceremoniji su prisustvovali predsjednik Op\u0161tine Nik\u0161i\u0107 Marko Kova\u010devi\u0107 i projektni menad\u017eer Nik\u0161i\u0107 2030 EPK\u00a0Mato Uljarevi\u0107, navode iz Op\u0161tine Nik\u0161i\u0107.","og_url":"https:\/\/dmcsrb.com\/en\/kultura\/zatvaranje-evropske-prestonice-kulture-nova-gorica-2025-delegacija-niksica-razmjenila-iskustva-i-prakse-koje-ce-biti-dragocjene-za-projekat-niksic-epk-2030\/","og_site_name":"dmcsrb.com","article_published_time":"2025-12-08T08:54:00+00:00","og_image":[{"width":1600,"height":1200,"url":"https:\/\/dmcsrb.com\/wp-content\/uploads\/2026\/01\/0-02-05-a4e32db5b1c52de898fe8187bae852b9c29ff1bef31f2077e8ba3dc24bc135df_85a5202f9e548673.jpg","type":"image\/jpeg"}],"author":"dmcsrbija.com@gmail.com","twitter_card":"summary_large_image","twitter_misc":{"Written by":"dmcsrbija.com@gmail.com","Estimated reading time":"1 minute"},"schema":{"@context":"https:\/\/schema.org","@graph":[{"@type":"Article","@id":"https:\/\/dmcsrb.com\/kultura\/zatvaranje-evropske-prestonice-kulture-nova-gorica-2025-delegacija-niksica-razmjenila-iskustva-i-prakse-koje-ce-biti-dragocjene-za-projekat-niksic-epk-2030\/#article","isPartOf":{"@id":"https:\/\/dmcsrb.com\/kultura\/zatvaranje-evropske-prestonice-kulture-nova-gorica-2025-delegacija-niksica-razmjenila-iskustva-i-prakse-koje-ce-biti-dragocjene-za-projekat-niksic-epk-2030\/"},"author":{"name":"dmcsrbija.com@gmail.com","@id":"https:\/\/dmcsrb.com\/#\/schema\/person\/5c39170f12db1b8b457732d0b5c854e2"},"headline":"Zatvaranje Evropske prestonice kulture Nova Gorica 2025: Delegacija Nik\u0161i\u0107a razmjenila iskustva i prakse koje \u0107e biti dragocjene za projekat Nik\u0161i\u0107 EPK 2030","datePublished":"2025-12-08T08:54:00+00:00","mainEntityOfPage":{"@id":"https:\/\/dmcsrb.com\/kultura\/zatvaranje-evropske-prestonice-kulture-nova-gorica-2025-delegacija-niksica-razmjenila-iskustva-i-prakse-koje-ce-biti-dragocjene-za-projekat-niksic-epk-2030\/"},"wordCount":236,"commentCount":0,"image":{"@id":"https:\/\/dmcsrb.com\/kultura\/zatvaranje-evropske-prestonice-kulture-nova-gorica-2025-delegacija-niksica-razmjenila-iskustva-i-prakse-koje-ce-biti-dragocjene-za-projekat-niksic-epk-2030\/#primaryimage"},"thumbnailUrl":"https:\/\/dmcsrb.com\/wp-content\/uploads\/2026\/01\/0-02-05-a4e32db5b1c52de898fe8187bae852b9c29ff1bef31f2077e8ba3dc24bc135df_85a5202f9e548673.jpg","keywords":["Delegacija Nik\u0161i\u0107ana","Evropska prestonica kulture","Nova Gorica - Gorizia 2025","Sve\u010dano zatvaranje"],"articleSection":["Kultura"],"inLanguage":"en-GB","potentialAction":[{"@type":"CommentAction","name":"Comment","target":["https:\/\/dmcsrb.com\/kultura\/zatvaranje-evropske-prestonice-kulture-nova-gorica-2025-delegacija-niksica-razmjenila-iskustva-i-prakse-koje-ce-biti-dragocjene-za-projekat-niksic-epk-2030\/#respond"]}]},{"@type":"WebPage","@id":"https:\/\/dmcsrb.com\/kultura\/zatvaranje-evropske-prestonice-kulture-nova-gorica-2025-delegacija-niksica-razmjenila-iskustva-i-prakse-koje-ce-biti-dragocjene-za-projekat-niksic-epk-2030\/","url":"https:\/\/dmcsrb.com\/kultura\/zatvaranje-evropske-prestonice-kulture-nova-gorica-2025-delegacija-niksica-razmjenila-iskustva-i-prakse-koje-ce-biti-dragocjene-za-projekat-niksic-epk-2030\/","name":"Zatvaranje Evropske prestonice kulture Nova Gorica 2025: Delegacija Nik\u0161i\u0107a razmjenila iskustva i prakse koje \u0107e biti dragocjene za projekat Nik\u0161i\u0107 EPK 2030 - dmcsrb.com","isPartOf":{"@id":"https:\/\/dmcsrb.com\/#website"},"primaryImageOfPage":{"@id":"https:\/\/dmcsrb.com\/kultura\/zatvaranje-evropske-prestonice-kulture-nova-gorica-2025-delegacija-niksica-razmjenila-iskustva-i-prakse-koje-ce-biti-dragocjene-za-projekat-niksic-epk-2030\/#primaryimage"},"image":{"@id":"https:\/\/dmcsrb.com\/kultura\/zatvaranje-evropske-prestonice-kulture-nova-gorica-2025-delegacija-niksica-razmjenila-iskustva-i-prakse-koje-ce-biti-dragocjene-za-projekat-niksic-epk-2030\/#primaryimage"},"thumbnailUrl":"https:\/\/dmcsrb.com\/wp-content\/uploads\/2026\/01\/0-02-05-a4e32db5b1c52de898fe8187bae852b9c29ff1bef31f2077e8ba3dc24bc135df_85a5202f9e548673.jpg","datePublished":"2025-12-08T08:54:00+00:00","author":{"@id":"https:\/\/dmcsrb.com\/#\/schema\/person\/5c39170f12db1b8b457732d0b5c854e2"},"breadcrumb":{"@id":"https:\/\/dmcsrb.com\/kultura\/zatvaranje-evropske-prestonice-kulture-nova-gorica-2025-delegacija-niksica-razmjenila-iskustva-i-prakse-koje-ce-biti-dragocjene-za-projekat-niksic-epk-2030\/#breadcrumb"},"inLanguage":"en-GB","potentialAction":[{"@type":"ReadAction","target":["https:\/\/dmcsrb.com\/kultura\/zatvaranje-evropske-prestonice-kulture-nova-gorica-2025-delegacija-niksica-razmjenila-iskustva-i-prakse-koje-ce-biti-dragocjene-za-projekat-niksic-epk-2030\/"]}]},{"@type":"ImageObject","inLanguage":"en-GB","@id":"https:\/\/dmcsrb.com\/kultura\/zatvaranje-evropske-prestonice-kulture-nova-gorica-2025-delegacija-niksica-razmjenila-iskustva-i-prakse-koje-ce-biti-dragocjene-za-projekat-niksic-epk-2030\/#primaryimage","url":"https:\/\/dmcsrb.com\/wp-content\/uploads\/2026\/01\/0-02-05-a4e32db5b1c52de898fe8187bae852b9c29ff1bef31f2077e8ba3dc24bc135df_85a5202f9e548673.jpg","contentUrl":"https:\/\/dmcsrb.com\/wp-content\/uploads\/2026\/01\/0-02-05-a4e32db5b1c52de898fe8187bae852b9c29ff1bef31f2077e8ba3dc24bc135df_85a5202f9e548673.jpg","width":1600,"height":1200},{"@type":"BreadcrumbList","@id":"https:\/\/dmcsrb.com\/kultura\/zatvaranje-evropske-prestonice-kulture-nova-gorica-2025-delegacija-niksica-razmjenila-iskustva-i-prakse-koje-ce-biti-dragocjene-za-projekat-niksic-epk-2030\/#breadcrumb","itemListElement":[{"@type":"ListItem","position":1,"name":"Home","item":"https:\/\/dmcsrb.com\/"},{"@type":"ListItem","position":2,"name":"Zatvaranje Evropske prestonice kulture Nova Gorica 2025: Delegacija Nik\u0161i\u0107a razmjenila iskustva i prakse koje \u0107e biti dragocjene za projekat Nik\u0161i\u0107 EPK 2030"}]},{"@type":"WebSite","@id":"https:\/\/dmcsrb.com\/#website","url":"https:\/\/dmcsrb.com\/","name":"dmcsrb.com","description":"","potentialAction":[{"@type":"SearchAction","target":{"@type":"EntryPoint","urlTemplate":"https:\/\/dmcsrb.com\/?s={search_term_string}"},"query-input":{"@type":"PropertyValueSpecification","valueRequired":true,"valueName":"search_term_string"}}],"inLanguage":"en-GB"},{"@type":"Person","@id":"https:\/\/dmcsrb.com\/#\/schema\/person\/5c39170f12db1b8b457732d0b5c854e2","name":"dmcsrbija.com@gmail.com","image":{"@type":"ImageObject","inLanguage":"en-GB","@id":"https:\/\/secure.gravatar.com\/avatar\/68592660ad6347fad0fb587f8d5d8f1a7b44961362f56e4f2cd524feb87e9069?s=96&d=mm&r=g","url":"https:\/\/secure.gravatar.com\/avatar\/68592660ad6347fad0fb587f8d5d8f1a7b44961362f56e4f2cd524feb87e9069?s=96&d=mm&r=g","contentUrl":"https:\/\/secure.gravatar.com\/avatar\/68592660ad6347fad0fb587f8d5d8f1a7b44961362f56e4f2cd524feb87e9069?s=96&d=mm&r=g","caption":"dmcsrbija.com@gmail.com"},"sameAs":["https:\/\/dmcsrb.com"],"url":"https:\/\/dmcsrb.com\/en\/author\/dmcsrbija-comgmail-com\/"}]}},"_links":{"self":[{"href":"https:\/\/dmcsrb.com\/en\/wp-json\/wp\/v2\/posts\/910499","targetHints":{"allow":["GET"]}}],"collection":[{"href":"https:\/\/dmcsrb.com\/en\/wp-json\/wp\/v2\/posts"}],"about":[{"href":"https:\/\/dmcsrb.com\/en\/wp-json\/wp\/v2\/types\/post"}],"author":[{"embeddable":true,"href":"https:\/\/dmcsrb.com\/en\/wp-json\/wp\/v2\/users\/1"}],"replies":[{"embeddable":true,"href":"https:\/\/dmcsrb.com\/en\/wp-json\/wp\/v2\/comments?post=910499"}],"version-history":[{"count":0,"href":"https:\/\/dmcsrb.com\/en\/wp-json\/wp\/v2\/posts\/910499\/revisions"}],"wp:featuredmedia":[{"embeddable":true,"href":"https:\/\/dmcsrb.com\/en\/wp-json\/wp\/v2\/media\/910500"}],"wp:attachment":[{"href":"https:\/\/dmcsrb.com\/en\/wp-json\/wp\/v2\/media?parent=910499"}],"wp:term":[{"taxonomy":"category","embeddable":true,"href":"https:\/\/dmcsrb.com\/en\/wp-json\/wp\/v2\/categories?post=910499"},{"taxonomy":"post_tag","embeddable":true,"href":"https:\/\/dmcsrb.com\/en\/wp-json\/wp\/v2\/tags?post=910499"},{"taxonomy":"naslovna","embeddable":true,"href":"https:\/\/dmcsrb.com\/en\/wp-json\/wp\/v2\/naslovna?post=910499"}],"curies":[{"name":"wp","href":"https:\/\/api.w.org\/{rel}","templated":true}]}}