{"id":910390,"date":"2025-12-07T17:00:00","date_gmt":"2025-12-07T16:00:00","guid":{"rendered":"https:\/\/dmcsrb.com\/uncategorized\/evropska-unija-pokrece-istragu-protiv-mete-zbog-vjestacke-inteligencije\/"},"modified":"2025-12-07T17:00:00","modified_gmt":"2025-12-07T16:00:00","slug":"evropska-unija-pokrece-istragu-protiv-mete-zbog-vjestacke-inteligencije","status":"publish","type":"post","link":"https:\/\/dmcsrb.com\/en\/svijet\/evropska-unija-pokrece-istragu-protiv-mete-zbog-vjestacke-inteligencije\/","title":{"rendered":"Evropska unija pokre\u0107e istragu protiv Mete zbog vje\u0161ta\u010dke inteligencije"},"content":{"rendered":"<p><br><br><\/p>\n\n\n\n<p><\/p>\n\n\n\n<p>Evropska komisija je pokrenula formalnu antimonopolsku istragu kako bi provjerila da li nova politika kompanije Meta ograni\u010dava pristup firmama koje nude usluge vje\u0161ta\u010dke inteligencije (AI) na platformi WhatsApp.<\/p>\n\n\n\n<p>Ameri\u010dka kompanija je u oktobru promijenila pravila tako da korisnici njene WhatsApp Business platforme mogu da koriste samo \u010detbot Meta AI za glavne funkcije na bazi vje\u0161ta\u010dke inteligencije, dok je to onemogu\u0107eno konkurentima kao \u0161to su Google, Open AI ili manji provajderi.<\/p>\n\n\n\n<p>Prema novim pravilima, preduze\u0107a i dalje mogu da koristite alternativne alate vje\u0161ta\u010dke inteligencije za pomo\u0107ne funkcije, kao \u0161to je automatizovana korisni\u010dka podr\u0161ka koja se nudi putem WhatsAppa.<\/p>","protected":false},"excerpt":{"rendered":"<p>EU pokre\u0107e antimonopolsku istragu protiv Mete zbog pristupa AI uslugama na aplikaciji WhatsApp.<\/p>","protected":false},"author":1,"featured_media":909953,"comment_status":"open","ping_status":"open","sticky":false,"template":"","format":"standard","meta":{"_acf_changed":false,"footnotes":""},"categories":[144],"tags":[10,611,1265],"naslovna":[],"class_list":["post-910390","post","type-post","status-publish","format-standard","has-post-thumbnail","hentry","category-svijet","tag-eu","tag-istraga","tag-meta"],"acf":[],"yoast_head":"<!-- This site is optimized with the Yoast SEO plugin v27.4 - https:\/\/yoast.com\/product\/yoast-seo-wordpress\/ -->\n<title>Evropska unija pokre\u0107e istragu protiv Mete zbog vje\u0161ta\u010dke inteligencije - dmcsrb.com<\/title>\n<meta name=\"robots\" content=\"index, follow, max-snippet:-1, max-image-preview:large, max-video-preview:-1\" \/>\n<link rel=\"canonical\" href=\"https:\/\/dmcsrb.com\/en\/svijet\/evropska-unija-pokrece-istragu-protiv-mete-zbog-vjestacke-inteligencije\/\" \/>\n<meta property=\"og:locale\" content=\"en_GB\" \/>\n<meta property=\"og:type\" content=\"article\" \/>\n<meta property=\"og:title\" content=\"Evropska unija pokre\u0107e istragu protiv Mete zbog vje\u0161ta\u010dke inteligencije - dmcsrb.com\" \/>\n<meta property=\"og:description\" content=\"EU pokre\u0107e antimonopolsku istragu protiv Mete zbog pristupa AI uslugama na aplikaciji WhatsApp.\" \/>\n<meta property=\"og:url\" content=\"https:\/\/dmcsrb.com\/en\/svijet\/evropska-unija-pokrece-istragu-protiv-mete-zbog-vjestacke-inteligencije\/\" \/>\n<meta property=\"og:site_name\" content=\"dmcsrb.com\" \/>\n<meta property=\"article:published_time\" content=\"2025-12-07T16:00:00+00:00\" \/>\n<meta property=\"og:image\" content=\"https:\/\/dmcsrb.com\/wp-content\/uploads\/2026\/01\/download-5.jpg\" \/>\n\t<meta property=\"og:image:width\" content=\"1486\" \/>\n\t<meta property=\"og:image:height\" content=\"991\" \/>\n\t<meta property=\"og:image:type\" content=\"image\/jpeg\" \/>\n<meta name=\"author\" content=\"dmcsrbija.com@gmail.com\" \/>\n<meta name=\"twitter:card\" content=\"summary_large_image\" \/>\n<meta name=\"twitter:label1\" content=\"Written by\" \/>\n\t<meta name=\"twitter:data1\" content=\"dmcsrbija.com@gmail.com\" \/>\n\t<meta name=\"twitter:label2\" content=\"Estimated reading time\" \/>\n\t<meta name=\"twitter:data2\" content=\"1 minute\" \/>\n<script type=\"application\/ld+json\" class=\"yoast-schema-graph\">{\"@context\":\"https:\\\/\\\/schema.org\",\"@graph\":[{\"@type\":\"Article\",\"@id\":\"https:\\\/\\\/dmcsrb.com\\\/svijet\\\/evropska-unija-pokrece-istragu-protiv-mete-zbog-vjestacke-inteligencije\\\/#article\",\"isPartOf\":{\"@id\":\"https:\\\/\\\/dmcsrb.com\\\/svijet\\\/evropska-unija-pokrece-istragu-protiv-mete-zbog-vjestacke-inteligencije\\\/\"},\"author\":{\"name\":\"dmcsrbija.com@gmail.com\",\"@id\":\"https:\\\/\\\/dmcsrb.com\\\/#\\\/schema\\\/person\\\/5c39170f12db1b8b457732d0b5c854e2\"},\"headline\":\"Evropska unija pokre\u0107e istragu protiv Mete zbog vje\u0161ta\u010dke inteligencije\",\"datePublished\":\"2025-12-07T16:00:00+00:00\",\"mainEntityOfPage\":{\"@id\":\"https:\\\/\\\/dmcsrb.com\\\/svijet\\\/evropska-unija-pokrece-istragu-protiv-mete-zbog-vjestacke-inteligencije\\\/\"},\"wordCount\":122,\"commentCount\":0,\"image\":{\"@id\":\"https:\\\/\\\/dmcsrb.com\\\/svijet\\\/evropska-unija-pokrece-istragu-protiv-mete-zbog-vjestacke-inteligencije\\\/#primaryimage\"},\"thumbnailUrl\":\"https:\\\/\\\/dmcsrb.com\\\/wp-content\\\/uploads\\\/2026\\\/01\\\/download-5.jpg\",\"keywords\":[\"EU\",\"istraga\",\"Meta\"],\"articleSection\":[\"Svijet\"],\"inLanguage\":\"en-GB\",\"potentialAction\":[{\"@type\":\"CommentAction\",\"name\":\"Comment\",\"target\":[\"https:\\\/\\\/dmcsrb.com\\\/svijet\\\/evropska-unija-pokrece-istragu-protiv-mete-zbog-vjestacke-inteligencije\\\/#respond\"]}]},{\"@type\":\"WebPage\",\"@id\":\"https:\\\/\\\/dmcsrb.com\\\/svijet\\\/evropska-unija-pokrece-istragu-protiv-mete-zbog-vjestacke-inteligencije\\\/\",\"url\":\"https:\\\/\\\/dmcsrb.com\\\/svijet\\\/evropska-unija-pokrece-istragu-protiv-mete-zbog-vjestacke-inteligencije\\\/\",\"name\":\"Evropska unija pokre\u0107e istragu protiv Mete zbog vje\u0161ta\u010dke inteligencije - dmcsrb.com\",\"isPartOf\":{\"@id\":\"https:\\\/\\\/dmcsrb.com\\\/#website\"},\"primaryImageOfPage\":{\"@id\":\"https:\\\/\\\/dmcsrb.com\\\/svijet\\\/evropska-unija-pokrece-istragu-protiv-mete-zbog-vjestacke-inteligencije\\\/#primaryimage\"},\"image\":{\"@id\":\"https:\\\/\\\/dmcsrb.com\\\/svijet\\\/evropska-unija-pokrece-istragu-protiv-mete-zbog-vjestacke-inteligencije\\\/#primaryimage\"},\"thumbnailUrl\":\"https:\\\/\\\/dmcsrb.com\\\/wp-content\\\/uploads\\\/2026\\\/01\\\/download-5.jpg\",\"datePublished\":\"2025-12-07T16:00:00+00:00\",\"author\":{\"@id\":\"https:\\\/\\\/dmcsrb.com\\\/#\\\/schema\\\/person\\\/5c39170f12db1b8b457732d0b5c854e2\"},\"breadcrumb\":{\"@id\":\"https:\\\/\\\/dmcsrb.com\\\/svijet\\\/evropska-unija-pokrece-istragu-protiv-mete-zbog-vjestacke-inteligencije\\\/#breadcrumb\"},\"inLanguage\":\"en-GB\",\"potentialAction\":[{\"@type\":\"ReadAction\",\"target\":[\"https:\\\/\\\/dmcsrb.com\\\/svijet\\\/evropska-unija-pokrece-istragu-protiv-mete-zbog-vjestacke-inteligencije\\\/\"]}]},{\"@type\":\"ImageObject\",\"inLanguage\":\"en-GB\",\"@id\":\"https:\\\/\\\/dmcsrb.com\\\/svijet\\\/evropska-unija-pokrece-istragu-protiv-mete-zbog-vjestacke-inteligencije\\\/#primaryimage\",\"url\":\"https:\\\/\\\/dmcsrb.com\\\/wp-content\\\/uploads\\\/2026\\\/01\\\/download-5.jpg\",\"contentUrl\":\"https:\\\/\\\/dmcsrb.com\\\/wp-content\\\/uploads\\\/2026\\\/01\\\/download-5.jpg\",\"width\":1486,\"height\":991},{\"@type\":\"BreadcrumbList\",\"@id\":\"https:\\\/\\\/dmcsrb.com\\\/svijet\\\/evropska-unija-pokrece-istragu-protiv-mete-zbog-vjestacke-inteligencije\\\/#breadcrumb\",\"itemListElement\":[{\"@type\":\"ListItem\",\"position\":1,\"name\":\"Home\",\"item\":\"https:\\\/\\\/dmcsrb.com\\\/\"},{\"@type\":\"ListItem\",\"position\":2,\"name\":\"Evropska unija pokre\u0107e istragu protiv Mete zbog vje\u0161ta\u010dke inteligencije\"}]},{\"@type\":\"WebSite\",\"@id\":\"https:\\\/\\\/dmcsrb.com\\\/#website\",\"url\":\"https:\\\/\\\/dmcsrb.com\\\/\",\"name\":\"dmcsrb.com\",\"description\":\"\",\"potentialAction\":[{\"@type\":\"SearchAction\",\"target\":{\"@type\":\"EntryPoint\",\"urlTemplate\":\"https:\\\/\\\/dmcsrb.com\\\/?s={search_term_string}\"},\"query-input\":{\"@type\":\"PropertyValueSpecification\",\"valueRequired\":true,\"valueName\":\"search_term_string\"}}],\"inLanguage\":\"en-GB\"},{\"@type\":\"Person\",\"@id\":\"https:\\\/\\\/dmcsrb.com\\\/#\\\/schema\\\/person\\\/5c39170f12db1b8b457732d0b5c854e2\",\"name\":\"dmcsrbija.com@gmail.com\",\"image\":{\"@type\":\"ImageObject\",\"inLanguage\":\"en-GB\",\"@id\":\"https:\\\/\\\/secure.gravatar.com\\\/avatar\\\/68592660ad6347fad0fb587f8d5d8f1a7b44961362f56e4f2cd524feb87e9069?s=96&d=mm&r=g\",\"url\":\"https:\\\/\\\/secure.gravatar.com\\\/avatar\\\/68592660ad6347fad0fb587f8d5d8f1a7b44961362f56e4f2cd524feb87e9069?s=96&d=mm&r=g\",\"contentUrl\":\"https:\\\/\\\/secure.gravatar.com\\\/avatar\\\/68592660ad6347fad0fb587f8d5d8f1a7b44961362f56e4f2cd524feb87e9069?s=96&d=mm&r=g\",\"caption\":\"dmcsrbija.com@gmail.com\"},\"sameAs\":[\"https:\\\/\\\/dmcsrb.com\"],\"url\":\"https:\\\/\\\/dmcsrb.com\\\/en\\\/author\\\/dmcsrbija-comgmail-com\\\/\"}]}<\/script>\n<!-- \/ Yoast SEO plugin. -->","yoast_head_json":{"title":"Evropska unija pokre\u0107e istragu protiv Mete zbog vje\u0161ta\u010dke inteligencije - dmcsrb.com","robots":{"index":"index","follow":"follow","max-snippet":"max-snippet:-1","max-image-preview":"max-image-preview:large","max-video-preview":"max-video-preview:-1"},"canonical":"https:\/\/dmcsrb.com\/en\/svijet\/evropska-unija-pokrece-istragu-protiv-mete-zbog-vjestacke-inteligencije\/","og_locale":"en_GB","og_type":"article","og_title":"Evropska unija pokre\u0107e istragu protiv Mete zbog vje\u0161ta\u010dke inteligencije - dmcsrb.com","og_description":"EU pokre\u0107e antimonopolsku istragu protiv Mete zbog pristupa AI uslugama na aplikaciji WhatsApp.","og_url":"https:\/\/dmcsrb.com\/en\/svijet\/evropska-unija-pokrece-istragu-protiv-mete-zbog-vjestacke-inteligencije\/","og_site_name":"dmcsrb.com","article_published_time":"2025-12-07T16:00:00+00:00","og_image":[{"width":1486,"height":991,"url":"https:\/\/dmcsrb.com\/wp-content\/uploads\/2026\/01\/download-5.jpg","type":"image\/jpeg"}],"author":"dmcsrbija.com@gmail.com","twitter_card":"summary_large_image","twitter_misc":{"Written by":"dmcsrbija.com@gmail.com","Estimated reading time":"1 minute"},"schema":{"@context":"https:\/\/schema.org","@graph":[{"@type":"Article","@id":"https:\/\/dmcsrb.com\/svijet\/evropska-unija-pokrece-istragu-protiv-mete-zbog-vjestacke-inteligencije\/#article","isPartOf":{"@id":"https:\/\/dmcsrb.com\/svijet\/evropska-unija-pokrece-istragu-protiv-mete-zbog-vjestacke-inteligencije\/"},"author":{"name":"dmcsrbija.com@gmail.com","@id":"https:\/\/dmcsrb.com\/#\/schema\/person\/5c39170f12db1b8b457732d0b5c854e2"},"headline":"Evropska unija pokre\u0107e istragu protiv Mete zbog vje\u0161ta\u010dke inteligencije","datePublished":"2025-12-07T16:00:00+00:00","mainEntityOfPage":{"@id":"https:\/\/dmcsrb.com\/svijet\/evropska-unija-pokrece-istragu-protiv-mete-zbog-vjestacke-inteligencije\/"},"wordCount":122,"commentCount":0,"image":{"@id":"https:\/\/dmcsrb.com\/svijet\/evropska-unija-pokrece-istragu-protiv-mete-zbog-vjestacke-inteligencije\/#primaryimage"},"thumbnailUrl":"https:\/\/dmcsrb.com\/wp-content\/uploads\/2026\/01\/download-5.jpg","keywords":["EU","istraga","Meta"],"articleSection":["Svijet"],"inLanguage":"en-GB","potentialAction":[{"@type":"CommentAction","name":"Comment","target":["https:\/\/dmcsrb.com\/svijet\/evropska-unija-pokrece-istragu-protiv-mete-zbog-vjestacke-inteligencije\/#respond"]}]},{"@type":"WebPage","@id":"https:\/\/dmcsrb.com\/svijet\/evropska-unija-pokrece-istragu-protiv-mete-zbog-vjestacke-inteligencije\/","url":"https:\/\/dmcsrb.com\/svijet\/evropska-unija-pokrece-istragu-protiv-mete-zbog-vjestacke-inteligencije\/","name":"Evropska unija pokre\u0107e istragu protiv Mete zbog vje\u0161ta\u010dke inteligencije - dmcsrb.com","isPartOf":{"@id":"https:\/\/dmcsrb.com\/#website"},"primaryImageOfPage":{"@id":"https:\/\/dmcsrb.com\/svijet\/evropska-unija-pokrece-istragu-protiv-mete-zbog-vjestacke-inteligencije\/#primaryimage"},"image":{"@id":"https:\/\/dmcsrb.com\/svijet\/evropska-unija-pokrece-istragu-protiv-mete-zbog-vjestacke-inteligencije\/#primaryimage"},"thumbnailUrl":"https:\/\/dmcsrb.com\/wp-content\/uploads\/2026\/01\/download-5.jpg","datePublished":"2025-12-07T16:00:00+00:00","author":{"@id":"https:\/\/dmcsrb.com\/#\/schema\/person\/5c39170f12db1b8b457732d0b5c854e2"},"breadcrumb":{"@id":"https:\/\/dmcsrb.com\/svijet\/evropska-unija-pokrece-istragu-protiv-mete-zbog-vjestacke-inteligencije\/#breadcrumb"},"inLanguage":"en-GB","potentialAction":[{"@type":"ReadAction","target":["https:\/\/dmcsrb.com\/svijet\/evropska-unija-pokrece-istragu-protiv-mete-zbog-vjestacke-inteligencije\/"]}]},{"@type":"ImageObject","inLanguage":"en-GB","@id":"https:\/\/dmcsrb.com\/svijet\/evropska-unija-pokrece-istragu-protiv-mete-zbog-vjestacke-inteligencije\/#primaryimage","url":"https:\/\/dmcsrb.com\/wp-content\/uploads\/2026\/01\/download-5.jpg","contentUrl":"https:\/\/dmcsrb.com\/wp-content\/uploads\/2026\/01\/download-5.jpg","width":1486,"height":991},{"@type":"BreadcrumbList","@id":"https:\/\/dmcsrb.com\/svijet\/evropska-unija-pokrece-istragu-protiv-mete-zbog-vjestacke-inteligencije\/#breadcrumb","itemListElement":[{"@type":"ListItem","position":1,"name":"Home","item":"https:\/\/dmcsrb.com\/"},{"@type":"ListItem","position":2,"name":"Evropska unija pokre\u0107e istragu protiv Mete zbog vje\u0161ta\u010dke inteligencije"}]},{"@type":"WebSite","@id":"https:\/\/dmcsrb.com\/#website","url":"https:\/\/dmcsrb.com\/","name":"dmcsrb.com","description":"","potentialAction":[{"@type":"SearchAction","target":{"@type":"EntryPoint","urlTemplate":"https:\/\/dmcsrb.com\/?s={search_term_string}"},"query-input":{"@type":"PropertyValueSpecification","valueRequired":true,"valueName":"search_term_string"}}],"inLanguage":"en-GB"},{"@type":"Person","@id":"https:\/\/dmcsrb.com\/#\/schema\/person\/5c39170f12db1b8b457732d0b5c854e2","name":"dmcsrbija.com@gmail.com","image":{"@type":"ImageObject","inLanguage":"en-GB","@id":"https:\/\/secure.gravatar.com\/avatar\/68592660ad6347fad0fb587f8d5d8f1a7b44961362f56e4f2cd524feb87e9069?s=96&d=mm&r=g","url":"https:\/\/secure.gravatar.com\/avatar\/68592660ad6347fad0fb587f8d5d8f1a7b44961362f56e4f2cd524feb87e9069?s=96&d=mm&r=g","contentUrl":"https:\/\/secure.gravatar.com\/avatar\/68592660ad6347fad0fb587f8d5d8f1a7b44961362f56e4f2cd524feb87e9069?s=96&d=mm&r=g","caption":"dmcsrbija.com@gmail.com"},"sameAs":["https:\/\/dmcsrb.com"],"url":"https:\/\/dmcsrb.com\/en\/author\/dmcsrbija-comgmail-com\/"}]}},"_links":{"self":[{"href":"https:\/\/dmcsrb.com\/en\/wp-json\/wp\/v2\/posts\/910390","targetHints":{"allow":["GET"]}}],"collection":[{"href":"https:\/\/dmcsrb.com\/en\/wp-json\/wp\/v2\/posts"}],"about":[{"href":"https:\/\/dmcsrb.com\/en\/wp-json\/wp\/v2\/types\/post"}],"author":[{"embeddable":true,"href":"https:\/\/dmcsrb.com\/en\/wp-json\/wp\/v2\/users\/1"}],"replies":[{"embeddable":true,"href":"https:\/\/dmcsrb.com\/en\/wp-json\/wp\/v2\/comments?post=910390"}],"version-history":[{"count":0,"href":"https:\/\/dmcsrb.com\/en\/wp-json\/wp\/v2\/posts\/910390\/revisions"}],"wp:featuredmedia":[{"embeddable":true,"href":"https:\/\/dmcsrb.com\/en\/wp-json\/wp\/v2\/media\/909953"}],"wp:attachment":[{"href":"https:\/\/dmcsrb.com\/en\/wp-json\/wp\/v2\/media?parent=910390"}],"wp:term":[{"taxonomy":"category","embeddable":true,"href":"https:\/\/dmcsrb.com\/en\/wp-json\/wp\/v2\/categories?post=910390"},{"taxonomy":"post_tag","embeddable":true,"href":"https:\/\/dmcsrb.com\/en\/wp-json\/wp\/v2\/tags?post=910390"},{"taxonomy":"naslovna","embeddable":true,"href":"https:\/\/dmcsrb.com\/en\/wp-json\/wp\/v2\/naslovna?post=910390"}],"curies":[{"name":"wp","href":"https:\/\/api.w.org\/{rel}","templated":true}]}}