{"id":910359,"date":"2025-12-07T13:14:00","date_gmt":"2025-12-07T12:14:00","guid":{"rendered":"https:\/\/dmcsrb.com\/uncategorized\/vukicevic-na-blatnjavom-terenu-ne-mozete-ostati-cisti-mijovic-i-savovic-suspendovani\/"},"modified":"2025-12-07T13:14:00","modified_gmt":"2025-12-07T12:14:00","slug":"vukicevic-na-blatnjavom-terenu-ne-mozete-ostati-cisti-mijovic-i-savovic-suspendovani","status":"publish","type":"post","link":"https:\/\/dmcsrb.com\/en\/sport\/vukicevic-na-blatnjavom-terenu-ne-mozete-ostati-cisti-mijovic-i-savovic-suspendovani\/","title":{"rendered":"Vuki\u0107evi\u0107: Na blatnjavom terenu ne mo\u017eete ostati \u010disti, Mijovi\u0107 i Savovi\u0107 suspendovani"},"content":{"rendered":"<p>Iz Budu\u0107nosti su poru\u010dili da su uslovi za igru &#8220;daleko od prosje\u010dnih za igranje fudbala&#8221;, te da je igrana u blatu. <\/p>\n\n\n\n<p>&#8220;Plavi&#8221; su poveli sjajnim golom Danila Vukani\u0107a, ali se kasnije \u2013 u uslovima u kojima je u svakom trenutku neko mogao te\u0161ko da se povrijedi \u2013 bolje sna\u0161ao Petrovac, navodi se na sajtu crnogorskog prvaka.<\/p>\n\n\n\n<p>\u201cSigurno da ni klub, ni ja kao trener nijesmo navikli na ovakve situacije, ali opredjeljenje da pravimo novi tim je proces koji zahtijeva i odre\u0111ene probleme na tom putu. Znao sam da \u0107e biti oscilacija i vi\u0161e \u017ealim \u0161to nijesmo slavili protiv Bokelja i napravili niz od tri uzastopne pobjede, nego \u0161to \u017ealim Petrovac\u201c, rekao je trener Budu\u0107nosti, Dejan Vuki\u0107evi\u0107 nakon me\u010da i dodao: <\/p>\n\n\n\n<p>\u201cI kao \u0161to prethodnih nekoliko utakmica nijesam mogao zamjeriti igra\u010dima na planu odgovornosti, discipline u igri, motivacije, \u017eelje da se napravi rezultat i zajedni\u0161tva, tako nakon utakmice u Petrovcu mogu da ka\u017eem da nam je upravo to nedostajalo kod velike grupe igra\u010da. Razlog iskreno ne znam, ali ne mo\u017eemo po onako te\u0161kom terenu, punom blata, zavr\u0161iti utakmicu neisprljani\u201c.<\/p>\n\n\n\n<p>Budu\u0107nost je u seriji od dva poraza, a do kraja jesenjeg dijela gostova\u0107e najprije Jezeru, a potom De\u010di\u0107u u odlo\u017eenom me\u010du. <\/p>\n\n\n\n<p>\u201cImali smo vo\u0111tsvo, sve u svojim rukama i neke gre\u0161ke i nedovoljna \u017eelja da se vo\u0111stvo brani ko\u0161talo nas je gubitka bodova. \u017dao mi je \u0161to ogroman trud koji se daje na treningu ovoga puta nije prene\u0161en gdje je najpotrebnije \u2013 na utakmicu. Petrovac je kvalitetan, iskusan i ugran tim, a definitivno se bolje snalazio na terenu gdje realno nije bilo uslova za neki lijep fudbal i gdje dominira pristup, borbenost, \u017eelja za pobjedom. Ostala su dva meca do polusezone, moramo tra\u017eiti na\u010din da osvajamo bodove i da \u2013 za razliku od izuzetno lo\u0161eg ljetnjeg prelaznog roka \u2013 napravimo dobar posao u zimskom i ostanemo konkurentni za visok plasman na kraju sezone\u201c, jasan je Vuki\u0107evi\u0107.<\/p>\n\n\n\n<p>Stru\u010dni \u0161tab ni protiv Petrovca, kao ni protiv Bokelja, nije mogao da ra\u010duna na sve igra\u010de \u2013 van protokola su ostali Lazar Mijovi\u0107 i Lazar Savovi\u0107.<\/p>\n\n\n\n<p>\u201cMoram naglasiti, zbog dijela javnosti koja je mo\u017eda slabije upu\u0107ena, da nam u ovom momentu predstavlja ogroman hendikep neigranje Mijovi\u0107a i Savovi\u0107a. Ra\u010dunao sam na njih kada sam planirao tim, ne samo za ovu sezonu, vec na du\u017ei period kada je klub u pitanju, jer jedan ima 17, drugi 22 godine\u201c, rekao je Vuki\u0107evi\u0107. <\/p>\n\n\n\n<p>\u201cKlub im je ponudio izuzetne uslove za produ\u017eetak saradnje, koji njih ne zadovoljavaju i nijesu prepoznali na\u0161u \u017eelju da njihov fudbalski razvoj bude u klubu u kom su ponikli, nijesu pristali na potpise novih ugovora kojim bi skinuli smije\u0161no male klauzule raskida koje imaju iz ranijih ugovora. Nakon toga do\u0161lo je do suspenzije od strane kluba i iz tog razloga nijesu igrali prethodna dva me\u010da, a kako stoje stvari ne\u0107e igrati ni naredna dva me\u010da do kraja polusezone&#8221;, zaklju\u010dio je Vuki\u0107evi\u0107. <\/p>","protected":false},"excerpt":{"rendered":"<p>Iako jo\u0161 nije ni polovina sezone, Budu\u0107nost je na dvocifrenom zaostatku u odnosu na lidera Sutjesku (11 bodova uz me\u010d manje). &#8220;Plavi&#8221; su u subotu poslije preokreta pora\u017eeni u Petrovcu od istoimenog kluba (2:1).<\/p>","protected":false},"author":1,"featured_media":908704,"comment_status":"open","ping_status":"open","sticky":false,"template":"","format":"standard","meta":{"_acf_changed":false,"footnotes":""},"categories":[148],"tags":[1601,263,1602,1603],"naslovna":[],"class_list":["post-910359","post","type-post","status-publish","format-standard","has-post-thumbnail","hentry","category-sport","tag-dejan-vukicevic","tag-fk-buducnost","tag-lazar-mijovic","tag-lazar-savovic"],"acf":[],"yoast_head":"<!-- This site is optimized with the Yoast SEO plugin v27.0 - https:\/\/yoast.com\/product\/yoast-seo-wordpress\/ -->\n<title>Vuki\u0107evi\u0107: Na blatnjavom terenu ne mo\u017eete ostati \u010disti, Mijovi\u0107 i Savovi\u0107 suspendovani - dmcsrb.com<\/title>\n<meta name=\"robots\" content=\"index, follow, max-snippet:-1, max-image-preview:large, max-video-preview:-1\" \/>\n<link rel=\"canonical\" href=\"https:\/\/dmcsrb.com\/en\/sport\/vukicevic-na-blatnjavom-terenu-ne-mozete-ostati-cisti-mijovic-i-savovic-suspendovani\/\" \/>\n<meta property=\"og:locale\" content=\"en_GB\" \/>\n<meta property=\"og:type\" content=\"article\" \/>\n<meta property=\"og:title\" content=\"Vuki\u0107evi\u0107: Na blatnjavom terenu ne mo\u017eete ostati \u010disti, Mijovi\u0107 i Savovi\u0107 suspendovani - dmcsrb.com\" \/>\n<meta property=\"og:description\" content=\"Iako jo\u0161 nije ni polovina sezone, Budu\u0107nost je na dvocifrenom zaostatku u odnosu na lidera Sutjesku (11 bodova uz me\u010d manje). &quot;Plavi&quot; su u subotu poslije preokreta pora\u017eeni u Petrovcu od istoimenog kluba (2:1).\" \/>\n<meta property=\"og:url\" content=\"https:\/\/dmcsrb.com\/en\/sport\/vukicevic-na-blatnjavom-terenu-ne-mozete-ostati-cisti-mijovic-i-savovic-suspendovani\/\" \/>\n<meta property=\"og:site_name\" content=\"dmcsrb.com\" \/>\n<meta property=\"article:published_time\" content=\"2025-12-07T12:14:00+00:00\" \/>\n<meta property=\"og:image\" content=\"https:\/\/dmcsrb.com\/wp-content\/uploads\/2026\/01\/Dejan-Vukicevic-FK-Buducnost-Rusmin-Radic.webp\" \/>\n\t<meta property=\"og:image:width\" content=\"1024\" \/>\n\t<meta property=\"og:image:height\" content=\"683\" \/>\n\t<meta property=\"og:image:type\" content=\"image\/webp\" \/>\n<meta name=\"author\" content=\"dmcsrbija.com@gmail.com\" \/>\n<meta name=\"twitter:card\" content=\"summary_large_image\" \/>\n<meta name=\"twitter:label1\" content=\"Written by\" \/>\n\t<meta name=\"twitter:data1\" content=\"dmcsrbija.com@gmail.com\" \/>\n\t<meta name=\"twitter:label2\" content=\"Estimated reading time\" \/>\n\t<meta name=\"twitter:data2\" content=\"3 minutes\" \/>\n<script type=\"application\/ld+json\" class=\"yoast-schema-graph\">{\"@context\":\"https:\/\/schema.org\",\"@graph\":[{\"@type\":\"Article\",\"@id\":\"https:\/\/dmcsrb.com\/sport\/vukicevic-na-blatnjavom-terenu-ne-mozete-ostati-cisti-mijovic-i-savovic-suspendovani\/#article\",\"isPartOf\":{\"@id\":\"https:\/\/dmcsrb.com\/sport\/vukicevic-na-blatnjavom-terenu-ne-mozete-ostati-cisti-mijovic-i-savovic-suspendovani\/\"},\"author\":{\"name\":\"dmcsrbija.com@gmail.com\",\"@id\":\"https:\/\/dmcsrb.com\/#\/schema\/person\/5c39170f12db1b8b457732d0b5c854e2\"},\"headline\":\"Vuki\u0107evi\u0107: Na blatnjavom terenu ne mo\u017eete ostati \u010disti, Mijovi\u0107 i Savovi\u0107 suspendovani\",\"datePublished\":\"2025-12-07T12:14:00+00:00\",\"mainEntityOfPage\":{\"@id\":\"https:\/\/dmcsrb.com\/sport\/vukicevic-na-blatnjavom-terenu-ne-mozete-ostati-cisti-mijovic-i-savovic-suspendovani\/\"},\"wordCount\":533,\"commentCount\":0,\"image\":{\"@id\":\"https:\/\/dmcsrb.com\/sport\/vukicevic-na-blatnjavom-terenu-ne-mozete-ostati-cisti-mijovic-i-savovic-suspendovani\/#primaryimage\"},\"thumbnailUrl\":\"https:\/\/dmcsrb.com\/wp-content\/uploads\/2026\/01\/Dejan-Vukicevic-FK-Buducnost-Rusmin-Radic.webp\",\"keywords\":[\"Dejan Vuki\u0107evi\u0107\",\"FK Budu\u0107nost\",\"Lazar Mijovi\u0107\",\"Lazar Savovi\u0107\"],\"articleSection\":[\"Sport\"],\"inLanguage\":\"en-GB\",\"potentialAction\":[{\"@type\":\"CommentAction\",\"name\":\"Comment\",\"target\":[\"https:\/\/dmcsrb.com\/sport\/vukicevic-na-blatnjavom-terenu-ne-mozete-ostati-cisti-mijovic-i-savovic-suspendovani\/#respond\"]}]},{\"@type\":\"WebPage\",\"@id\":\"https:\/\/dmcsrb.com\/sport\/vukicevic-na-blatnjavom-terenu-ne-mozete-ostati-cisti-mijovic-i-savovic-suspendovani\/\",\"url\":\"https:\/\/dmcsrb.com\/sport\/vukicevic-na-blatnjavom-terenu-ne-mozete-ostati-cisti-mijovic-i-savovic-suspendovani\/\",\"name\":\"Vuki\u0107evi\u0107: Na blatnjavom terenu ne mo\u017eete ostati \u010disti, Mijovi\u0107 i Savovi\u0107 suspendovani - dmcsrb.com\",\"isPartOf\":{\"@id\":\"https:\/\/dmcsrb.com\/#website\"},\"primaryImageOfPage\":{\"@id\":\"https:\/\/dmcsrb.com\/sport\/vukicevic-na-blatnjavom-terenu-ne-mozete-ostati-cisti-mijovic-i-savovic-suspendovani\/#primaryimage\"},\"image\":{\"@id\":\"https:\/\/dmcsrb.com\/sport\/vukicevic-na-blatnjavom-terenu-ne-mozete-ostati-cisti-mijovic-i-savovic-suspendovani\/#primaryimage\"},\"thumbnailUrl\":\"https:\/\/dmcsrb.com\/wp-content\/uploads\/2026\/01\/Dejan-Vukicevic-FK-Buducnost-Rusmin-Radic.webp\",\"datePublished\":\"2025-12-07T12:14:00+00:00\",\"author\":{\"@id\":\"https:\/\/dmcsrb.com\/#\/schema\/person\/5c39170f12db1b8b457732d0b5c854e2\"},\"breadcrumb\":{\"@id\":\"https:\/\/dmcsrb.com\/sport\/vukicevic-na-blatnjavom-terenu-ne-mozete-ostati-cisti-mijovic-i-savovic-suspendovani\/#breadcrumb\"},\"inLanguage\":\"en-GB\",\"potentialAction\":[{\"@type\":\"ReadAction\",\"target\":[\"https:\/\/dmcsrb.com\/sport\/vukicevic-na-blatnjavom-terenu-ne-mozete-ostati-cisti-mijovic-i-savovic-suspendovani\/\"]}]},{\"@type\":\"ImageObject\",\"inLanguage\":\"en-GB\",\"@id\":\"https:\/\/dmcsrb.com\/sport\/vukicevic-na-blatnjavom-terenu-ne-mozete-ostati-cisti-mijovic-i-savovic-suspendovani\/#primaryimage\",\"url\":\"https:\/\/dmcsrb.com\/wp-content\/uploads\/2026\/01\/Dejan-Vukicevic-FK-Buducnost-Rusmin-Radic.webp\",\"contentUrl\":\"https:\/\/dmcsrb.com\/wp-content\/uploads\/2026\/01\/Dejan-Vukicevic-FK-Buducnost-Rusmin-Radic.webp\",\"width\":1024,\"height\":683},{\"@type\":\"BreadcrumbList\",\"@id\":\"https:\/\/dmcsrb.com\/sport\/vukicevic-na-blatnjavom-terenu-ne-mozete-ostati-cisti-mijovic-i-savovic-suspendovani\/#breadcrumb\",\"itemListElement\":[{\"@type\":\"ListItem\",\"position\":1,\"name\":\"Home\",\"item\":\"https:\/\/dmcsrb.com\/\"},{\"@type\":\"ListItem\",\"position\":2,\"name\":\"Vuki\u0107evi\u0107: Na blatnjavom terenu ne mo\u017eete ostati \u010disti, Mijovi\u0107 i Savovi\u0107 suspendovani\"}]},{\"@type\":\"WebSite\",\"@id\":\"https:\/\/dmcsrb.com\/#website\",\"url\":\"https:\/\/dmcsrb.com\/\",\"name\":\"dmcsrb.com\",\"description\":\"\",\"potentialAction\":[{\"@type\":\"SearchAction\",\"target\":{\"@type\":\"EntryPoint\",\"urlTemplate\":\"https:\/\/dmcsrb.com\/?s={search_term_string}\"},\"query-input\":{\"@type\":\"PropertyValueSpecification\",\"valueRequired\":true,\"valueName\":\"search_term_string\"}}],\"inLanguage\":\"en-GB\"},{\"@type\":\"Person\",\"@id\":\"https:\/\/dmcsrb.com\/#\/schema\/person\/5c39170f12db1b8b457732d0b5c854e2\",\"name\":\"dmcsrbija.com@gmail.com\",\"image\":{\"@type\":\"ImageObject\",\"inLanguage\":\"en-GB\",\"@id\":\"https:\/\/dmcsrb.com\/#\/schema\/person\/image\/\",\"url\":\"https:\/\/secure.gravatar.com\/avatar\/68592660ad6347fad0fb587f8d5d8f1a7b44961362f56e4f2cd524feb87e9069?s=96&d=mm&r=g\",\"contentUrl\":\"https:\/\/secure.gravatar.com\/avatar\/68592660ad6347fad0fb587f8d5d8f1a7b44961362f56e4f2cd524feb87e9069?s=96&d=mm&r=g\",\"caption\":\"dmcsrbija.com@gmail.com\"},\"sameAs\":[\"https:\/\/dmcsrb.com\"],\"url\":\"https:\/\/dmcsrb.com\/en\/author\/dmcsrbija-comgmail-com\/\"}]}<\/script>\n<!-- \/ Yoast SEO plugin. -->","yoast_head_json":{"title":"Vuki\u0107evi\u0107: Na blatnjavom terenu ne mo\u017eete ostati \u010disti, Mijovi\u0107 i Savovi\u0107 suspendovani - dmcsrb.com","robots":{"index":"index","follow":"follow","max-snippet":"max-snippet:-1","max-image-preview":"max-image-preview:large","max-video-preview":"max-video-preview:-1"},"canonical":"https:\/\/dmcsrb.com\/en\/sport\/vukicevic-na-blatnjavom-terenu-ne-mozete-ostati-cisti-mijovic-i-savovic-suspendovani\/","og_locale":"en_GB","og_type":"article","og_title":"Vuki\u0107evi\u0107: Na blatnjavom terenu ne mo\u017eete ostati \u010disti, Mijovi\u0107 i Savovi\u0107 suspendovani - dmcsrb.com","og_description":"Iako jo\u0161 nije ni polovina sezone, Budu\u0107nost je na dvocifrenom zaostatku u odnosu na lidera Sutjesku (11 bodova uz me\u010d manje). \"Plavi\" su u subotu poslije preokreta pora\u017eeni u Petrovcu od istoimenog kluba (2:1).","og_url":"https:\/\/dmcsrb.com\/en\/sport\/vukicevic-na-blatnjavom-terenu-ne-mozete-ostati-cisti-mijovic-i-savovic-suspendovani\/","og_site_name":"dmcsrb.com","article_published_time":"2025-12-07T12:14:00+00:00","og_image":[{"width":1024,"height":683,"url":"https:\/\/dmcsrb.com\/wp-content\/uploads\/2026\/01\/Dejan-Vukicevic-FK-Buducnost-Rusmin-Radic.webp","type":"image\/webp"}],"author":"dmcsrbija.com@gmail.com","twitter_card":"summary_large_image","twitter_misc":{"Written by":"dmcsrbija.com@gmail.com","Estimated reading time":"3 minutes"},"schema":{"@context":"https:\/\/schema.org","@graph":[{"@type":"Article","@id":"https:\/\/dmcsrb.com\/sport\/vukicevic-na-blatnjavom-terenu-ne-mozete-ostati-cisti-mijovic-i-savovic-suspendovani\/#article","isPartOf":{"@id":"https:\/\/dmcsrb.com\/sport\/vukicevic-na-blatnjavom-terenu-ne-mozete-ostati-cisti-mijovic-i-savovic-suspendovani\/"},"author":{"name":"dmcsrbija.com@gmail.com","@id":"https:\/\/dmcsrb.com\/#\/schema\/person\/5c39170f12db1b8b457732d0b5c854e2"},"headline":"Vuki\u0107evi\u0107: Na blatnjavom terenu ne mo\u017eete ostati \u010disti, Mijovi\u0107 i Savovi\u0107 suspendovani","datePublished":"2025-12-07T12:14:00+00:00","mainEntityOfPage":{"@id":"https:\/\/dmcsrb.com\/sport\/vukicevic-na-blatnjavom-terenu-ne-mozete-ostati-cisti-mijovic-i-savovic-suspendovani\/"},"wordCount":533,"commentCount":0,"image":{"@id":"https:\/\/dmcsrb.com\/sport\/vukicevic-na-blatnjavom-terenu-ne-mozete-ostati-cisti-mijovic-i-savovic-suspendovani\/#primaryimage"},"thumbnailUrl":"https:\/\/dmcsrb.com\/wp-content\/uploads\/2026\/01\/Dejan-Vukicevic-FK-Buducnost-Rusmin-Radic.webp","keywords":["Dejan Vuki\u0107evi\u0107","FK Budu\u0107nost","Lazar Mijovi\u0107","Lazar Savovi\u0107"],"articleSection":["Sport"],"inLanguage":"en-GB","potentialAction":[{"@type":"CommentAction","name":"Comment","target":["https:\/\/dmcsrb.com\/sport\/vukicevic-na-blatnjavom-terenu-ne-mozete-ostati-cisti-mijovic-i-savovic-suspendovani\/#respond"]}]},{"@type":"WebPage","@id":"https:\/\/dmcsrb.com\/sport\/vukicevic-na-blatnjavom-terenu-ne-mozete-ostati-cisti-mijovic-i-savovic-suspendovani\/","url":"https:\/\/dmcsrb.com\/sport\/vukicevic-na-blatnjavom-terenu-ne-mozete-ostati-cisti-mijovic-i-savovic-suspendovani\/","name":"Vuki\u0107evi\u0107: Na blatnjavom terenu ne mo\u017eete ostati \u010disti, Mijovi\u0107 i Savovi\u0107 suspendovani - dmcsrb.com","isPartOf":{"@id":"https:\/\/dmcsrb.com\/#website"},"primaryImageOfPage":{"@id":"https:\/\/dmcsrb.com\/sport\/vukicevic-na-blatnjavom-terenu-ne-mozete-ostati-cisti-mijovic-i-savovic-suspendovani\/#primaryimage"},"image":{"@id":"https:\/\/dmcsrb.com\/sport\/vukicevic-na-blatnjavom-terenu-ne-mozete-ostati-cisti-mijovic-i-savovic-suspendovani\/#primaryimage"},"thumbnailUrl":"https:\/\/dmcsrb.com\/wp-content\/uploads\/2026\/01\/Dejan-Vukicevic-FK-Buducnost-Rusmin-Radic.webp","datePublished":"2025-12-07T12:14:00+00:00","author":{"@id":"https:\/\/dmcsrb.com\/#\/schema\/person\/5c39170f12db1b8b457732d0b5c854e2"},"breadcrumb":{"@id":"https:\/\/dmcsrb.com\/sport\/vukicevic-na-blatnjavom-terenu-ne-mozete-ostati-cisti-mijovic-i-savovic-suspendovani\/#breadcrumb"},"inLanguage":"en-GB","potentialAction":[{"@type":"ReadAction","target":["https:\/\/dmcsrb.com\/sport\/vukicevic-na-blatnjavom-terenu-ne-mozete-ostati-cisti-mijovic-i-savovic-suspendovani\/"]}]},{"@type":"ImageObject","inLanguage":"en-GB","@id":"https:\/\/dmcsrb.com\/sport\/vukicevic-na-blatnjavom-terenu-ne-mozete-ostati-cisti-mijovic-i-savovic-suspendovani\/#primaryimage","url":"https:\/\/dmcsrb.com\/wp-content\/uploads\/2026\/01\/Dejan-Vukicevic-FK-Buducnost-Rusmin-Radic.webp","contentUrl":"https:\/\/dmcsrb.com\/wp-content\/uploads\/2026\/01\/Dejan-Vukicevic-FK-Buducnost-Rusmin-Radic.webp","width":1024,"height":683},{"@type":"BreadcrumbList","@id":"https:\/\/dmcsrb.com\/sport\/vukicevic-na-blatnjavom-terenu-ne-mozete-ostati-cisti-mijovic-i-savovic-suspendovani\/#breadcrumb","itemListElement":[{"@type":"ListItem","position":1,"name":"Home","item":"https:\/\/dmcsrb.com\/"},{"@type":"ListItem","position":2,"name":"Vuki\u0107evi\u0107: Na blatnjavom terenu ne mo\u017eete ostati \u010disti, Mijovi\u0107 i Savovi\u0107 suspendovani"}]},{"@type":"WebSite","@id":"https:\/\/dmcsrb.com\/#website","url":"https:\/\/dmcsrb.com\/","name":"dmcsrb.com","description":"","potentialAction":[{"@type":"SearchAction","target":{"@type":"EntryPoint","urlTemplate":"https:\/\/dmcsrb.com\/?s={search_term_string}"},"query-input":{"@type":"PropertyValueSpecification","valueRequired":true,"valueName":"search_term_string"}}],"inLanguage":"en-GB"},{"@type":"Person","@id":"https:\/\/dmcsrb.com\/#\/schema\/person\/5c39170f12db1b8b457732d0b5c854e2","name":"dmcsrbija.com@gmail.com","image":{"@type":"ImageObject","inLanguage":"en-GB","@id":"https:\/\/dmcsrb.com\/#\/schema\/person\/image\/","url":"https:\/\/secure.gravatar.com\/avatar\/68592660ad6347fad0fb587f8d5d8f1a7b44961362f56e4f2cd524feb87e9069?s=96&d=mm&r=g","contentUrl":"https:\/\/secure.gravatar.com\/avatar\/68592660ad6347fad0fb587f8d5d8f1a7b44961362f56e4f2cd524feb87e9069?s=96&d=mm&r=g","caption":"dmcsrbija.com@gmail.com"},"sameAs":["https:\/\/dmcsrb.com"],"url":"https:\/\/dmcsrb.com\/en\/author\/dmcsrbija-comgmail-com\/"}]}},"_links":{"self":[{"href":"https:\/\/dmcsrb.com\/en\/wp-json\/wp\/v2\/posts\/910359","targetHints":{"allow":["GET"]}}],"collection":[{"href":"https:\/\/dmcsrb.com\/en\/wp-json\/wp\/v2\/posts"}],"about":[{"href":"https:\/\/dmcsrb.com\/en\/wp-json\/wp\/v2\/types\/post"}],"author":[{"embeddable":true,"href":"https:\/\/dmcsrb.com\/en\/wp-json\/wp\/v2\/users\/1"}],"replies":[{"embeddable":true,"href":"https:\/\/dmcsrb.com\/en\/wp-json\/wp\/v2\/comments?post=910359"}],"version-history":[{"count":0,"href":"https:\/\/dmcsrb.com\/en\/wp-json\/wp\/v2\/posts\/910359\/revisions"}],"wp:featuredmedia":[{"embeddable":true,"href":"https:\/\/dmcsrb.com\/en\/wp-json\/wp\/v2\/media\/908704"}],"wp:attachment":[{"href":"https:\/\/dmcsrb.com\/en\/wp-json\/wp\/v2\/media?parent=910359"}],"wp:term":[{"taxonomy":"category","embeddable":true,"href":"https:\/\/dmcsrb.com\/en\/wp-json\/wp\/v2\/categories?post=910359"},{"taxonomy":"post_tag","embeddable":true,"href":"https:\/\/dmcsrb.com\/en\/wp-json\/wp\/v2\/tags?post=910359"},{"taxonomy":"naslovna","embeddable":true,"href":"https:\/\/dmcsrb.com\/en\/wp-json\/wp\/v2\/naslovna?post=910359"}],"curies":[{"name":"wp","href":"https:\/\/api.w.org\/{rel}","templated":true}]}}