{"id":910355,"date":"2025-12-07T14:13:00","date_gmt":"2025-12-07T13:13:00","guid":{"rendered":"https:\/\/dmcsrb.com\/uncategorized\/pokrenut-prvi-junior-rendzer-program-u-crnoj-gori\/"},"modified":"2025-12-07T14:13:00","modified_gmt":"2025-12-07T13:13:00","slug":"pokrenut-prvi-junior-rendzer-program-u-crnoj-gori","status":"publish","type":"post","link":"https:\/\/dmcsrb.com\/en\/drustvo\/pokrenut-prvi-junior-rendzer-program-u-crnoj-gori\/","title":{"rendered":"Pokrenut prvi Junior Rend\u017eer program u Crnoj Gori"},"content":{"rendered":"<p>Edukacija djece i mladih jedan je od klju\u010dnih prioriteta Nacionalnih parkova Crne Gore. Ova populacija prepoznata je kao ciljna grupa \u010dija \u0107e se znanja o za\u0161titi prirode direktno odraziti na budu\u0107e generacije i o\u010duvanje vrijednih prostora.<\/p>\n\n\n\n<p>\u201ePoseban fokus na\u0161eg rada usmjeren je na djecu i mlade. Kroz edukaciju, tematske radionice i saradnju sa obrazovnim institucijama, godinama gradimo zajednicu koja razumije va\u017enost o\u010duvanja nacionalnih parkova kao prostora izuzetnih prirodnih i kulturno-istorijskih vrijednosti. Junior rend\u017eer program koji pokre\u0107emo u NP Lov\u0107en nastavak je tih nastojanja da stvaramo generacije koje \u0107e odgovorno brinuti o na\u0161im najvrjednijim podru\u010djima. Na ovaj na\u010din ja\u010damo budu\u0107e kadrovske kapacitete koji \u0107e doprinositi o\u010duvanju Crne Gore kao ekolo\u0161ke dr\u017eave i radimo na uklju\u010divanju lokalnih zajednica u rad upravlja\u010da za\u0161ti\u0107enih poru\u010dja\u201c, kazala je \u0110ureti\u0107.<\/p>\n\n\n\n<p>Ugovorom je predvi\u0111ena me\u0111unarodna saradnja me\u0111u mladima, rend\u017eerima i mentorima, promovisanje sprovo\u0111enja Omladinskog manifesta i anga\u017eovanje mladih u za\u0161ti\u0107enim podru\u010djima. Partnerski okvir obuhvata i inicijative koje omogu\u0107avaju mladima da istra\u017euju, u\u010de, brinu o prirodi i razvijaju evropsko gra\u0111anstvo posve\u0107eno njenoj za\u0161titi.<\/p>\n\n\n\n<p>Predsjednik EUROPARC Federacije <strong>Mihael Ho\u0161ek<\/strong> pojasnio je razliku izme\u0111u Junior rend\u017eer programa i Programa za mlade (Youth+), nagla\u0161avaju\u0107i da su namijenjeni razli\u010ditim uzrasnim grupama i zasnivaju se na razli\u010ditim pristupima. Junior rend\u017eer program je, kako je objasnio, posve\u0107en tinejd\u017eerima koji kroz aktivnosti u\u010de o za\u0161ti\u0107enim podru\u010djima, poma\u017eu jedni drugima i doprinose o\u010duvanju prirode.<\/p>\n\n\n\n<p>\u201eMladi su na\u0161a budu\u0107nost. Kroz ovakve programe vi im pokazujete za\u0161to je va\u017eno \u017eivjeti u za\u0161ti\u0107enim podru\u010djima i brinuti o njima. EUROPARC Federacija ima prednost jer ve\u0107 u na\u0161em Savjetu u\u010destvuju predstavnici mladih, a iskustva su izuzetno pozitivna \u2013 njihov glas donosi druga\u010diji pogled i reakcije na ono \u0161to radimo\u201c, kazao je Ho\u0161ek i dodao da moramo ostati otvoreni prema mladima, jer \u0107e upravo oni u budu\u0107nosti biti rukovodioci za\u0161ti\u0107enih podru\u010dja i EUROPARC Federacije.<\/p>\n\n\n\n<p>Junior rend\u017eer program u NP Lov\u0107en sprovodi\u0107e se u skladu sa smjernicama i preporukama EUROPARC Federacije. U okviru programa bi\u0107e promovisane aktivnosti umre\u017eavanja mladih na lokalnom nivou, kao i njihovo u\u010de\u0161\u0107e na me\u0111unarodnim doga\u0111ajima koje organizuje ova evropska federacija.<\/p>\n\n\n\n<p>EUROPARC Federacija osnovana je 1973. godine i predstavlja najve\u0107u evropsku mre\u017eu za\u0161ti\u0107enih podru\u010dja, \u010diji \u010dlanovi upravljaju \u201ezelenim draguljima\u201c evropskog kopna, mora, planina, \u0161uma, rijeka i kulturnog naslje\u0111a. Nacionalni parkovi Crne Gore vi\u0161e od decenije su \u010dlanovi EUROPARC Federacije, a Ugovor o partnerstvu potpisan je u Podgorici tokom VII Konferencije Parkova Dinarida, odr\u017eane od 2. do 4. decembra 2025. godine.<\/p>\n\n\n\n<p>Junior rend\u017eer program namijenjen je mladima od 12 do 18 godina i, zajedno sa programom Youth+ za uzrast od 18 do 30 godina, predstavlja jednu od dvije klju\u010dne inicijative koje je EUROPARC Federacija razvila kako bi odgovorila na potrebe mladih izra\u017eene u Omladinskom manifestu. Okupljanjem mladih i njihovim aktivnim anga\u017eovanjem u lokalnim zajednicama, cilj je da ih osna\u017eimo da po\u0161tuju i brinu o svojim za\u0161ti\u0107enim podru\u010djima, uz u\u010denje o va\u017enoj ulozi koju rend\u017eeri i mentori imaju u o\u010duvanju prirode. Kroz ove programe Federacija nastoji da promovi\u0161e aktivno evropsko gra\u0111anstvo, me\u0111unarodnu saradnju i podstakne mlade da postanu ambasadori i zagovornici za\u0161ti\u0107enih podru\u010dja \u0161irom Evrope.<\/p>","protected":false},"excerpt":{"rendered":"<p>Direktorica JPNPCG Marinela \u0110ureti\u0107 i predsjednik EUROPARC Federacije Mihael Ho\u0161ek potpisali su Ugovor o partnerstvu kojim se obezbje\u0111uje podr\u0161ka razvoju i sprovo\u0111enju Junior rend\u017eer programa za mlade od 12 do 18 godina. Program \u0107e se najprije realizovati u Nacionalnom parku Lov\u0107en kao pilot podru\u010dju.<\/p>","protected":false},"author":1,"featured_media":910356,"comment_status":"open","ping_status":"open","sticky":false,"template":"","format":"standard","meta":{"_acf_changed":false,"footnotes":""},"categories":[2],"tags":[95,1599,1600],"naslovna":[],"class_list":["post-910355","post","type-post","status-publish","format-standard","has-post-thumbnail","hentry","category-drustvo","tag-crna-gora","tag-npcg","tag-rendzeri"],"acf":[],"yoast_head":"<!-- This site is optimized with the Yoast SEO plugin v27.4 - https:\/\/yoast.com\/product\/yoast-seo-wordpress\/ -->\n<title>Pokrenut prvi Junior Rend\u017eer program u Crnoj Gori - dmcsrb.com<\/title>\n<meta name=\"robots\" content=\"index, follow, max-snippet:-1, max-image-preview:large, max-video-preview:-1\" \/>\n<link rel=\"canonical\" href=\"https:\/\/dmcsrb.com\/en\/drustvo\/pokrenut-prvi-junior-rendzer-program-u-crnoj-gori\/\" \/>\n<meta property=\"og:locale\" content=\"en_GB\" \/>\n<meta property=\"og:type\" content=\"article\" \/>\n<meta property=\"og:title\" content=\"Pokrenut prvi Junior Rend\u017eer program u Crnoj Gori - dmcsrb.com\" \/>\n<meta property=\"og:description\" content=\"Direktorica JPNPCG Marinela \u0110ureti\u0107 i predsjednik EUROPARC Federacije Mihael Ho\u0161ek potpisali su Ugovor o partnerstvu kojim se obezbje\u0111uje podr\u0161ka razvoju i sprovo\u0111enju Junior rend\u017eer programa za mlade od 12 do 18 godina. Program \u0107e se najprije realizovati u Nacionalnom parku Lov\u0107en kao pilot podru\u010dju.\" \/>\n<meta property=\"og:url\" content=\"https:\/\/dmcsrb.com\/en\/drustvo\/pokrenut-prvi-junior-rendzer-program-u-crnoj-gori\/\" \/>\n<meta property=\"og:site_name\" content=\"dmcsrb.com\" \/>\n<meta property=\"article:published_time\" content=\"2025-12-07T13:13:00+00:00\" \/>\n<meta property=\"og:image\" content=\"https:\/\/dmcsrb.com\/wp-content\/uploads\/2026\/01\/Potpisivanje-Ugovora-o-partnerstvu.jpg\" \/>\n\t<meta property=\"og:image:width\" content=\"1280\" \/>\n\t<meta property=\"og:image:height\" content=\"854\" \/>\n\t<meta property=\"og:image:type\" content=\"image\/jpeg\" \/>\n<meta name=\"author\" content=\"dmcsrbija.com@gmail.com\" \/>\n<meta name=\"twitter:card\" content=\"summary_large_image\" \/>\n<meta name=\"twitter:label1\" content=\"Written by\" \/>\n\t<meta name=\"twitter:data1\" content=\"dmcsrbija.com@gmail.com\" \/>\n\t<meta name=\"twitter:label2\" content=\"Estimated reading time\" \/>\n\t<meta name=\"twitter:data2\" content=\"3 minutes\" \/>\n<script type=\"application\/ld+json\" class=\"yoast-schema-graph\">{\"@context\":\"https:\\\/\\\/schema.org\",\"@graph\":[{\"@type\":\"Article\",\"@id\":\"https:\\\/\\\/dmcsrb.com\\\/drustvo\\\/pokrenut-prvi-junior-rendzer-program-u-crnoj-gori\\\/#article\",\"isPartOf\":{\"@id\":\"https:\\\/\\\/dmcsrb.com\\\/drustvo\\\/pokrenut-prvi-junior-rendzer-program-u-crnoj-gori\\\/\"},\"author\":{\"name\":\"dmcsrbija.com@gmail.com\",\"@id\":\"https:\\\/\\\/dmcsrb.com\\\/#\\\/schema\\\/person\\\/5c39170f12db1b8b457732d0b5c854e2\"},\"headline\":\"Pokrenut prvi Junior Rend\u017eer program u Crnoj Gori\",\"datePublished\":\"2025-12-07T13:13:00+00:00\",\"mainEntityOfPage\":{\"@id\":\"https:\\\/\\\/dmcsrb.com\\\/drustvo\\\/pokrenut-prvi-junior-rendzer-program-u-crnoj-gori\\\/\"},\"wordCount\":598,\"commentCount\":0,\"image\":{\"@id\":\"https:\\\/\\\/dmcsrb.com\\\/drustvo\\\/pokrenut-prvi-junior-rendzer-program-u-crnoj-gori\\\/#primaryimage\"},\"thumbnailUrl\":\"https:\\\/\\\/dmcsrb.com\\\/wp-content\\\/uploads\\\/2026\\\/01\\\/Potpisivanje-Ugovora-o-partnerstvu.jpg\",\"keywords\":[\"Crna Gora\",\"NPCG\",\"rend\u017eeri\"],\"articleSection\":[\"Dru\u0161tvo\"],\"inLanguage\":\"en-GB\",\"potentialAction\":[{\"@type\":\"CommentAction\",\"name\":\"Comment\",\"target\":[\"https:\\\/\\\/dmcsrb.com\\\/drustvo\\\/pokrenut-prvi-junior-rendzer-program-u-crnoj-gori\\\/#respond\"]}]},{\"@type\":\"WebPage\",\"@id\":\"https:\\\/\\\/dmcsrb.com\\\/drustvo\\\/pokrenut-prvi-junior-rendzer-program-u-crnoj-gori\\\/\",\"url\":\"https:\\\/\\\/dmcsrb.com\\\/drustvo\\\/pokrenut-prvi-junior-rendzer-program-u-crnoj-gori\\\/\",\"name\":\"Pokrenut prvi Junior Rend\u017eer program u Crnoj Gori - dmcsrb.com\",\"isPartOf\":{\"@id\":\"https:\\\/\\\/dmcsrb.com\\\/#website\"},\"primaryImageOfPage\":{\"@id\":\"https:\\\/\\\/dmcsrb.com\\\/drustvo\\\/pokrenut-prvi-junior-rendzer-program-u-crnoj-gori\\\/#primaryimage\"},\"image\":{\"@id\":\"https:\\\/\\\/dmcsrb.com\\\/drustvo\\\/pokrenut-prvi-junior-rendzer-program-u-crnoj-gori\\\/#primaryimage\"},\"thumbnailUrl\":\"https:\\\/\\\/dmcsrb.com\\\/wp-content\\\/uploads\\\/2026\\\/01\\\/Potpisivanje-Ugovora-o-partnerstvu.jpg\",\"datePublished\":\"2025-12-07T13:13:00+00:00\",\"author\":{\"@id\":\"https:\\\/\\\/dmcsrb.com\\\/#\\\/schema\\\/person\\\/5c39170f12db1b8b457732d0b5c854e2\"},\"breadcrumb\":{\"@id\":\"https:\\\/\\\/dmcsrb.com\\\/drustvo\\\/pokrenut-prvi-junior-rendzer-program-u-crnoj-gori\\\/#breadcrumb\"},\"inLanguage\":\"en-GB\",\"potentialAction\":[{\"@type\":\"ReadAction\",\"target\":[\"https:\\\/\\\/dmcsrb.com\\\/drustvo\\\/pokrenut-prvi-junior-rendzer-program-u-crnoj-gori\\\/\"]}]},{\"@type\":\"ImageObject\",\"inLanguage\":\"en-GB\",\"@id\":\"https:\\\/\\\/dmcsrb.com\\\/drustvo\\\/pokrenut-prvi-junior-rendzer-program-u-crnoj-gori\\\/#primaryimage\",\"url\":\"https:\\\/\\\/dmcsrb.com\\\/wp-content\\\/uploads\\\/2026\\\/01\\\/Potpisivanje-Ugovora-o-partnerstvu.jpg\",\"contentUrl\":\"https:\\\/\\\/dmcsrb.com\\\/wp-content\\\/uploads\\\/2026\\\/01\\\/Potpisivanje-Ugovora-o-partnerstvu.jpg\",\"width\":1280,\"height\":854},{\"@type\":\"BreadcrumbList\",\"@id\":\"https:\\\/\\\/dmcsrb.com\\\/drustvo\\\/pokrenut-prvi-junior-rendzer-program-u-crnoj-gori\\\/#breadcrumb\",\"itemListElement\":[{\"@type\":\"ListItem\",\"position\":1,\"name\":\"Home\",\"item\":\"https:\\\/\\\/dmcsrb.com\\\/\"},{\"@type\":\"ListItem\",\"position\":2,\"name\":\"Pokrenut prvi Junior Rend\u017eer program u Crnoj Gori\"}]},{\"@type\":\"WebSite\",\"@id\":\"https:\\\/\\\/dmcsrb.com\\\/#website\",\"url\":\"https:\\\/\\\/dmcsrb.com\\\/\",\"name\":\"dmcsrb.com\",\"description\":\"\",\"potentialAction\":[{\"@type\":\"SearchAction\",\"target\":{\"@type\":\"EntryPoint\",\"urlTemplate\":\"https:\\\/\\\/dmcsrb.com\\\/?s={search_term_string}\"},\"query-input\":{\"@type\":\"PropertyValueSpecification\",\"valueRequired\":true,\"valueName\":\"search_term_string\"}}],\"inLanguage\":\"en-GB\"},{\"@type\":\"Person\",\"@id\":\"https:\\\/\\\/dmcsrb.com\\\/#\\\/schema\\\/person\\\/5c39170f12db1b8b457732d0b5c854e2\",\"name\":\"dmcsrbija.com@gmail.com\",\"image\":{\"@type\":\"ImageObject\",\"inLanguage\":\"en-GB\",\"@id\":\"https:\\\/\\\/secure.gravatar.com\\\/avatar\\\/68592660ad6347fad0fb587f8d5d8f1a7b44961362f56e4f2cd524feb87e9069?s=96&d=mm&r=g\",\"url\":\"https:\\\/\\\/secure.gravatar.com\\\/avatar\\\/68592660ad6347fad0fb587f8d5d8f1a7b44961362f56e4f2cd524feb87e9069?s=96&d=mm&r=g\",\"contentUrl\":\"https:\\\/\\\/secure.gravatar.com\\\/avatar\\\/68592660ad6347fad0fb587f8d5d8f1a7b44961362f56e4f2cd524feb87e9069?s=96&d=mm&r=g\",\"caption\":\"dmcsrbija.com@gmail.com\"},\"sameAs\":[\"https:\\\/\\\/dmcsrb.com\"],\"url\":\"https:\\\/\\\/dmcsrb.com\\\/en\\\/author\\\/dmcsrbija-comgmail-com\\\/\"}]}<\/script>\n<!-- \/ Yoast SEO plugin. -->","yoast_head_json":{"title":"Pokrenut prvi Junior Rend\u017eer program u Crnoj Gori - dmcsrb.com","robots":{"index":"index","follow":"follow","max-snippet":"max-snippet:-1","max-image-preview":"max-image-preview:large","max-video-preview":"max-video-preview:-1"},"canonical":"https:\/\/dmcsrb.com\/en\/drustvo\/pokrenut-prvi-junior-rendzer-program-u-crnoj-gori\/","og_locale":"en_GB","og_type":"article","og_title":"Pokrenut prvi Junior Rend\u017eer program u Crnoj Gori - dmcsrb.com","og_description":"Direktorica JPNPCG Marinela \u0110ureti\u0107 i predsjednik EUROPARC Federacije Mihael Ho\u0161ek potpisali su Ugovor o partnerstvu kojim se obezbje\u0111uje podr\u0161ka razvoju i sprovo\u0111enju Junior rend\u017eer programa za mlade od 12 do 18 godina. Program \u0107e se najprije realizovati u Nacionalnom parku Lov\u0107en kao pilot podru\u010dju.","og_url":"https:\/\/dmcsrb.com\/en\/drustvo\/pokrenut-prvi-junior-rendzer-program-u-crnoj-gori\/","og_site_name":"dmcsrb.com","article_published_time":"2025-12-07T13:13:00+00:00","og_image":[{"width":1280,"height":854,"url":"https:\/\/dmcsrb.com\/wp-content\/uploads\/2026\/01\/Potpisivanje-Ugovora-o-partnerstvu.jpg","type":"image\/jpeg"}],"author":"dmcsrbija.com@gmail.com","twitter_card":"summary_large_image","twitter_misc":{"Written by":"dmcsrbija.com@gmail.com","Estimated reading time":"3 minutes"},"schema":{"@context":"https:\/\/schema.org","@graph":[{"@type":"Article","@id":"https:\/\/dmcsrb.com\/drustvo\/pokrenut-prvi-junior-rendzer-program-u-crnoj-gori\/#article","isPartOf":{"@id":"https:\/\/dmcsrb.com\/drustvo\/pokrenut-prvi-junior-rendzer-program-u-crnoj-gori\/"},"author":{"name":"dmcsrbija.com@gmail.com","@id":"https:\/\/dmcsrb.com\/#\/schema\/person\/5c39170f12db1b8b457732d0b5c854e2"},"headline":"Pokrenut prvi Junior Rend\u017eer program u Crnoj Gori","datePublished":"2025-12-07T13:13:00+00:00","mainEntityOfPage":{"@id":"https:\/\/dmcsrb.com\/drustvo\/pokrenut-prvi-junior-rendzer-program-u-crnoj-gori\/"},"wordCount":598,"commentCount":0,"image":{"@id":"https:\/\/dmcsrb.com\/drustvo\/pokrenut-prvi-junior-rendzer-program-u-crnoj-gori\/#primaryimage"},"thumbnailUrl":"https:\/\/dmcsrb.com\/wp-content\/uploads\/2026\/01\/Potpisivanje-Ugovora-o-partnerstvu.jpg","keywords":["Crna Gora","NPCG","rend\u017eeri"],"articleSection":["Dru\u0161tvo"],"inLanguage":"en-GB","potentialAction":[{"@type":"CommentAction","name":"Comment","target":["https:\/\/dmcsrb.com\/drustvo\/pokrenut-prvi-junior-rendzer-program-u-crnoj-gori\/#respond"]}]},{"@type":"WebPage","@id":"https:\/\/dmcsrb.com\/drustvo\/pokrenut-prvi-junior-rendzer-program-u-crnoj-gori\/","url":"https:\/\/dmcsrb.com\/drustvo\/pokrenut-prvi-junior-rendzer-program-u-crnoj-gori\/","name":"Pokrenut prvi Junior Rend\u017eer program u Crnoj Gori - dmcsrb.com","isPartOf":{"@id":"https:\/\/dmcsrb.com\/#website"},"primaryImageOfPage":{"@id":"https:\/\/dmcsrb.com\/drustvo\/pokrenut-prvi-junior-rendzer-program-u-crnoj-gori\/#primaryimage"},"image":{"@id":"https:\/\/dmcsrb.com\/drustvo\/pokrenut-prvi-junior-rendzer-program-u-crnoj-gori\/#primaryimage"},"thumbnailUrl":"https:\/\/dmcsrb.com\/wp-content\/uploads\/2026\/01\/Potpisivanje-Ugovora-o-partnerstvu.jpg","datePublished":"2025-12-07T13:13:00+00:00","author":{"@id":"https:\/\/dmcsrb.com\/#\/schema\/person\/5c39170f12db1b8b457732d0b5c854e2"},"breadcrumb":{"@id":"https:\/\/dmcsrb.com\/drustvo\/pokrenut-prvi-junior-rendzer-program-u-crnoj-gori\/#breadcrumb"},"inLanguage":"en-GB","potentialAction":[{"@type":"ReadAction","target":["https:\/\/dmcsrb.com\/drustvo\/pokrenut-prvi-junior-rendzer-program-u-crnoj-gori\/"]}]},{"@type":"ImageObject","inLanguage":"en-GB","@id":"https:\/\/dmcsrb.com\/drustvo\/pokrenut-prvi-junior-rendzer-program-u-crnoj-gori\/#primaryimage","url":"https:\/\/dmcsrb.com\/wp-content\/uploads\/2026\/01\/Potpisivanje-Ugovora-o-partnerstvu.jpg","contentUrl":"https:\/\/dmcsrb.com\/wp-content\/uploads\/2026\/01\/Potpisivanje-Ugovora-o-partnerstvu.jpg","width":1280,"height":854},{"@type":"BreadcrumbList","@id":"https:\/\/dmcsrb.com\/drustvo\/pokrenut-prvi-junior-rendzer-program-u-crnoj-gori\/#breadcrumb","itemListElement":[{"@type":"ListItem","position":1,"name":"Home","item":"https:\/\/dmcsrb.com\/"},{"@type":"ListItem","position":2,"name":"Pokrenut prvi Junior Rend\u017eer program u Crnoj Gori"}]},{"@type":"WebSite","@id":"https:\/\/dmcsrb.com\/#website","url":"https:\/\/dmcsrb.com\/","name":"dmcsrb.com","description":"","potentialAction":[{"@type":"SearchAction","target":{"@type":"EntryPoint","urlTemplate":"https:\/\/dmcsrb.com\/?s={search_term_string}"},"query-input":{"@type":"PropertyValueSpecification","valueRequired":true,"valueName":"search_term_string"}}],"inLanguage":"en-GB"},{"@type":"Person","@id":"https:\/\/dmcsrb.com\/#\/schema\/person\/5c39170f12db1b8b457732d0b5c854e2","name":"dmcsrbija.com@gmail.com","image":{"@type":"ImageObject","inLanguage":"en-GB","@id":"https:\/\/secure.gravatar.com\/avatar\/68592660ad6347fad0fb587f8d5d8f1a7b44961362f56e4f2cd524feb87e9069?s=96&d=mm&r=g","url":"https:\/\/secure.gravatar.com\/avatar\/68592660ad6347fad0fb587f8d5d8f1a7b44961362f56e4f2cd524feb87e9069?s=96&d=mm&r=g","contentUrl":"https:\/\/secure.gravatar.com\/avatar\/68592660ad6347fad0fb587f8d5d8f1a7b44961362f56e4f2cd524feb87e9069?s=96&d=mm&r=g","caption":"dmcsrbija.com@gmail.com"},"sameAs":["https:\/\/dmcsrb.com"],"url":"https:\/\/dmcsrb.com\/en\/author\/dmcsrbija-comgmail-com\/"}]}},"_links":{"self":[{"href":"https:\/\/dmcsrb.com\/en\/wp-json\/wp\/v2\/posts\/910355","targetHints":{"allow":["GET"]}}],"collection":[{"href":"https:\/\/dmcsrb.com\/en\/wp-json\/wp\/v2\/posts"}],"about":[{"href":"https:\/\/dmcsrb.com\/en\/wp-json\/wp\/v2\/types\/post"}],"author":[{"embeddable":true,"href":"https:\/\/dmcsrb.com\/en\/wp-json\/wp\/v2\/users\/1"}],"replies":[{"embeddable":true,"href":"https:\/\/dmcsrb.com\/en\/wp-json\/wp\/v2\/comments?post=910355"}],"version-history":[{"count":0,"href":"https:\/\/dmcsrb.com\/en\/wp-json\/wp\/v2\/posts\/910355\/revisions"}],"wp:featuredmedia":[{"embeddable":true,"href":"https:\/\/dmcsrb.com\/en\/wp-json\/wp\/v2\/media\/910356"}],"wp:attachment":[{"href":"https:\/\/dmcsrb.com\/en\/wp-json\/wp\/v2\/media?parent=910355"}],"wp:term":[{"taxonomy":"category","embeddable":true,"href":"https:\/\/dmcsrb.com\/en\/wp-json\/wp\/v2\/categories?post=910355"},{"taxonomy":"post_tag","embeddable":true,"href":"https:\/\/dmcsrb.com\/en\/wp-json\/wp\/v2\/tags?post=910355"},{"taxonomy":"naslovna","embeddable":true,"href":"https:\/\/dmcsrb.com\/en\/wp-json\/wp\/v2\/naslovna?post=910355"}],"curies":[{"name":"wp","href":"https:\/\/api.w.org\/{rel}","templated":true}]}}