{"id":910304,"date":"2025-12-07T07:54:00","date_gmt":"2025-12-07T06:54:00","guid":{"rendered":"https:\/\/dmcsrb.com\/uncategorized\/kelog-sjedinjene-drzave-nece-slati-svoje-trupe-u-ukrajinu\/"},"modified":"2025-12-07T07:54:00","modified_gmt":"2025-12-07T06:54:00","slug":"kelog-sjedinjene-drzave-nece-slati-svoje-trupe-u-ukrajinu","status":"publish","type":"post","link":"https:\/\/dmcsrb.com\/en\/svijet\/kelog-sjedinjene-drzave-nece-slati-svoje-trupe-u-ukrajinu\/","title":{"rendered":"Kelog: Sjedinjene Dr\u017eave ne\u0107e slati svoje trupe u Ukrajinu"},"content":{"rendered":"<p><a href=\"https:\/\/www.facebook.com\/share.php?u=https:\/\/www.rts.rs\/lat\/vesti\/ratu-u-ukrajini\/5842411\/rat-u-ukrajini-sukob-rusije-i-ukrajine-.html?sid=602891\"><\/a><a href=\"https:\/\/twitter.com\/share\"><\/a><a href=\"https:\/\/www.linkedin.com\/shareArticle?mini=true&amp;url=https:\/\/www.rts.rs\/lat\/vesti\/ratu-u-ukrajini\/5842411\/rat-u-ukrajini-sukob-rusije-i-ukrajine-.html?sid=602891&amp;title=&amp;source=rts.rs\"><\/a><a href=\"https:\/\/www.rts.rs\/lat.html?print=true\" target=\"_blank\" rel=\"noreferrer noopener\"><\/a><\/p>\n\n\n\n<p>&#8220;Ne\u0107emo slati trupe&#8221;, odgovorio je Kelog na pitanje o naporima da se izvr\u0161i pritisak na Rusiju da okon\u010da ukrajinski sukob.<\/p>\n\n\n\n<p>Podsje\u0107amo, ameri\u010dki predsjednik Donald Tramp \u017eeli da se rat okon\u010da u \u0161to kra\u0107em roku.<\/p>\n\n\n\n<p><\/p>","protected":false},"excerpt":{"rendered":"<p>Sjedinjene Dr\u017eave ne\u0107e slati trupe u Ukrajinu, izjavio je\u00a0specijalni izaslanik ameri\u010dkog predsjednika Kit Kelog na forumu koji je organizovala Predsjedni\u010dka fondacija Ronalda Regana u Kaliforniji.<\/p>","protected":false},"author":1,"featured_media":910305,"comment_status":"open","ping_status":"open","sticky":false,"template":"","format":"standard","meta":{"_acf_changed":false,"footnotes":""},"categories":[144],"tags":[1399,651,195,234],"naslovna":[],"class_list":["post-910304","post","type-post","status-publish","format-standard","has-post-thumbnail","hentry","category-svijet","tag-rat","tag-rusija","tag-sad","tag-ukrajina"],"acf":[],"yoast_head":"<!-- This site is optimized with the Yoast SEO plugin v27.0 - https:\/\/yoast.com\/product\/yoast-seo-wordpress\/ -->\n<title>Kelog: Sjedinjene Dr\u017eave ne\u0107e slati svoje trupe u Ukrajinu - dmcsrb.com<\/title>\n<meta name=\"robots\" content=\"index, follow, max-snippet:-1, max-image-preview:large, max-video-preview:-1\" \/>\n<link rel=\"canonical\" href=\"https:\/\/dmcsrb.com\/en\/svijet\/kelog-sjedinjene-drzave-nece-slati-svoje-trupe-u-ukrajinu\/\" \/>\n<meta property=\"og:locale\" content=\"en_GB\" \/>\n<meta property=\"og:type\" content=\"article\" \/>\n<meta property=\"og:title\" content=\"Kelog: Sjedinjene Dr\u017eave ne\u0107e slati svoje trupe u Ukrajinu - dmcsrb.com\" \/>\n<meta property=\"og:description\" content=\"Sjedinjene Dr\u017eave ne\u0107e slati trupe u Ukrajinu, izjavio je\u00a0specijalni izaslanik ameri\u010dkog predsjednika Kit Kelog na forumu koji je organizovala Predsjedni\u010dka fondacija Ronalda Regana u Kaliforniji.\" \/>\n<meta property=\"og:url\" content=\"https:\/\/dmcsrb.com\/en\/svijet\/kelog-sjedinjene-drzave-nece-slati-svoje-trupe-u-ukrajinu\/\" \/>\n<meta property=\"og:site_name\" content=\"dmcsrb.com\" \/>\n<meta property=\"article:published_time\" content=\"2025-12-07T06:54:00+00:00\" \/>\n<meta property=\"og:image\" content=\"https:\/\/dmcsrb.com\/wp-content\/uploads\/2026\/01\/zastave-ukrajina-SAD.jpg\" \/>\n\t<meta property=\"og:image:width\" content=\"1024\" \/>\n\t<meta property=\"og:image:height\" content=\"585\" \/>\n\t<meta property=\"og:image:type\" content=\"image\/jpeg\" \/>\n<meta name=\"author\" content=\"dmcsrbija.com@gmail.com\" \/>\n<meta name=\"twitter:card\" content=\"summary_large_image\" \/>\n<meta name=\"twitter:label1\" content=\"Written by\" \/>\n\t<meta name=\"twitter:data1\" content=\"dmcsrbija.com@gmail.com\" \/>\n<script type=\"application\/ld+json\" class=\"yoast-schema-graph\">{\"@context\":\"https:\/\/schema.org\",\"@graph\":[{\"@type\":\"Article\",\"@id\":\"https:\/\/dmcsrb.com\/svijet\/kelog-sjedinjene-drzave-nece-slati-svoje-trupe-u-ukrajinu\/#article\",\"isPartOf\":{\"@id\":\"https:\/\/dmcsrb.com\/svijet\/kelog-sjedinjene-drzave-nece-slati-svoje-trupe-u-ukrajinu\/\"},\"author\":{\"name\":\"dmcsrbija.com@gmail.com\",\"@id\":\"https:\/\/dmcsrb.com\/#\/schema\/person\/5c39170f12db1b8b457732d0b5c854e2\"},\"headline\":\"Kelog: Sjedinjene Dr\u017eave ne\u0107e slati svoje trupe u Ukrajinu\",\"datePublished\":\"2025-12-07T06:54:00+00:00\",\"mainEntityOfPage\":{\"@id\":\"https:\/\/dmcsrb.com\/svijet\/kelog-sjedinjene-drzave-nece-slati-svoje-trupe-u-ukrajinu\/\"},\"wordCount\":52,\"commentCount\":0,\"image\":{\"@id\":\"https:\/\/dmcsrb.com\/svijet\/kelog-sjedinjene-drzave-nece-slati-svoje-trupe-u-ukrajinu\/#primaryimage\"},\"thumbnailUrl\":\"https:\/\/dmcsrb.com\/wp-content\/uploads\/2026\/01\/zastave-ukrajina-SAD.jpg\",\"keywords\":[\"rat\",\"Rusija\",\"SAD\",\"Ukrajina\"],\"articleSection\":[\"Svijet\"],\"inLanguage\":\"en-GB\",\"potentialAction\":[{\"@type\":\"CommentAction\",\"name\":\"Comment\",\"target\":[\"https:\/\/dmcsrb.com\/svijet\/kelog-sjedinjene-drzave-nece-slati-svoje-trupe-u-ukrajinu\/#respond\"]}]},{\"@type\":\"WebPage\",\"@id\":\"https:\/\/dmcsrb.com\/svijet\/kelog-sjedinjene-drzave-nece-slati-svoje-trupe-u-ukrajinu\/\",\"url\":\"https:\/\/dmcsrb.com\/svijet\/kelog-sjedinjene-drzave-nece-slati-svoje-trupe-u-ukrajinu\/\",\"name\":\"Kelog: Sjedinjene Dr\u017eave ne\u0107e slati svoje trupe u Ukrajinu - dmcsrb.com\",\"isPartOf\":{\"@id\":\"https:\/\/dmcsrb.com\/#website\"},\"primaryImageOfPage\":{\"@id\":\"https:\/\/dmcsrb.com\/svijet\/kelog-sjedinjene-drzave-nece-slati-svoje-trupe-u-ukrajinu\/#primaryimage\"},\"image\":{\"@id\":\"https:\/\/dmcsrb.com\/svijet\/kelog-sjedinjene-drzave-nece-slati-svoje-trupe-u-ukrajinu\/#primaryimage\"},\"thumbnailUrl\":\"https:\/\/dmcsrb.com\/wp-content\/uploads\/2026\/01\/zastave-ukrajina-SAD.jpg\",\"datePublished\":\"2025-12-07T06:54:00+00:00\",\"author\":{\"@id\":\"https:\/\/dmcsrb.com\/#\/schema\/person\/5c39170f12db1b8b457732d0b5c854e2\"},\"breadcrumb\":{\"@id\":\"https:\/\/dmcsrb.com\/svijet\/kelog-sjedinjene-drzave-nece-slati-svoje-trupe-u-ukrajinu\/#breadcrumb\"},\"inLanguage\":\"en-GB\",\"potentialAction\":[{\"@type\":\"ReadAction\",\"target\":[\"https:\/\/dmcsrb.com\/svijet\/kelog-sjedinjene-drzave-nece-slati-svoje-trupe-u-ukrajinu\/\"]}]},{\"@type\":\"ImageObject\",\"inLanguage\":\"en-GB\",\"@id\":\"https:\/\/dmcsrb.com\/svijet\/kelog-sjedinjene-drzave-nece-slati-svoje-trupe-u-ukrajinu\/#primaryimage\",\"url\":\"https:\/\/dmcsrb.com\/wp-content\/uploads\/2026\/01\/zastave-ukrajina-SAD.jpg\",\"contentUrl\":\"https:\/\/dmcsrb.com\/wp-content\/uploads\/2026\/01\/zastave-ukrajina-SAD.jpg\",\"width\":1024,\"height\":585},{\"@type\":\"BreadcrumbList\",\"@id\":\"https:\/\/dmcsrb.com\/svijet\/kelog-sjedinjene-drzave-nece-slati-svoje-trupe-u-ukrajinu\/#breadcrumb\",\"itemListElement\":[{\"@type\":\"ListItem\",\"position\":1,\"name\":\"Home\",\"item\":\"https:\/\/dmcsrb.com\/\"},{\"@type\":\"ListItem\",\"position\":2,\"name\":\"Kelog: Sjedinjene Dr\u017eave ne\u0107e slati svoje trupe u Ukrajinu\"}]},{\"@type\":\"WebSite\",\"@id\":\"https:\/\/dmcsrb.com\/#website\",\"url\":\"https:\/\/dmcsrb.com\/\",\"name\":\"dmcsrb.com\",\"description\":\"\",\"potentialAction\":[{\"@type\":\"SearchAction\",\"target\":{\"@type\":\"EntryPoint\",\"urlTemplate\":\"https:\/\/dmcsrb.com\/?s={search_term_string}\"},\"query-input\":{\"@type\":\"PropertyValueSpecification\",\"valueRequired\":true,\"valueName\":\"search_term_string\"}}],\"inLanguage\":\"en-GB\"},{\"@type\":\"Person\",\"@id\":\"https:\/\/dmcsrb.com\/#\/schema\/person\/5c39170f12db1b8b457732d0b5c854e2\",\"name\":\"dmcsrbija.com@gmail.com\",\"image\":{\"@type\":\"ImageObject\",\"inLanguage\":\"en-GB\",\"@id\":\"https:\/\/dmcsrb.com\/#\/schema\/person\/image\/\",\"url\":\"https:\/\/secure.gravatar.com\/avatar\/68592660ad6347fad0fb587f8d5d8f1a7b44961362f56e4f2cd524feb87e9069?s=96&d=mm&r=g\",\"contentUrl\":\"https:\/\/secure.gravatar.com\/avatar\/68592660ad6347fad0fb587f8d5d8f1a7b44961362f56e4f2cd524feb87e9069?s=96&d=mm&r=g\",\"caption\":\"dmcsrbija.com@gmail.com\"},\"sameAs\":[\"https:\/\/dmcsrb.com\"],\"url\":\"https:\/\/dmcsrb.com\/en\/author\/dmcsrbija-comgmail-com\/\"}]}<\/script>\n<!-- \/ Yoast SEO plugin. -->","yoast_head_json":{"title":"Kelog: Sjedinjene Dr\u017eave ne\u0107e slati svoje trupe u Ukrajinu - dmcsrb.com","robots":{"index":"index","follow":"follow","max-snippet":"max-snippet:-1","max-image-preview":"max-image-preview:large","max-video-preview":"max-video-preview:-1"},"canonical":"https:\/\/dmcsrb.com\/en\/svijet\/kelog-sjedinjene-drzave-nece-slati-svoje-trupe-u-ukrajinu\/","og_locale":"en_GB","og_type":"article","og_title":"Kelog: Sjedinjene Dr\u017eave ne\u0107e slati svoje trupe u Ukrajinu - dmcsrb.com","og_description":"Sjedinjene Dr\u017eave ne\u0107e slati trupe u Ukrajinu, izjavio je\u00a0specijalni izaslanik ameri\u010dkog predsjednika Kit Kelog na forumu koji je organizovala Predsjedni\u010dka fondacija Ronalda Regana u Kaliforniji.","og_url":"https:\/\/dmcsrb.com\/en\/svijet\/kelog-sjedinjene-drzave-nece-slati-svoje-trupe-u-ukrajinu\/","og_site_name":"dmcsrb.com","article_published_time":"2025-12-07T06:54:00+00:00","og_image":[{"width":1024,"height":585,"url":"https:\/\/dmcsrb.com\/wp-content\/uploads\/2026\/01\/zastave-ukrajina-SAD.jpg","type":"image\/jpeg"}],"author":"dmcsrbija.com@gmail.com","twitter_card":"summary_large_image","twitter_misc":{"Written by":"dmcsrbija.com@gmail.com"},"schema":{"@context":"https:\/\/schema.org","@graph":[{"@type":"Article","@id":"https:\/\/dmcsrb.com\/svijet\/kelog-sjedinjene-drzave-nece-slati-svoje-trupe-u-ukrajinu\/#article","isPartOf":{"@id":"https:\/\/dmcsrb.com\/svijet\/kelog-sjedinjene-drzave-nece-slati-svoje-trupe-u-ukrajinu\/"},"author":{"name":"dmcsrbija.com@gmail.com","@id":"https:\/\/dmcsrb.com\/#\/schema\/person\/5c39170f12db1b8b457732d0b5c854e2"},"headline":"Kelog: Sjedinjene Dr\u017eave ne\u0107e slati svoje trupe u Ukrajinu","datePublished":"2025-12-07T06:54:00+00:00","mainEntityOfPage":{"@id":"https:\/\/dmcsrb.com\/svijet\/kelog-sjedinjene-drzave-nece-slati-svoje-trupe-u-ukrajinu\/"},"wordCount":52,"commentCount":0,"image":{"@id":"https:\/\/dmcsrb.com\/svijet\/kelog-sjedinjene-drzave-nece-slati-svoje-trupe-u-ukrajinu\/#primaryimage"},"thumbnailUrl":"https:\/\/dmcsrb.com\/wp-content\/uploads\/2026\/01\/zastave-ukrajina-SAD.jpg","keywords":["rat","Rusija","SAD","Ukrajina"],"articleSection":["Svijet"],"inLanguage":"en-GB","potentialAction":[{"@type":"CommentAction","name":"Comment","target":["https:\/\/dmcsrb.com\/svijet\/kelog-sjedinjene-drzave-nece-slati-svoje-trupe-u-ukrajinu\/#respond"]}]},{"@type":"WebPage","@id":"https:\/\/dmcsrb.com\/svijet\/kelog-sjedinjene-drzave-nece-slati-svoje-trupe-u-ukrajinu\/","url":"https:\/\/dmcsrb.com\/svijet\/kelog-sjedinjene-drzave-nece-slati-svoje-trupe-u-ukrajinu\/","name":"Kelog: Sjedinjene Dr\u017eave ne\u0107e slati svoje trupe u Ukrajinu - dmcsrb.com","isPartOf":{"@id":"https:\/\/dmcsrb.com\/#website"},"primaryImageOfPage":{"@id":"https:\/\/dmcsrb.com\/svijet\/kelog-sjedinjene-drzave-nece-slati-svoje-trupe-u-ukrajinu\/#primaryimage"},"image":{"@id":"https:\/\/dmcsrb.com\/svijet\/kelog-sjedinjene-drzave-nece-slati-svoje-trupe-u-ukrajinu\/#primaryimage"},"thumbnailUrl":"https:\/\/dmcsrb.com\/wp-content\/uploads\/2026\/01\/zastave-ukrajina-SAD.jpg","datePublished":"2025-12-07T06:54:00+00:00","author":{"@id":"https:\/\/dmcsrb.com\/#\/schema\/person\/5c39170f12db1b8b457732d0b5c854e2"},"breadcrumb":{"@id":"https:\/\/dmcsrb.com\/svijet\/kelog-sjedinjene-drzave-nece-slati-svoje-trupe-u-ukrajinu\/#breadcrumb"},"inLanguage":"en-GB","potentialAction":[{"@type":"ReadAction","target":["https:\/\/dmcsrb.com\/svijet\/kelog-sjedinjene-drzave-nece-slati-svoje-trupe-u-ukrajinu\/"]}]},{"@type":"ImageObject","inLanguage":"en-GB","@id":"https:\/\/dmcsrb.com\/svijet\/kelog-sjedinjene-drzave-nece-slati-svoje-trupe-u-ukrajinu\/#primaryimage","url":"https:\/\/dmcsrb.com\/wp-content\/uploads\/2026\/01\/zastave-ukrajina-SAD.jpg","contentUrl":"https:\/\/dmcsrb.com\/wp-content\/uploads\/2026\/01\/zastave-ukrajina-SAD.jpg","width":1024,"height":585},{"@type":"BreadcrumbList","@id":"https:\/\/dmcsrb.com\/svijet\/kelog-sjedinjene-drzave-nece-slati-svoje-trupe-u-ukrajinu\/#breadcrumb","itemListElement":[{"@type":"ListItem","position":1,"name":"Home","item":"https:\/\/dmcsrb.com\/"},{"@type":"ListItem","position":2,"name":"Kelog: Sjedinjene Dr\u017eave ne\u0107e slati svoje trupe u Ukrajinu"}]},{"@type":"WebSite","@id":"https:\/\/dmcsrb.com\/#website","url":"https:\/\/dmcsrb.com\/","name":"dmcsrb.com","description":"","potentialAction":[{"@type":"SearchAction","target":{"@type":"EntryPoint","urlTemplate":"https:\/\/dmcsrb.com\/?s={search_term_string}"},"query-input":{"@type":"PropertyValueSpecification","valueRequired":true,"valueName":"search_term_string"}}],"inLanguage":"en-GB"},{"@type":"Person","@id":"https:\/\/dmcsrb.com\/#\/schema\/person\/5c39170f12db1b8b457732d0b5c854e2","name":"dmcsrbija.com@gmail.com","image":{"@type":"ImageObject","inLanguage":"en-GB","@id":"https:\/\/dmcsrb.com\/#\/schema\/person\/image\/","url":"https:\/\/secure.gravatar.com\/avatar\/68592660ad6347fad0fb587f8d5d8f1a7b44961362f56e4f2cd524feb87e9069?s=96&d=mm&r=g","contentUrl":"https:\/\/secure.gravatar.com\/avatar\/68592660ad6347fad0fb587f8d5d8f1a7b44961362f56e4f2cd524feb87e9069?s=96&d=mm&r=g","caption":"dmcsrbija.com@gmail.com"},"sameAs":["https:\/\/dmcsrb.com"],"url":"https:\/\/dmcsrb.com\/en\/author\/dmcsrbija-comgmail-com\/"}]}},"_links":{"self":[{"href":"https:\/\/dmcsrb.com\/en\/wp-json\/wp\/v2\/posts\/910304","targetHints":{"allow":["GET"]}}],"collection":[{"href":"https:\/\/dmcsrb.com\/en\/wp-json\/wp\/v2\/posts"}],"about":[{"href":"https:\/\/dmcsrb.com\/en\/wp-json\/wp\/v2\/types\/post"}],"author":[{"embeddable":true,"href":"https:\/\/dmcsrb.com\/en\/wp-json\/wp\/v2\/users\/1"}],"replies":[{"embeddable":true,"href":"https:\/\/dmcsrb.com\/en\/wp-json\/wp\/v2\/comments?post=910304"}],"version-history":[{"count":0,"href":"https:\/\/dmcsrb.com\/en\/wp-json\/wp\/v2\/posts\/910304\/revisions"}],"wp:featuredmedia":[{"embeddable":true,"href":"https:\/\/dmcsrb.com\/en\/wp-json\/wp\/v2\/media\/910305"}],"wp:attachment":[{"href":"https:\/\/dmcsrb.com\/en\/wp-json\/wp\/v2\/media?parent=910304"}],"wp:term":[{"taxonomy":"category","embeddable":true,"href":"https:\/\/dmcsrb.com\/en\/wp-json\/wp\/v2\/categories?post=910304"},{"taxonomy":"post_tag","embeddable":true,"href":"https:\/\/dmcsrb.com\/en\/wp-json\/wp\/v2\/tags?post=910304"},{"taxonomy":"naslovna","embeddable":true,"href":"https:\/\/dmcsrb.com\/en\/wp-json\/wp\/v2\/naslovna?post=910304"}],"curies":[{"name":"wp","href":"https:\/\/api.w.org\/{rel}","templated":true}]}}