{"id":910211,"date":"2025-12-06T16:19:00","date_gmt":"2025-12-06T15:19:00","guid":{"rendered":"https:\/\/dmcsrb.com\/uncategorized\/dobro-jutro-podgorice-o-medjunarodnom-danu-civilnog-vazduhoplovstva\/"},"modified":"2025-12-06T16:19:00","modified_gmt":"2025-12-06T15:19:00","slug":"dobro-jutro-podgorice-o-medjunarodnom-danu-civilnog-vazduhoplovstva","status":"publish","type":"post","link":"https:\/\/dmcsrb.com\/en\/podgorica\/dobro-jutro-podgorice-o-medjunarodnom-danu-civilnog-vazduhoplovstva\/","title":{"rendered":"&#8220;Dobro jutro, Podgorice&#8221;: O Me\u0111unarodnom danu civilnog vazduhoplovstva"},"content":{"rendered":"<p>Na\u0161i reprezentativci u podvodnom ribolovu &nbsp;osvojili su tre\u0107e mjesto na Svjetskom prvenstvu u Brazilu. . U izuzetno jakoj konkurenciji i te\u0161kim uslovima ronjenja na\u0161a takmi\u010darka Lidija Vuki\u0107 osvojila je bronzanu medalju ostaviv\u0161i iza sebe najja\u010de nacije svijeta \u0160paniju, Italiju, Hrvatsku, Francusku.<\/p>\n\n\n\n<p>Nikola Radinovi\u0107 i Avni Sadriju osvojili su srebrne medalje na IFBB Svjetskom prvenstvu u Saudijskoj Arabiji .Na\u0161i reprezentativci pomenuti uspjeh ostvarili su u disciplini \u201efitness challenge\u201c \u0161to je jo\u0161 jedan istorijski rezultat za crnogorski sport.<\/p>\n\n\n\n<p>U svijet elektronske muzike i jo\u0161 jednog Higher Sense spktakla uvode nas Aleksandar I Andrijana Joksimovi\u0107<\/p>\n\n\n\n<p>Izdvajamo i pri\u010de koje su obilje\u017eile sedmicu za nama, servisne informacije od saobra\u0107aja i&nbsp; vremenske prognoze do kulturnih doga\u0111aja i korisnih savjeta.<\/p>\n\n\n\n<p>Vodimo vas&nbsp; u svijet&nbsp; zanimljivosti i de\u0161avanja sa svih meridijana. Donosimo vijesti, neobi\u010dne doga\u0111aje i&nbsp; inspirativne pri\u010de koje pokazuju koliko je svijet raznolik i pun iznena\u0111enja.<\/p>\n\n\n\n<p>Za na\u0161e gledaoce pripremamo brojne poklone.<\/p>\n\n\n\n<p>Gledajte \u201eDobro jutro, Podgorice\u201c i vikendom od 9:00!<\/p>","protected":false},"excerpt":{"rendered":"<p>Povodom Me\u0111unarodnog dana civilnog vazduhoplovstva na\u0161i gosti su Rajko Uskokovi\u0107, zamjenik direktora Kontrole letenja Srbije i Crne Gore i Marko \u0110urovi\u0107, kontrolor letenja. Govorimo o bezbjednom, efikasnom i urednom odvijanju saobra\u0107aja na nebu. Otkrivamo i kako izgleda jedan radni dan kontrolora letenja, kolika je odgovornost koju nose i \u0161ta se krije iza fraze \u201c nevidljivi \u010duvari neba\u201d.<\/p>","protected":false},"author":1,"featured_media":909994,"comment_status":"open","ping_status":"open","sticky":false,"template":"","format":"standard","meta":{"_acf_changed":false,"footnotes":""},"categories":[56],"tags":[1496,31,553],"naslovna":[],"class_list":["post-910211","post","type-post","status-publish","format-standard","has-post-thumbnail","hentry","category-podgorica","tag-dobro-jutro","tag-podgorica","tag-rtv-podgorica"],"acf":[],"yoast_head":"<!-- This site is optimized with the Yoast SEO plugin v27.0 - https:\/\/yoast.com\/product\/yoast-seo-wordpress\/ -->\n<title>&quot;Dobro jutro, Podgorice&quot;: O Me\u0111unarodnom danu civilnog vazduhoplovstva - dmcsrb.com<\/title>\n<meta name=\"robots\" content=\"index, follow, max-snippet:-1, max-image-preview:large, max-video-preview:-1\" \/>\n<link rel=\"canonical\" href=\"https:\/\/dmcsrb.com\/en\/podgorica\/dobro-jutro-podgorice-o-medjunarodnom-danu-civilnog-vazduhoplovstva\/\" \/>\n<meta property=\"og:locale\" content=\"en_GB\" \/>\n<meta property=\"og:type\" content=\"article\" \/>\n<meta property=\"og:title\" content=\"&quot;Dobro jutro, Podgorice&quot;: O Me\u0111unarodnom danu civilnog vazduhoplovstva - dmcsrb.com\" \/>\n<meta property=\"og:description\" content=\"Povodom Me\u0111unarodnog dana civilnog vazduhoplovstva na\u0161i gosti su Rajko Uskokovi\u0107, zamjenik direktora Kontrole letenja Srbije i Crne Gore i Marko \u0110urovi\u0107, kontrolor letenja. Govorimo o bezbjednom, efikasnom i urednom odvijanju saobra\u0107aja na nebu. Otkrivamo i kako izgleda jedan radni dan kontrolora letenja, kolika je odgovornost koju nose i \u0161ta se krije iza fraze \u201c nevidljivi \u010duvari neba\u201d.\" \/>\n<meta property=\"og:url\" content=\"https:\/\/dmcsrb.com\/en\/podgorica\/dobro-jutro-podgorice-o-medjunarodnom-danu-civilnog-vazduhoplovstva\/\" \/>\n<meta property=\"og:site_name\" content=\"dmcsrb.com\" \/>\n<meta property=\"article:published_time\" content=\"2025-12-06T15:19:00+00:00\" \/>\n<meta property=\"og:image\" content=\"https:\/\/dmcsrb.com\/wp-content\/uploads\/2026\/01\/ana-sofranac-768x7591-2.jpg\" \/>\n\t<meta property=\"og:image:width\" content=\"768\" \/>\n\t<meta property=\"og:image:height\" content=\"561\" \/>\n\t<meta property=\"og:image:type\" content=\"image\/jpeg\" \/>\n<meta name=\"author\" content=\"dmcsrbija.com@gmail.com\" \/>\n<meta name=\"twitter:card\" content=\"summary_large_image\" \/>\n<meta name=\"twitter:label1\" content=\"Written by\" \/>\n\t<meta name=\"twitter:data1\" content=\"dmcsrbija.com@gmail.com\" \/>\n\t<meta name=\"twitter:label2\" content=\"Estimated reading time\" \/>\n\t<meta name=\"twitter:data2\" content=\"1 minute\" \/>\n<script type=\"application\/ld+json\" class=\"yoast-schema-graph\">{\"@context\":\"https:\/\/schema.org\",\"@graph\":[{\"@type\":\"Article\",\"@id\":\"https:\/\/dmcsrb.com\/podgorica\/dobro-jutro-podgorice-o-medjunarodnom-danu-civilnog-vazduhoplovstva\/#article\",\"isPartOf\":{\"@id\":\"https:\/\/dmcsrb.com\/podgorica\/dobro-jutro-podgorice-o-medjunarodnom-danu-civilnog-vazduhoplovstva\/\"},\"author\":{\"name\":\"dmcsrbija.com@gmail.com\",\"@id\":\"https:\/\/dmcsrb.com\/#\/schema\/person\/5c39170f12db1b8b457732d0b5c854e2\"},\"headline\":\"&#8220;Dobro jutro, Podgorice&#8221;: O Me\u0111unarodnom danu civilnog vazduhoplovstva\",\"datePublished\":\"2025-12-06T15:19:00+00:00\",\"mainEntityOfPage\":{\"@id\":\"https:\/\/dmcsrb.com\/podgorica\/dobro-jutro-podgorice-o-medjunarodnom-danu-civilnog-vazduhoplovstva\/\"},\"wordCount\":184,\"commentCount\":0,\"image\":{\"@id\":\"https:\/\/dmcsrb.com\/podgorica\/dobro-jutro-podgorice-o-medjunarodnom-danu-civilnog-vazduhoplovstva\/#primaryimage\"},\"thumbnailUrl\":\"https:\/\/dmcsrb.com\/wp-content\/uploads\/2026\/01\/ana-sofranac-768x7591-2.jpg\",\"keywords\":[\"dobro jutro\",\"Podgorica\",\"RTV Podgorica\"],\"articleSection\":[\"Podgorica\"],\"inLanguage\":\"en-GB\",\"potentialAction\":[{\"@type\":\"CommentAction\",\"name\":\"Comment\",\"target\":[\"https:\/\/dmcsrb.com\/podgorica\/dobro-jutro-podgorice-o-medjunarodnom-danu-civilnog-vazduhoplovstva\/#respond\"]}]},{\"@type\":\"WebPage\",\"@id\":\"https:\/\/dmcsrb.com\/podgorica\/dobro-jutro-podgorice-o-medjunarodnom-danu-civilnog-vazduhoplovstva\/\",\"url\":\"https:\/\/dmcsrb.com\/podgorica\/dobro-jutro-podgorice-o-medjunarodnom-danu-civilnog-vazduhoplovstva\/\",\"name\":\"\\\"Dobro jutro, Podgorice\\\": O Me\u0111unarodnom danu civilnog vazduhoplovstva - dmcsrb.com\",\"isPartOf\":{\"@id\":\"https:\/\/dmcsrb.com\/#website\"},\"primaryImageOfPage\":{\"@id\":\"https:\/\/dmcsrb.com\/podgorica\/dobro-jutro-podgorice-o-medjunarodnom-danu-civilnog-vazduhoplovstva\/#primaryimage\"},\"image\":{\"@id\":\"https:\/\/dmcsrb.com\/podgorica\/dobro-jutro-podgorice-o-medjunarodnom-danu-civilnog-vazduhoplovstva\/#primaryimage\"},\"thumbnailUrl\":\"https:\/\/dmcsrb.com\/wp-content\/uploads\/2026\/01\/ana-sofranac-768x7591-2.jpg\",\"datePublished\":\"2025-12-06T15:19:00+00:00\",\"author\":{\"@id\":\"https:\/\/dmcsrb.com\/#\/schema\/person\/5c39170f12db1b8b457732d0b5c854e2\"},\"breadcrumb\":{\"@id\":\"https:\/\/dmcsrb.com\/podgorica\/dobro-jutro-podgorice-o-medjunarodnom-danu-civilnog-vazduhoplovstva\/#breadcrumb\"},\"inLanguage\":\"en-GB\",\"potentialAction\":[{\"@type\":\"ReadAction\",\"target\":[\"https:\/\/dmcsrb.com\/podgorica\/dobro-jutro-podgorice-o-medjunarodnom-danu-civilnog-vazduhoplovstva\/\"]}]},{\"@type\":\"ImageObject\",\"inLanguage\":\"en-GB\",\"@id\":\"https:\/\/dmcsrb.com\/podgorica\/dobro-jutro-podgorice-o-medjunarodnom-danu-civilnog-vazduhoplovstva\/#primaryimage\",\"url\":\"https:\/\/dmcsrb.com\/wp-content\/uploads\/2026\/01\/ana-sofranac-768x7591-2.jpg\",\"contentUrl\":\"https:\/\/dmcsrb.com\/wp-content\/uploads\/2026\/01\/ana-sofranac-768x7591-2.jpg\",\"width\":768,\"height\":561},{\"@type\":\"BreadcrumbList\",\"@id\":\"https:\/\/dmcsrb.com\/podgorica\/dobro-jutro-podgorice-o-medjunarodnom-danu-civilnog-vazduhoplovstva\/#breadcrumb\",\"itemListElement\":[{\"@type\":\"ListItem\",\"position\":1,\"name\":\"Home\",\"item\":\"https:\/\/dmcsrb.com\/\"},{\"@type\":\"ListItem\",\"position\":2,\"name\":\"&#8220;Dobro jutro, Podgorice&#8221;: O Me\u0111unarodnom danu civilnog vazduhoplovstva\"}]},{\"@type\":\"WebSite\",\"@id\":\"https:\/\/dmcsrb.com\/#website\",\"url\":\"https:\/\/dmcsrb.com\/\",\"name\":\"dmcsrb.com\",\"description\":\"\",\"potentialAction\":[{\"@type\":\"SearchAction\",\"target\":{\"@type\":\"EntryPoint\",\"urlTemplate\":\"https:\/\/dmcsrb.com\/?s={search_term_string}\"},\"query-input\":{\"@type\":\"PropertyValueSpecification\",\"valueRequired\":true,\"valueName\":\"search_term_string\"}}],\"inLanguage\":\"en-GB\"},{\"@type\":\"Person\",\"@id\":\"https:\/\/dmcsrb.com\/#\/schema\/person\/5c39170f12db1b8b457732d0b5c854e2\",\"name\":\"dmcsrbija.com@gmail.com\",\"image\":{\"@type\":\"ImageObject\",\"inLanguage\":\"en-GB\",\"@id\":\"https:\/\/dmcsrb.com\/#\/schema\/person\/image\/\",\"url\":\"https:\/\/secure.gravatar.com\/avatar\/68592660ad6347fad0fb587f8d5d8f1a7b44961362f56e4f2cd524feb87e9069?s=96&d=mm&r=g\",\"contentUrl\":\"https:\/\/secure.gravatar.com\/avatar\/68592660ad6347fad0fb587f8d5d8f1a7b44961362f56e4f2cd524feb87e9069?s=96&d=mm&r=g\",\"caption\":\"dmcsrbija.com@gmail.com\"},\"sameAs\":[\"https:\/\/dmcsrb.com\"],\"url\":\"https:\/\/dmcsrb.com\/en\/author\/dmcsrbija-comgmail-com\/\"}]}<\/script>\n<!-- \/ Yoast SEO plugin. -->","yoast_head_json":{"title":"\"Dobro jutro, Podgorice\": O Me\u0111unarodnom danu civilnog vazduhoplovstva - dmcsrb.com","robots":{"index":"index","follow":"follow","max-snippet":"max-snippet:-1","max-image-preview":"max-image-preview:large","max-video-preview":"max-video-preview:-1"},"canonical":"https:\/\/dmcsrb.com\/en\/podgorica\/dobro-jutro-podgorice-o-medjunarodnom-danu-civilnog-vazduhoplovstva\/","og_locale":"en_GB","og_type":"article","og_title":"\"Dobro jutro, Podgorice\": O Me\u0111unarodnom danu civilnog vazduhoplovstva - dmcsrb.com","og_description":"Povodom Me\u0111unarodnog dana civilnog vazduhoplovstva na\u0161i gosti su Rajko Uskokovi\u0107, zamjenik direktora Kontrole letenja Srbije i Crne Gore i Marko \u0110urovi\u0107, kontrolor letenja. Govorimo o bezbjednom, efikasnom i urednom odvijanju saobra\u0107aja na nebu. Otkrivamo i kako izgleda jedan radni dan kontrolora letenja, kolika je odgovornost koju nose i \u0161ta se krije iza fraze \u201c nevidljivi \u010duvari neba\u201d.","og_url":"https:\/\/dmcsrb.com\/en\/podgorica\/dobro-jutro-podgorice-o-medjunarodnom-danu-civilnog-vazduhoplovstva\/","og_site_name":"dmcsrb.com","article_published_time":"2025-12-06T15:19:00+00:00","og_image":[{"width":768,"height":561,"url":"https:\/\/dmcsrb.com\/wp-content\/uploads\/2026\/01\/ana-sofranac-768x7591-2.jpg","type":"image\/jpeg"}],"author":"dmcsrbija.com@gmail.com","twitter_card":"summary_large_image","twitter_misc":{"Written by":"dmcsrbija.com@gmail.com","Estimated reading time":"1 minute"},"schema":{"@context":"https:\/\/schema.org","@graph":[{"@type":"Article","@id":"https:\/\/dmcsrb.com\/podgorica\/dobro-jutro-podgorice-o-medjunarodnom-danu-civilnog-vazduhoplovstva\/#article","isPartOf":{"@id":"https:\/\/dmcsrb.com\/podgorica\/dobro-jutro-podgorice-o-medjunarodnom-danu-civilnog-vazduhoplovstva\/"},"author":{"name":"dmcsrbija.com@gmail.com","@id":"https:\/\/dmcsrb.com\/#\/schema\/person\/5c39170f12db1b8b457732d0b5c854e2"},"headline":"&#8220;Dobro jutro, Podgorice&#8221;: O Me\u0111unarodnom danu civilnog vazduhoplovstva","datePublished":"2025-12-06T15:19:00+00:00","mainEntityOfPage":{"@id":"https:\/\/dmcsrb.com\/podgorica\/dobro-jutro-podgorice-o-medjunarodnom-danu-civilnog-vazduhoplovstva\/"},"wordCount":184,"commentCount":0,"image":{"@id":"https:\/\/dmcsrb.com\/podgorica\/dobro-jutro-podgorice-o-medjunarodnom-danu-civilnog-vazduhoplovstva\/#primaryimage"},"thumbnailUrl":"https:\/\/dmcsrb.com\/wp-content\/uploads\/2026\/01\/ana-sofranac-768x7591-2.jpg","keywords":["dobro jutro","Podgorica","RTV Podgorica"],"articleSection":["Podgorica"],"inLanguage":"en-GB","potentialAction":[{"@type":"CommentAction","name":"Comment","target":["https:\/\/dmcsrb.com\/podgorica\/dobro-jutro-podgorice-o-medjunarodnom-danu-civilnog-vazduhoplovstva\/#respond"]}]},{"@type":"WebPage","@id":"https:\/\/dmcsrb.com\/podgorica\/dobro-jutro-podgorice-o-medjunarodnom-danu-civilnog-vazduhoplovstva\/","url":"https:\/\/dmcsrb.com\/podgorica\/dobro-jutro-podgorice-o-medjunarodnom-danu-civilnog-vazduhoplovstva\/","name":"\"Dobro jutro, Podgorice\": O Me\u0111unarodnom danu civilnog vazduhoplovstva - dmcsrb.com","isPartOf":{"@id":"https:\/\/dmcsrb.com\/#website"},"primaryImageOfPage":{"@id":"https:\/\/dmcsrb.com\/podgorica\/dobro-jutro-podgorice-o-medjunarodnom-danu-civilnog-vazduhoplovstva\/#primaryimage"},"image":{"@id":"https:\/\/dmcsrb.com\/podgorica\/dobro-jutro-podgorice-o-medjunarodnom-danu-civilnog-vazduhoplovstva\/#primaryimage"},"thumbnailUrl":"https:\/\/dmcsrb.com\/wp-content\/uploads\/2026\/01\/ana-sofranac-768x7591-2.jpg","datePublished":"2025-12-06T15:19:00+00:00","author":{"@id":"https:\/\/dmcsrb.com\/#\/schema\/person\/5c39170f12db1b8b457732d0b5c854e2"},"breadcrumb":{"@id":"https:\/\/dmcsrb.com\/podgorica\/dobro-jutro-podgorice-o-medjunarodnom-danu-civilnog-vazduhoplovstva\/#breadcrumb"},"inLanguage":"en-GB","potentialAction":[{"@type":"ReadAction","target":["https:\/\/dmcsrb.com\/podgorica\/dobro-jutro-podgorice-o-medjunarodnom-danu-civilnog-vazduhoplovstva\/"]}]},{"@type":"ImageObject","inLanguage":"en-GB","@id":"https:\/\/dmcsrb.com\/podgorica\/dobro-jutro-podgorice-o-medjunarodnom-danu-civilnog-vazduhoplovstva\/#primaryimage","url":"https:\/\/dmcsrb.com\/wp-content\/uploads\/2026\/01\/ana-sofranac-768x7591-2.jpg","contentUrl":"https:\/\/dmcsrb.com\/wp-content\/uploads\/2026\/01\/ana-sofranac-768x7591-2.jpg","width":768,"height":561},{"@type":"BreadcrumbList","@id":"https:\/\/dmcsrb.com\/podgorica\/dobro-jutro-podgorice-o-medjunarodnom-danu-civilnog-vazduhoplovstva\/#breadcrumb","itemListElement":[{"@type":"ListItem","position":1,"name":"Home","item":"https:\/\/dmcsrb.com\/"},{"@type":"ListItem","position":2,"name":"&#8220;Dobro jutro, Podgorice&#8221;: O Me\u0111unarodnom danu civilnog vazduhoplovstva"}]},{"@type":"WebSite","@id":"https:\/\/dmcsrb.com\/#website","url":"https:\/\/dmcsrb.com\/","name":"dmcsrb.com","description":"","potentialAction":[{"@type":"SearchAction","target":{"@type":"EntryPoint","urlTemplate":"https:\/\/dmcsrb.com\/?s={search_term_string}"},"query-input":{"@type":"PropertyValueSpecification","valueRequired":true,"valueName":"search_term_string"}}],"inLanguage":"en-GB"},{"@type":"Person","@id":"https:\/\/dmcsrb.com\/#\/schema\/person\/5c39170f12db1b8b457732d0b5c854e2","name":"dmcsrbija.com@gmail.com","image":{"@type":"ImageObject","inLanguage":"en-GB","@id":"https:\/\/dmcsrb.com\/#\/schema\/person\/image\/","url":"https:\/\/secure.gravatar.com\/avatar\/68592660ad6347fad0fb587f8d5d8f1a7b44961362f56e4f2cd524feb87e9069?s=96&d=mm&r=g","contentUrl":"https:\/\/secure.gravatar.com\/avatar\/68592660ad6347fad0fb587f8d5d8f1a7b44961362f56e4f2cd524feb87e9069?s=96&d=mm&r=g","caption":"dmcsrbija.com@gmail.com"},"sameAs":["https:\/\/dmcsrb.com"],"url":"https:\/\/dmcsrb.com\/en\/author\/dmcsrbija-comgmail-com\/"}]}},"_links":{"self":[{"href":"https:\/\/dmcsrb.com\/en\/wp-json\/wp\/v2\/posts\/910211","targetHints":{"allow":["GET"]}}],"collection":[{"href":"https:\/\/dmcsrb.com\/en\/wp-json\/wp\/v2\/posts"}],"about":[{"href":"https:\/\/dmcsrb.com\/en\/wp-json\/wp\/v2\/types\/post"}],"author":[{"embeddable":true,"href":"https:\/\/dmcsrb.com\/en\/wp-json\/wp\/v2\/users\/1"}],"replies":[{"embeddable":true,"href":"https:\/\/dmcsrb.com\/en\/wp-json\/wp\/v2\/comments?post=910211"}],"version-history":[{"count":0,"href":"https:\/\/dmcsrb.com\/en\/wp-json\/wp\/v2\/posts\/910211\/revisions"}],"wp:featuredmedia":[{"embeddable":true,"href":"https:\/\/dmcsrb.com\/en\/wp-json\/wp\/v2\/media\/909994"}],"wp:attachment":[{"href":"https:\/\/dmcsrb.com\/en\/wp-json\/wp\/v2\/media?parent=910211"}],"wp:term":[{"taxonomy":"category","embeddable":true,"href":"https:\/\/dmcsrb.com\/en\/wp-json\/wp\/v2\/categories?post=910211"},{"taxonomy":"post_tag","embeddable":true,"href":"https:\/\/dmcsrb.com\/en\/wp-json\/wp\/v2\/tags?post=910211"},{"taxonomy":"naslovna","embeddable":true,"href":"https:\/\/dmcsrb.com\/en\/wp-json\/wp\/v2\/naslovna?post=910211"}],"curies":[{"name":"wp","href":"https:\/\/api.w.org\/{rel}","templated":true}]}}