{"id":910087,"date":"2025-12-05T19:38:00","date_gmt":"2025-12-05T18:38:00","guid":{"rendered":"https:\/\/dmcsrb.com\/uncategorized\/cikotic-ministarke-da-jasno-i-javno-zatraze-smjenu-vranesa\/"},"modified":"2025-12-05T19:38:00","modified_gmt":"2025-12-05T18:38:00","slug":"cikotic-ministarke-da-jasno-i-javno-zatraze-smjenu-vranesa","status":"publish","type":"post","link":"https:\/\/dmcsrb.com\/en\/politika\/cikotic-ministarke-da-jasno-i-javno-zatraze-smjenu-vranesa\/","title":{"rendered":"Cikoti\u0107: Ministarke da jasno i javno zatra\u017ee smjenu Vrane\u0161a"},"content":{"rendered":"<p><\/p>\n\n\n\n<p>&#8220;Po\u0161to je premijera Spaji\u0107a o\u010digledno strah da zatra\u017ei smjenu Vrane\u0161a, a od Demokrata se ni\u0161ta dobro svakako ne mo\u017ee o\u010dekivati, pozivam ministarke iz redova PES-a da reaguju&#8221;, kazala je Cikoti\u0107.<\/p>\n\n\n\n<p>Ona je pozvala ministarke da jasno i javno zatra\u017ee smjenu Vrane\u0161a, jer Spaji\u0107 &#8220;o\u010digledno za to nema hrabrosti&#8221;.<\/p>\n\n\n\n<p>&#8220;Ako Maida Gor\u010devi\u0107, Naida Ni\u0161i\u0107, An\u0111ela Jak\u0161i\u0107 Stojanovi\u0107 i Majda Ad\u017eovi\u0107 \u017eele da se i dalje pozivaju na evropske standarde, vrijeme je da prestanu slu\u017eiti kao dekor politici primitivizma i mizoginije. Vjerujem da \u0107e pokazati je da nijesu figure u sopstvenoj partiji i Vladi, ve\u0107 ozbiljna politi\u010dka snaga koja \u0107e znati da brani svoje ali i dostojanstvo svih \u017eena u Crnoj Gori&#8221;, navela je Cikoti\u0107.<\/p>","protected":false},"excerpt":{"rendered":"<p>Vrane\u0161ev napad na Milku Tadi\u0107 Mijovi\u0107 je rezultat politi\u010dkog \u0161ti\u0107enja koje mu obezbje\u0111uju PES i Demokrate. Zato je ovo i njihova sramota, ocijenila je potpredsjednica SDP-a i predstavnica Evropskog saveza, Amina Cikoti\u0107.<\/p>","protected":false},"author":1,"featured_media":910088,"comment_status":"open","ping_status":"open","sticky":false,"template":"","format":"standard","meta":{"_acf_changed":false,"footnotes":""},"categories":[12],"tags":[1377,1329],"naslovna":[],"class_list":["post-910087","post","type-post","status-publish","format-standard","has-post-thumbnail","hentry","category-politika","tag-amina-cikotic","tag-dario-vranes"],"acf":[],"yoast_head":"<!-- This site is optimized with the Yoast SEO plugin v27.4 - https:\/\/yoast.com\/product\/yoast-seo-wordpress\/ -->\n<title>Cikoti\u0107: Ministarke da jasno i javno zatra\u017ee smjenu Vrane\u0161a - dmcsrb.com<\/title>\n<meta name=\"robots\" content=\"index, follow, max-snippet:-1, max-image-preview:large, max-video-preview:-1\" \/>\n<link rel=\"canonical\" href=\"https:\/\/dmcsrb.com\/en\/politika\/cikotic-ministarke-da-jasno-i-javno-zatraze-smjenu-vranesa\/\" \/>\n<meta property=\"og:locale\" content=\"en_GB\" \/>\n<meta property=\"og:type\" content=\"article\" \/>\n<meta property=\"og:title\" content=\"Cikoti\u0107: Ministarke da jasno i javno zatra\u017ee smjenu Vrane\u0161a - dmcsrb.com\" \/>\n<meta property=\"og:description\" content=\"Vrane\u0161ev napad na Milku Tadi\u0107 Mijovi\u0107 je rezultat politi\u010dkog \u0161ti\u0107enja koje mu obezbje\u0111uju PES i Demokrate. Zato je ovo i njihova sramota, ocijenila je potpredsjednica SDP-a i predstavnica Evropskog saveza, Amina Cikoti\u0107.\" \/>\n<meta property=\"og:url\" content=\"https:\/\/dmcsrb.com\/en\/politika\/cikotic-ministarke-da-jasno-i-javno-zatraze-smjenu-vranesa\/\" \/>\n<meta property=\"og:site_name\" content=\"dmcsrb.com\" \/>\n<meta property=\"article:published_time\" content=\"2025-12-05T18:38:00+00:00\" \/>\n<meta property=\"og:image\" content=\"https:\/\/dmcsrb.com\/wp-content\/uploads\/2026\/01\/Amina-Cikotic-foto-Evropski-savez.jpg\" \/>\n\t<meta property=\"og:image:width\" content=\"970\" \/>\n\t<meta property=\"og:image:height\" content=\"552\" \/>\n\t<meta property=\"og:image:type\" content=\"image\/jpeg\" \/>\n<meta name=\"author\" content=\"dmcsrbija.com@gmail.com\" \/>\n<meta name=\"twitter:card\" content=\"summary_large_image\" \/>\n<meta name=\"twitter:label1\" content=\"Written by\" \/>\n\t<meta name=\"twitter:data1\" content=\"dmcsrbija.com@gmail.com\" \/>\n\t<meta name=\"twitter:label2\" content=\"Estimated reading time\" \/>\n\t<meta name=\"twitter:data2\" content=\"1 minute\" \/>\n<script type=\"application\/ld+json\" class=\"yoast-schema-graph\">{\"@context\":\"https:\\\/\\\/schema.org\",\"@graph\":[{\"@type\":\"Article\",\"@id\":\"https:\\\/\\\/dmcsrb.com\\\/en\\\/politika\\\/cikotic-ministarke-da-jasno-i-javno-zatraze-smjenu-vranesa\\\/#article\",\"isPartOf\":{\"@id\":\"https:\\\/\\\/dmcsrb.com\\\/en\\\/politika\\\/cikotic-ministarke-da-jasno-i-javno-zatraze-smjenu-vranesa\\\/\"},\"author\":{\"name\":\"dmcsrbija.com@gmail.com\",\"@id\":\"https:\\\/\\\/dmcsrb.com\\\/#\\\/schema\\\/person\\\/5c39170f12db1b8b457732d0b5c854e2\"},\"headline\":\"Cikoti\u0107: Ministarke da jasno i javno zatra\u017ee smjenu Vrane\u0161a\",\"datePublished\":\"2025-12-05T18:38:00+00:00\",\"mainEntityOfPage\":{\"@id\":\"https:\\\/\\\/dmcsrb.com\\\/en\\\/politika\\\/cikotic-ministarke-da-jasno-i-javno-zatraze-smjenu-vranesa\\\/\"},\"wordCount\":142,\"commentCount\":0,\"image\":{\"@id\":\"https:\\\/\\\/dmcsrb.com\\\/en\\\/politika\\\/cikotic-ministarke-da-jasno-i-javno-zatraze-smjenu-vranesa\\\/#primaryimage\"},\"thumbnailUrl\":\"https:\\\/\\\/dmcsrb.com\\\/wp-content\\\/uploads\\\/2026\\\/01\\\/Amina-Cikotic-foto-Evropski-savez.jpg\",\"keywords\":[\"Amina Cikoti\u0107\",\"Dario Vrane\u0161\"],\"articleSection\":[\"Politika\"],\"inLanguage\":\"en-GB\",\"potentialAction\":[{\"@type\":\"CommentAction\",\"name\":\"Comment\",\"target\":[\"https:\\\/\\\/dmcsrb.com\\\/en\\\/politika\\\/cikotic-ministarke-da-jasno-i-javno-zatraze-smjenu-vranesa\\\/#respond\"]}]},{\"@type\":\"WebPage\",\"@id\":\"https:\\\/\\\/dmcsrb.com\\\/en\\\/politika\\\/cikotic-ministarke-da-jasno-i-javno-zatraze-smjenu-vranesa\\\/\",\"url\":\"https:\\\/\\\/dmcsrb.com\\\/en\\\/politika\\\/cikotic-ministarke-da-jasno-i-javno-zatraze-smjenu-vranesa\\\/\",\"name\":\"Cikoti\u0107: Ministarke da jasno i javno zatra\u017ee smjenu Vrane\u0161a - dmcsrb.com\",\"isPartOf\":{\"@id\":\"https:\\\/\\\/dmcsrb.com\\\/#website\"},\"primaryImageOfPage\":{\"@id\":\"https:\\\/\\\/dmcsrb.com\\\/en\\\/politika\\\/cikotic-ministarke-da-jasno-i-javno-zatraze-smjenu-vranesa\\\/#primaryimage\"},\"image\":{\"@id\":\"https:\\\/\\\/dmcsrb.com\\\/en\\\/politika\\\/cikotic-ministarke-da-jasno-i-javno-zatraze-smjenu-vranesa\\\/#primaryimage\"},\"thumbnailUrl\":\"https:\\\/\\\/dmcsrb.com\\\/wp-content\\\/uploads\\\/2026\\\/01\\\/Amina-Cikotic-foto-Evropski-savez.jpg\",\"datePublished\":\"2025-12-05T18:38:00+00:00\",\"author\":{\"@id\":\"https:\\\/\\\/dmcsrb.com\\\/#\\\/schema\\\/person\\\/5c39170f12db1b8b457732d0b5c854e2\"},\"breadcrumb\":{\"@id\":\"https:\\\/\\\/dmcsrb.com\\\/en\\\/politika\\\/cikotic-ministarke-da-jasno-i-javno-zatraze-smjenu-vranesa\\\/#breadcrumb\"},\"inLanguage\":\"en-GB\",\"potentialAction\":[{\"@type\":\"ReadAction\",\"target\":[\"https:\\\/\\\/dmcsrb.com\\\/en\\\/politika\\\/cikotic-ministarke-da-jasno-i-javno-zatraze-smjenu-vranesa\\\/\"]}]},{\"@type\":\"ImageObject\",\"inLanguage\":\"en-GB\",\"@id\":\"https:\\\/\\\/dmcsrb.com\\\/en\\\/politika\\\/cikotic-ministarke-da-jasno-i-javno-zatraze-smjenu-vranesa\\\/#primaryimage\",\"url\":\"https:\\\/\\\/dmcsrb.com\\\/wp-content\\\/uploads\\\/2026\\\/01\\\/Amina-Cikotic-foto-Evropski-savez.jpg\",\"contentUrl\":\"https:\\\/\\\/dmcsrb.com\\\/wp-content\\\/uploads\\\/2026\\\/01\\\/Amina-Cikotic-foto-Evropski-savez.jpg\",\"width\":970,\"height\":552},{\"@type\":\"BreadcrumbList\",\"@id\":\"https:\\\/\\\/dmcsrb.com\\\/en\\\/politika\\\/cikotic-ministarke-da-jasno-i-javno-zatraze-smjenu-vranesa\\\/#breadcrumb\",\"itemListElement\":[{\"@type\":\"ListItem\",\"position\":1,\"name\":\"Home\",\"item\":\"https:\\\/\\\/dmcsrb.com\\\/\"},{\"@type\":\"ListItem\",\"position\":2,\"name\":\"Cikoti\u0107: Ministarke da jasno i javno zatra\u017ee smjenu Vrane\u0161a\"}]},{\"@type\":\"WebSite\",\"@id\":\"https:\\\/\\\/dmcsrb.com\\\/#website\",\"url\":\"https:\\\/\\\/dmcsrb.com\\\/\",\"name\":\"dmcsrb.com\",\"description\":\"\",\"potentialAction\":[{\"@type\":\"SearchAction\",\"target\":{\"@type\":\"EntryPoint\",\"urlTemplate\":\"https:\\\/\\\/dmcsrb.com\\\/?s={search_term_string}\"},\"query-input\":{\"@type\":\"PropertyValueSpecification\",\"valueRequired\":true,\"valueName\":\"search_term_string\"}}],\"inLanguage\":\"en-GB\"},{\"@type\":\"Person\",\"@id\":\"https:\\\/\\\/dmcsrb.com\\\/#\\\/schema\\\/person\\\/5c39170f12db1b8b457732d0b5c854e2\",\"name\":\"dmcsrbija.com@gmail.com\",\"image\":{\"@type\":\"ImageObject\",\"inLanguage\":\"en-GB\",\"@id\":\"https:\\\/\\\/secure.gravatar.com\\\/avatar\\\/68592660ad6347fad0fb587f8d5d8f1a7b44961362f56e4f2cd524feb87e9069?s=96&d=mm&r=g\",\"url\":\"https:\\\/\\\/secure.gravatar.com\\\/avatar\\\/68592660ad6347fad0fb587f8d5d8f1a7b44961362f56e4f2cd524feb87e9069?s=96&d=mm&r=g\",\"contentUrl\":\"https:\\\/\\\/secure.gravatar.com\\\/avatar\\\/68592660ad6347fad0fb587f8d5d8f1a7b44961362f56e4f2cd524feb87e9069?s=96&d=mm&r=g\",\"caption\":\"dmcsrbija.com@gmail.com\"},\"sameAs\":[\"https:\\\/\\\/dmcsrb.com\"],\"url\":\"https:\\\/\\\/dmcsrb.com\\\/en\\\/author\\\/dmcsrbija-comgmail-com\\\/\"}]}<\/script>\n<!-- \/ Yoast SEO plugin. -->","yoast_head_json":{"title":"Cikoti\u0107: Ministarke da jasno i javno zatra\u017ee smjenu Vrane\u0161a - dmcsrb.com","robots":{"index":"index","follow":"follow","max-snippet":"max-snippet:-1","max-image-preview":"max-image-preview:large","max-video-preview":"max-video-preview:-1"},"canonical":"https:\/\/dmcsrb.com\/en\/politika\/cikotic-ministarke-da-jasno-i-javno-zatraze-smjenu-vranesa\/","og_locale":"en_GB","og_type":"article","og_title":"Cikoti\u0107: Ministarke da jasno i javno zatra\u017ee smjenu Vrane\u0161a - dmcsrb.com","og_description":"Vrane\u0161ev napad na Milku Tadi\u0107 Mijovi\u0107 je rezultat politi\u010dkog \u0161ti\u0107enja koje mu obezbje\u0111uju PES i Demokrate. Zato je ovo i njihova sramota, ocijenila je potpredsjednica SDP-a i predstavnica Evropskog saveza, Amina Cikoti\u0107.","og_url":"https:\/\/dmcsrb.com\/en\/politika\/cikotic-ministarke-da-jasno-i-javno-zatraze-smjenu-vranesa\/","og_site_name":"dmcsrb.com","article_published_time":"2025-12-05T18:38:00+00:00","og_image":[{"width":970,"height":552,"url":"https:\/\/dmcsrb.com\/wp-content\/uploads\/2026\/01\/Amina-Cikotic-foto-Evropski-savez.jpg","type":"image\/jpeg"}],"author":"dmcsrbija.com@gmail.com","twitter_card":"summary_large_image","twitter_misc":{"Written by":"dmcsrbija.com@gmail.com","Estimated reading time":"1 minute"},"schema":{"@context":"https:\/\/schema.org","@graph":[{"@type":"Article","@id":"https:\/\/dmcsrb.com\/en\/politika\/cikotic-ministarke-da-jasno-i-javno-zatraze-smjenu-vranesa\/#article","isPartOf":{"@id":"https:\/\/dmcsrb.com\/en\/politika\/cikotic-ministarke-da-jasno-i-javno-zatraze-smjenu-vranesa\/"},"author":{"name":"dmcsrbija.com@gmail.com","@id":"https:\/\/dmcsrb.com\/#\/schema\/person\/5c39170f12db1b8b457732d0b5c854e2"},"headline":"Cikoti\u0107: Ministarke da jasno i javno zatra\u017ee smjenu Vrane\u0161a","datePublished":"2025-12-05T18:38:00+00:00","mainEntityOfPage":{"@id":"https:\/\/dmcsrb.com\/en\/politika\/cikotic-ministarke-da-jasno-i-javno-zatraze-smjenu-vranesa\/"},"wordCount":142,"commentCount":0,"image":{"@id":"https:\/\/dmcsrb.com\/en\/politika\/cikotic-ministarke-da-jasno-i-javno-zatraze-smjenu-vranesa\/#primaryimage"},"thumbnailUrl":"https:\/\/dmcsrb.com\/wp-content\/uploads\/2026\/01\/Amina-Cikotic-foto-Evropski-savez.jpg","keywords":["Amina Cikoti\u0107","Dario Vrane\u0161"],"articleSection":["Politika"],"inLanguage":"en-GB","potentialAction":[{"@type":"CommentAction","name":"Comment","target":["https:\/\/dmcsrb.com\/en\/politika\/cikotic-ministarke-da-jasno-i-javno-zatraze-smjenu-vranesa\/#respond"]}]},{"@type":"WebPage","@id":"https:\/\/dmcsrb.com\/en\/politika\/cikotic-ministarke-da-jasno-i-javno-zatraze-smjenu-vranesa\/","url":"https:\/\/dmcsrb.com\/en\/politika\/cikotic-ministarke-da-jasno-i-javno-zatraze-smjenu-vranesa\/","name":"Cikoti\u0107: Ministarke da jasno i javno zatra\u017ee smjenu Vrane\u0161a - dmcsrb.com","isPartOf":{"@id":"https:\/\/dmcsrb.com\/#website"},"primaryImageOfPage":{"@id":"https:\/\/dmcsrb.com\/en\/politika\/cikotic-ministarke-da-jasno-i-javno-zatraze-smjenu-vranesa\/#primaryimage"},"image":{"@id":"https:\/\/dmcsrb.com\/en\/politika\/cikotic-ministarke-da-jasno-i-javno-zatraze-smjenu-vranesa\/#primaryimage"},"thumbnailUrl":"https:\/\/dmcsrb.com\/wp-content\/uploads\/2026\/01\/Amina-Cikotic-foto-Evropski-savez.jpg","datePublished":"2025-12-05T18:38:00+00:00","author":{"@id":"https:\/\/dmcsrb.com\/#\/schema\/person\/5c39170f12db1b8b457732d0b5c854e2"},"breadcrumb":{"@id":"https:\/\/dmcsrb.com\/en\/politika\/cikotic-ministarke-da-jasno-i-javno-zatraze-smjenu-vranesa\/#breadcrumb"},"inLanguage":"en-GB","potentialAction":[{"@type":"ReadAction","target":["https:\/\/dmcsrb.com\/en\/politika\/cikotic-ministarke-da-jasno-i-javno-zatraze-smjenu-vranesa\/"]}]},{"@type":"ImageObject","inLanguage":"en-GB","@id":"https:\/\/dmcsrb.com\/en\/politika\/cikotic-ministarke-da-jasno-i-javno-zatraze-smjenu-vranesa\/#primaryimage","url":"https:\/\/dmcsrb.com\/wp-content\/uploads\/2026\/01\/Amina-Cikotic-foto-Evropski-savez.jpg","contentUrl":"https:\/\/dmcsrb.com\/wp-content\/uploads\/2026\/01\/Amina-Cikotic-foto-Evropski-savez.jpg","width":970,"height":552},{"@type":"BreadcrumbList","@id":"https:\/\/dmcsrb.com\/en\/politika\/cikotic-ministarke-da-jasno-i-javno-zatraze-smjenu-vranesa\/#breadcrumb","itemListElement":[{"@type":"ListItem","position":1,"name":"Home","item":"https:\/\/dmcsrb.com\/"},{"@type":"ListItem","position":2,"name":"Cikoti\u0107: Ministarke da jasno i javno zatra\u017ee smjenu Vrane\u0161a"}]},{"@type":"WebSite","@id":"https:\/\/dmcsrb.com\/#website","url":"https:\/\/dmcsrb.com\/","name":"dmcsrb.com","description":"","potentialAction":[{"@type":"SearchAction","target":{"@type":"EntryPoint","urlTemplate":"https:\/\/dmcsrb.com\/?s={search_term_string}"},"query-input":{"@type":"PropertyValueSpecification","valueRequired":true,"valueName":"search_term_string"}}],"inLanguage":"en-GB"},{"@type":"Person","@id":"https:\/\/dmcsrb.com\/#\/schema\/person\/5c39170f12db1b8b457732d0b5c854e2","name":"dmcsrbija.com@gmail.com","image":{"@type":"ImageObject","inLanguage":"en-GB","@id":"https:\/\/secure.gravatar.com\/avatar\/68592660ad6347fad0fb587f8d5d8f1a7b44961362f56e4f2cd524feb87e9069?s=96&d=mm&r=g","url":"https:\/\/secure.gravatar.com\/avatar\/68592660ad6347fad0fb587f8d5d8f1a7b44961362f56e4f2cd524feb87e9069?s=96&d=mm&r=g","contentUrl":"https:\/\/secure.gravatar.com\/avatar\/68592660ad6347fad0fb587f8d5d8f1a7b44961362f56e4f2cd524feb87e9069?s=96&d=mm&r=g","caption":"dmcsrbija.com@gmail.com"},"sameAs":["https:\/\/dmcsrb.com"],"url":"https:\/\/dmcsrb.com\/en\/author\/dmcsrbija-comgmail-com\/"}]}},"_links":{"self":[{"href":"https:\/\/dmcsrb.com\/en\/wp-json\/wp\/v2\/posts\/910087","targetHints":{"allow":["GET"]}}],"collection":[{"href":"https:\/\/dmcsrb.com\/en\/wp-json\/wp\/v2\/posts"}],"about":[{"href":"https:\/\/dmcsrb.com\/en\/wp-json\/wp\/v2\/types\/post"}],"author":[{"embeddable":true,"href":"https:\/\/dmcsrb.com\/en\/wp-json\/wp\/v2\/users\/1"}],"replies":[{"embeddable":true,"href":"https:\/\/dmcsrb.com\/en\/wp-json\/wp\/v2\/comments?post=910087"}],"version-history":[{"count":0,"href":"https:\/\/dmcsrb.com\/en\/wp-json\/wp\/v2\/posts\/910087\/revisions"}],"wp:featuredmedia":[{"embeddable":true,"href":"https:\/\/dmcsrb.com\/en\/wp-json\/wp\/v2\/media\/910088"}],"wp:attachment":[{"href":"https:\/\/dmcsrb.com\/en\/wp-json\/wp\/v2\/media?parent=910087"}],"wp:term":[{"taxonomy":"category","embeddable":true,"href":"https:\/\/dmcsrb.com\/en\/wp-json\/wp\/v2\/categories?post=910087"},{"taxonomy":"post_tag","embeddable":true,"href":"https:\/\/dmcsrb.com\/en\/wp-json\/wp\/v2\/tags?post=910087"},{"taxonomy":"naslovna","embeddable":true,"href":"https:\/\/dmcsrb.com\/en\/wp-json\/wp\/v2\/naslovna?post=910087"}],"curies":[{"name":"wp","href":"https:\/\/api.w.org\/{rel}","templated":true}]}}