{"id":910041,"date":"2025-12-05T15:12:00","date_gmt":"2025-12-05T14:12:00","guid":{"rendered":"https:\/\/dmcsrb.com\/uncategorized\/mandic-crna-gora-zeli-da-osnazi-saradnju-sa-japanom\/"},"modified":"2025-12-05T15:12:00","modified_gmt":"2025-12-05T14:12:00","slug":"mandic-crna-gora-zeli-da-osnazi-saradnju-sa-japanom","status":"publish","type":"post","link":"https:\/\/dmcsrb.com\/en\/politika\/mandic-crna-gora-zeli-da-osnazi-saradnju-sa-japanom\/","title":{"rendered":"Mandi\u0107: Crna Gora \u017eeli da osna\u017ei saradnju sa Japanom"},"content":{"rendered":"<p><\/p>\n\n\n\n<p>Predsjednik Skup\u0161tine je istakao da je izuzetno va\u017eno da odnosi Crne Gore i Japana budu na najboljem mogu\u0107em nivou, te u tom kontekstu prenio ambasadoru Imamuri poziv da predsjednici Gornjeg i Donjeg doma parlamenta Japana posjete Crnu Goru.<\/p>\n\n\n\n<p>Predsjednik je dodao da iako Crna Gora ima jasno definisan spoljnopoliti\u010dki \u010din punopravnog \u010dlanstva u Evropskoj uniji, \u017eelimo da sna\u017eimo saradnju sa svim prijateljskim zemljama, gdje svakako me\u0111u prvima ubrajamo i Japan.<\/p>\n\n\n\n<p>Kako je saop\u0161teno iz Skup\u0161tine Crne Gore, ambasador Imamura je izrazio veliko zadovoljstvo povodom prijema, te istakao da ga raduje napredak Crne Gore ka Evropskoj uniji, zaklju\u010div\u0161i da je siguran da \u0107e pod liderstvom predsjednika Mandi\u0107a parlament zavr\u0161iti sve svoje obaveze do kraja 2026. godine.<\/p>\n\n\n\n<p>Sagovornici su tokom razgovora akcentovali vi\u0161e tema vezanih za saradnju Crne Gore i Japana, posebno u oblasti turizma i energetike.<\/p>","protected":false},"excerpt":{"rendered":"<p>Predsjednik Skup\u0161tine Crne Gore Andrija Mandi\u0107 sastao se danas sa ambasadorom Japana Akirom Imamurom. Mandi\u0107 je izrazio zadovoljstvo povodom prilike da ugosti ambasadora Imamuru, kojeg smatra za istinskog prijatelja na\u0161e zemlje.<\/p>","protected":false},"author":1,"featured_media":910042,"comment_status":"open","ping_status":"open","sticky":false,"template":"","format":"standard","meta":{"_acf_changed":false,"footnotes":""},"categories":[12],"tags":[812,1073],"naslovna":[],"class_list":["post-910041","post","type-post","status-publish","format-standard","has-post-thumbnail","hentry","category-politika","tag-andrija-mandic","tag-japan"],"acf":[],"yoast_head":"<!-- This site is optimized with the Yoast SEO plugin v27.4 - https:\/\/yoast.com\/product\/yoast-seo-wordpress\/ -->\n<title>Mandi\u0107: Crna Gora \u017eeli da osna\u017ei saradnju sa Japanom - dmcsrb.com<\/title>\n<meta name=\"robots\" content=\"index, follow, max-snippet:-1, max-image-preview:large, max-video-preview:-1\" \/>\n<link rel=\"canonical\" href=\"https:\/\/dmcsrb.com\/en\/politika\/mandic-crna-gora-zeli-da-osnazi-saradnju-sa-japanom\/\" \/>\n<meta property=\"og:locale\" content=\"en_GB\" \/>\n<meta property=\"og:type\" content=\"article\" \/>\n<meta property=\"og:title\" content=\"Mandi\u0107: Crna Gora \u017eeli da osna\u017ei saradnju sa Japanom - dmcsrb.com\" \/>\n<meta property=\"og:description\" content=\"Predsjednik Skup\u0161tine Crne Gore Andrija Mandi\u0107 sastao se danas sa ambasadorom Japana Akirom Imamurom. Mandi\u0107 je izrazio zadovoljstvo povodom prilike da ugosti ambasadora Imamuru, kojeg smatra za istinskog prijatelja na\u0161e zemlje.\" \/>\n<meta property=\"og:url\" content=\"https:\/\/dmcsrb.com\/en\/politika\/mandic-crna-gora-zeli-da-osnazi-saradnju-sa-japanom\/\" \/>\n<meta property=\"og:site_name\" content=\"dmcsrb.com\" \/>\n<meta property=\"article:published_time\" content=\"2025-12-05T14:12:00+00:00\" \/>\n<meta property=\"og:image\" content=\"https:\/\/dmcsrb.com\/wp-content\/uploads\/2026\/01\/Imamura-i-Mandic-foto-skupstina-me.jpg\" \/>\n\t<meta property=\"og:image:width\" content=\"1152\" \/>\n\t<meta property=\"og:image:height\" content=\"733\" \/>\n\t<meta property=\"og:image:type\" content=\"image\/jpeg\" \/>\n<meta name=\"author\" content=\"dmcsrbija.com@gmail.com\" \/>\n<meta name=\"twitter:card\" content=\"summary_large_image\" \/>\n<meta name=\"twitter:label1\" content=\"Written by\" \/>\n\t<meta name=\"twitter:data1\" content=\"dmcsrbija.com@gmail.com\" \/>\n\t<meta name=\"twitter:label2\" content=\"Estimated reading time\" \/>\n\t<meta name=\"twitter:data2\" content=\"1 minute\" \/>\n<script type=\"application\/ld+json\" class=\"yoast-schema-graph\">{\"@context\":\"https:\\\/\\\/schema.org\",\"@graph\":[{\"@type\":\"Article\",\"@id\":\"https:\\\/\\\/dmcsrb.com\\\/politika\\\/mandic-crna-gora-zeli-da-osnazi-saradnju-sa-japanom\\\/#article\",\"isPartOf\":{\"@id\":\"https:\\\/\\\/dmcsrb.com\\\/politika\\\/mandic-crna-gora-zeli-da-osnazi-saradnju-sa-japanom\\\/\"},\"author\":{\"name\":\"dmcsrbija.com@gmail.com\",\"@id\":\"https:\\\/\\\/dmcsrb.com\\\/#\\\/schema\\\/person\\\/5c39170f12db1b8b457732d0b5c854e2\"},\"headline\":\"Mandi\u0107: Crna Gora \u017eeli da osna\u017ei saradnju sa Japanom\",\"datePublished\":\"2025-12-05T14:12:00+00:00\",\"mainEntityOfPage\":{\"@id\":\"https:\\\/\\\/dmcsrb.com\\\/politika\\\/mandic-crna-gora-zeli-da-osnazi-saradnju-sa-japanom\\\/\"},\"wordCount\":157,\"commentCount\":0,\"image\":{\"@id\":\"https:\\\/\\\/dmcsrb.com\\\/politika\\\/mandic-crna-gora-zeli-da-osnazi-saradnju-sa-japanom\\\/#primaryimage\"},\"thumbnailUrl\":\"https:\\\/\\\/dmcsrb.com\\\/wp-content\\\/uploads\\\/2026\\\/01\\\/Imamura-i-Mandic-foto-skupstina-me.jpg\",\"keywords\":[\"andrija mandi\u0107\",\"Japan\"],\"articleSection\":[\"Politika\"],\"inLanguage\":\"en-GB\",\"potentialAction\":[{\"@type\":\"CommentAction\",\"name\":\"Comment\",\"target\":[\"https:\\\/\\\/dmcsrb.com\\\/politika\\\/mandic-crna-gora-zeli-da-osnazi-saradnju-sa-japanom\\\/#respond\"]}]},{\"@type\":\"WebPage\",\"@id\":\"https:\\\/\\\/dmcsrb.com\\\/politika\\\/mandic-crna-gora-zeli-da-osnazi-saradnju-sa-japanom\\\/\",\"url\":\"https:\\\/\\\/dmcsrb.com\\\/politika\\\/mandic-crna-gora-zeli-da-osnazi-saradnju-sa-japanom\\\/\",\"name\":\"Mandi\u0107: Crna Gora \u017eeli da osna\u017ei saradnju sa Japanom - dmcsrb.com\",\"isPartOf\":{\"@id\":\"https:\\\/\\\/dmcsrb.com\\\/#website\"},\"primaryImageOfPage\":{\"@id\":\"https:\\\/\\\/dmcsrb.com\\\/politika\\\/mandic-crna-gora-zeli-da-osnazi-saradnju-sa-japanom\\\/#primaryimage\"},\"image\":{\"@id\":\"https:\\\/\\\/dmcsrb.com\\\/politika\\\/mandic-crna-gora-zeli-da-osnazi-saradnju-sa-japanom\\\/#primaryimage\"},\"thumbnailUrl\":\"https:\\\/\\\/dmcsrb.com\\\/wp-content\\\/uploads\\\/2026\\\/01\\\/Imamura-i-Mandic-foto-skupstina-me.jpg\",\"datePublished\":\"2025-12-05T14:12:00+00:00\",\"author\":{\"@id\":\"https:\\\/\\\/dmcsrb.com\\\/#\\\/schema\\\/person\\\/5c39170f12db1b8b457732d0b5c854e2\"},\"breadcrumb\":{\"@id\":\"https:\\\/\\\/dmcsrb.com\\\/politika\\\/mandic-crna-gora-zeli-da-osnazi-saradnju-sa-japanom\\\/#breadcrumb\"},\"inLanguage\":\"en-GB\",\"potentialAction\":[{\"@type\":\"ReadAction\",\"target\":[\"https:\\\/\\\/dmcsrb.com\\\/politika\\\/mandic-crna-gora-zeli-da-osnazi-saradnju-sa-japanom\\\/\"]}]},{\"@type\":\"ImageObject\",\"inLanguage\":\"en-GB\",\"@id\":\"https:\\\/\\\/dmcsrb.com\\\/politika\\\/mandic-crna-gora-zeli-da-osnazi-saradnju-sa-japanom\\\/#primaryimage\",\"url\":\"https:\\\/\\\/dmcsrb.com\\\/wp-content\\\/uploads\\\/2026\\\/01\\\/Imamura-i-Mandic-foto-skupstina-me.jpg\",\"contentUrl\":\"https:\\\/\\\/dmcsrb.com\\\/wp-content\\\/uploads\\\/2026\\\/01\\\/Imamura-i-Mandic-foto-skupstina-me.jpg\",\"width\":1152,\"height\":733},{\"@type\":\"BreadcrumbList\",\"@id\":\"https:\\\/\\\/dmcsrb.com\\\/politika\\\/mandic-crna-gora-zeli-da-osnazi-saradnju-sa-japanom\\\/#breadcrumb\",\"itemListElement\":[{\"@type\":\"ListItem\",\"position\":1,\"name\":\"Home\",\"item\":\"https:\\\/\\\/dmcsrb.com\\\/\"},{\"@type\":\"ListItem\",\"position\":2,\"name\":\"Mandi\u0107: Crna Gora \u017eeli da osna\u017ei saradnju sa Japanom\"}]},{\"@type\":\"WebSite\",\"@id\":\"https:\\\/\\\/dmcsrb.com\\\/#website\",\"url\":\"https:\\\/\\\/dmcsrb.com\\\/\",\"name\":\"dmcsrb.com\",\"description\":\"\",\"potentialAction\":[{\"@type\":\"SearchAction\",\"target\":{\"@type\":\"EntryPoint\",\"urlTemplate\":\"https:\\\/\\\/dmcsrb.com\\\/?s={search_term_string}\"},\"query-input\":{\"@type\":\"PropertyValueSpecification\",\"valueRequired\":true,\"valueName\":\"search_term_string\"}}],\"inLanguage\":\"en-GB\"},{\"@type\":\"Person\",\"@id\":\"https:\\\/\\\/dmcsrb.com\\\/#\\\/schema\\\/person\\\/5c39170f12db1b8b457732d0b5c854e2\",\"name\":\"dmcsrbija.com@gmail.com\",\"image\":{\"@type\":\"ImageObject\",\"inLanguage\":\"en-GB\",\"@id\":\"https:\\\/\\\/secure.gravatar.com\\\/avatar\\\/68592660ad6347fad0fb587f8d5d8f1a7b44961362f56e4f2cd524feb87e9069?s=96&d=mm&r=g\",\"url\":\"https:\\\/\\\/secure.gravatar.com\\\/avatar\\\/68592660ad6347fad0fb587f8d5d8f1a7b44961362f56e4f2cd524feb87e9069?s=96&d=mm&r=g\",\"contentUrl\":\"https:\\\/\\\/secure.gravatar.com\\\/avatar\\\/68592660ad6347fad0fb587f8d5d8f1a7b44961362f56e4f2cd524feb87e9069?s=96&d=mm&r=g\",\"caption\":\"dmcsrbija.com@gmail.com\"},\"sameAs\":[\"https:\\\/\\\/dmcsrb.com\"],\"url\":\"https:\\\/\\\/dmcsrb.com\\\/en\\\/author\\\/dmcsrbija-comgmail-com\\\/\"}]}<\/script>\n<!-- \/ Yoast SEO plugin. -->","yoast_head_json":{"title":"Mandi\u0107: Crna Gora \u017eeli da osna\u017ei saradnju sa Japanom - dmcsrb.com","robots":{"index":"index","follow":"follow","max-snippet":"max-snippet:-1","max-image-preview":"max-image-preview:large","max-video-preview":"max-video-preview:-1"},"canonical":"https:\/\/dmcsrb.com\/en\/politika\/mandic-crna-gora-zeli-da-osnazi-saradnju-sa-japanom\/","og_locale":"en_GB","og_type":"article","og_title":"Mandi\u0107: Crna Gora \u017eeli da osna\u017ei saradnju sa Japanom - dmcsrb.com","og_description":"Predsjednik Skup\u0161tine Crne Gore Andrija Mandi\u0107 sastao se danas sa ambasadorom Japana Akirom Imamurom. Mandi\u0107 je izrazio zadovoljstvo povodom prilike da ugosti ambasadora Imamuru, kojeg smatra za istinskog prijatelja na\u0161e zemlje.","og_url":"https:\/\/dmcsrb.com\/en\/politika\/mandic-crna-gora-zeli-da-osnazi-saradnju-sa-japanom\/","og_site_name":"dmcsrb.com","article_published_time":"2025-12-05T14:12:00+00:00","og_image":[{"width":1152,"height":733,"url":"https:\/\/dmcsrb.com\/wp-content\/uploads\/2026\/01\/Imamura-i-Mandic-foto-skupstina-me.jpg","type":"image\/jpeg"}],"author":"dmcsrbija.com@gmail.com","twitter_card":"summary_large_image","twitter_misc":{"Written by":"dmcsrbija.com@gmail.com","Estimated reading time":"1 minute"},"schema":{"@context":"https:\/\/schema.org","@graph":[{"@type":"Article","@id":"https:\/\/dmcsrb.com\/politika\/mandic-crna-gora-zeli-da-osnazi-saradnju-sa-japanom\/#article","isPartOf":{"@id":"https:\/\/dmcsrb.com\/politika\/mandic-crna-gora-zeli-da-osnazi-saradnju-sa-japanom\/"},"author":{"name":"dmcsrbija.com@gmail.com","@id":"https:\/\/dmcsrb.com\/#\/schema\/person\/5c39170f12db1b8b457732d0b5c854e2"},"headline":"Mandi\u0107: Crna Gora \u017eeli da osna\u017ei saradnju sa Japanom","datePublished":"2025-12-05T14:12:00+00:00","mainEntityOfPage":{"@id":"https:\/\/dmcsrb.com\/politika\/mandic-crna-gora-zeli-da-osnazi-saradnju-sa-japanom\/"},"wordCount":157,"commentCount":0,"image":{"@id":"https:\/\/dmcsrb.com\/politika\/mandic-crna-gora-zeli-da-osnazi-saradnju-sa-japanom\/#primaryimage"},"thumbnailUrl":"https:\/\/dmcsrb.com\/wp-content\/uploads\/2026\/01\/Imamura-i-Mandic-foto-skupstina-me.jpg","keywords":["andrija mandi\u0107","Japan"],"articleSection":["Politika"],"inLanguage":"en-GB","potentialAction":[{"@type":"CommentAction","name":"Comment","target":["https:\/\/dmcsrb.com\/politika\/mandic-crna-gora-zeli-da-osnazi-saradnju-sa-japanom\/#respond"]}]},{"@type":"WebPage","@id":"https:\/\/dmcsrb.com\/politika\/mandic-crna-gora-zeli-da-osnazi-saradnju-sa-japanom\/","url":"https:\/\/dmcsrb.com\/politika\/mandic-crna-gora-zeli-da-osnazi-saradnju-sa-japanom\/","name":"Mandi\u0107: Crna Gora \u017eeli da osna\u017ei saradnju sa Japanom - dmcsrb.com","isPartOf":{"@id":"https:\/\/dmcsrb.com\/#website"},"primaryImageOfPage":{"@id":"https:\/\/dmcsrb.com\/politika\/mandic-crna-gora-zeli-da-osnazi-saradnju-sa-japanom\/#primaryimage"},"image":{"@id":"https:\/\/dmcsrb.com\/politika\/mandic-crna-gora-zeli-da-osnazi-saradnju-sa-japanom\/#primaryimage"},"thumbnailUrl":"https:\/\/dmcsrb.com\/wp-content\/uploads\/2026\/01\/Imamura-i-Mandic-foto-skupstina-me.jpg","datePublished":"2025-12-05T14:12:00+00:00","author":{"@id":"https:\/\/dmcsrb.com\/#\/schema\/person\/5c39170f12db1b8b457732d0b5c854e2"},"breadcrumb":{"@id":"https:\/\/dmcsrb.com\/politika\/mandic-crna-gora-zeli-da-osnazi-saradnju-sa-japanom\/#breadcrumb"},"inLanguage":"en-GB","potentialAction":[{"@type":"ReadAction","target":["https:\/\/dmcsrb.com\/politika\/mandic-crna-gora-zeli-da-osnazi-saradnju-sa-japanom\/"]}]},{"@type":"ImageObject","inLanguage":"en-GB","@id":"https:\/\/dmcsrb.com\/politika\/mandic-crna-gora-zeli-da-osnazi-saradnju-sa-japanom\/#primaryimage","url":"https:\/\/dmcsrb.com\/wp-content\/uploads\/2026\/01\/Imamura-i-Mandic-foto-skupstina-me.jpg","contentUrl":"https:\/\/dmcsrb.com\/wp-content\/uploads\/2026\/01\/Imamura-i-Mandic-foto-skupstina-me.jpg","width":1152,"height":733},{"@type":"BreadcrumbList","@id":"https:\/\/dmcsrb.com\/politika\/mandic-crna-gora-zeli-da-osnazi-saradnju-sa-japanom\/#breadcrumb","itemListElement":[{"@type":"ListItem","position":1,"name":"Home","item":"https:\/\/dmcsrb.com\/"},{"@type":"ListItem","position":2,"name":"Mandi\u0107: Crna Gora \u017eeli da osna\u017ei saradnju sa Japanom"}]},{"@type":"WebSite","@id":"https:\/\/dmcsrb.com\/#website","url":"https:\/\/dmcsrb.com\/","name":"dmcsrb.com","description":"","potentialAction":[{"@type":"SearchAction","target":{"@type":"EntryPoint","urlTemplate":"https:\/\/dmcsrb.com\/?s={search_term_string}"},"query-input":{"@type":"PropertyValueSpecification","valueRequired":true,"valueName":"search_term_string"}}],"inLanguage":"en-GB"},{"@type":"Person","@id":"https:\/\/dmcsrb.com\/#\/schema\/person\/5c39170f12db1b8b457732d0b5c854e2","name":"dmcsrbija.com@gmail.com","image":{"@type":"ImageObject","inLanguage":"en-GB","@id":"https:\/\/secure.gravatar.com\/avatar\/68592660ad6347fad0fb587f8d5d8f1a7b44961362f56e4f2cd524feb87e9069?s=96&d=mm&r=g","url":"https:\/\/secure.gravatar.com\/avatar\/68592660ad6347fad0fb587f8d5d8f1a7b44961362f56e4f2cd524feb87e9069?s=96&d=mm&r=g","contentUrl":"https:\/\/secure.gravatar.com\/avatar\/68592660ad6347fad0fb587f8d5d8f1a7b44961362f56e4f2cd524feb87e9069?s=96&d=mm&r=g","caption":"dmcsrbija.com@gmail.com"},"sameAs":["https:\/\/dmcsrb.com"],"url":"https:\/\/dmcsrb.com\/en\/author\/dmcsrbija-comgmail-com\/"}]}},"_links":{"self":[{"href":"https:\/\/dmcsrb.com\/en\/wp-json\/wp\/v2\/posts\/910041","targetHints":{"allow":["GET"]}}],"collection":[{"href":"https:\/\/dmcsrb.com\/en\/wp-json\/wp\/v2\/posts"}],"about":[{"href":"https:\/\/dmcsrb.com\/en\/wp-json\/wp\/v2\/types\/post"}],"author":[{"embeddable":true,"href":"https:\/\/dmcsrb.com\/en\/wp-json\/wp\/v2\/users\/1"}],"replies":[{"embeddable":true,"href":"https:\/\/dmcsrb.com\/en\/wp-json\/wp\/v2\/comments?post=910041"}],"version-history":[{"count":0,"href":"https:\/\/dmcsrb.com\/en\/wp-json\/wp\/v2\/posts\/910041\/revisions"}],"wp:featuredmedia":[{"embeddable":true,"href":"https:\/\/dmcsrb.com\/en\/wp-json\/wp\/v2\/media\/910042"}],"wp:attachment":[{"href":"https:\/\/dmcsrb.com\/en\/wp-json\/wp\/v2\/media?parent=910041"}],"wp:term":[{"taxonomy":"category","embeddable":true,"href":"https:\/\/dmcsrb.com\/en\/wp-json\/wp\/v2\/categories?post=910041"},{"taxonomy":"post_tag","embeddable":true,"href":"https:\/\/dmcsrb.com\/en\/wp-json\/wp\/v2\/tags?post=910041"},{"taxonomy":"naslovna","embeddable":true,"href":"https:\/\/dmcsrb.com\/en\/wp-json\/wp\/v2\/naslovna?post=910041"}],"curies":[{"name":"wp","href":"https:\/\/api.w.org\/{rel}","templated":true}]}}