{"id":910030,"date":"2025-12-05T15:08:00","date_gmt":"2025-12-05T14:08:00","guid":{"rendered":"https:\/\/dmcsrb.com\/uncategorized\/dukaj-u-briselu-partnerstvo-za-modernu-i-sigurnu-drzavu\/"},"modified":"2025-12-05T15:08:00","modified_gmt":"2025-12-05T14:08:00","slug":"dukaj-u-briselu-partnerstvo-za-modernu-i-sigurnu-drzavu","status":"publish","type":"post","link":"https:\/\/dmcsrb.com\/en\/politika\/dukaj-u-briselu-partnerstvo-za-modernu-i-sigurnu-drzavu\/","title":{"rendered":"Dukaj u Briselu: Partnerstvo za modernu i sigurnu dr\u017eavu"},"content":{"rendered":"<p>Ministar Dukaj je predstavio reformske aktivnosti Vlade u oblasti sajber bezbjednosti, uklju\u010duju\u0107i uskla\u0111ivanje zakonodavstva sa evropskim standardima, sprovo\u0111enje Strategije sajber bezbjednosti i ja\u010danje kapaciteta CIRT-a dr\u017eavne uprave. Tako\u0111e je naglasio potrebu formiranja i stavljanje u operativnu funkciju Agencije za sajber bezbjednost.<\/p>\n\n\n\n<p>Na sastanku su razmotrene mogu\u0107nosti unapre\u0111enja tehni\u010dke i ekspertske saradnje sa NATO-om u oblasti sajber bezbjednosti.<\/p>\n\n\n\n<p>Razgovor je ocijenjen kao konstruktivan i predstavlja va\u017ean korak u daljem produbljivanju partnerstva.<\/p>","protected":false},"excerpt":{"rendered":"<p>Ministar javne uprave, Mara\u0161 Dukaj, boravio je u Briselu gdje se sastao sa pomo\u0107nikom generalnog sekretara NATO-a, Jean Charles Ellermann-Kingombeom, s kojim je razgovarao o ja\u010danju sajber bezbjednosti i ukupne otpornosti Crne Gore.<\/p>","protected":false},"author":1,"featured_media":910031,"comment_status":"open","ping_status":"open","sticky":false,"template":"","format":"standard","meta":{"_acf_changed":false,"footnotes":""},"categories":[12],"tags":[130,998],"naslovna":[],"class_list":["post-910030","post","type-post","status-publish","format-standard","has-post-thumbnail","hentry","category-politika","tag-maras-dukaj","tag-ministarstvo-javne-uprave"],"acf":[],"yoast_head":"<!-- This site is optimized with the Yoast SEO plugin v27.4 - https:\/\/yoast.com\/product\/yoast-seo-wordpress\/ -->\n<title>Dukaj u Briselu: Partnerstvo za modernu i sigurnu dr\u017eavu - dmcsrb.com<\/title>\n<meta name=\"robots\" content=\"index, follow, max-snippet:-1, max-image-preview:large, max-video-preview:-1\" \/>\n<link rel=\"canonical\" href=\"https:\/\/dmcsrb.com\/en\/politika\/dukaj-u-briselu-partnerstvo-za-modernu-i-sigurnu-drzavu\/\" \/>\n<meta property=\"og:locale\" content=\"en_GB\" \/>\n<meta property=\"og:type\" content=\"article\" \/>\n<meta property=\"og:title\" content=\"Dukaj u Briselu: Partnerstvo za modernu i sigurnu dr\u017eavu - dmcsrb.com\" \/>\n<meta property=\"og:description\" content=\"Ministar javne uprave, Mara\u0161 Dukaj, boravio je u Briselu gdje se sastao sa pomo\u0107nikom generalnog sekretara NATO-a, Jean Charles Ellermann-Kingombeom, s kojim je razgovarao o ja\u010danju sajber bezbjednosti i ukupne otpornosti Crne Gore.\" \/>\n<meta property=\"og:url\" content=\"https:\/\/dmcsrb.com\/en\/politika\/dukaj-u-briselu-partnerstvo-za-modernu-i-sigurnu-drzavu\/\" \/>\n<meta property=\"og:site_name\" content=\"dmcsrb.com\" \/>\n<meta property=\"article:published_time\" content=\"2025-12-05T14:08:00+00:00\" \/>\n<meta property=\"og:image\" content=\"https:\/\/dmcsrb.com\/wp-content\/uploads\/2026\/01\/Dukaj-i-pomocnik-gen.-sekretara-NATO-a-foto-MJU.jpg\" \/>\n\t<meta property=\"og:image:width\" content=\"828\" \/>\n\t<meta property=\"og:image:height\" content=\"642\" \/>\n\t<meta property=\"og:image:type\" content=\"image\/jpeg\" \/>\n<meta name=\"author\" content=\"dmcsrbija.com@gmail.com\" \/>\n<meta name=\"twitter:card\" content=\"summary_large_image\" \/>\n<meta name=\"twitter:label1\" content=\"Written by\" \/>\n\t<meta name=\"twitter:data1\" content=\"dmcsrbija.com@gmail.com\" \/>\n<script type=\"application\/ld+json\" class=\"yoast-schema-graph\">{\"@context\":\"https:\\\/\\\/schema.org\",\"@graph\":[{\"@type\":\"Article\",\"@id\":\"https:\\\/\\\/dmcsrb.com\\\/politika\\\/dukaj-u-briselu-partnerstvo-za-modernu-i-sigurnu-drzavu\\\/#article\",\"isPartOf\":{\"@id\":\"https:\\\/\\\/dmcsrb.com\\\/politika\\\/dukaj-u-briselu-partnerstvo-za-modernu-i-sigurnu-drzavu\\\/\"},\"author\":{\"name\":\"dmcsrbija.com@gmail.com\",\"@id\":\"https:\\\/\\\/dmcsrb.com\\\/#\\\/schema\\\/person\\\/5c39170f12db1b8b457732d0b5c854e2\"},\"headline\":\"Dukaj u Briselu: Partnerstvo za modernu i sigurnu dr\u017eavu\",\"datePublished\":\"2025-12-05T14:08:00+00:00\",\"mainEntityOfPage\":{\"@id\":\"https:\\\/\\\/dmcsrb.com\\\/politika\\\/dukaj-u-briselu-partnerstvo-za-modernu-i-sigurnu-drzavu\\\/\"},\"wordCount\":91,\"commentCount\":0,\"image\":{\"@id\":\"https:\\\/\\\/dmcsrb.com\\\/politika\\\/dukaj-u-briselu-partnerstvo-za-modernu-i-sigurnu-drzavu\\\/#primaryimage\"},\"thumbnailUrl\":\"https:\\\/\\\/dmcsrb.com\\\/wp-content\\\/uploads\\\/2026\\\/01\\\/Dukaj-i-pomocnik-gen.-sekretara-NATO-a-foto-MJU.jpg\",\"keywords\":[\"Mara\u0161 Dukaj\",\"MINISTARSTVO JAVNE UPRAVE\"],\"articleSection\":[\"Politika\"],\"inLanguage\":\"en-GB\",\"potentialAction\":[{\"@type\":\"CommentAction\",\"name\":\"Comment\",\"target\":[\"https:\\\/\\\/dmcsrb.com\\\/politika\\\/dukaj-u-briselu-partnerstvo-za-modernu-i-sigurnu-drzavu\\\/#respond\"]}]},{\"@type\":\"WebPage\",\"@id\":\"https:\\\/\\\/dmcsrb.com\\\/politika\\\/dukaj-u-briselu-partnerstvo-za-modernu-i-sigurnu-drzavu\\\/\",\"url\":\"https:\\\/\\\/dmcsrb.com\\\/politika\\\/dukaj-u-briselu-partnerstvo-za-modernu-i-sigurnu-drzavu\\\/\",\"name\":\"Dukaj u Briselu: Partnerstvo za modernu i sigurnu dr\u017eavu - dmcsrb.com\",\"isPartOf\":{\"@id\":\"https:\\\/\\\/dmcsrb.com\\\/#website\"},\"primaryImageOfPage\":{\"@id\":\"https:\\\/\\\/dmcsrb.com\\\/politika\\\/dukaj-u-briselu-partnerstvo-za-modernu-i-sigurnu-drzavu\\\/#primaryimage\"},\"image\":{\"@id\":\"https:\\\/\\\/dmcsrb.com\\\/politika\\\/dukaj-u-briselu-partnerstvo-za-modernu-i-sigurnu-drzavu\\\/#primaryimage\"},\"thumbnailUrl\":\"https:\\\/\\\/dmcsrb.com\\\/wp-content\\\/uploads\\\/2026\\\/01\\\/Dukaj-i-pomocnik-gen.-sekretara-NATO-a-foto-MJU.jpg\",\"datePublished\":\"2025-12-05T14:08:00+00:00\",\"author\":{\"@id\":\"https:\\\/\\\/dmcsrb.com\\\/#\\\/schema\\\/person\\\/5c39170f12db1b8b457732d0b5c854e2\"},\"breadcrumb\":{\"@id\":\"https:\\\/\\\/dmcsrb.com\\\/politika\\\/dukaj-u-briselu-partnerstvo-za-modernu-i-sigurnu-drzavu\\\/#breadcrumb\"},\"inLanguage\":\"en-GB\",\"potentialAction\":[{\"@type\":\"ReadAction\",\"target\":[\"https:\\\/\\\/dmcsrb.com\\\/politika\\\/dukaj-u-briselu-partnerstvo-za-modernu-i-sigurnu-drzavu\\\/\"]}]},{\"@type\":\"ImageObject\",\"inLanguage\":\"en-GB\",\"@id\":\"https:\\\/\\\/dmcsrb.com\\\/politika\\\/dukaj-u-briselu-partnerstvo-za-modernu-i-sigurnu-drzavu\\\/#primaryimage\",\"url\":\"https:\\\/\\\/dmcsrb.com\\\/wp-content\\\/uploads\\\/2026\\\/01\\\/Dukaj-i-pomocnik-gen.-sekretara-NATO-a-foto-MJU.jpg\",\"contentUrl\":\"https:\\\/\\\/dmcsrb.com\\\/wp-content\\\/uploads\\\/2026\\\/01\\\/Dukaj-i-pomocnik-gen.-sekretara-NATO-a-foto-MJU.jpg\",\"width\":828,\"height\":642},{\"@type\":\"BreadcrumbList\",\"@id\":\"https:\\\/\\\/dmcsrb.com\\\/politika\\\/dukaj-u-briselu-partnerstvo-za-modernu-i-sigurnu-drzavu\\\/#breadcrumb\",\"itemListElement\":[{\"@type\":\"ListItem\",\"position\":1,\"name\":\"Home\",\"item\":\"https:\\\/\\\/dmcsrb.com\\\/\"},{\"@type\":\"ListItem\",\"position\":2,\"name\":\"Dukaj u Briselu: Partnerstvo za modernu i sigurnu dr\u017eavu\"}]},{\"@type\":\"WebSite\",\"@id\":\"https:\\\/\\\/dmcsrb.com\\\/#website\",\"url\":\"https:\\\/\\\/dmcsrb.com\\\/\",\"name\":\"dmcsrb.com\",\"description\":\"\",\"potentialAction\":[{\"@type\":\"SearchAction\",\"target\":{\"@type\":\"EntryPoint\",\"urlTemplate\":\"https:\\\/\\\/dmcsrb.com\\\/?s={search_term_string}\"},\"query-input\":{\"@type\":\"PropertyValueSpecification\",\"valueRequired\":true,\"valueName\":\"search_term_string\"}}],\"inLanguage\":\"en-GB\"},{\"@type\":\"Person\",\"@id\":\"https:\\\/\\\/dmcsrb.com\\\/#\\\/schema\\\/person\\\/5c39170f12db1b8b457732d0b5c854e2\",\"name\":\"dmcsrbija.com@gmail.com\",\"image\":{\"@type\":\"ImageObject\",\"inLanguage\":\"en-GB\",\"@id\":\"https:\\\/\\\/secure.gravatar.com\\\/avatar\\\/68592660ad6347fad0fb587f8d5d8f1a7b44961362f56e4f2cd524feb87e9069?s=96&d=mm&r=g\",\"url\":\"https:\\\/\\\/secure.gravatar.com\\\/avatar\\\/68592660ad6347fad0fb587f8d5d8f1a7b44961362f56e4f2cd524feb87e9069?s=96&d=mm&r=g\",\"contentUrl\":\"https:\\\/\\\/secure.gravatar.com\\\/avatar\\\/68592660ad6347fad0fb587f8d5d8f1a7b44961362f56e4f2cd524feb87e9069?s=96&d=mm&r=g\",\"caption\":\"dmcsrbija.com@gmail.com\"},\"sameAs\":[\"https:\\\/\\\/dmcsrb.com\"],\"url\":\"https:\\\/\\\/dmcsrb.com\\\/en\\\/author\\\/dmcsrbija-comgmail-com\\\/\"}]}<\/script>\n<!-- \/ Yoast SEO plugin. -->","yoast_head_json":{"title":"Dukaj u Briselu: Partnerstvo za modernu i sigurnu dr\u017eavu - dmcsrb.com","robots":{"index":"index","follow":"follow","max-snippet":"max-snippet:-1","max-image-preview":"max-image-preview:large","max-video-preview":"max-video-preview:-1"},"canonical":"https:\/\/dmcsrb.com\/en\/politika\/dukaj-u-briselu-partnerstvo-za-modernu-i-sigurnu-drzavu\/","og_locale":"en_GB","og_type":"article","og_title":"Dukaj u Briselu: Partnerstvo za modernu i sigurnu dr\u017eavu - dmcsrb.com","og_description":"Ministar javne uprave, Mara\u0161 Dukaj, boravio je u Briselu gdje se sastao sa pomo\u0107nikom generalnog sekretara NATO-a, Jean Charles Ellermann-Kingombeom, s kojim je razgovarao o ja\u010danju sajber bezbjednosti i ukupne otpornosti Crne Gore.","og_url":"https:\/\/dmcsrb.com\/en\/politika\/dukaj-u-briselu-partnerstvo-za-modernu-i-sigurnu-drzavu\/","og_site_name":"dmcsrb.com","article_published_time":"2025-12-05T14:08:00+00:00","og_image":[{"width":828,"height":642,"url":"https:\/\/dmcsrb.com\/wp-content\/uploads\/2026\/01\/Dukaj-i-pomocnik-gen.-sekretara-NATO-a-foto-MJU.jpg","type":"image\/jpeg"}],"author":"dmcsrbija.com@gmail.com","twitter_card":"summary_large_image","twitter_misc":{"Written by":"dmcsrbija.com@gmail.com"},"schema":{"@context":"https:\/\/schema.org","@graph":[{"@type":"Article","@id":"https:\/\/dmcsrb.com\/politika\/dukaj-u-briselu-partnerstvo-za-modernu-i-sigurnu-drzavu\/#article","isPartOf":{"@id":"https:\/\/dmcsrb.com\/politika\/dukaj-u-briselu-partnerstvo-za-modernu-i-sigurnu-drzavu\/"},"author":{"name":"dmcsrbija.com@gmail.com","@id":"https:\/\/dmcsrb.com\/#\/schema\/person\/5c39170f12db1b8b457732d0b5c854e2"},"headline":"Dukaj u Briselu: Partnerstvo za modernu i sigurnu dr\u017eavu","datePublished":"2025-12-05T14:08:00+00:00","mainEntityOfPage":{"@id":"https:\/\/dmcsrb.com\/politika\/dukaj-u-briselu-partnerstvo-za-modernu-i-sigurnu-drzavu\/"},"wordCount":91,"commentCount":0,"image":{"@id":"https:\/\/dmcsrb.com\/politika\/dukaj-u-briselu-partnerstvo-za-modernu-i-sigurnu-drzavu\/#primaryimage"},"thumbnailUrl":"https:\/\/dmcsrb.com\/wp-content\/uploads\/2026\/01\/Dukaj-i-pomocnik-gen.-sekretara-NATO-a-foto-MJU.jpg","keywords":["Mara\u0161 Dukaj","MINISTARSTVO JAVNE UPRAVE"],"articleSection":["Politika"],"inLanguage":"en-GB","potentialAction":[{"@type":"CommentAction","name":"Comment","target":["https:\/\/dmcsrb.com\/politika\/dukaj-u-briselu-partnerstvo-za-modernu-i-sigurnu-drzavu\/#respond"]}]},{"@type":"WebPage","@id":"https:\/\/dmcsrb.com\/politika\/dukaj-u-briselu-partnerstvo-za-modernu-i-sigurnu-drzavu\/","url":"https:\/\/dmcsrb.com\/politika\/dukaj-u-briselu-partnerstvo-za-modernu-i-sigurnu-drzavu\/","name":"Dukaj u Briselu: Partnerstvo za modernu i sigurnu dr\u017eavu - dmcsrb.com","isPartOf":{"@id":"https:\/\/dmcsrb.com\/#website"},"primaryImageOfPage":{"@id":"https:\/\/dmcsrb.com\/politika\/dukaj-u-briselu-partnerstvo-za-modernu-i-sigurnu-drzavu\/#primaryimage"},"image":{"@id":"https:\/\/dmcsrb.com\/politika\/dukaj-u-briselu-partnerstvo-za-modernu-i-sigurnu-drzavu\/#primaryimage"},"thumbnailUrl":"https:\/\/dmcsrb.com\/wp-content\/uploads\/2026\/01\/Dukaj-i-pomocnik-gen.-sekretara-NATO-a-foto-MJU.jpg","datePublished":"2025-12-05T14:08:00+00:00","author":{"@id":"https:\/\/dmcsrb.com\/#\/schema\/person\/5c39170f12db1b8b457732d0b5c854e2"},"breadcrumb":{"@id":"https:\/\/dmcsrb.com\/politika\/dukaj-u-briselu-partnerstvo-za-modernu-i-sigurnu-drzavu\/#breadcrumb"},"inLanguage":"en-GB","potentialAction":[{"@type":"ReadAction","target":["https:\/\/dmcsrb.com\/politika\/dukaj-u-briselu-partnerstvo-za-modernu-i-sigurnu-drzavu\/"]}]},{"@type":"ImageObject","inLanguage":"en-GB","@id":"https:\/\/dmcsrb.com\/politika\/dukaj-u-briselu-partnerstvo-za-modernu-i-sigurnu-drzavu\/#primaryimage","url":"https:\/\/dmcsrb.com\/wp-content\/uploads\/2026\/01\/Dukaj-i-pomocnik-gen.-sekretara-NATO-a-foto-MJU.jpg","contentUrl":"https:\/\/dmcsrb.com\/wp-content\/uploads\/2026\/01\/Dukaj-i-pomocnik-gen.-sekretara-NATO-a-foto-MJU.jpg","width":828,"height":642},{"@type":"BreadcrumbList","@id":"https:\/\/dmcsrb.com\/politika\/dukaj-u-briselu-partnerstvo-za-modernu-i-sigurnu-drzavu\/#breadcrumb","itemListElement":[{"@type":"ListItem","position":1,"name":"Home","item":"https:\/\/dmcsrb.com\/"},{"@type":"ListItem","position":2,"name":"Dukaj u Briselu: Partnerstvo za modernu i sigurnu dr\u017eavu"}]},{"@type":"WebSite","@id":"https:\/\/dmcsrb.com\/#website","url":"https:\/\/dmcsrb.com\/","name":"dmcsrb.com","description":"","potentialAction":[{"@type":"SearchAction","target":{"@type":"EntryPoint","urlTemplate":"https:\/\/dmcsrb.com\/?s={search_term_string}"},"query-input":{"@type":"PropertyValueSpecification","valueRequired":true,"valueName":"search_term_string"}}],"inLanguage":"en-GB"},{"@type":"Person","@id":"https:\/\/dmcsrb.com\/#\/schema\/person\/5c39170f12db1b8b457732d0b5c854e2","name":"dmcsrbija.com@gmail.com","image":{"@type":"ImageObject","inLanguage":"en-GB","@id":"https:\/\/secure.gravatar.com\/avatar\/68592660ad6347fad0fb587f8d5d8f1a7b44961362f56e4f2cd524feb87e9069?s=96&d=mm&r=g","url":"https:\/\/secure.gravatar.com\/avatar\/68592660ad6347fad0fb587f8d5d8f1a7b44961362f56e4f2cd524feb87e9069?s=96&d=mm&r=g","contentUrl":"https:\/\/secure.gravatar.com\/avatar\/68592660ad6347fad0fb587f8d5d8f1a7b44961362f56e4f2cd524feb87e9069?s=96&d=mm&r=g","caption":"dmcsrbija.com@gmail.com"},"sameAs":["https:\/\/dmcsrb.com"],"url":"https:\/\/dmcsrb.com\/en\/author\/dmcsrbija-comgmail-com\/"}]}},"_links":{"self":[{"href":"https:\/\/dmcsrb.com\/en\/wp-json\/wp\/v2\/posts\/910030","targetHints":{"allow":["GET"]}}],"collection":[{"href":"https:\/\/dmcsrb.com\/en\/wp-json\/wp\/v2\/posts"}],"about":[{"href":"https:\/\/dmcsrb.com\/en\/wp-json\/wp\/v2\/types\/post"}],"author":[{"embeddable":true,"href":"https:\/\/dmcsrb.com\/en\/wp-json\/wp\/v2\/users\/1"}],"replies":[{"embeddable":true,"href":"https:\/\/dmcsrb.com\/en\/wp-json\/wp\/v2\/comments?post=910030"}],"version-history":[{"count":0,"href":"https:\/\/dmcsrb.com\/en\/wp-json\/wp\/v2\/posts\/910030\/revisions"}],"wp:featuredmedia":[{"embeddable":true,"href":"https:\/\/dmcsrb.com\/en\/wp-json\/wp\/v2\/media\/910031"}],"wp:attachment":[{"href":"https:\/\/dmcsrb.com\/en\/wp-json\/wp\/v2\/media?parent=910030"}],"wp:term":[{"taxonomy":"category","embeddable":true,"href":"https:\/\/dmcsrb.com\/en\/wp-json\/wp\/v2\/categories?post=910030"},{"taxonomy":"post_tag","embeddable":true,"href":"https:\/\/dmcsrb.com\/en\/wp-json\/wp\/v2\/tags?post=910030"},{"taxonomy":"naslovna","embeddable":true,"href":"https:\/\/dmcsrb.com\/en\/wp-json\/wp\/v2\/naslovna?post=910030"}],"curies":[{"name":"wp","href":"https:\/\/api.w.org\/{rel}","templated":true}]}}