{"id":909970,"date":"2025-12-05T12:28:00","date_gmt":"2025-12-05T11:28:00","guid":{"rendered":"https:\/\/dmcsrb.com\/uncategorized\/djeljosaj-predlozicemo-godisnji-dodatak-od-50-odsto-prosjecne-plate-i-penzije\/"},"modified":"2025-12-05T12:28:00","modified_gmt":"2025-12-05T11:28:00","slug":"djeljosaj-predlozicemo-godisnji-dodatak-od-50-odsto-prosjecne-plate-i-penzije","status":"publish","type":"post","link":"https:\/\/dmcsrb.com\/en\/ekonomija\/djeljosaj-predlozicemo-godisnji-dodatak-od-50-odsto-prosjecne-plate-i-penzije\/","title":{"rendered":"\u0110eljo\u0161aj: Predlo\u017ei\u0107emo godi\u0161nji dodatak od 50 odsto prosje\u010dne plate i penzije"},"content":{"rendered":"<p><\/p>\n\n\n\n<p>&#8220;Ovaj godi\u0161nji dodatak ispla\u0107iva\u0107e se uz decembarsku zaradu i decembarsku penziju, i bi\u0107e u potpunosti oslobo\u0111en svih poreza i doprinosa, dr\u017eavnih i lokalnih.\u00a0 Time se osigurava da puni iznos zavr\u0161i kod gra\u0111ana, bez ikakvog umanjenja i bez administrativnih optere\u0107enja. Cilj zakona je jasan: da radnici i penzioneri, dvije kategorije koje nose i koje su nosile razvoj Crne Gore, dobiju sna\u017enu i direktnu finansijsku podr\u0161ku ba\u0161 u periodu kada su tro\u0161kovi najve\u0107i krajem godine&#8221;, naveo je \u0110eljo\u0161aj.<\/p>\n\n\n\n<p>Kako je istakao, ovo je evropski standard i model socijalne politike koji Albanski forum predla\u017ee kao novu praksu u Crnoj Gori, tj. pravovremenu, pravednu i univerzalnu pomo\u0107 svim doma\u0107instvima.<\/p>\n\n\n\n<p>&#8220;S obzirom na va\u017enost i hitnost ove mjere,o\u010dekujem od predsjednika Skup\u0161tine Crne Gore da zaka\u017ee posebnu sjednicu posve\u0107enu samo ovom zakonu, kako bi parlament omogu\u0107io da se dodatak isplati ve\u0107 ove godine, zajedno sa decembarskim primanjima. Na\u0161i radnici i penzioneri ne smiju \u010dekati sljede\u0107u godinu da bi dobili podr\u0161ku koja im je potrebna danas. Albanski forum ovim zakonom pokazuje da je posve\u0107en stvarnim potrebama gra\u0111ana: \u017eivotnom standardu, ekonomskoj sigurnosti, pravednoj raspodjeli i po\u0161tovanju svih koji doprinose dru\u0161tvu. Pozivamo sve poslani\u010dke klubove da podr\u017ee zakon, jer on nije partijski, ve\u0107 dru\u0161tveni interes zakon koji koristi svakom radniku i svakom penzioneru u Crnoj Gori&#8221;, ka\u017ee \u0110eljo\u0161aj.<\/p>\n\n\n\n<p>Najavljuje da \u0107e u narednim danima, poslanici Albanskog foruma formalno predati predlog u skup\u0161tinsku proceduru.<\/p>\n\n\n\n<p>&#8220;Radnici i penzioneri moraju biti u centru ekonomske politike. To je poruka ovog zakona i poruka Albanskog foruma&#8221;, zaklju\u010duje.<\/p>\n\n\n\n<p><\/p>","protected":false},"excerpt":{"rendered":"<p>Albanski forum \u0107e u narednim danima uputiti u skup\u0161tinsku proceduru jedinstveni Predlog zakona o godi\u0161njem dodatku, kojim se uvodi obaveza da na kraju svake godine svaki zaposleni u Crnoj Gori dobije dodatak u visini od 50% prosje\u010dne zarade i svaki penzioner u Crnoj Gori dobije dodatak u visini od 50% prosje\u010dne penzije, saop\u0161tio je ministar ekonomskog razvoja.<\/p>","protected":false},"author":1,"featured_media":909971,"comment_status":"open","ping_status":"open","sticky":false,"template":"","format":"standard","meta":{"_acf_changed":false,"footnotes":""},"categories":[27],"tags":[1275],"naslovna":[],"class_list":["post-909970","post","type-post","status-publish","format-standard","has-post-thumbnail","hentry","category-ekonomija","tag-nik-djeljosaj"],"acf":[],"yoast_head":"<!-- This site is optimized with the Yoast SEO plugin v27.4 - https:\/\/yoast.com\/product\/yoast-seo-wordpress\/ -->\n<title>\u0110eljo\u0161aj: Predlo\u017ei\u0107emo godi\u0161nji dodatak od 50 odsto prosje\u010dne plate i penzije - dmcsrb.com<\/title>\n<meta name=\"robots\" content=\"index, follow, max-snippet:-1, max-image-preview:large, max-video-preview:-1\" \/>\n<link rel=\"canonical\" href=\"https:\/\/dmcsrb.com\/en\/ekonomija\/djeljosaj-predlozicemo-godisnji-dodatak-od-50-odsto-prosjecne-plate-i-penzije\/\" \/>\n<meta property=\"og:locale\" content=\"en_GB\" \/>\n<meta property=\"og:type\" content=\"article\" \/>\n<meta property=\"og:title\" content=\"\u0110eljo\u0161aj: Predlo\u017ei\u0107emo godi\u0161nji dodatak od 50 odsto prosje\u010dne plate i penzije - dmcsrb.com\" \/>\n<meta property=\"og:description\" content=\"Albanski forum \u0107e u narednim danima uputiti u skup\u0161tinsku proceduru jedinstveni Predlog zakona o godi\u0161njem dodatku, kojim se uvodi obaveza da na kraju svake godine svaki zaposleni u Crnoj Gori dobije dodatak u visini od 50% prosje\u010dne zarade i svaki penzioner u Crnoj Gori dobije dodatak u visini od 50% prosje\u010dne penzije, saop\u0161tio je ministar ekonomskog razvoja.\" \/>\n<meta property=\"og:url\" content=\"https:\/\/dmcsrb.com\/en\/ekonomija\/djeljosaj-predlozicemo-godisnji-dodatak-od-50-odsto-prosjecne-plate-i-penzije\/\" \/>\n<meta property=\"og:site_name\" content=\"dmcsrb.com\" \/>\n<meta property=\"article:published_time\" content=\"2025-12-05T11:28:00+00:00\" \/>\n<meta property=\"og:image\" content=\"https:\/\/dmcsrb.com\/wp-content\/uploads\/2026\/01\/Nik-DJeljosaj-foto-Vlada-CG.jpg\" \/>\n\t<meta property=\"og:image:width\" content=\"935\" \/>\n\t<meta property=\"og:image:height\" content=\"579\" \/>\n\t<meta property=\"og:image:type\" content=\"image\/jpeg\" \/>\n<meta name=\"author\" content=\"dmcsrbija.com@gmail.com\" \/>\n<meta name=\"twitter:card\" content=\"summary_large_image\" \/>\n<meta name=\"twitter:label1\" content=\"Written by\" \/>\n\t<meta name=\"twitter:data1\" content=\"dmcsrbija.com@gmail.com\" \/>\n\t<meta name=\"twitter:label2\" content=\"Estimated reading time\" \/>\n\t<meta name=\"twitter:data2\" content=\"1 minute\" \/>\n<script type=\"application\/ld+json\" class=\"yoast-schema-graph\">{\"@context\":\"https:\\\/\\\/schema.org\",\"@graph\":[{\"@type\":\"Article\",\"@id\":\"https:\\\/\\\/dmcsrb.com\\\/ekonomija\\\/djeljosaj-predlozicemo-godisnji-dodatak-od-50-odsto-prosjecne-plate-i-penzije\\\/#article\",\"isPartOf\":{\"@id\":\"https:\\\/\\\/dmcsrb.com\\\/ekonomija\\\/djeljosaj-predlozicemo-godisnji-dodatak-od-50-odsto-prosjecne-plate-i-penzije\\\/\"},\"author\":{\"name\":\"dmcsrbija.com@gmail.com\",\"@id\":\"https:\\\/\\\/dmcsrb.com\\\/#\\\/schema\\\/person\\\/5c39170f12db1b8b457732d0b5c854e2\"},\"headline\":\"\u0110eljo\u0161aj: Predlo\u017ei\u0107emo godi\u0161nji dodatak od 50 odsto prosje\u010dne plate i penzije\",\"datePublished\":\"2025-12-05T11:28:00+00:00\",\"mainEntityOfPage\":{\"@id\":\"https:\\\/\\\/dmcsrb.com\\\/ekonomija\\\/djeljosaj-predlozicemo-godisnji-dodatak-od-50-odsto-prosjecne-plate-i-penzije\\\/\"},\"wordCount\":295,\"commentCount\":0,\"image\":{\"@id\":\"https:\\\/\\\/dmcsrb.com\\\/ekonomija\\\/djeljosaj-predlozicemo-godisnji-dodatak-od-50-odsto-prosjecne-plate-i-penzije\\\/#primaryimage\"},\"thumbnailUrl\":\"https:\\\/\\\/dmcsrb.com\\\/wp-content\\\/uploads\\\/2026\\\/01\\\/Nik-DJeljosaj-foto-Vlada-CG.jpg\",\"keywords\":[\"Nik \u0110eljo\u0161aj\"],\"articleSection\":[\"Ekonomija\"],\"inLanguage\":\"en-GB\",\"potentialAction\":[{\"@type\":\"CommentAction\",\"name\":\"Comment\",\"target\":[\"https:\\\/\\\/dmcsrb.com\\\/ekonomija\\\/djeljosaj-predlozicemo-godisnji-dodatak-od-50-odsto-prosjecne-plate-i-penzije\\\/#respond\"]}]},{\"@type\":\"WebPage\",\"@id\":\"https:\\\/\\\/dmcsrb.com\\\/ekonomija\\\/djeljosaj-predlozicemo-godisnji-dodatak-od-50-odsto-prosjecne-plate-i-penzije\\\/\",\"url\":\"https:\\\/\\\/dmcsrb.com\\\/ekonomija\\\/djeljosaj-predlozicemo-godisnji-dodatak-od-50-odsto-prosjecne-plate-i-penzije\\\/\",\"name\":\"\u0110eljo\u0161aj: Predlo\u017ei\u0107emo godi\u0161nji dodatak od 50 odsto prosje\u010dne plate i penzije - dmcsrb.com\",\"isPartOf\":{\"@id\":\"https:\\\/\\\/dmcsrb.com\\\/#website\"},\"primaryImageOfPage\":{\"@id\":\"https:\\\/\\\/dmcsrb.com\\\/ekonomija\\\/djeljosaj-predlozicemo-godisnji-dodatak-od-50-odsto-prosjecne-plate-i-penzije\\\/#primaryimage\"},\"image\":{\"@id\":\"https:\\\/\\\/dmcsrb.com\\\/ekonomija\\\/djeljosaj-predlozicemo-godisnji-dodatak-od-50-odsto-prosjecne-plate-i-penzije\\\/#primaryimage\"},\"thumbnailUrl\":\"https:\\\/\\\/dmcsrb.com\\\/wp-content\\\/uploads\\\/2026\\\/01\\\/Nik-DJeljosaj-foto-Vlada-CG.jpg\",\"datePublished\":\"2025-12-05T11:28:00+00:00\",\"author\":{\"@id\":\"https:\\\/\\\/dmcsrb.com\\\/#\\\/schema\\\/person\\\/5c39170f12db1b8b457732d0b5c854e2\"},\"breadcrumb\":{\"@id\":\"https:\\\/\\\/dmcsrb.com\\\/ekonomija\\\/djeljosaj-predlozicemo-godisnji-dodatak-od-50-odsto-prosjecne-plate-i-penzije\\\/#breadcrumb\"},\"inLanguage\":\"en-GB\",\"potentialAction\":[{\"@type\":\"ReadAction\",\"target\":[\"https:\\\/\\\/dmcsrb.com\\\/ekonomija\\\/djeljosaj-predlozicemo-godisnji-dodatak-od-50-odsto-prosjecne-plate-i-penzije\\\/\"]}]},{\"@type\":\"ImageObject\",\"inLanguage\":\"en-GB\",\"@id\":\"https:\\\/\\\/dmcsrb.com\\\/ekonomija\\\/djeljosaj-predlozicemo-godisnji-dodatak-od-50-odsto-prosjecne-plate-i-penzije\\\/#primaryimage\",\"url\":\"https:\\\/\\\/dmcsrb.com\\\/wp-content\\\/uploads\\\/2026\\\/01\\\/Nik-DJeljosaj-foto-Vlada-CG.jpg\",\"contentUrl\":\"https:\\\/\\\/dmcsrb.com\\\/wp-content\\\/uploads\\\/2026\\\/01\\\/Nik-DJeljosaj-foto-Vlada-CG.jpg\",\"width\":935,\"height\":579},{\"@type\":\"BreadcrumbList\",\"@id\":\"https:\\\/\\\/dmcsrb.com\\\/ekonomija\\\/djeljosaj-predlozicemo-godisnji-dodatak-od-50-odsto-prosjecne-plate-i-penzije\\\/#breadcrumb\",\"itemListElement\":[{\"@type\":\"ListItem\",\"position\":1,\"name\":\"Home\",\"item\":\"https:\\\/\\\/dmcsrb.com\\\/\"},{\"@type\":\"ListItem\",\"position\":2,\"name\":\"\u0110eljo\u0161aj: Predlo\u017ei\u0107emo godi\u0161nji dodatak od 50 odsto prosje\u010dne plate i penzije\"}]},{\"@type\":\"WebSite\",\"@id\":\"https:\\\/\\\/dmcsrb.com\\\/#website\",\"url\":\"https:\\\/\\\/dmcsrb.com\\\/\",\"name\":\"dmcsrb.com\",\"description\":\"\",\"potentialAction\":[{\"@type\":\"SearchAction\",\"target\":{\"@type\":\"EntryPoint\",\"urlTemplate\":\"https:\\\/\\\/dmcsrb.com\\\/?s={search_term_string}\"},\"query-input\":{\"@type\":\"PropertyValueSpecification\",\"valueRequired\":true,\"valueName\":\"search_term_string\"}}],\"inLanguage\":\"en-GB\"},{\"@type\":\"Person\",\"@id\":\"https:\\\/\\\/dmcsrb.com\\\/#\\\/schema\\\/person\\\/5c39170f12db1b8b457732d0b5c854e2\",\"name\":\"dmcsrbija.com@gmail.com\",\"image\":{\"@type\":\"ImageObject\",\"inLanguage\":\"en-GB\",\"@id\":\"https:\\\/\\\/secure.gravatar.com\\\/avatar\\\/68592660ad6347fad0fb587f8d5d8f1a7b44961362f56e4f2cd524feb87e9069?s=96&d=mm&r=g\",\"url\":\"https:\\\/\\\/secure.gravatar.com\\\/avatar\\\/68592660ad6347fad0fb587f8d5d8f1a7b44961362f56e4f2cd524feb87e9069?s=96&d=mm&r=g\",\"contentUrl\":\"https:\\\/\\\/secure.gravatar.com\\\/avatar\\\/68592660ad6347fad0fb587f8d5d8f1a7b44961362f56e4f2cd524feb87e9069?s=96&d=mm&r=g\",\"caption\":\"dmcsrbija.com@gmail.com\"},\"sameAs\":[\"https:\\\/\\\/dmcsrb.com\"],\"url\":\"https:\\\/\\\/dmcsrb.com\\\/en\\\/author\\\/dmcsrbija-comgmail-com\\\/\"}]}<\/script>\n<!-- \/ Yoast SEO plugin. -->","yoast_head_json":{"title":"\u0110eljo\u0161aj: Predlo\u017ei\u0107emo godi\u0161nji dodatak od 50 odsto prosje\u010dne plate i penzije - dmcsrb.com","robots":{"index":"index","follow":"follow","max-snippet":"max-snippet:-1","max-image-preview":"max-image-preview:large","max-video-preview":"max-video-preview:-1"},"canonical":"https:\/\/dmcsrb.com\/en\/ekonomija\/djeljosaj-predlozicemo-godisnji-dodatak-od-50-odsto-prosjecne-plate-i-penzije\/","og_locale":"en_GB","og_type":"article","og_title":"\u0110eljo\u0161aj: Predlo\u017ei\u0107emo godi\u0161nji dodatak od 50 odsto prosje\u010dne plate i penzije - dmcsrb.com","og_description":"Albanski forum \u0107e u narednim danima uputiti u skup\u0161tinsku proceduru jedinstveni Predlog zakona o godi\u0161njem dodatku, kojim se uvodi obaveza da na kraju svake godine svaki zaposleni u Crnoj Gori dobije dodatak u visini od 50% prosje\u010dne zarade i svaki penzioner u Crnoj Gori dobije dodatak u visini od 50% prosje\u010dne penzije, saop\u0161tio je ministar ekonomskog razvoja.","og_url":"https:\/\/dmcsrb.com\/en\/ekonomija\/djeljosaj-predlozicemo-godisnji-dodatak-od-50-odsto-prosjecne-plate-i-penzije\/","og_site_name":"dmcsrb.com","article_published_time":"2025-12-05T11:28:00+00:00","og_image":[{"width":935,"height":579,"url":"https:\/\/dmcsrb.com\/wp-content\/uploads\/2026\/01\/Nik-DJeljosaj-foto-Vlada-CG.jpg","type":"image\/jpeg"}],"author":"dmcsrbija.com@gmail.com","twitter_card":"summary_large_image","twitter_misc":{"Written by":"dmcsrbija.com@gmail.com","Estimated reading time":"1 minute"},"schema":{"@context":"https:\/\/schema.org","@graph":[{"@type":"Article","@id":"https:\/\/dmcsrb.com\/ekonomija\/djeljosaj-predlozicemo-godisnji-dodatak-od-50-odsto-prosjecne-plate-i-penzije\/#article","isPartOf":{"@id":"https:\/\/dmcsrb.com\/ekonomija\/djeljosaj-predlozicemo-godisnji-dodatak-od-50-odsto-prosjecne-plate-i-penzije\/"},"author":{"name":"dmcsrbija.com@gmail.com","@id":"https:\/\/dmcsrb.com\/#\/schema\/person\/5c39170f12db1b8b457732d0b5c854e2"},"headline":"\u0110eljo\u0161aj: Predlo\u017ei\u0107emo godi\u0161nji dodatak od 50 odsto prosje\u010dne plate i penzije","datePublished":"2025-12-05T11:28:00+00:00","mainEntityOfPage":{"@id":"https:\/\/dmcsrb.com\/ekonomija\/djeljosaj-predlozicemo-godisnji-dodatak-od-50-odsto-prosjecne-plate-i-penzije\/"},"wordCount":295,"commentCount":0,"image":{"@id":"https:\/\/dmcsrb.com\/ekonomija\/djeljosaj-predlozicemo-godisnji-dodatak-od-50-odsto-prosjecne-plate-i-penzije\/#primaryimage"},"thumbnailUrl":"https:\/\/dmcsrb.com\/wp-content\/uploads\/2026\/01\/Nik-DJeljosaj-foto-Vlada-CG.jpg","keywords":["Nik \u0110eljo\u0161aj"],"articleSection":["Ekonomija"],"inLanguage":"en-GB","potentialAction":[{"@type":"CommentAction","name":"Comment","target":["https:\/\/dmcsrb.com\/ekonomija\/djeljosaj-predlozicemo-godisnji-dodatak-od-50-odsto-prosjecne-plate-i-penzije\/#respond"]}]},{"@type":"WebPage","@id":"https:\/\/dmcsrb.com\/ekonomija\/djeljosaj-predlozicemo-godisnji-dodatak-od-50-odsto-prosjecne-plate-i-penzije\/","url":"https:\/\/dmcsrb.com\/ekonomija\/djeljosaj-predlozicemo-godisnji-dodatak-od-50-odsto-prosjecne-plate-i-penzije\/","name":"\u0110eljo\u0161aj: Predlo\u017ei\u0107emo godi\u0161nji dodatak od 50 odsto prosje\u010dne plate i penzije - dmcsrb.com","isPartOf":{"@id":"https:\/\/dmcsrb.com\/#website"},"primaryImageOfPage":{"@id":"https:\/\/dmcsrb.com\/ekonomija\/djeljosaj-predlozicemo-godisnji-dodatak-od-50-odsto-prosjecne-plate-i-penzije\/#primaryimage"},"image":{"@id":"https:\/\/dmcsrb.com\/ekonomija\/djeljosaj-predlozicemo-godisnji-dodatak-od-50-odsto-prosjecne-plate-i-penzije\/#primaryimage"},"thumbnailUrl":"https:\/\/dmcsrb.com\/wp-content\/uploads\/2026\/01\/Nik-DJeljosaj-foto-Vlada-CG.jpg","datePublished":"2025-12-05T11:28:00+00:00","author":{"@id":"https:\/\/dmcsrb.com\/#\/schema\/person\/5c39170f12db1b8b457732d0b5c854e2"},"breadcrumb":{"@id":"https:\/\/dmcsrb.com\/ekonomija\/djeljosaj-predlozicemo-godisnji-dodatak-od-50-odsto-prosjecne-plate-i-penzije\/#breadcrumb"},"inLanguage":"en-GB","potentialAction":[{"@type":"ReadAction","target":["https:\/\/dmcsrb.com\/ekonomija\/djeljosaj-predlozicemo-godisnji-dodatak-od-50-odsto-prosjecne-plate-i-penzije\/"]}]},{"@type":"ImageObject","inLanguage":"en-GB","@id":"https:\/\/dmcsrb.com\/ekonomija\/djeljosaj-predlozicemo-godisnji-dodatak-od-50-odsto-prosjecne-plate-i-penzije\/#primaryimage","url":"https:\/\/dmcsrb.com\/wp-content\/uploads\/2026\/01\/Nik-DJeljosaj-foto-Vlada-CG.jpg","contentUrl":"https:\/\/dmcsrb.com\/wp-content\/uploads\/2026\/01\/Nik-DJeljosaj-foto-Vlada-CG.jpg","width":935,"height":579},{"@type":"BreadcrumbList","@id":"https:\/\/dmcsrb.com\/ekonomija\/djeljosaj-predlozicemo-godisnji-dodatak-od-50-odsto-prosjecne-plate-i-penzije\/#breadcrumb","itemListElement":[{"@type":"ListItem","position":1,"name":"Home","item":"https:\/\/dmcsrb.com\/"},{"@type":"ListItem","position":2,"name":"\u0110eljo\u0161aj: Predlo\u017ei\u0107emo godi\u0161nji dodatak od 50 odsto prosje\u010dne plate i penzije"}]},{"@type":"WebSite","@id":"https:\/\/dmcsrb.com\/#website","url":"https:\/\/dmcsrb.com\/","name":"dmcsrb.com","description":"","potentialAction":[{"@type":"SearchAction","target":{"@type":"EntryPoint","urlTemplate":"https:\/\/dmcsrb.com\/?s={search_term_string}"},"query-input":{"@type":"PropertyValueSpecification","valueRequired":true,"valueName":"search_term_string"}}],"inLanguage":"en-GB"},{"@type":"Person","@id":"https:\/\/dmcsrb.com\/#\/schema\/person\/5c39170f12db1b8b457732d0b5c854e2","name":"dmcsrbija.com@gmail.com","image":{"@type":"ImageObject","inLanguage":"en-GB","@id":"https:\/\/secure.gravatar.com\/avatar\/68592660ad6347fad0fb587f8d5d8f1a7b44961362f56e4f2cd524feb87e9069?s=96&d=mm&r=g","url":"https:\/\/secure.gravatar.com\/avatar\/68592660ad6347fad0fb587f8d5d8f1a7b44961362f56e4f2cd524feb87e9069?s=96&d=mm&r=g","contentUrl":"https:\/\/secure.gravatar.com\/avatar\/68592660ad6347fad0fb587f8d5d8f1a7b44961362f56e4f2cd524feb87e9069?s=96&d=mm&r=g","caption":"dmcsrbija.com@gmail.com"},"sameAs":["https:\/\/dmcsrb.com"],"url":"https:\/\/dmcsrb.com\/en\/author\/dmcsrbija-comgmail-com\/"}]}},"_links":{"self":[{"href":"https:\/\/dmcsrb.com\/en\/wp-json\/wp\/v2\/posts\/909970","targetHints":{"allow":["GET"]}}],"collection":[{"href":"https:\/\/dmcsrb.com\/en\/wp-json\/wp\/v2\/posts"}],"about":[{"href":"https:\/\/dmcsrb.com\/en\/wp-json\/wp\/v2\/types\/post"}],"author":[{"embeddable":true,"href":"https:\/\/dmcsrb.com\/en\/wp-json\/wp\/v2\/users\/1"}],"replies":[{"embeddable":true,"href":"https:\/\/dmcsrb.com\/en\/wp-json\/wp\/v2\/comments?post=909970"}],"version-history":[{"count":0,"href":"https:\/\/dmcsrb.com\/en\/wp-json\/wp\/v2\/posts\/909970\/revisions"}],"wp:featuredmedia":[{"embeddable":true,"href":"https:\/\/dmcsrb.com\/en\/wp-json\/wp\/v2\/media\/909971"}],"wp:attachment":[{"href":"https:\/\/dmcsrb.com\/en\/wp-json\/wp\/v2\/media?parent=909970"}],"wp:term":[{"taxonomy":"category","embeddable":true,"href":"https:\/\/dmcsrb.com\/en\/wp-json\/wp\/v2\/categories?post=909970"},{"taxonomy":"post_tag","embeddable":true,"href":"https:\/\/dmcsrb.com\/en\/wp-json\/wp\/v2\/tags?post=909970"},{"taxonomy":"naslovna","embeddable":true,"href":"https:\/\/dmcsrb.com\/en\/wp-json\/wp\/v2\/naslovna?post=909970"}],"curies":[{"name":"wp","href":"https:\/\/api.w.org\/{rel}","templated":true}]}}