{"id":909904,"date":"2025-12-05T10:36:00","date_gmt":"2025-12-05T09:36:00","guid":{"rendered":"https:\/\/dmcsrb.com\/uncategorized\/koncert-gorska-igra-na-cetinju-u-organizaciji-matice-crnogorske-i-zetskog-doma\/"},"modified":"2025-12-05T10:36:00","modified_gmt":"2025-12-05T09:36:00","slug":"koncert-gorska-igra-na-cetinju-u-organizaciji-matice-crnogorske-i-zetskog-doma","status":"publish","type":"post","link":"https:\/\/dmcsrb.com\/en\/kultura\/koncert-gorska-igra-na-cetinju-u-organizaciji-matice-crnogorske-i-zetskog-doma\/","title":{"rendered":"Koncert \u201eGorska igra\u201c na Cetinju u organizaciji Matice crnogorske i Zetskog doma"},"content":{"rendered":"<p>Program koncerta \u201eGorska igra\u201c zami\u0161ljen je kao putovanje kroz barok, klasicizam i romantizam, isprepleteno lirskim nitima djela kompozitora iz Irske, Engleske, Francuske, Njema\u010dke, Austrije i Italije \u2013 putovanje koje se, naposljetku, zavr\u0161ava povratkom u (crno)gorske krajeve, zapisala je u propratnom tekstu kataloga teoreti\u010darka muzike Vanja Vuk\u010devi\u0107. Na programu \u0107e biti djela slavnih svjetskih kompozitora: Stivensona, Hendla, Paizjela, \u0110ulijanija, Baha, Gunoa, Persela i \u0160uberta, ali i crnogorskih autora \u2013 Branka Zenovi\u0107a, Jelisavete Popovi\u0107 i Mirka Petrovi\u0107a.&nbsp;<\/p>\n\n\n\n<p><strong>Zorana Latkovi\u0107<\/strong> je zavr\u0161ila je studije solo pjevanja na Fakultetu muzi\u010dke umetnosti u Beogradu, u klasi prof. Irine Arsikin. Na zavr\u0161noj godini studija debitovala je u premijernom izvo\u0111enju opere \u201eDidona i Enej\u201c (H. Purcell), u Kraljevskom pozori\u0161tu \u201eZetski dom\u201c na Cetinju. Osniva\u010dica je i umjetni\u010dki rukovodilac Crnogorskog vokalnog ansambla \u201eLu\u010da\u201c i \u010dlanica \u017eenske klape \u201eAlata\u201c iz&nbsp; Podgorice. Bavi se pedago\u0161kim radom u JU U\u0160MB \u201eVasa Pavi\u0107\u201c, kao nastavnica solo pjevanja i kamerne muzike.&nbsp;Tri godine zaredom je bila dobitnik Nagrade za nastavnike iz Fonda za kvalitet i talente za vrijeme njegovog trajanja (2018\u20132020).&nbsp;<\/p>\n\n\n\n<p><strong>Nikola Pejovi\u0107<\/strong> je diplomirao je na Akademiji lepih umetnosti u Beogradu, u klasi prof. Sr\u0111ana To\u0161i\u0107a. Tokom \u0161kolovanja je osvojio vi\u0161e nagrada i nastupao na brojnim koncertima. Od 2009. godine radi kao nastavnik gitare u muzi\u010dkim \u0161kolama u Podgorici i Nik\u0161i\u0107u.<\/p>\n\n\n\n<p><strong>Sava Vuja\u010di\u0107<\/strong> je zavr\u0161io studije harmonike u Kijevu na Nacionalnoj muzi\u010dkoj akademiji Ukrajine \u201eP. I. \u010cajkovski\u201c, u klasi prof. dr Nikolaja Davidova, a magistarske studije u Odesi, na Nacionalnoj muzi\u010dkoj akademiji \u201eV. A. Ne\u017edanova\u201c, u klasi prof. Vadimira Murze. Usavr\u0161avao se kod eminentnih profesora kao \u0161to su: Radomir Tomi\u0107, Vojin Vasovi\u0107, Artjom Ni\u017enik, Vladimir Besfamiljinov i Juri \u0160i\u0161kin. Od 2016. godine radi kao nastavnik harmonike u JU U\u0160MB \u201eVasa Pavi\u0107\u201c.<\/p>","protected":false},"excerpt":{"rendered":"<p>Koncert \u201eGorska igra\u201c kamernog trija koji \u010dine Zorana Latkovi\u0107, sopran, Nikola Pejovi\u0107, gitara i Sava Vuja\u010di\u0107, harmonika, bi\u0107e odr\u017ean u ponedjeljak, 8. decembra u 18.30 sati u Zetskom domu na Cetinju. Koncert organizuje Matica crnogorska u saradnji sa Zetskim domom.\u00a0<\/p>","protected":false},"author":1,"featured_media":909905,"comment_status":"open","ping_status":"open","sticky":false,"template":"","format":"standard","meta":{"_acf_changed":false,"footnotes":""},"categories":[50],"tags":[88,1225,1226],"naslovna":[],"class_list":["post-909904","post","type-post","status-publish","format-standard","has-post-thumbnail","hentry","category-kultura","tag-cetinje","tag-gorska-igra","tag-matica-crnogorska"],"acf":[],"yoast_head":"<!-- This site is optimized with the Yoast SEO plugin v27.4 - https:\/\/yoast.com\/product\/yoast-seo-wordpress\/ -->\n<title>Koncert \u201eGorska igra\u201c na Cetinju u organizaciji Matice crnogorske i Zetskog doma - dmcsrb.com<\/title>\n<meta name=\"robots\" content=\"index, follow, max-snippet:-1, max-image-preview:large, max-video-preview:-1\" \/>\n<link rel=\"canonical\" href=\"https:\/\/dmcsrb.com\/en\/kultura\/koncert-gorska-igra-na-cetinju-u-organizaciji-matice-crnogorske-i-zetskog-doma\/\" \/>\n<meta property=\"og:locale\" content=\"en_GB\" \/>\n<meta property=\"og:type\" content=\"article\" \/>\n<meta property=\"og:title\" content=\"Koncert \u201eGorska igra\u201c na Cetinju u organizaciji Matice crnogorske i Zetskog doma - dmcsrb.com\" \/>\n<meta property=\"og:description\" content=\"Koncert \u201eGorska igra\u201c kamernog trija koji \u010dine Zorana Latkovi\u0107, sopran, Nikola Pejovi\u0107, gitara i Sava Vuja\u010di\u0107, harmonika, bi\u0107e odr\u017ean u ponedjeljak, 8. decembra u 18.30 sati u Zetskom domu na Cetinju. Koncert organizuje Matica crnogorska u saradnji sa Zetskim domom.\u00a0\" \/>\n<meta property=\"og:url\" content=\"https:\/\/dmcsrb.com\/en\/kultura\/koncert-gorska-igra-na-cetinju-u-organizaciji-matice-crnogorske-i-zetskog-doma\/\" \/>\n<meta property=\"og:site_name\" content=\"dmcsrb.com\" \/>\n<meta property=\"article:published_time\" content=\"2025-12-05T09:36:00+00:00\" \/>\n<meta property=\"og:image\" content=\"https:\/\/dmcsrb.com\/wp-content\/uploads\/2026\/01\/Capture-15.jpg\" \/>\n\t<meta property=\"og:image:width\" content=\"1127\" \/>\n\t<meta property=\"og:image:height\" content=\"773\" \/>\n\t<meta property=\"og:image:type\" content=\"image\/jpeg\" \/>\n<meta name=\"author\" content=\"dmcsrbija.com@gmail.com\" \/>\n<meta name=\"twitter:card\" content=\"summary_large_image\" \/>\n<meta name=\"twitter:label1\" content=\"Written by\" \/>\n\t<meta name=\"twitter:data1\" content=\"dmcsrbija.com@gmail.com\" \/>\n\t<meta name=\"twitter:label2\" content=\"Estimated reading time\" \/>\n\t<meta name=\"twitter:data2\" content=\"2 minutes\" \/>\n<script type=\"application\/ld+json\" class=\"yoast-schema-graph\">{\"@context\":\"https:\\\/\\\/schema.org\",\"@graph\":[{\"@type\":\"Article\",\"@id\":\"https:\\\/\\\/dmcsrb.com\\\/kultura\\\/koncert-gorska-igra-na-cetinju-u-organizaciji-matice-crnogorske-i-zetskog-doma\\\/#article\",\"isPartOf\":{\"@id\":\"https:\\\/\\\/dmcsrb.com\\\/kultura\\\/koncert-gorska-igra-na-cetinju-u-organizaciji-matice-crnogorske-i-zetskog-doma\\\/\"},\"author\":{\"name\":\"dmcsrbija.com@gmail.com\",\"@id\":\"https:\\\/\\\/dmcsrb.com\\\/#\\\/schema\\\/person\\\/5c39170f12db1b8b457732d0b5c854e2\"},\"headline\":\"Koncert \u201eGorska igra\u201c na Cetinju u organizaciji Matice crnogorske i Zetskog doma\",\"datePublished\":\"2025-12-05T09:36:00+00:00\",\"mainEntityOfPage\":{\"@id\":\"https:\\\/\\\/dmcsrb.com\\\/kultura\\\/koncert-gorska-igra-na-cetinju-u-organizaciji-matice-crnogorske-i-zetskog-doma\\\/\"},\"wordCount\":324,\"commentCount\":0,\"image\":{\"@id\":\"https:\\\/\\\/dmcsrb.com\\\/kultura\\\/koncert-gorska-igra-na-cetinju-u-organizaciji-matice-crnogorske-i-zetskog-doma\\\/#primaryimage\"},\"thumbnailUrl\":\"https:\\\/\\\/dmcsrb.com\\\/wp-content\\\/uploads\\\/2026\\\/01\\\/Capture-15.jpg\",\"keywords\":[\"Cetinje\",\"Gorska igra\",\"Matica Crnogorska\"],\"articleSection\":[\"Kultura\"],\"inLanguage\":\"en-GB\",\"potentialAction\":[{\"@type\":\"CommentAction\",\"name\":\"Comment\",\"target\":[\"https:\\\/\\\/dmcsrb.com\\\/kultura\\\/koncert-gorska-igra-na-cetinju-u-organizaciji-matice-crnogorske-i-zetskog-doma\\\/#respond\"]}]},{\"@type\":\"WebPage\",\"@id\":\"https:\\\/\\\/dmcsrb.com\\\/kultura\\\/koncert-gorska-igra-na-cetinju-u-organizaciji-matice-crnogorske-i-zetskog-doma\\\/\",\"url\":\"https:\\\/\\\/dmcsrb.com\\\/kultura\\\/koncert-gorska-igra-na-cetinju-u-organizaciji-matice-crnogorske-i-zetskog-doma\\\/\",\"name\":\"Koncert \u201eGorska igra\u201c na Cetinju u organizaciji Matice crnogorske i Zetskog doma - dmcsrb.com\",\"isPartOf\":{\"@id\":\"https:\\\/\\\/dmcsrb.com\\\/#website\"},\"primaryImageOfPage\":{\"@id\":\"https:\\\/\\\/dmcsrb.com\\\/kultura\\\/koncert-gorska-igra-na-cetinju-u-organizaciji-matice-crnogorske-i-zetskog-doma\\\/#primaryimage\"},\"image\":{\"@id\":\"https:\\\/\\\/dmcsrb.com\\\/kultura\\\/koncert-gorska-igra-na-cetinju-u-organizaciji-matice-crnogorske-i-zetskog-doma\\\/#primaryimage\"},\"thumbnailUrl\":\"https:\\\/\\\/dmcsrb.com\\\/wp-content\\\/uploads\\\/2026\\\/01\\\/Capture-15.jpg\",\"datePublished\":\"2025-12-05T09:36:00+00:00\",\"author\":{\"@id\":\"https:\\\/\\\/dmcsrb.com\\\/#\\\/schema\\\/person\\\/5c39170f12db1b8b457732d0b5c854e2\"},\"breadcrumb\":{\"@id\":\"https:\\\/\\\/dmcsrb.com\\\/kultura\\\/koncert-gorska-igra-na-cetinju-u-organizaciji-matice-crnogorske-i-zetskog-doma\\\/#breadcrumb\"},\"inLanguage\":\"en-GB\",\"potentialAction\":[{\"@type\":\"ReadAction\",\"target\":[\"https:\\\/\\\/dmcsrb.com\\\/kultura\\\/koncert-gorska-igra-na-cetinju-u-organizaciji-matice-crnogorske-i-zetskog-doma\\\/\"]}]},{\"@type\":\"ImageObject\",\"inLanguage\":\"en-GB\",\"@id\":\"https:\\\/\\\/dmcsrb.com\\\/kultura\\\/koncert-gorska-igra-na-cetinju-u-organizaciji-matice-crnogorske-i-zetskog-doma\\\/#primaryimage\",\"url\":\"https:\\\/\\\/dmcsrb.com\\\/wp-content\\\/uploads\\\/2026\\\/01\\\/Capture-15.jpg\",\"contentUrl\":\"https:\\\/\\\/dmcsrb.com\\\/wp-content\\\/uploads\\\/2026\\\/01\\\/Capture-15.jpg\",\"width\":1127,\"height\":773},{\"@type\":\"BreadcrumbList\",\"@id\":\"https:\\\/\\\/dmcsrb.com\\\/kultura\\\/koncert-gorska-igra-na-cetinju-u-organizaciji-matice-crnogorske-i-zetskog-doma\\\/#breadcrumb\",\"itemListElement\":[{\"@type\":\"ListItem\",\"position\":1,\"name\":\"Home\",\"item\":\"https:\\\/\\\/dmcsrb.com\\\/\"},{\"@type\":\"ListItem\",\"position\":2,\"name\":\"Koncert \u201eGorska igra\u201c na Cetinju u organizaciji Matice crnogorske i Zetskog doma\"}]},{\"@type\":\"WebSite\",\"@id\":\"https:\\\/\\\/dmcsrb.com\\\/#website\",\"url\":\"https:\\\/\\\/dmcsrb.com\\\/\",\"name\":\"dmcsrb.com\",\"description\":\"\",\"potentialAction\":[{\"@type\":\"SearchAction\",\"target\":{\"@type\":\"EntryPoint\",\"urlTemplate\":\"https:\\\/\\\/dmcsrb.com\\\/?s={search_term_string}\"},\"query-input\":{\"@type\":\"PropertyValueSpecification\",\"valueRequired\":true,\"valueName\":\"search_term_string\"}}],\"inLanguage\":\"en-GB\"},{\"@type\":\"Person\",\"@id\":\"https:\\\/\\\/dmcsrb.com\\\/#\\\/schema\\\/person\\\/5c39170f12db1b8b457732d0b5c854e2\",\"name\":\"dmcsrbija.com@gmail.com\",\"image\":{\"@type\":\"ImageObject\",\"inLanguage\":\"en-GB\",\"@id\":\"https:\\\/\\\/secure.gravatar.com\\\/avatar\\\/68592660ad6347fad0fb587f8d5d8f1a7b44961362f56e4f2cd524feb87e9069?s=96&d=mm&r=g\",\"url\":\"https:\\\/\\\/secure.gravatar.com\\\/avatar\\\/68592660ad6347fad0fb587f8d5d8f1a7b44961362f56e4f2cd524feb87e9069?s=96&d=mm&r=g\",\"contentUrl\":\"https:\\\/\\\/secure.gravatar.com\\\/avatar\\\/68592660ad6347fad0fb587f8d5d8f1a7b44961362f56e4f2cd524feb87e9069?s=96&d=mm&r=g\",\"caption\":\"dmcsrbija.com@gmail.com\"},\"sameAs\":[\"https:\\\/\\\/dmcsrb.com\"],\"url\":\"https:\\\/\\\/dmcsrb.com\\\/en\\\/author\\\/dmcsrbija-comgmail-com\\\/\"}]}<\/script>\n<!-- \/ Yoast SEO plugin. -->","yoast_head_json":{"title":"Koncert \u201eGorska igra\u201c na Cetinju u organizaciji Matice crnogorske i Zetskog doma - dmcsrb.com","robots":{"index":"index","follow":"follow","max-snippet":"max-snippet:-1","max-image-preview":"max-image-preview:large","max-video-preview":"max-video-preview:-1"},"canonical":"https:\/\/dmcsrb.com\/en\/kultura\/koncert-gorska-igra-na-cetinju-u-organizaciji-matice-crnogorske-i-zetskog-doma\/","og_locale":"en_GB","og_type":"article","og_title":"Koncert \u201eGorska igra\u201c na Cetinju u organizaciji Matice crnogorske i Zetskog doma - dmcsrb.com","og_description":"Koncert \u201eGorska igra\u201c kamernog trija koji \u010dine Zorana Latkovi\u0107, sopran, Nikola Pejovi\u0107, gitara i Sava Vuja\u010di\u0107, harmonika, bi\u0107e odr\u017ean u ponedjeljak, 8. decembra u 18.30 sati u Zetskom domu na Cetinju. Koncert organizuje Matica crnogorska u saradnji sa Zetskim domom.\u00a0","og_url":"https:\/\/dmcsrb.com\/en\/kultura\/koncert-gorska-igra-na-cetinju-u-organizaciji-matice-crnogorske-i-zetskog-doma\/","og_site_name":"dmcsrb.com","article_published_time":"2025-12-05T09:36:00+00:00","og_image":[{"width":1127,"height":773,"url":"https:\/\/dmcsrb.com\/wp-content\/uploads\/2026\/01\/Capture-15.jpg","type":"image\/jpeg"}],"author":"dmcsrbija.com@gmail.com","twitter_card":"summary_large_image","twitter_misc":{"Written by":"dmcsrbija.com@gmail.com","Estimated reading time":"2 minutes"},"schema":{"@context":"https:\/\/schema.org","@graph":[{"@type":"Article","@id":"https:\/\/dmcsrb.com\/kultura\/koncert-gorska-igra-na-cetinju-u-organizaciji-matice-crnogorske-i-zetskog-doma\/#article","isPartOf":{"@id":"https:\/\/dmcsrb.com\/kultura\/koncert-gorska-igra-na-cetinju-u-organizaciji-matice-crnogorske-i-zetskog-doma\/"},"author":{"name":"dmcsrbija.com@gmail.com","@id":"https:\/\/dmcsrb.com\/#\/schema\/person\/5c39170f12db1b8b457732d0b5c854e2"},"headline":"Koncert \u201eGorska igra\u201c na Cetinju u organizaciji Matice crnogorske i Zetskog doma","datePublished":"2025-12-05T09:36:00+00:00","mainEntityOfPage":{"@id":"https:\/\/dmcsrb.com\/kultura\/koncert-gorska-igra-na-cetinju-u-organizaciji-matice-crnogorske-i-zetskog-doma\/"},"wordCount":324,"commentCount":0,"image":{"@id":"https:\/\/dmcsrb.com\/kultura\/koncert-gorska-igra-na-cetinju-u-organizaciji-matice-crnogorske-i-zetskog-doma\/#primaryimage"},"thumbnailUrl":"https:\/\/dmcsrb.com\/wp-content\/uploads\/2026\/01\/Capture-15.jpg","keywords":["Cetinje","Gorska igra","Matica Crnogorska"],"articleSection":["Kultura"],"inLanguage":"en-GB","potentialAction":[{"@type":"CommentAction","name":"Comment","target":["https:\/\/dmcsrb.com\/kultura\/koncert-gorska-igra-na-cetinju-u-organizaciji-matice-crnogorske-i-zetskog-doma\/#respond"]}]},{"@type":"WebPage","@id":"https:\/\/dmcsrb.com\/kultura\/koncert-gorska-igra-na-cetinju-u-organizaciji-matice-crnogorske-i-zetskog-doma\/","url":"https:\/\/dmcsrb.com\/kultura\/koncert-gorska-igra-na-cetinju-u-organizaciji-matice-crnogorske-i-zetskog-doma\/","name":"Koncert \u201eGorska igra\u201c na Cetinju u organizaciji Matice crnogorske i Zetskog doma - dmcsrb.com","isPartOf":{"@id":"https:\/\/dmcsrb.com\/#website"},"primaryImageOfPage":{"@id":"https:\/\/dmcsrb.com\/kultura\/koncert-gorska-igra-na-cetinju-u-organizaciji-matice-crnogorske-i-zetskog-doma\/#primaryimage"},"image":{"@id":"https:\/\/dmcsrb.com\/kultura\/koncert-gorska-igra-na-cetinju-u-organizaciji-matice-crnogorske-i-zetskog-doma\/#primaryimage"},"thumbnailUrl":"https:\/\/dmcsrb.com\/wp-content\/uploads\/2026\/01\/Capture-15.jpg","datePublished":"2025-12-05T09:36:00+00:00","author":{"@id":"https:\/\/dmcsrb.com\/#\/schema\/person\/5c39170f12db1b8b457732d0b5c854e2"},"breadcrumb":{"@id":"https:\/\/dmcsrb.com\/kultura\/koncert-gorska-igra-na-cetinju-u-organizaciji-matice-crnogorske-i-zetskog-doma\/#breadcrumb"},"inLanguage":"en-GB","potentialAction":[{"@type":"ReadAction","target":["https:\/\/dmcsrb.com\/kultura\/koncert-gorska-igra-na-cetinju-u-organizaciji-matice-crnogorske-i-zetskog-doma\/"]}]},{"@type":"ImageObject","inLanguage":"en-GB","@id":"https:\/\/dmcsrb.com\/kultura\/koncert-gorska-igra-na-cetinju-u-organizaciji-matice-crnogorske-i-zetskog-doma\/#primaryimage","url":"https:\/\/dmcsrb.com\/wp-content\/uploads\/2026\/01\/Capture-15.jpg","contentUrl":"https:\/\/dmcsrb.com\/wp-content\/uploads\/2026\/01\/Capture-15.jpg","width":1127,"height":773},{"@type":"BreadcrumbList","@id":"https:\/\/dmcsrb.com\/kultura\/koncert-gorska-igra-na-cetinju-u-organizaciji-matice-crnogorske-i-zetskog-doma\/#breadcrumb","itemListElement":[{"@type":"ListItem","position":1,"name":"Home","item":"https:\/\/dmcsrb.com\/"},{"@type":"ListItem","position":2,"name":"Koncert \u201eGorska igra\u201c na Cetinju u organizaciji Matice crnogorske i Zetskog doma"}]},{"@type":"WebSite","@id":"https:\/\/dmcsrb.com\/#website","url":"https:\/\/dmcsrb.com\/","name":"dmcsrb.com","description":"","potentialAction":[{"@type":"SearchAction","target":{"@type":"EntryPoint","urlTemplate":"https:\/\/dmcsrb.com\/?s={search_term_string}"},"query-input":{"@type":"PropertyValueSpecification","valueRequired":true,"valueName":"search_term_string"}}],"inLanguage":"en-GB"},{"@type":"Person","@id":"https:\/\/dmcsrb.com\/#\/schema\/person\/5c39170f12db1b8b457732d0b5c854e2","name":"dmcsrbija.com@gmail.com","image":{"@type":"ImageObject","inLanguage":"en-GB","@id":"https:\/\/secure.gravatar.com\/avatar\/68592660ad6347fad0fb587f8d5d8f1a7b44961362f56e4f2cd524feb87e9069?s=96&d=mm&r=g","url":"https:\/\/secure.gravatar.com\/avatar\/68592660ad6347fad0fb587f8d5d8f1a7b44961362f56e4f2cd524feb87e9069?s=96&d=mm&r=g","contentUrl":"https:\/\/secure.gravatar.com\/avatar\/68592660ad6347fad0fb587f8d5d8f1a7b44961362f56e4f2cd524feb87e9069?s=96&d=mm&r=g","caption":"dmcsrbija.com@gmail.com"},"sameAs":["https:\/\/dmcsrb.com"],"url":"https:\/\/dmcsrb.com\/en\/author\/dmcsrbija-comgmail-com\/"}]}},"_links":{"self":[{"href":"https:\/\/dmcsrb.com\/en\/wp-json\/wp\/v2\/posts\/909904","targetHints":{"allow":["GET"]}}],"collection":[{"href":"https:\/\/dmcsrb.com\/en\/wp-json\/wp\/v2\/posts"}],"about":[{"href":"https:\/\/dmcsrb.com\/en\/wp-json\/wp\/v2\/types\/post"}],"author":[{"embeddable":true,"href":"https:\/\/dmcsrb.com\/en\/wp-json\/wp\/v2\/users\/1"}],"replies":[{"embeddable":true,"href":"https:\/\/dmcsrb.com\/en\/wp-json\/wp\/v2\/comments?post=909904"}],"version-history":[{"count":0,"href":"https:\/\/dmcsrb.com\/en\/wp-json\/wp\/v2\/posts\/909904\/revisions"}],"wp:featuredmedia":[{"embeddable":true,"href":"https:\/\/dmcsrb.com\/en\/wp-json\/wp\/v2\/media\/909905"}],"wp:attachment":[{"href":"https:\/\/dmcsrb.com\/en\/wp-json\/wp\/v2\/media?parent=909904"}],"wp:term":[{"taxonomy":"category","embeddable":true,"href":"https:\/\/dmcsrb.com\/en\/wp-json\/wp\/v2\/categories?post=909904"},{"taxonomy":"post_tag","embeddable":true,"href":"https:\/\/dmcsrb.com\/en\/wp-json\/wp\/v2\/tags?post=909904"},{"taxonomy":"naslovna","embeddable":true,"href":"https:\/\/dmcsrb.com\/en\/wp-json\/wp\/v2\/naslovna?post=909904"}],"curies":[{"name":"wp","href":"https:\/\/api.w.org\/{rel}","templated":true}]}}