{"id":909899,"date":"2025-12-05T13:38:00","date_gmt":"2025-12-05T12:38:00","guid":{"rendered":"https:\/\/dmcsrb.com\/uncategorized\/predstava-contra-mundum-na-festivalu-ruta-u-beogradu\/"},"modified":"2025-12-05T13:38:00","modified_gmt":"2025-12-05T12:38:00","slug":"predstava-contra-mundum-na-festivalu-ruta-u-beogradu","status":"publish","type":"post","link":"https:\/\/dmcsrb.com\/en\/kultura\/predstava-contra-mundum-na-festivalu-ruta-u-beogradu\/","title":{"rendered":"Predstava \u201cContra Mundum\u201d na festivalu RUTA u Beogradu"},"content":{"rendered":"<p><\/p>\n\n\n\n<p>U okviru ovog festivala &nbsp;pozori\u0161na predstava \u201cCONTRA MUNDUM\u201d, u re\u017eiji Veljka Mi\u0107unovi\u0107a, &nbsp;najnovija produkcija Centra za kulturu Tivat inspirisana &nbsp;autobiografijom \u201cTajni \u017eivot Salvadora Dalija\u201d, bi\u0107e izvedena 06. decembra 2025. godine u Beogradskom dramskom pozori\u0161tu.<\/p>\n\n\n\n<p>\u201cNjegova ekscentri\u010dna pojava i \u0161okantni stavovi u javnosti izazivali su podijeljena mi\u0161ljenja, ali su ga i proslavili\u2026 Salvador Dali. Genije ili \u0161arlatan?<\/p>\n\n\n\n<p>Proro\u010dka slika savremenog svijeta ili puka diverzija svakog pravila, poretka, ideologije\u2026?<\/p>\n\n\n\n<p>Contra Mundum nije predstava po biografiji velikog umjetnika, ve\u0107 igra sa zagonetkom o umjetnosti \u017eivota na ovom svijetu\u201d, rije\u010di su reditelja.<\/p>\n\n\n\n<p>Re\u017eiju i koncept potpisuje Veljko Mi\u0107unovi\u0107, dramaturgiju Slobodan Obradovi\u0107, muziku Nevena Glu\u0161ica, scenografiju Sven i Ivana Jonke, kostimografiju Marija Markovi\u0107 Milojev i asistentkinja kostimografije Milena Kosti\u0107 Joji\u0107.<\/p>\n\n\n\n<p>Na sceni \u0107e igrati Ozren Grabari\u0107 uz muzi\u010dare Aljo\u0161u Zaki\u0107a (truba), \u0110or\u0111a Kujund\u017ei\u0107a (saksofon), Kostu Vuka\u0161inovi\u0107a (trombon), Anju Ri\u0111e\u0161i\u0107 (klavir), Marka \u0106ur\u010di\u0107a (kontrabas), Nemanju Tasi\u0107a (bubanj).<\/p>\n\n\n\n<p>Na dosada\u0161nja tri festivalska u\u010de\u0161\u0107a ova predstava osvojila je dvanaest nagrada.<\/p>\n\n\n\n<p>Za premijerno igranje ove predstave u Beogradu&nbsp; vlada veliko interesovanje, \u0161to potvr\u0111uje \u010dinjenica da su karte rasprodate nedugo nakon objavljivanja doga\u0111aja.<\/p>\n\n\n\n<p>Ovim gostovanjem Centar za kulturu Tivat, kao crnogorski predstavnik u ovoj regionalnoj uniji, zatvori\u0107e ovogodi\u0161nje izdanje Festivala RUTA, obilje\u017eavaju\u0107i zavr\u0161etak jo\u0161 jedne uspje\u0161ne sezone saradnje, umjetni\u010dke razmjene i kulturnog povezivanja pozori\u0161ta \u0161irom regiona.<\/p>","protected":false},"excerpt":{"rendered":"<p>Beogradsko dramsko pozori\u0161te\u00a0i ove godine, sedmi put zaredom, doma\u0107in jeFestivala RUTA, koji se tradicionalno odr\u017eava od\u00a01. do 6. decembra. Tokom \u0161est festivalskih dana, publika \u0107e imati priliku da u\u017eiva u najkvalitetnijoj produkciji vode\u0107ih pozori\u0161nih ku\u0107a iz regiona.<\/p>","protected":false},"author":1,"featured_media":909900,"comment_status":"open","ping_status":"open","sticky":false,"template":"","format":"standard","meta":{"_acf_changed":false,"footnotes":""},"categories":[50],"tags":[1292,1293],"naslovna":[],"class_list":["post-909899","post","type-post","status-publish","format-standard","has-post-thumbnail","hentry","category-kultura","tag-contra-mundum","tag-ruta"],"acf":[],"yoast_head":"<!-- This site is optimized with the Yoast SEO plugin v27.4 - https:\/\/yoast.com\/product\/yoast-seo-wordpress\/ -->\n<title>Predstava \u201cContra Mundum\u201d na festivalu RUTA u Beogradu - dmcsrb.com<\/title>\n<meta name=\"robots\" content=\"index, follow, max-snippet:-1, max-image-preview:large, max-video-preview:-1\" \/>\n<link rel=\"canonical\" href=\"https:\/\/dmcsrb.com\/en\/kultura\/predstava-contra-mundum-na-festivalu-ruta-u-beogradu\/\" \/>\n<meta property=\"og:locale\" content=\"en_GB\" \/>\n<meta property=\"og:type\" content=\"article\" \/>\n<meta property=\"og:title\" content=\"Predstava \u201cContra Mundum\u201d na festivalu RUTA u Beogradu - dmcsrb.com\" \/>\n<meta property=\"og:description\" content=\"Beogradsko dramsko pozori\u0161te\u00a0i ove godine, sedmi put zaredom, doma\u0107in jeFestivala RUTA, koji se tradicionalno odr\u017eava od\u00a01. do 6. decembra. Tokom \u0161est festivalskih dana, publika \u0107e imati priliku da u\u017eiva u najkvalitetnijoj produkciji vode\u0107ih pozori\u0161nih ku\u0107a iz regiona.\" \/>\n<meta property=\"og:url\" content=\"https:\/\/dmcsrb.com\/en\/kultura\/predstava-contra-mundum-na-festivalu-ruta-u-beogradu\/\" \/>\n<meta property=\"og:site_name\" content=\"dmcsrb.com\" \/>\n<meta property=\"article:published_time\" content=\"2025-12-05T12:38:00+00:00\" \/>\n<meta property=\"og:image\" content=\"https:\/\/dmcsrb.com\/wp-content\/uploads\/2026\/01\/CONTRA-MUNDUM-plakat-500x630-1-e1764923019465.jpg\" \/>\n\t<meta property=\"og:image:width\" content=\"500\" \/>\n\t<meta property=\"og:image:height\" content=\"509\" \/>\n\t<meta property=\"og:image:type\" content=\"image\/jpeg\" \/>\n<meta name=\"author\" content=\"dmcsrbija.com@gmail.com\" \/>\n<meta name=\"twitter:card\" content=\"summary_large_image\" \/>\n<meta name=\"twitter:label1\" content=\"Written by\" \/>\n\t<meta name=\"twitter:data1\" content=\"dmcsrbija.com@gmail.com\" \/>\n\t<meta name=\"twitter:label2\" content=\"Estimated reading time\" \/>\n\t<meta name=\"twitter:data2\" content=\"1 minute\" \/>\n<script type=\"application\/ld+json\" class=\"yoast-schema-graph\">{\"@context\":\"https:\\\/\\\/schema.org\",\"@graph\":[{\"@type\":\"Article\",\"@id\":\"https:\\\/\\\/dmcsrb.com\\\/kultura\\\/predstava-contra-mundum-na-festivalu-ruta-u-beogradu\\\/#article\",\"isPartOf\":{\"@id\":\"https:\\\/\\\/dmcsrb.com\\\/kultura\\\/predstava-contra-mundum-na-festivalu-ruta-u-beogradu\\\/\"},\"author\":{\"name\":\"dmcsrbija.com@gmail.com\",\"@id\":\"https:\\\/\\\/dmcsrb.com\\\/#\\\/schema\\\/person\\\/5c39170f12db1b8b457732d0b5c854e2\"},\"headline\":\"Predstava \u201cContra Mundum\u201d na festivalu RUTA u Beogradu\",\"datePublished\":\"2025-12-05T12:38:00+00:00\",\"mainEntityOfPage\":{\"@id\":\"https:\\\/\\\/dmcsrb.com\\\/kultura\\\/predstava-contra-mundum-na-festivalu-ruta-u-beogradu\\\/\"},\"wordCount\":255,\"commentCount\":0,\"image\":{\"@id\":\"https:\\\/\\\/dmcsrb.com\\\/kultura\\\/predstava-contra-mundum-na-festivalu-ruta-u-beogradu\\\/#primaryimage\"},\"thumbnailUrl\":\"https:\\\/\\\/dmcsrb.com\\\/wp-content\\\/uploads\\\/2026\\\/01\\\/CONTRA-MUNDUM-plakat-500x630-1-e1764923019465.jpg\",\"keywords\":[\"Contra mundum\",\"RUTA\"],\"articleSection\":[\"Kultura\"],\"inLanguage\":\"en-GB\",\"potentialAction\":[{\"@type\":\"CommentAction\",\"name\":\"Comment\",\"target\":[\"https:\\\/\\\/dmcsrb.com\\\/kultura\\\/predstava-contra-mundum-na-festivalu-ruta-u-beogradu\\\/#respond\"]}]},{\"@type\":\"WebPage\",\"@id\":\"https:\\\/\\\/dmcsrb.com\\\/kultura\\\/predstava-contra-mundum-na-festivalu-ruta-u-beogradu\\\/\",\"url\":\"https:\\\/\\\/dmcsrb.com\\\/kultura\\\/predstava-contra-mundum-na-festivalu-ruta-u-beogradu\\\/\",\"name\":\"Predstava \u201cContra Mundum\u201d na festivalu RUTA u Beogradu - dmcsrb.com\",\"isPartOf\":{\"@id\":\"https:\\\/\\\/dmcsrb.com\\\/#website\"},\"primaryImageOfPage\":{\"@id\":\"https:\\\/\\\/dmcsrb.com\\\/kultura\\\/predstava-contra-mundum-na-festivalu-ruta-u-beogradu\\\/#primaryimage\"},\"image\":{\"@id\":\"https:\\\/\\\/dmcsrb.com\\\/kultura\\\/predstava-contra-mundum-na-festivalu-ruta-u-beogradu\\\/#primaryimage\"},\"thumbnailUrl\":\"https:\\\/\\\/dmcsrb.com\\\/wp-content\\\/uploads\\\/2026\\\/01\\\/CONTRA-MUNDUM-plakat-500x630-1-e1764923019465.jpg\",\"datePublished\":\"2025-12-05T12:38:00+00:00\",\"author\":{\"@id\":\"https:\\\/\\\/dmcsrb.com\\\/#\\\/schema\\\/person\\\/5c39170f12db1b8b457732d0b5c854e2\"},\"breadcrumb\":{\"@id\":\"https:\\\/\\\/dmcsrb.com\\\/kultura\\\/predstava-contra-mundum-na-festivalu-ruta-u-beogradu\\\/#breadcrumb\"},\"inLanguage\":\"en-GB\",\"potentialAction\":[{\"@type\":\"ReadAction\",\"target\":[\"https:\\\/\\\/dmcsrb.com\\\/kultura\\\/predstava-contra-mundum-na-festivalu-ruta-u-beogradu\\\/\"]}]},{\"@type\":\"ImageObject\",\"inLanguage\":\"en-GB\",\"@id\":\"https:\\\/\\\/dmcsrb.com\\\/kultura\\\/predstava-contra-mundum-na-festivalu-ruta-u-beogradu\\\/#primaryimage\",\"url\":\"https:\\\/\\\/dmcsrb.com\\\/wp-content\\\/uploads\\\/2026\\\/01\\\/CONTRA-MUNDUM-plakat-500x630-1-e1764923019465.jpg\",\"contentUrl\":\"https:\\\/\\\/dmcsrb.com\\\/wp-content\\\/uploads\\\/2026\\\/01\\\/CONTRA-MUNDUM-plakat-500x630-1-e1764923019465.jpg\",\"width\":500,\"height\":509},{\"@type\":\"BreadcrumbList\",\"@id\":\"https:\\\/\\\/dmcsrb.com\\\/kultura\\\/predstava-contra-mundum-na-festivalu-ruta-u-beogradu\\\/#breadcrumb\",\"itemListElement\":[{\"@type\":\"ListItem\",\"position\":1,\"name\":\"Home\",\"item\":\"https:\\\/\\\/dmcsrb.com\\\/\"},{\"@type\":\"ListItem\",\"position\":2,\"name\":\"Predstava \u201cContra Mundum\u201d na festivalu RUTA u Beogradu\"}]},{\"@type\":\"WebSite\",\"@id\":\"https:\\\/\\\/dmcsrb.com\\\/#website\",\"url\":\"https:\\\/\\\/dmcsrb.com\\\/\",\"name\":\"dmcsrb.com\",\"description\":\"\",\"potentialAction\":[{\"@type\":\"SearchAction\",\"target\":{\"@type\":\"EntryPoint\",\"urlTemplate\":\"https:\\\/\\\/dmcsrb.com\\\/?s={search_term_string}\"},\"query-input\":{\"@type\":\"PropertyValueSpecification\",\"valueRequired\":true,\"valueName\":\"search_term_string\"}}],\"inLanguage\":\"en-GB\"},{\"@type\":\"Person\",\"@id\":\"https:\\\/\\\/dmcsrb.com\\\/#\\\/schema\\\/person\\\/5c39170f12db1b8b457732d0b5c854e2\",\"name\":\"dmcsrbija.com@gmail.com\",\"image\":{\"@type\":\"ImageObject\",\"inLanguage\":\"en-GB\",\"@id\":\"https:\\\/\\\/secure.gravatar.com\\\/avatar\\\/68592660ad6347fad0fb587f8d5d8f1a7b44961362f56e4f2cd524feb87e9069?s=96&d=mm&r=g\",\"url\":\"https:\\\/\\\/secure.gravatar.com\\\/avatar\\\/68592660ad6347fad0fb587f8d5d8f1a7b44961362f56e4f2cd524feb87e9069?s=96&d=mm&r=g\",\"contentUrl\":\"https:\\\/\\\/secure.gravatar.com\\\/avatar\\\/68592660ad6347fad0fb587f8d5d8f1a7b44961362f56e4f2cd524feb87e9069?s=96&d=mm&r=g\",\"caption\":\"dmcsrbija.com@gmail.com\"},\"sameAs\":[\"https:\\\/\\\/dmcsrb.com\"],\"url\":\"https:\\\/\\\/dmcsrb.com\\\/en\\\/author\\\/dmcsrbija-comgmail-com\\\/\"}]}<\/script>\n<!-- \/ Yoast SEO plugin. -->","yoast_head_json":{"title":"Predstava \u201cContra Mundum\u201d na festivalu RUTA u Beogradu - dmcsrb.com","robots":{"index":"index","follow":"follow","max-snippet":"max-snippet:-1","max-image-preview":"max-image-preview:large","max-video-preview":"max-video-preview:-1"},"canonical":"https:\/\/dmcsrb.com\/en\/kultura\/predstava-contra-mundum-na-festivalu-ruta-u-beogradu\/","og_locale":"en_GB","og_type":"article","og_title":"Predstava \u201cContra Mundum\u201d na festivalu RUTA u Beogradu - dmcsrb.com","og_description":"Beogradsko dramsko pozori\u0161te\u00a0i ove godine, sedmi put zaredom, doma\u0107in jeFestivala RUTA, koji se tradicionalno odr\u017eava od\u00a01. do 6. decembra. Tokom \u0161est festivalskih dana, publika \u0107e imati priliku da u\u017eiva u najkvalitetnijoj produkciji vode\u0107ih pozori\u0161nih ku\u0107a iz regiona.","og_url":"https:\/\/dmcsrb.com\/en\/kultura\/predstava-contra-mundum-na-festivalu-ruta-u-beogradu\/","og_site_name":"dmcsrb.com","article_published_time":"2025-12-05T12:38:00+00:00","og_image":[{"width":500,"height":509,"url":"https:\/\/dmcsrb.com\/wp-content\/uploads\/2026\/01\/CONTRA-MUNDUM-plakat-500x630-1-e1764923019465.jpg","type":"image\/jpeg"}],"author":"dmcsrbija.com@gmail.com","twitter_card":"summary_large_image","twitter_misc":{"Written by":"dmcsrbija.com@gmail.com","Estimated reading time":"1 minute"},"schema":{"@context":"https:\/\/schema.org","@graph":[{"@type":"Article","@id":"https:\/\/dmcsrb.com\/kultura\/predstava-contra-mundum-na-festivalu-ruta-u-beogradu\/#article","isPartOf":{"@id":"https:\/\/dmcsrb.com\/kultura\/predstava-contra-mundum-na-festivalu-ruta-u-beogradu\/"},"author":{"name":"dmcsrbija.com@gmail.com","@id":"https:\/\/dmcsrb.com\/#\/schema\/person\/5c39170f12db1b8b457732d0b5c854e2"},"headline":"Predstava \u201cContra Mundum\u201d na festivalu RUTA u Beogradu","datePublished":"2025-12-05T12:38:00+00:00","mainEntityOfPage":{"@id":"https:\/\/dmcsrb.com\/kultura\/predstava-contra-mundum-na-festivalu-ruta-u-beogradu\/"},"wordCount":255,"commentCount":0,"image":{"@id":"https:\/\/dmcsrb.com\/kultura\/predstava-contra-mundum-na-festivalu-ruta-u-beogradu\/#primaryimage"},"thumbnailUrl":"https:\/\/dmcsrb.com\/wp-content\/uploads\/2026\/01\/CONTRA-MUNDUM-plakat-500x630-1-e1764923019465.jpg","keywords":["Contra mundum","RUTA"],"articleSection":["Kultura"],"inLanguage":"en-GB","potentialAction":[{"@type":"CommentAction","name":"Comment","target":["https:\/\/dmcsrb.com\/kultura\/predstava-contra-mundum-na-festivalu-ruta-u-beogradu\/#respond"]}]},{"@type":"WebPage","@id":"https:\/\/dmcsrb.com\/kultura\/predstava-contra-mundum-na-festivalu-ruta-u-beogradu\/","url":"https:\/\/dmcsrb.com\/kultura\/predstava-contra-mundum-na-festivalu-ruta-u-beogradu\/","name":"Predstava \u201cContra Mundum\u201d na festivalu RUTA u Beogradu - dmcsrb.com","isPartOf":{"@id":"https:\/\/dmcsrb.com\/#website"},"primaryImageOfPage":{"@id":"https:\/\/dmcsrb.com\/kultura\/predstava-contra-mundum-na-festivalu-ruta-u-beogradu\/#primaryimage"},"image":{"@id":"https:\/\/dmcsrb.com\/kultura\/predstava-contra-mundum-na-festivalu-ruta-u-beogradu\/#primaryimage"},"thumbnailUrl":"https:\/\/dmcsrb.com\/wp-content\/uploads\/2026\/01\/CONTRA-MUNDUM-plakat-500x630-1-e1764923019465.jpg","datePublished":"2025-12-05T12:38:00+00:00","author":{"@id":"https:\/\/dmcsrb.com\/#\/schema\/person\/5c39170f12db1b8b457732d0b5c854e2"},"breadcrumb":{"@id":"https:\/\/dmcsrb.com\/kultura\/predstava-contra-mundum-na-festivalu-ruta-u-beogradu\/#breadcrumb"},"inLanguage":"en-GB","potentialAction":[{"@type":"ReadAction","target":["https:\/\/dmcsrb.com\/kultura\/predstava-contra-mundum-na-festivalu-ruta-u-beogradu\/"]}]},{"@type":"ImageObject","inLanguage":"en-GB","@id":"https:\/\/dmcsrb.com\/kultura\/predstava-contra-mundum-na-festivalu-ruta-u-beogradu\/#primaryimage","url":"https:\/\/dmcsrb.com\/wp-content\/uploads\/2026\/01\/CONTRA-MUNDUM-plakat-500x630-1-e1764923019465.jpg","contentUrl":"https:\/\/dmcsrb.com\/wp-content\/uploads\/2026\/01\/CONTRA-MUNDUM-plakat-500x630-1-e1764923019465.jpg","width":500,"height":509},{"@type":"BreadcrumbList","@id":"https:\/\/dmcsrb.com\/kultura\/predstava-contra-mundum-na-festivalu-ruta-u-beogradu\/#breadcrumb","itemListElement":[{"@type":"ListItem","position":1,"name":"Home","item":"https:\/\/dmcsrb.com\/"},{"@type":"ListItem","position":2,"name":"Predstava \u201cContra Mundum\u201d na festivalu RUTA u Beogradu"}]},{"@type":"WebSite","@id":"https:\/\/dmcsrb.com\/#website","url":"https:\/\/dmcsrb.com\/","name":"dmcsrb.com","description":"","potentialAction":[{"@type":"SearchAction","target":{"@type":"EntryPoint","urlTemplate":"https:\/\/dmcsrb.com\/?s={search_term_string}"},"query-input":{"@type":"PropertyValueSpecification","valueRequired":true,"valueName":"search_term_string"}}],"inLanguage":"en-GB"},{"@type":"Person","@id":"https:\/\/dmcsrb.com\/#\/schema\/person\/5c39170f12db1b8b457732d0b5c854e2","name":"dmcsrbija.com@gmail.com","image":{"@type":"ImageObject","inLanguage":"en-GB","@id":"https:\/\/secure.gravatar.com\/avatar\/68592660ad6347fad0fb587f8d5d8f1a7b44961362f56e4f2cd524feb87e9069?s=96&d=mm&r=g","url":"https:\/\/secure.gravatar.com\/avatar\/68592660ad6347fad0fb587f8d5d8f1a7b44961362f56e4f2cd524feb87e9069?s=96&d=mm&r=g","contentUrl":"https:\/\/secure.gravatar.com\/avatar\/68592660ad6347fad0fb587f8d5d8f1a7b44961362f56e4f2cd524feb87e9069?s=96&d=mm&r=g","caption":"dmcsrbija.com@gmail.com"},"sameAs":["https:\/\/dmcsrb.com"],"url":"https:\/\/dmcsrb.com\/en\/author\/dmcsrbija-comgmail-com\/"}]}},"_links":{"self":[{"href":"https:\/\/dmcsrb.com\/en\/wp-json\/wp\/v2\/posts\/909899","targetHints":{"allow":["GET"]}}],"collection":[{"href":"https:\/\/dmcsrb.com\/en\/wp-json\/wp\/v2\/posts"}],"about":[{"href":"https:\/\/dmcsrb.com\/en\/wp-json\/wp\/v2\/types\/post"}],"author":[{"embeddable":true,"href":"https:\/\/dmcsrb.com\/en\/wp-json\/wp\/v2\/users\/1"}],"replies":[{"embeddable":true,"href":"https:\/\/dmcsrb.com\/en\/wp-json\/wp\/v2\/comments?post=909899"}],"version-history":[{"count":0,"href":"https:\/\/dmcsrb.com\/en\/wp-json\/wp\/v2\/posts\/909899\/revisions"}],"wp:featuredmedia":[{"embeddable":true,"href":"https:\/\/dmcsrb.com\/en\/wp-json\/wp\/v2\/media\/909900"}],"wp:attachment":[{"href":"https:\/\/dmcsrb.com\/en\/wp-json\/wp\/v2\/media?parent=909899"}],"wp:term":[{"taxonomy":"category","embeddable":true,"href":"https:\/\/dmcsrb.com\/en\/wp-json\/wp\/v2\/categories?post=909899"},{"taxonomy":"post_tag","embeddable":true,"href":"https:\/\/dmcsrb.com\/en\/wp-json\/wp\/v2\/tags?post=909899"},{"taxonomy":"naslovna","embeddable":true,"href":"https:\/\/dmcsrb.com\/en\/wp-json\/wp\/v2\/naslovna?post=909899"}],"curies":[{"name":"wp","href":"https:\/\/api.w.org\/{rel}","templated":true}]}}