{"id":909864,"date":"2025-12-04T21:53:08","date_gmt":"2025-12-04T20:53:08","guid":{"rendered":"https:\/\/dmcsrb.com\/uncategorized\/navijaci-zvizdali-igracima-i-skandirali-obradovicu-partizan-slavio-protiv-bajerna\/"},"modified":"2025-12-04T21:53:08","modified_gmt":"2025-12-04T20:53:08","slug":"navijaci-zvizdali-igracima-i-skandirali-obradovicu-partizan-slavio-protiv-bajerna","status":"publish","type":"post","link":"https:\/\/dmcsrb.com\/en\/sport\/navijaci-zvizdali-igracima-i-skandirali-obradovicu-partizan-slavio-protiv-bajerna\/","title":{"rendered":"Navija\u010di zvi\u017edali igra\u010dima i skandirali Obradovi\u0107u, Partizan slavio protiv Bajerna"},"content":{"rendered":"<p>Uo\u010di po\u010detka utakmice glavna tema u dvorani bio je doskora\u0161nji trener &#8220;crno-bijelih&#8221; \u017deljko Obradovi\u0107.<\/p>\n\n\n\n<p>Navija\u010di su nezadovoljni odlaskom najtrofejnijeg evropskog trenera, koji je podnio ostavku zbog lo\u0161ih rezultata i neslaganja sa predsjednikom kluba Ostojom Mijailovi\u0107em, zvi\u017edali svojim igra\u010dima.<\/p>\n\n\n\n<figure class=\"wp-block-embed is-type-rich is-provider-twitter wp-block-embed-twitter\"><div class=\"wp-block-embed__wrapper\">\n<blockquote class=\"twitter-tweet\" data-width=\"500\" data-dnt=\"true\"><p lang=\"en\" dir=\"ltr\">Partizan fans BOOED the players of the team when they entered the floor for the game vs. Bayern\ud83d\ude33<br><br>In the meantime, they sang Zeljko Obradovic&#39;s name <a href=\"https:\/\/t.co\/U8CVgGGD9p\">pic.twitter.com\/U8CVgGGD9p<\/a><\/p>&mdash; Eurohoops (@Eurohoopsnet) <a href=\"https:\/\/twitter.com\/Eurohoopsnet\/status\/1996666104177918336?ref_src=twsrc%5Etfw\">December 4, 2025<\/a><\/blockquote><script async src=\"https:\/\/platform.twitter.com\/widgets.js\" charset=\"utf-8\"><\/script>\n<\/div><\/figure>\n\n\n\n<p>Gotovo pet minuta skandiralo se Obradovi\u0107u, uz poruku &#8220;Svi smo mi \u017deljko&#8221;.<\/p>\n\n\n\n<p>Bajern je bio bolji rival u prvom dijelu, koji je dobio sa 43:36.<\/p>\n\n\n\n<p>Partizan je, me\u0111utim, 3. dionicu dobio sa 28:15, pa je pred posljednji kvartal imao \u0161est poena prednosti 64:58.<\/p>\n\n\n\n<p>Partizan je potom imao i dvocifrenu prednost , ali za razliku od nekih pro\u0161lih utakimica, ovoga puta je sa\u010duvao pobjedu.<\/p>","protected":false},"excerpt":{"rendered":"<p>Ko\u0161arka\u0161i Partizana vratili su se na pobjedni\u010dki put u Evroligi, po\u0161to su u &#8220;Beogradskoj areni&#8221; savladali Bajern 92:85.<\/p>","protected":false},"author":1,"featured_media":909865,"comment_status":"open","ping_status":"open","sticky":false,"template":"","format":"standard","meta":{"_acf_changed":false,"footnotes":""},"categories":[148],"tags":[1197,668,608,535,170],"naslovna":[],"class_list":["post-909864","post","type-post","status-publish","format-standard","has-post-thumbnail","hentry","category-sport","tag-bajern","tag-evroliga","tag-kk-partizan","tag-navijaci-2","tag-zeljko-obradovic"],"acf":[],"yoast_head":"<!-- This site is optimized with the Yoast SEO plugin v27.0 - https:\/\/yoast.com\/product\/yoast-seo-wordpress\/ -->\n<title>Navija\u010di zvi\u017edali igra\u010dima i skandirali Obradovi\u0107u, Partizan slavio protiv Bajerna - dmcsrb.com<\/title>\n<meta name=\"robots\" content=\"index, follow, max-snippet:-1, max-image-preview:large, max-video-preview:-1\" \/>\n<link rel=\"canonical\" href=\"https:\/\/dmcsrb.com\/en\/sport\/navijaci-zvizdali-igracima-i-skandirali-obradovicu-partizan-slavio-protiv-bajerna\/\" \/>\n<meta property=\"og:locale\" content=\"en_GB\" \/>\n<meta property=\"og:type\" content=\"article\" \/>\n<meta property=\"og:title\" content=\"Navija\u010di zvi\u017edali igra\u010dima i skandirali Obradovi\u0107u, Partizan slavio protiv Bajerna - dmcsrb.com\" \/>\n<meta property=\"og:description\" content=\"Ko\u0161arka\u0161i Partizana vratili su se na pobjedni\u010dki put u Evroligi, po\u0161to su u &quot;Beogradskoj areni&quot; savladali Bajern 92:85.\" \/>\n<meta property=\"og:url\" content=\"https:\/\/dmcsrb.com\/en\/sport\/navijaci-zvizdali-igracima-i-skandirali-obradovicu-partizan-slavio-protiv-bajerna\/\" \/>\n<meta property=\"og:site_name\" content=\"dmcsrb.com\" \/>\n<meta property=\"article:published_time\" content=\"2025-12-04T20:53:08+00:00\" \/>\n<meta property=\"og:image\" content=\"https:\/\/dmcsrb.com\/wp-content\/uploads\/2026\/01\/Partizan-Kalates.jpg\" \/>\n\t<meta property=\"og:image:width\" content=\"900\" \/>\n\t<meta property=\"og:image:height\" content=\"598\" \/>\n\t<meta property=\"og:image:type\" content=\"image\/jpeg\" \/>\n<meta name=\"author\" content=\"dmcsrbija.com@gmail.com\" \/>\n<meta name=\"twitter:card\" content=\"summary_large_image\" \/>\n<meta name=\"twitter:label1\" content=\"Written by\" \/>\n\t<meta name=\"twitter:data1\" content=\"dmcsrbija.com@gmail.com\" \/>\n\t<meta name=\"twitter:label2\" content=\"Estimated reading time\" \/>\n\t<meta name=\"twitter:data2\" content=\"1 minute\" \/>\n<script type=\"application\/ld+json\" class=\"yoast-schema-graph\">{\"@context\":\"https:\/\/schema.org\",\"@graph\":[{\"@type\":\"Article\",\"@id\":\"https:\/\/dmcsrb.com\/sport\/navijaci-zvizdali-igracima-i-skandirali-obradovicu-partizan-slavio-protiv-bajerna\/#article\",\"isPartOf\":{\"@id\":\"https:\/\/dmcsrb.com\/sport\/navijaci-zvizdali-igracima-i-skandirali-obradovicu-partizan-slavio-protiv-bajerna\/\"},\"author\":{\"name\":\"dmcsrbija.com@gmail.com\",\"@id\":\"https:\/\/dmcsrb.com\/#\/schema\/person\/5c39170f12db1b8b457732d0b5c854e2\"},\"headline\":\"Navija\u010di zvi\u017edali igra\u010dima i skandirali Obradovi\u0107u, Partizan slavio protiv Bajerna\",\"datePublished\":\"2025-12-04T20:53:08+00:00\",\"mainEntityOfPage\":{\"@id\":\"https:\/\/dmcsrb.com\/sport\/navijaci-zvizdali-igracima-i-skandirali-obradovicu-partizan-slavio-protiv-bajerna\/\"},\"wordCount\":127,\"commentCount\":0,\"image\":{\"@id\":\"https:\/\/dmcsrb.com\/sport\/navijaci-zvizdali-igracima-i-skandirali-obradovicu-partizan-slavio-protiv-bajerna\/#primaryimage\"},\"thumbnailUrl\":\"https:\/\/dmcsrb.com\/wp-content\/uploads\/2026\/01\/Partizan-Kalates.jpg\",\"keywords\":[\"Bajern\",\"Evroliga\",\"KK Partizan\",\"Navija\u010di\",\"\u017deljko Obradovi\u0107\"],\"articleSection\":[\"Sport\"],\"inLanguage\":\"en-GB\",\"potentialAction\":[{\"@type\":\"CommentAction\",\"name\":\"Comment\",\"target\":[\"https:\/\/dmcsrb.com\/sport\/navijaci-zvizdali-igracima-i-skandirali-obradovicu-partizan-slavio-protiv-bajerna\/#respond\"]}]},{\"@type\":\"WebPage\",\"@id\":\"https:\/\/dmcsrb.com\/sport\/navijaci-zvizdali-igracima-i-skandirali-obradovicu-partizan-slavio-protiv-bajerna\/\",\"url\":\"https:\/\/dmcsrb.com\/sport\/navijaci-zvizdali-igracima-i-skandirali-obradovicu-partizan-slavio-protiv-bajerna\/\",\"name\":\"Navija\u010di zvi\u017edali igra\u010dima i skandirali Obradovi\u0107u, Partizan slavio protiv Bajerna - dmcsrb.com\",\"isPartOf\":{\"@id\":\"https:\/\/dmcsrb.com\/#website\"},\"primaryImageOfPage\":{\"@id\":\"https:\/\/dmcsrb.com\/sport\/navijaci-zvizdali-igracima-i-skandirali-obradovicu-partizan-slavio-protiv-bajerna\/#primaryimage\"},\"image\":{\"@id\":\"https:\/\/dmcsrb.com\/sport\/navijaci-zvizdali-igracima-i-skandirali-obradovicu-partizan-slavio-protiv-bajerna\/#primaryimage\"},\"thumbnailUrl\":\"https:\/\/dmcsrb.com\/wp-content\/uploads\/2026\/01\/Partizan-Kalates.jpg\",\"datePublished\":\"2025-12-04T20:53:08+00:00\",\"author\":{\"@id\":\"https:\/\/dmcsrb.com\/#\/schema\/person\/5c39170f12db1b8b457732d0b5c854e2\"},\"breadcrumb\":{\"@id\":\"https:\/\/dmcsrb.com\/sport\/navijaci-zvizdali-igracima-i-skandirali-obradovicu-partizan-slavio-protiv-bajerna\/#breadcrumb\"},\"inLanguage\":\"en-GB\",\"potentialAction\":[{\"@type\":\"ReadAction\",\"target\":[\"https:\/\/dmcsrb.com\/sport\/navijaci-zvizdali-igracima-i-skandirali-obradovicu-partizan-slavio-protiv-bajerna\/\"]}]},{\"@type\":\"ImageObject\",\"inLanguage\":\"en-GB\",\"@id\":\"https:\/\/dmcsrb.com\/sport\/navijaci-zvizdali-igracima-i-skandirali-obradovicu-partizan-slavio-protiv-bajerna\/#primaryimage\",\"url\":\"https:\/\/dmcsrb.com\/wp-content\/uploads\/2026\/01\/Partizan-Kalates.jpg\",\"contentUrl\":\"https:\/\/dmcsrb.com\/wp-content\/uploads\/2026\/01\/Partizan-Kalates.jpg\",\"width\":900,\"height\":598},{\"@type\":\"BreadcrumbList\",\"@id\":\"https:\/\/dmcsrb.com\/sport\/navijaci-zvizdali-igracima-i-skandirali-obradovicu-partizan-slavio-protiv-bajerna\/#breadcrumb\",\"itemListElement\":[{\"@type\":\"ListItem\",\"position\":1,\"name\":\"Home\",\"item\":\"https:\/\/dmcsrb.com\/\"},{\"@type\":\"ListItem\",\"position\":2,\"name\":\"Navija\u010di zvi\u017edali igra\u010dima i skandirali Obradovi\u0107u, Partizan slavio protiv Bajerna\"}]},{\"@type\":\"WebSite\",\"@id\":\"https:\/\/dmcsrb.com\/#website\",\"url\":\"https:\/\/dmcsrb.com\/\",\"name\":\"dmcsrb.com\",\"description\":\"\",\"potentialAction\":[{\"@type\":\"SearchAction\",\"target\":{\"@type\":\"EntryPoint\",\"urlTemplate\":\"https:\/\/dmcsrb.com\/?s={search_term_string}\"},\"query-input\":{\"@type\":\"PropertyValueSpecification\",\"valueRequired\":true,\"valueName\":\"search_term_string\"}}],\"inLanguage\":\"en-GB\"},{\"@type\":\"Person\",\"@id\":\"https:\/\/dmcsrb.com\/#\/schema\/person\/5c39170f12db1b8b457732d0b5c854e2\",\"name\":\"dmcsrbija.com@gmail.com\",\"image\":{\"@type\":\"ImageObject\",\"inLanguage\":\"en-GB\",\"@id\":\"https:\/\/dmcsrb.com\/#\/schema\/person\/image\/\",\"url\":\"https:\/\/secure.gravatar.com\/avatar\/68592660ad6347fad0fb587f8d5d8f1a7b44961362f56e4f2cd524feb87e9069?s=96&d=mm&r=g\",\"contentUrl\":\"https:\/\/secure.gravatar.com\/avatar\/68592660ad6347fad0fb587f8d5d8f1a7b44961362f56e4f2cd524feb87e9069?s=96&d=mm&r=g\",\"caption\":\"dmcsrbija.com@gmail.com\"},\"sameAs\":[\"https:\/\/dmcsrb.com\"],\"url\":\"https:\/\/dmcsrb.com\/en\/author\/dmcsrbija-comgmail-com\/\"}]}<\/script>\n<!-- \/ Yoast SEO plugin. -->","yoast_head_json":{"title":"Navija\u010di zvi\u017edali igra\u010dima i skandirali Obradovi\u0107u, Partizan slavio protiv Bajerna - dmcsrb.com","robots":{"index":"index","follow":"follow","max-snippet":"max-snippet:-1","max-image-preview":"max-image-preview:large","max-video-preview":"max-video-preview:-1"},"canonical":"https:\/\/dmcsrb.com\/en\/sport\/navijaci-zvizdali-igracima-i-skandirali-obradovicu-partizan-slavio-protiv-bajerna\/","og_locale":"en_GB","og_type":"article","og_title":"Navija\u010di zvi\u017edali igra\u010dima i skandirali Obradovi\u0107u, Partizan slavio protiv Bajerna - dmcsrb.com","og_description":"Ko\u0161arka\u0161i Partizana vratili su se na pobjedni\u010dki put u Evroligi, po\u0161to su u \"Beogradskoj areni\" savladali Bajern 92:85.","og_url":"https:\/\/dmcsrb.com\/en\/sport\/navijaci-zvizdali-igracima-i-skandirali-obradovicu-partizan-slavio-protiv-bajerna\/","og_site_name":"dmcsrb.com","article_published_time":"2025-12-04T20:53:08+00:00","og_image":[{"width":900,"height":598,"url":"https:\/\/dmcsrb.com\/wp-content\/uploads\/2026\/01\/Partizan-Kalates.jpg","type":"image\/jpeg"}],"author":"dmcsrbija.com@gmail.com","twitter_card":"summary_large_image","twitter_misc":{"Written by":"dmcsrbija.com@gmail.com","Estimated reading time":"1 minute"},"schema":{"@context":"https:\/\/schema.org","@graph":[{"@type":"Article","@id":"https:\/\/dmcsrb.com\/sport\/navijaci-zvizdali-igracima-i-skandirali-obradovicu-partizan-slavio-protiv-bajerna\/#article","isPartOf":{"@id":"https:\/\/dmcsrb.com\/sport\/navijaci-zvizdali-igracima-i-skandirali-obradovicu-partizan-slavio-protiv-bajerna\/"},"author":{"name":"dmcsrbija.com@gmail.com","@id":"https:\/\/dmcsrb.com\/#\/schema\/person\/5c39170f12db1b8b457732d0b5c854e2"},"headline":"Navija\u010di zvi\u017edali igra\u010dima i skandirali Obradovi\u0107u, Partizan slavio protiv Bajerna","datePublished":"2025-12-04T20:53:08+00:00","mainEntityOfPage":{"@id":"https:\/\/dmcsrb.com\/sport\/navijaci-zvizdali-igracima-i-skandirali-obradovicu-partizan-slavio-protiv-bajerna\/"},"wordCount":127,"commentCount":0,"image":{"@id":"https:\/\/dmcsrb.com\/sport\/navijaci-zvizdali-igracima-i-skandirali-obradovicu-partizan-slavio-protiv-bajerna\/#primaryimage"},"thumbnailUrl":"https:\/\/dmcsrb.com\/wp-content\/uploads\/2026\/01\/Partizan-Kalates.jpg","keywords":["Bajern","Evroliga","KK Partizan","Navija\u010di","\u017deljko Obradovi\u0107"],"articleSection":["Sport"],"inLanguage":"en-GB","potentialAction":[{"@type":"CommentAction","name":"Comment","target":["https:\/\/dmcsrb.com\/sport\/navijaci-zvizdali-igracima-i-skandirali-obradovicu-partizan-slavio-protiv-bajerna\/#respond"]}]},{"@type":"WebPage","@id":"https:\/\/dmcsrb.com\/sport\/navijaci-zvizdali-igracima-i-skandirali-obradovicu-partizan-slavio-protiv-bajerna\/","url":"https:\/\/dmcsrb.com\/sport\/navijaci-zvizdali-igracima-i-skandirali-obradovicu-partizan-slavio-protiv-bajerna\/","name":"Navija\u010di zvi\u017edali igra\u010dima i skandirali Obradovi\u0107u, Partizan slavio protiv Bajerna - dmcsrb.com","isPartOf":{"@id":"https:\/\/dmcsrb.com\/#website"},"primaryImageOfPage":{"@id":"https:\/\/dmcsrb.com\/sport\/navijaci-zvizdali-igracima-i-skandirali-obradovicu-partizan-slavio-protiv-bajerna\/#primaryimage"},"image":{"@id":"https:\/\/dmcsrb.com\/sport\/navijaci-zvizdali-igracima-i-skandirali-obradovicu-partizan-slavio-protiv-bajerna\/#primaryimage"},"thumbnailUrl":"https:\/\/dmcsrb.com\/wp-content\/uploads\/2026\/01\/Partizan-Kalates.jpg","datePublished":"2025-12-04T20:53:08+00:00","author":{"@id":"https:\/\/dmcsrb.com\/#\/schema\/person\/5c39170f12db1b8b457732d0b5c854e2"},"breadcrumb":{"@id":"https:\/\/dmcsrb.com\/sport\/navijaci-zvizdali-igracima-i-skandirali-obradovicu-partizan-slavio-protiv-bajerna\/#breadcrumb"},"inLanguage":"en-GB","potentialAction":[{"@type":"ReadAction","target":["https:\/\/dmcsrb.com\/sport\/navijaci-zvizdali-igracima-i-skandirali-obradovicu-partizan-slavio-protiv-bajerna\/"]}]},{"@type":"ImageObject","inLanguage":"en-GB","@id":"https:\/\/dmcsrb.com\/sport\/navijaci-zvizdali-igracima-i-skandirali-obradovicu-partizan-slavio-protiv-bajerna\/#primaryimage","url":"https:\/\/dmcsrb.com\/wp-content\/uploads\/2026\/01\/Partizan-Kalates.jpg","contentUrl":"https:\/\/dmcsrb.com\/wp-content\/uploads\/2026\/01\/Partizan-Kalates.jpg","width":900,"height":598},{"@type":"BreadcrumbList","@id":"https:\/\/dmcsrb.com\/sport\/navijaci-zvizdali-igracima-i-skandirali-obradovicu-partizan-slavio-protiv-bajerna\/#breadcrumb","itemListElement":[{"@type":"ListItem","position":1,"name":"Home","item":"https:\/\/dmcsrb.com\/"},{"@type":"ListItem","position":2,"name":"Navija\u010di zvi\u017edali igra\u010dima i skandirali Obradovi\u0107u, Partizan slavio protiv Bajerna"}]},{"@type":"WebSite","@id":"https:\/\/dmcsrb.com\/#website","url":"https:\/\/dmcsrb.com\/","name":"dmcsrb.com","description":"","potentialAction":[{"@type":"SearchAction","target":{"@type":"EntryPoint","urlTemplate":"https:\/\/dmcsrb.com\/?s={search_term_string}"},"query-input":{"@type":"PropertyValueSpecification","valueRequired":true,"valueName":"search_term_string"}}],"inLanguage":"en-GB"},{"@type":"Person","@id":"https:\/\/dmcsrb.com\/#\/schema\/person\/5c39170f12db1b8b457732d0b5c854e2","name":"dmcsrbija.com@gmail.com","image":{"@type":"ImageObject","inLanguage":"en-GB","@id":"https:\/\/dmcsrb.com\/#\/schema\/person\/image\/","url":"https:\/\/secure.gravatar.com\/avatar\/68592660ad6347fad0fb587f8d5d8f1a7b44961362f56e4f2cd524feb87e9069?s=96&d=mm&r=g","contentUrl":"https:\/\/secure.gravatar.com\/avatar\/68592660ad6347fad0fb587f8d5d8f1a7b44961362f56e4f2cd524feb87e9069?s=96&d=mm&r=g","caption":"dmcsrbija.com@gmail.com"},"sameAs":["https:\/\/dmcsrb.com"],"url":"https:\/\/dmcsrb.com\/en\/author\/dmcsrbija-comgmail-com\/"}]}},"_links":{"self":[{"href":"https:\/\/dmcsrb.com\/en\/wp-json\/wp\/v2\/posts\/909864","targetHints":{"allow":["GET"]}}],"collection":[{"href":"https:\/\/dmcsrb.com\/en\/wp-json\/wp\/v2\/posts"}],"about":[{"href":"https:\/\/dmcsrb.com\/en\/wp-json\/wp\/v2\/types\/post"}],"author":[{"embeddable":true,"href":"https:\/\/dmcsrb.com\/en\/wp-json\/wp\/v2\/users\/1"}],"replies":[{"embeddable":true,"href":"https:\/\/dmcsrb.com\/en\/wp-json\/wp\/v2\/comments?post=909864"}],"version-history":[{"count":0,"href":"https:\/\/dmcsrb.com\/en\/wp-json\/wp\/v2\/posts\/909864\/revisions"}],"wp:featuredmedia":[{"embeddable":true,"href":"https:\/\/dmcsrb.com\/en\/wp-json\/wp\/v2\/media\/909865"}],"wp:attachment":[{"href":"https:\/\/dmcsrb.com\/en\/wp-json\/wp\/v2\/media?parent=909864"}],"wp:term":[{"taxonomy":"category","embeddable":true,"href":"https:\/\/dmcsrb.com\/en\/wp-json\/wp\/v2\/categories?post=909864"},{"taxonomy":"post_tag","embeddable":true,"href":"https:\/\/dmcsrb.com\/en\/wp-json\/wp\/v2\/tags?post=909864"},{"taxonomy":"naslovna","embeddable":true,"href":"https:\/\/dmcsrb.com\/en\/wp-json\/wp\/v2\/naslovna?post=909864"}],"curies":[{"name":"wp","href":"https:\/\/api.w.org\/{rel}","templated":true}]}}