{"id":909835,"date":"2025-12-04T19:00:00","date_gmt":"2025-12-04T18:00:00","guid":{"rendered":"https:\/\/dmcsrb.com\/uncategorized\/stojovic-odlazak-janovica-iz-dps-a-udarac-koji-se-ne-moze-sakriti-ispod-tepiha\/"},"modified":"2025-12-04T19:00:00","modified_gmt":"2025-12-04T18:00:00","slug":"stojovic-odlazak-janovica-iz-dps-a-udarac-koji-se-ne-moze-sakriti-ispod-tepiha","status":"publish","type":"post","link":"https:\/\/dmcsrb.com\/en\/politika\/stojovic-odlazak-janovica-iz-dps-a-udarac-koji-se-ne-moze-sakriti-ispod-tepiha\/","title":{"rendered":"Stojovi\u0107: Odlazak Janovi\u0107a iz DPS-a, udarac koji se ne mo\u017ee sakriti ispod tepiha"},"content":{"rendered":"<p><\/p>\n\n\n\n<p>&#8220;DPS, nekada dominantna politi\u010dka sila, danas sve o\u010diglednije prolazi kroz fazu ozbiljnog samouni\u0161tenja. Ostavka Drite Lolle, pra\u0107ena otvorenim kritikama na ra\u010dun funkcionisanja partije, bila je prvi alarm koji je rukovodstvo poku\u0161alo da ignori\u0161e. Me\u0111utim, dana\u0161nji odlazak Nikole Janovi\u0107a \u2013 jednog od najve\u0107ih sportskih autoriteta Crne Gore, nekada\u0161njeg kapitena vaterpolo reprezentacije i \u010dovjeka \u010dija rije\u010d ima te\u017einu predstavlja udarac koji se vi\u0161e ne mo\u017ee sakriti ispod tepiha&#8221;, poru\u010dio je Stojovi\u0107.<\/p>\n\n\n\n<p>Unutra\u0161nje slabosti, potisnute afere i odsustvo iskrene samokritike sada, kako ka\u017ee Stojovi\u0107, izlaze na vidjelo sa neumoljivom jasno\u0107om.<\/p>\n\n\n\n<p>&#8220;Kada li\u010dnost Janovi\u0107evog kredibiliteta odlu\u010di da okrene le\u0111a DPS-u, mnogi s pravom zaklju\u010duju da partijski brod ne samo da tone, ve\u0107 tone zbog sopstvenih, godinama nagomilanih gre\u0161aka i ignorisanja realnosti&#8221;, kazao je on.<\/p>","protected":false},"excerpt":{"rendered":"<p>Kada li\u010dnost kredibiliteta Nikole Janovi\u0107a odlu\u010di da okrene le\u0111a DPS-u, mnogi s pravom zaklju\u010duju da partijski brod tone zbog sopstvenih, godinama nagomilanih gre\u0161aka i ignorisanja realnosti, kazao je poslanik PES-a Gordan Stojovi\u0107.<\/p>","protected":false},"author":1,"featured_media":909836,"comment_status":"open","ping_status":"open","sticky":false,"template":"","format":"standard","meta":{"_acf_changed":false,"footnotes":""},"categories":[12],"tags":[63,1049,1140,1146],"naslovna":[],"class_list":["post-909835","post","type-post","status-publish","format-standard","has-post-thumbnail","hentry","category-politika","tag-dps","tag-gordan-stojovic","tag-nikola-janovic","tag-udarac"],"acf":[],"yoast_head":"<!-- This site is optimized with the Yoast SEO plugin v27.4 - https:\/\/yoast.com\/product\/yoast-seo-wordpress\/ -->\n<title>Stojovi\u0107: Odlazak Janovi\u0107a iz DPS-a, udarac koji se ne mo\u017ee sakriti ispod tepiha - dmcsrb.com<\/title>\n<meta name=\"robots\" content=\"index, follow, max-snippet:-1, max-image-preview:large, max-video-preview:-1\" \/>\n<link rel=\"canonical\" href=\"https:\/\/dmcsrb.com\/en\/politika\/stojovic-odlazak-janovica-iz-dps-a-udarac-koji-se-ne-moze-sakriti-ispod-tepiha\/\" \/>\n<meta property=\"og:locale\" content=\"en_GB\" \/>\n<meta property=\"og:type\" content=\"article\" \/>\n<meta property=\"og:title\" content=\"Stojovi\u0107: Odlazak Janovi\u0107a iz DPS-a, udarac koji se ne mo\u017ee sakriti ispod tepiha - dmcsrb.com\" \/>\n<meta property=\"og:description\" content=\"Kada li\u010dnost kredibiliteta Nikole Janovi\u0107a odlu\u010di da okrene le\u0111a DPS-u, mnogi s pravom zaklju\u010duju da partijski brod tone zbog sopstvenih, godinama nagomilanih gre\u0161aka i ignorisanja realnosti, kazao je poslanik PES-a Gordan Stojovi\u0107.\" \/>\n<meta property=\"og:url\" content=\"https:\/\/dmcsrb.com\/en\/politika\/stojovic-odlazak-janovica-iz-dps-a-udarac-koji-se-ne-moze-sakriti-ispod-tepiha\/\" \/>\n<meta property=\"og:site_name\" content=\"dmcsrb.com\" \/>\n<meta property=\"article:published_time\" content=\"2025-12-04T18:00:00+00:00\" \/>\n<meta property=\"og:image\" content=\"https:\/\/dmcsrb.com\/wp-content\/uploads\/2026\/01\/Gordan-Stojovic-foto-vlada-cg.jpg\" \/>\n\t<meta property=\"og:image:width\" content=\"1145\" \/>\n\t<meta property=\"og:image:height\" content=\"765\" \/>\n\t<meta property=\"og:image:type\" content=\"image\/jpeg\" \/>\n<meta name=\"author\" content=\"dmcsrbija.com@gmail.com\" \/>\n<meta name=\"twitter:card\" content=\"summary_large_image\" \/>\n<meta name=\"twitter:label1\" content=\"Written by\" \/>\n\t<meta name=\"twitter:data1\" content=\"dmcsrbija.com@gmail.com\" \/>\n\t<meta name=\"twitter:label2\" content=\"Estimated reading time\" \/>\n\t<meta name=\"twitter:data2\" content=\"1 minute\" \/>\n<script type=\"application\/ld+json\" class=\"yoast-schema-graph\">{\"@context\":\"https:\\\/\\\/schema.org\",\"@graph\":[{\"@type\":\"Article\",\"@id\":\"https:\\\/\\\/dmcsrb.com\\\/politika\\\/stojovic-odlazak-janovica-iz-dps-a-udarac-koji-se-ne-moze-sakriti-ispod-tepiha\\\/#article\",\"isPartOf\":{\"@id\":\"https:\\\/\\\/dmcsrb.com\\\/politika\\\/stojovic-odlazak-janovica-iz-dps-a-udarac-koji-se-ne-moze-sakriti-ispod-tepiha\\\/\"},\"author\":{\"name\":\"dmcsrbija.com@gmail.com\",\"@id\":\"https:\\\/\\\/dmcsrb.com\\\/#\\\/schema\\\/person\\\/5c39170f12db1b8b457732d0b5c854e2\"},\"headline\":\"Stojovi\u0107: Odlazak Janovi\u0107a iz DPS-a, udarac koji se ne mo\u017ee sakriti ispod tepiha\",\"datePublished\":\"2025-12-04T18:00:00+00:00\",\"mainEntityOfPage\":{\"@id\":\"https:\\\/\\\/dmcsrb.com\\\/politika\\\/stojovic-odlazak-janovica-iz-dps-a-udarac-koji-se-ne-moze-sakriti-ispod-tepiha\\\/\"},\"wordCount\":159,\"commentCount\":0,\"image\":{\"@id\":\"https:\\\/\\\/dmcsrb.com\\\/politika\\\/stojovic-odlazak-janovica-iz-dps-a-udarac-koji-se-ne-moze-sakriti-ispod-tepiha\\\/#primaryimage\"},\"thumbnailUrl\":\"https:\\\/\\\/dmcsrb.com\\\/wp-content\\\/uploads\\\/2026\\\/01\\\/Gordan-Stojovic-foto-vlada-cg.jpg\",\"keywords\":[\"DPS\",\"Gordan Stojovi\u0107\",\"Nikola Janovi\u0107\",\"Udarac\"],\"articleSection\":[\"Politika\"],\"inLanguage\":\"en-GB\",\"potentialAction\":[{\"@type\":\"CommentAction\",\"name\":\"Comment\",\"target\":[\"https:\\\/\\\/dmcsrb.com\\\/politika\\\/stojovic-odlazak-janovica-iz-dps-a-udarac-koji-se-ne-moze-sakriti-ispod-tepiha\\\/#respond\"]}]},{\"@type\":\"WebPage\",\"@id\":\"https:\\\/\\\/dmcsrb.com\\\/politika\\\/stojovic-odlazak-janovica-iz-dps-a-udarac-koji-se-ne-moze-sakriti-ispod-tepiha\\\/\",\"url\":\"https:\\\/\\\/dmcsrb.com\\\/politika\\\/stojovic-odlazak-janovica-iz-dps-a-udarac-koji-se-ne-moze-sakriti-ispod-tepiha\\\/\",\"name\":\"Stojovi\u0107: Odlazak Janovi\u0107a iz DPS-a, udarac koji se ne mo\u017ee sakriti ispod tepiha - dmcsrb.com\",\"isPartOf\":{\"@id\":\"https:\\\/\\\/dmcsrb.com\\\/#website\"},\"primaryImageOfPage\":{\"@id\":\"https:\\\/\\\/dmcsrb.com\\\/politika\\\/stojovic-odlazak-janovica-iz-dps-a-udarac-koji-se-ne-moze-sakriti-ispod-tepiha\\\/#primaryimage\"},\"image\":{\"@id\":\"https:\\\/\\\/dmcsrb.com\\\/politika\\\/stojovic-odlazak-janovica-iz-dps-a-udarac-koji-se-ne-moze-sakriti-ispod-tepiha\\\/#primaryimage\"},\"thumbnailUrl\":\"https:\\\/\\\/dmcsrb.com\\\/wp-content\\\/uploads\\\/2026\\\/01\\\/Gordan-Stojovic-foto-vlada-cg.jpg\",\"datePublished\":\"2025-12-04T18:00:00+00:00\",\"author\":{\"@id\":\"https:\\\/\\\/dmcsrb.com\\\/#\\\/schema\\\/person\\\/5c39170f12db1b8b457732d0b5c854e2\"},\"breadcrumb\":{\"@id\":\"https:\\\/\\\/dmcsrb.com\\\/politika\\\/stojovic-odlazak-janovica-iz-dps-a-udarac-koji-se-ne-moze-sakriti-ispod-tepiha\\\/#breadcrumb\"},\"inLanguage\":\"en-GB\",\"potentialAction\":[{\"@type\":\"ReadAction\",\"target\":[\"https:\\\/\\\/dmcsrb.com\\\/politika\\\/stojovic-odlazak-janovica-iz-dps-a-udarac-koji-se-ne-moze-sakriti-ispod-tepiha\\\/\"]}]},{\"@type\":\"ImageObject\",\"inLanguage\":\"en-GB\",\"@id\":\"https:\\\/\\\/dmcsrb.com\\\/politika\\\/stojovic-odlazak-janovica-iz-dps-a-udarac-koji-se-ne-moze-sakriti-ispod-tepiha\\\/#primaryimage\",\"url\":\"https:\\\/\\\/dmcsrb.com\\\/wp-content\\\/uploads\\\/2026\\\/01\\\/Gordan-Stojovic-foto-vlada-cg.jpg\",\"contentUrl\":\"https:\\\/\\\/dmcsrb.com\\\/wp-content\\\/uploads\\\/2026\\\/01\\\/Gordan-Stojovic-foto-vlada-cg.jpg\",\"width\":1145,\"height\":765},{\"@type\":\"BreadcrumbList\",\"@id\":\"https:\\\/\\\/dmcsrb.com\\\/politika\\\/stojovic-odlazak-janovica-iz-dps-a-udarac-koji-se-ne-moze-sakriti-ispod-tepiha\\\/#breadcrumb\",\"itemListElement\":[{\"@type\":\"ListItem\",\"position\":1,\"name\":\"Home\",\"item\":\"https:\\\/\\\/dmcsrb.com\\\/\"},{\"@type\":\"ListItem\",\"position\":2,\"name\":\"Stojovi\u0107: Odlazak Janovi\u0107a iz DPS-a, udarac koji se ne mo\u017ee sakriti ispod tepiha\"}]},{\"@type\":\"WebSite\",\"@id\":\"https:\\\/\\\/dmcsrb.com\\\/#website\",\"url\":\"https:\\\/\\\/dmcsrb.com\\\/\",\"name\":\"dmcsrb.com\",\"description\":\"\",\"potentialAction\":[{\"@type\":\"SearchAction\",\"target\":{\"@type\":\"EntryPoint\",\"urlTemplate\":\"https:\\\/\\\/dmcsrb.com\\\/?s={search_term_string}\"},\"query-input\":{\"@type\":\"PropertyValueSpecification\",\"valueRequired\":true,\"valueName\":\"search_term_string\"}}],\"inLanguage\":\"en-GB\"},{\"@type\":\"Person\",\"@id\":\"https:\\\/\\\/dmcsrb.com\\\/#\\\/schema\\\/person\\\/5c39170f12db1b8b457732d0b5c854e2\",\"name\":\"dmcsrbija.com@gmail.com\",\"image\":{\"@type\":\"ImageObject\",\"inLanguage\":\"en-GB\",\"@id\":\"https:\\\/\\\/secure.gravatar.com\\\/avatar\\\/68592660ad6347fad0fb587f8d5d8f1a7b44961362f56e4f2cd524feb87e9069?s=96&d=mm&r=g\",\"url\":\"https:\\\/\\\/secure.gravatar.com\\\/avatar\\\/68592660ad6347fad0fb587f8d5d8f1a7b44961362f56e4f2cd524feb87e9069?s=96&d=mm&r=g\",\"contentUrl\":\"https:\\\/\\\/secure.gravatar.com\\\/avatar\\\/68592660ad6347fad0fb587f8d5d8f1a7b44961362f56e4f2cd524feb87e9069?s=96&d=mm&r=g\",\"caption\":\"dmcsrbija.com@gmail.com\"},\"sameAs\":[\"https:\\\/\\\/dmcsrb.com\"],\"url\":\"https:\\\/\\\/dmcsrb.com\\\/en\\\/author\\\/dmcsrbija-comgmail-com\\\/\"}]}<\/script>\n<!-- \/ Yoast SEO plugin. -->","yoast_head_json":{"title":"Stojovi\u0107: Odlazak Janovi\u0107a iz DPS-a, udarac koji se ne mo\u017ee sakriti ispod tepiha - dmcsrb.com","robots":{"index":"index","follow":"follow","max-snippet":"max-snippet:-1","max-image-preview":"max-image-preview:large","max-video-preview":"max-video-preview:-1"},"canonical":"https:\/\/dmcsrb.com\/en\/politika\/stojovic-odlazak-janovica-iz-dps-a-udarac-koji-se-ne-moze-sakriti-ispod-tepiha\/","og_locale":"en_GB","og_type":"article","og_title":"Stojovi\u0107: Odlazak Janovi\u0107a iz DPS-a, udarac koji se ne mo\u017ee sakriti ispod tepiha - dmcsrb.com","og_description":"Kada li\u010dnost kredibiliteta Nikole Janovi\u0107a odlu\u010di da okrene le\u0111a DPS-u, mnogi s pravom zaklju\u010duju da partijski brod tone zbog sopstvenih, godinama nagomilanih gre\u0161aka i ignorisanja realnosti, kazao je poslanik PES-a Gordan Stojovi\u0107.","og_url":"https:\/\/dmcsrb.com\/en\/politika\/stojovic-odlazak-janovica-iz-dps-a-udarac-koji-se-ne-moze-sakriti-ispod-tepiha\/","og_site_name":"dmcsrb.com","article_published_time":"2025-12-04T18:00:00+00:00","og_image":[{"width":1145,"height":765,"url":"https:\/\/dmcsrb.com\/wp-content\/uploads\/2026\/01\/Gordan-Stojovic-foto-vlada-cg.jpg","type":"image\/jpeg"}],"author":"dmcsrbija.com@gmail.com","twitter_card":"summary_large_image","twitter_misc":{"Written by":"dmcsrbija.com@gmail.com","Estimated reading time":"1 minute"},"schema":{"@context":"https:\/\/schema.org","@graph":[{"@type":"Article","@id":"https:\/\/dmcsrb.com\/politika\/stojovic-odlazak-janovica-iz-dps-a-udarac-koji-se-ne-moze-sakriti-ispod-tepiha\/#article","isPartOf":{"@id":"https:\/\/dmcsrb.com\/politika\/stojovic-odlazak-janovica-iz-dps-a-udarac-koji-se-ne-moze-sakriti-ispod-tepiha\/"},"author":{"name":"dmcsrbija.com@gmail.com","@id":"https:\/\/dmcsrb.com\/#\/schema\/person\/5c39170f12db1b8b457732d0b5c854e2"},"headline":"Stojovi\u0107: Odlazak Janovi\u0107a iz DPS-a, udarac koji se ne mo\u017ee sakriti ispod tepiha","datePublished":"2025-12-04T18:00:00+00:00","mainEntityOfPage":{"@id":"https:\/\/dmcsrb.com\/politika\/stojovic-odlazak-janovica-iz-dps-a-udarac-koji-se-ne-moze-sakriti-ispod-tepiha\/"},"wordCount":159,"commentCount":0,"image":{"@id":"https:\/\/dmcsrb.com\/politika\/stojovic-odlazak-janovica-iz-dps-a-udarac-koji-se-ne-moze-sakriti-ispod-tepiha\/#primaryimage"},"thumbnailUrl":"https:\/\/dmcsrb.com\/wp-content\/uploads\/2026\/01\/Gordan-Stojovic-foto-vlada-cg.jpg","keywords":["DPS","Gordan Stojovi\u0107","Nikola Janovi\u0107","Udarac"],"articleSection":["Politika"],"inLanguage":"en-GB","potentialAction":[{"@type":"CommentAction","name":"Comment","target":["https:\/\/dmcsrb.com\/politika\/stojovic-odlazak-janovica-iz-dps-a-udarac-koji-se-ne-moze-sakriti-ispod-tepiha\/#respond"]}]},{"@type":"WebPage","@id":"https:\/\/dmcsrb.com\/politika\/stojovic-odlazak-janovica-iz-dps-a-udarac-koji-se-ne-moze-sakriti-ispod-tepiha\/","url":"https:\/\/dmcsrb.com\/politika\/stojovic-odlazak-janovica-iz-dps-a-udarac-koji-se-ne-moze-sakriti-ispod-tepiha\/","name":"Stojovi\u0107: Odlazak Janovi\u0107a iz DPS-a, udarac koji se ne mo\u017ee sakriti ispod tepiha - dmcsrb.com","isPartOf":{"@id":"https:\/\/dmcsrb.com\/#website"},"primaryImageOfPage":{"@id":"https:\/\/dmcsrb.com\/politika\/stojovic-odlazak-janovica-iz-dps-a-udarac-koji-se-ne-moze-sakriti-ispod-tepiha\/#primaryimage"},"image":{"@id":"https:\/\/dmcsrb.com\/politika\/stojovic-odlazak-janovica-iz-dps-a-udarac-koji-se-ne-moze-sakriti-ispod-tepiha\/#primaryimage"},"thumbnailUrl":"https:\/\/dmcsrb.com\/wp-content\/uploads\/2026\/01\/Gordan-Stojovic-foto-vlada-cg.jpg","datePublished":"2025-12-04T18:00:00+00:00","author":{"@id":"https:\/\/dmcsrb.com\/#\/schema\/person\/5c39170f12db1b8b457732d0b5c854e2"},"breadcrumb":{"@id":"https:\/\/dmcsrb.com\/politika\/stojovic-odlazak-janovica-iz-dps-a-udarac-koji-se-ne-moze-sakriti-ispod-tepiha\/#breadcrumb"},"inLanguage":"en-GB","potentialAction":[{"@type":"ReadAction","target":["https:\/\/dmcsrb.com\/politika\/stojovic-odlazak-janovica-iz-dps-a-udarac-koji-se-ne-moze-sakriti-ispod-tepiha\/"]}]},{"@type":"ImageObject","inLanguage":"en-GB","@id":"https:\/\/dmcsrb.com\/politika\/stojovic-odlazak-janovica-iz-dps-a-udarac-koji-se-ne-moze-sakriti-ispod-tepiha\/#primaryimage","url":"https:\/\/dmcsrb.com\/wp-content\/uploads\/2026\/01\/Gordan-Stojovic-foto-vlada-cg.jpg","contentUrl":"https:\/\/dmcsrb.com\/wp-content\/uploads\/2026\/01\/Gordan-Stojovic-foto-vlada-cg.jpg","width":1145,"height":765},{"@type":"BreadcrumbList","@id":"https:\/\/dmcsrb.com\/politika\/stojovic-odlazak-janovica-iz-dps-a-udarac-koji-se-ne-moze-sakriti-ispod-tepiha\/#breadcrumb","itemListElement":[{"@type":"ListItem","position":1,"name":"Home","item":"https:\/\/dmcsrb.com\/"},{"@type":"ListItem","position":2,"name":"Stojovi\u0107: Odlazak Janovi\u0107a iz DPS-a, udarac koji se ne mo\u017ee sakriti ispod tepiha"}]},{"@type":"WebSite","@id":"https:\/\/dmcsrb.com\/#website","url":"https:\/\/dmcsrb.com\/","name":"dmcsrb.com","description":"","potentialAction":[{"@type":"SearchAction","target":{"@type":"EntryPoint","urlTemplate":"https:\/\/dmcsrb.com\/?s={search_term_string}"},"query-input":{"@type":"PropertyValueSpecification","valueRequired":true,"valueName":"search_term_string"}}],"inLanguage":"en-GB"},{"@type":"Person","@id":"https:\/\/dmcsrb.com\/#\/schema\/person\/5c39170f12db1b8b457732d0b5c854e2","name":"dmcsrbija.com@gmail.com","image":{"@type":"ImageObject","inLanguage":"en-GB","@id":"https:\/\/secure.gravatar.com\/avatar\/68592660ad6347fad0fb587f8d5d8f1a7b44961362f56e4f2cd524feb87e9069?s=96&d=mm&r=g","url":"https:\/\/secure.gravatar.com\/avatar\/68592660ad6347fad0fb587f8d5d8f1a7b44961362f56e4f2cd524feb87e9069?s=96&d=mm&r=g","contentUrl":"https:\/\/secure.gravatar.com\/avatar\/68592660ad6347fad0fb587f8d5d8f1a7b44961362f56e4f2cd524feb87e9069?s=96&d=mm&r=g","caption":"dmcsrbija.com@gmail.com"},"sameAs":["https:\/\/dmcsrb.com"],"url":"https:\/\/dmcsrb.com\/en\/author\/dmcsrbija-comgmail-com\/"}]}},"_links":{"self":[{"href":"https:\/\/dmcsrb.com\/en\/wp-json\/wp\/v2\/posts\/909835","targetHints":{"allow":["GET"]}}],"collection":[{"href":"https:\/\/dmcsrb.com\/en\/wp-json\/wp\/v2\/posts"}],"about":[{"href":"https:\/\/dmcsrb.com\/en\/wp-json\/wp\/v2\/types\/post"}],"author":[{"embeddable":true,"href":"https:\/\/dmcsrb.com\/en\/wp-json\/wp\/v2\/users\/1"}],"replies":[{"embeddable":true,"href":"https:\/\/dmcsrb.com\/en\/wp-json\/wp\/v2\/comments?post=909835"}],"version-history":[{"count":0,"href":"https:\/\/dmcsrb.com\/en\/wp-json\/wp\/v2\/posts\/909835\/revisions"}],"wp:featuredmedia":[{"embeddable":true,"href":"https:\/\/dmcsrb.com\/en\/wp-json\/wp\/v2\/media\/909836"}],"wp:attachment":[{"href":"https:\/\/dmcsrb.com\/en\/wp-json\/wp\/v2\/media?parent=909835"}],"wp:term":[{"taxonomy":"category","embeddable":true,"href":"https:\/\/dmcsrb.com\/en\/wp-json\/wp\/v2\/categories?post=909835"},{"taxonomy":"post_tag","embeddable":true,"href":"https:\/\/dmcsrb.com\/en\/wp-json\/wp\/v2\/tags?post=909835"},{"taxonomy":"naslovna","embeddable":true,"href":"https:\/\/dmcsrb.com\/en\/wp-json\/wp\/v2\/naslovna?post=909835"}],"curies":[{"name":"wp","href":"https:\/\/api.w.org\/{rel}","templated":true}]}}