{"id":909754,"date":"2025-12-04T15:00:00","date_gmt":"2025-12-04T14:00:00","guid":{"rendered":"https:\/\/dmcsrb.com\/uncategorized\/popovic-crna-gora-vidi-japan-kao-jednog-od-najvaznijih-partnera-u-oblasti-ekonomije\/"},"modified":"2025-12-04T15:00:00","modified_gmt":"2025-12-04T14:00:00","slug":"popovic-crna-gora-vidi-japan-kao-jednog-od-najvaznijih-partnera-u-oblasti-ekonomije","status":"publish","type":"post","link":"https:\/\/dmcsrb.com\/en\/politika\/popovic-crna-gora-vidi-japan-kao-jednog-od-najvaznijih-partnera-u-oblasti-ekonomije\/","title":{"rendered":"Popovi\u0107: Crna Gora vidi Japan kao jednog od najva\u017enijih partnera u oblasti ekonomije"},"content":{"rendered":"<p><\/p>\n\n\n\n<p>Popovi\u0107 je izrazila zahvalnost ambasadoru Imamuri na kontinuiranoj posve\u0107enosti razvoju odnosa Crne Gore i Japana, isti\u010du\u0107i da se dvije dr\u017eave oslanjaju na dugogodi\u0161nje prijateljstvo, me\u0111usobno povjerenje i zajedni\u010dke vrijednosti. Naglasila je da Crna Gora vidi Japan kao jednog od najva\u017enijih partnera u oblasti ekonomije, razvoja, inovacija i tehnologije.<\/p>\n\n\n\n<p>U susret jubilarnoj 2026. godini, kada se obilje\u017eava 20 godina od uspostavljanja diplomatskih odnosa i 50 godina od posjete tada\u0161njeg japanskog prestolonasljednika Kotoru, Popovi\u0107 je istakla da \u0107e jubilej biti dodatno oboga\u0107en kulturnim i obrazovnim programima. Posebno je naglasila zna\u010daj donacije muzi\u010dkih instrumenata i opreme Muzi\u010dkom centru Crne Gore, vrijedne oko milion eura, realizovane kroz programe Japanske agencije za me\u0111unarodnu saradnju.<\/p>\n\n\n\n<p>U fokusu razgovora bila je i ekonomska saradnja, gdje je Popovi\u0107 ukazala na sve ve\u0107e interesovanje Crne Gore da unaprijedi partnerstva sa japanskim kompanijama u oblastima energetike, saobra\u0107ajne infrastrukture, luka i pomorstva, digitalizacije, finansijskih tehnologija i inovacija. Pozdravila je potpisivanje Memoranduma o razumijevanju izme\u0111u Vlade Crne Gore i japanske kompanije JERA Co. Inc., kao i otvorenost japanske poslovne zajednice da razmotri u\u010de\u0161\u0107e u strate\u0161kim projektima u Crnoj Gori.<\/p>\n\n\n\n<p>Ambasador Imamura je informisan o mogu\u0107nostima koje Crna Gora nudi investitorima, uklju\u010duju\u0107i zna\u010dajnu prednost budu\u0107eg \u010dlanstva u Evropskoj uniji i poziciju dr\u017eave kao prirodnog mosta ka tr\u017ei\u0161tima Zapadnog Balkana i Evrope. Istaknuto je i da bezvizni re\u017eim za crnogorske dr\u017eavljane, u primjeni od 1. septembra 2025. godine, otvara nove mogu\u0107nosti za pove\u0107anje turisti\u010dkog i poslovnog prometa izme\u0111u dvije zemlje.<\/p>\n\n\n\n<p>Popovi\u0107 je informisala ambasadora Imamuru o radu Grupe prijateljstva sa Japanom u 28. sazivu Skup\u0161tine, nagla\u0161avaju\u0107i va\u017enost parlamentarne diplomatije kao dodatnog kanala za ja\u010danje me\u0111udr\u017eavnih odnosa.<\/p>\n\n\n\n<p>Ambasador Imamura je istakao da Japan prepoznaje Crnu Goru kao stabilnog i pouzdanog partnera u Evropi i naglasio spremnost japanske strane da razmotri nove vidove saradnje u oblastima energetike, inovacija i odr\u017eivog razvoja. Pozdravio je i rezultate Crne Gore na Svjetskoj izlo\u017ebi EXPO 2025 u Osaki, uz ocjenu da je interesovanje japanske javnosti za Crnu Goru u porastu.<\/p>\n\n\n\n<p>Sagovornici su razmijenili mi\u0161ljenja i o klju\u010dnim globalnim i regionalnim pitanjima, uz uzajamno uva\u017eavanje pozicija dvije zemlje u okviru me\u0111unarodnih organizacija i multilateralnih inicijativa.<\/p>\n\n\n\n<p>Popovi\u0107 je na kraju istakla da Crna Gora ostaje sna\u017eno posve\u0107ena razvoju sveobuhvatnog partnerstva sa Japanom i izrazila uvjerenje da \u0107e naredna godina donijeti nove zajedni\u010dke projekte koji \u0107e dodatno oja\u010dati veze dvije dr\u017eave.<\/p>","protected":false},"excerpt":{"rendered":"<p>Potpredsjednica Skup\u0161tine Crne Gore, Zdenka Popovi\u0107, odr\u017eala je sastanak sa ambasadorom Japana, Nj. E. Akirom Imamururom. Ovaj susret predstavlja nastavak intenzivnog politi\u010dkog dijaloga i potvrdu sna\u017enog interesa obje strane za dalje ja\u010danje saradnje.<\/p>","protected":false},"author":1,"featured_media":909755,"comment_status":"open","ping_status":"open","sticky":false,"template":"","format":"standard","meta":{"_acf_changed":false,"footnotes":""},"categories":[12],"tags":[95,626,1073],"naslovna":[],"class_list":["post-909754","post","type-post","status-publish","format-standard","has-post-thumbnail","hentry","category-politika","tag-crna-gora","tag-ekonomija","tag-japan"],"acf":[],"yoast_head":"<!-- This site is optimized with the Yoast SEO plugin v27.4 - https:\/\/yoast.com\/product\/yoast-seo-wordpress\/ -->\n<title>Popovi\u0107: Crna Gora vidi Japan kao jednog od najva\u017enijih partnera u oblasti ekonomije - dmcsrb.com<\/title>\n<meta name=\"robots\" content=\"index, follow, max-snippet:-1, max-image-preview:large, max-video-preview:-1\" \/>\n<link rel=\"canonical\" href=\"https:\/\/dmcsrb.com\/en\/politika\/popovic-crna-gora-vidi-japan-kao-jednog-od-najvaznijih-partnera-u-oblasti-ekonomije\/\" \/>\n<meta property=\"og:locale\" content=\"en_GB\" \/>\n<meta property=\"og:type\" content=\"article\" \/>\n<meta property=\"og:title\" content=\"Popovi\u0107: Crna Gora vidi Japan kao jednog od najva\u017enijih partnera u oblasti ekonomije - dmcsrb.com\" \/>\n<meta property=\"og:description\" content=\"Potpredsjednica Skup\u0161tine Crne Gore, Zdenka Popovi\u0107, odr\u017eala je sastanak sa ambasadorom Japana, Nj. E. Akirom Imamururom. Ovaj susret predstavlja nastavak intenzivnog politi\u010dkog dijaloga i potvrdu sna\u017enog interesa obje strane za dalje ja\u010danje saradnje.\" \/>\n<meta property=\"og:url\" content=\"https:\/\/dmcsrb.com\/en\/politika\/popovic-crna-gora-vidi-japan-kao-jednog-od-najvaznijih-partnera-u-oblasti-ekonomije\/\" \/>\n<meta property=\"og:site_name\" content=\"dmcsrb.com\" \/>\n<meta property=\"article:published_time\" content=\"2025-12-04T14:00:00+00:00\" \/>\n<meta property=\"og:image\" content=\"https:\/\/dmcsrb.com\/wp-content\/uploads\/2026\/01\/IMG_4822.jpg\" \/>\n\t<meta property=\"og:image:width\" content=\"2048\" \/>\n\t<meta property=\"og:image:height\" content=\"1365\" \/>\n\t<meta property=\"og:image:type\" content=\"image\/jpeg\" \/>\n<meta name=\"author\" content=\"dmcsrbija.com@gmail.com\" \/>\n<meta name=\"twitter:card\" content=\"summary_large_image\" \/>\n<meta name=\"twitter:label1\" content=\"Written by\" \/>\n\t<meta name=\"twitter:data1\" content=\"dmcsrbija.com@gmail.com\" \/>\n\t<meta name=\"twitter:label2\" content=\"Estimated reading time\" \/>\n\t<meta name=\"twitter:data2\" content=\"2 minutes\" \/>\n<script type=\"application\/ld+json\" class=\"yoast-schema-graph\">{\"@context\":\"https:\\\/\\\/schema.org\",\"@graph\":[{\"@type\":\"Article\",\"@id\":\"https:\\\/\\\/dmcsrb.com\\\/politika\\\/popovic-crna-gora-vidi-japan-kao-jednog-od-najvaznijih-partnera-u-oblasti-ekonomije\\\/#article\",\"isPartOf\":{\"@id\":\"https:\\\/\\\/dmcsrb.com\\\/politika\\\/popovic-crna-gora-vidi-japan-kao-jednog-od-najvaznijih-partnera-u-oblasti-ekonomije\\\/\"},\"author\":{\"name\":\"dmcsrbija.com@gmail.com\",\"@id\":\"https:\\\/\\\/dmcsrb.com\\\/#\\\/schema\\\/person\\\/5c39170f12db1b8b457732d0b5c854e2\"},\"headline\":\"Popovi\u0107: Crna Gora vidi Japan kao jednog od najva\u017enijih partnera u oblasti ekonomije\",\"datePublished\":\"2025-12-04T14:00:00+00:00\",\"mainEntityOfPage\":{\"@id\":\"https:\\\/\\\/dmcsrb.com\\\/politika\\\/popovic-crna-gora-vidi-japan-kao-jednog-od-najvaznijih-partnera-u-oblasti-ekonomije\\\/\"},\"wordCount\":438,\"commentCount\":0,\"image\":{\"@id\":\"https:\\\/\\\/dmcsrb.com\\\/politika\\\/popovic-crna-gora-vidi-japan-kao-jednog-od-najvaznijih-partnera-u-oblasti-ekonomije\\\/#primaryimage\"},\"thumbnailUrl\":\"https:\\\/\\\/dmcsrb.com\\\/wp-content\\\/uploads\\\/2026\\\/01\\\/IMG_4822.jpg\",\"keywords\":[\"Crna Gora\",\"Ekonomija\",\"Japan\"],\"articleSection\":[\"Politika\"],\"inLanguage\":\"en-GB\",\"potentialAction\":[{\"@type\":\"CommentAction\",\"name\":\"Comment\",\"target\":[\"https:\\\/\\\/dmcsrb.com\\\/politika\\\/popovic-crna-gora-vidi-japan-kao-jednog-od-najvaznijih-partnera-u-oblasti-ekonomije\\\/#respond\"]}]},{\"@type\":\"WebPage\",\"@id\":\"https:\\\/\\\/dmcsrb.com\\\/politika\\\/popovic-crna-gora-vidi-japan-kao-jednog-od-najvaznijih-partnera-u-oblasti-ekonomije\\\/\",\"url\":\"https:\\\/\\\/dmcsrb.com\\\/politika\\\/popovic-crna-gora-vidi-japan-kao-jednog-od-najvaznijih-partnera-u-oblasti-ekonomije\\\/\",\"name\":\"Popovi\u0107: Crna Gora vidi Japan kao jednog od najva\u017enijih partnera u oblasti ekonomije - dmcsrb.com\",\"isPartOf\":{\"@id\":\"https:\\\/\\\/dmcsrb.com\\\/#website\"},\"primaryImageOfPage\":{\"@id\":\"https:\\\/\\\/dmcsrb.com\\\/politika\\\/popovic-crna-gora-vidi-japan-kao-jednog-od-najvaznijih-partnera-u-oblasti-ekonomije\\\/#primaryimage\"},\"image\":{\"@id\":\"https:\\\/\\\/dmcsrb.com\\\/politika\\\/popovic-crna-gora-vidi-japan-kao-jednog-od-najvaznijih-partnera-u-oblasti-ekonomije\\\/#primaryimage\"},\"thumbnailUrl\":\"https:\\\/\\\/dmcsrb.com\\\/wp-content\\\/uploads\\\/2026\\\/01\\\/IMG_4822.jpg\",\"datePublished\":\"2025-12-04T14:00:00+00:00\",\"author\":{\"@id\":\"https:\\\/\\\/dmcsrb.com\\\/#\\\/schema\\\/person\\\/5c39170f12db1b8b457732d0b5c854e2\"},\"breadcrumb\":{\"@id\":\"https:\\\/\\\/dmcsrb.com\\\/politika\\\/popovic-crna-gora-vidi-japan-kao-jednog-od-najvaznijih-partnera-u-oblasti-ekonomije\\\/#breadcrumb\"},\"inLanguage\":\"en-GB\",\"potentialAction\":[{\"@type\":\"ReadAction\",\"target\":[\"https:\\\/\\\/dmcsrb.com\\\/politika\\\/popovic-crna-gora-vidi-japan-kao-jednog-od-najvaznijih-partnera-u-oblasti-ekonomije\\\/\"]}]},{\"@type\":\"ImageObject\",\"inLanguage\":\"en-GB\",\"@id\":\"https:\\\/\\\/dmcsrb.com\\\/politika\\\/popovic-crna-gora-vidi-japan-kao-jednog-od-najvaznijih-partnera-u-oblasti-ekonomije\\\/#primaryimage\",\"url\":\"https:\\\/\\\/dmcsrb.com\\\/wp-content\\\/uploads\\\/2026\\\/01\\\/IMG_4822.jpg\",\"contentUrl\":\"https:\\\/\\\/dmcsrb.com\\\/wp-content\\\/uploads\\\/2026\\\/01\\\/IMG_4822.jpg\",\"width\":2048,\"height\":1365},{\"@type\":\"BreadcrumbList\",\"@id\":\"https:\\\/\\\/dmcsrb.com\\\/politika\\\/popovic-crna-gora-vidi-japan-kao-jednog-od-najvaznijih-partnera-u-oblasti-ekonomije\\\/#breadcrumb\",\"itemListElement\":[{\"@type\":\"ListItem\",\"position\":1,\"name\":\"Home\",\"item\":\"https:\\\/\\\/dmcsrb.com\\\/\"},{\"@type\":\"ListItem\",\"position\":2,\"name\":\"Popovi\u0107: Crna Gora vidi Japan kao jednog od najva\u017enijih partnera u oblasti ekonomije\"}]},{\"@type\":\"WebSite\",\"@id\":\"https:\\\/\\\/dmcsrb.com\\\/#website\",\"url\":\"https:\\\/\\\/dmcsrb.com\\\/\",\"name\":\"dmcsrb.com\",\"description\":\"\",\"potentialAction\":[{\"@type\":\"SearchAction\",\"target\":{\"@type\":\"EntryPoint\",\"urlTemplate\":\"https:\\\/\\\/dmcsrb.com\\\/?s={search_term_string}\"},\"query-input\":{\"@type\":\"PropertyValueSpecification\",\"valueRequired\":true,\"valueName\":\"search_term_string\"}}],\"inLanguage\":\"en-GB\"},{\"@type\":\"Person\",\"@id\":\"https:\\\/\\\/dmcsrb.com\\\/#\\\/schema\\\/person\\\/5c39170f12db1b8b457732d0b5c854e2\",\"name\":\"dmcsrbija.com@gmail.com\",\"image\":{\"@type\":\"ImageObject\",\"inLanguage\":\"en-GB\",\"@id\":\"https:\\\/\\\/secure.gravatar.com\\\/avatar\\\/68592660ad6347fad0fb587f8d5d8f1a7b44961362f56e4f2cd524feb87e9069?s=96&d=mm&r=g\",\"url\":\"https:\\\/\\\/secure.gravatar.com\\\/avatar\\\/68592660ad6347fad0fb587f8d5d8f1a7b44961362f56e4f2cd524feb87e9069?s=96&d=mm&r=g\",\"contentUrl\":\"https:\\\/\\\/secure.gravatar.com\\\/avatar\\\/68592660ad6347fad0fb587f8d5d8f1a7b44961362f56e4f2cd524feb87e9069?s=96&d=mm&r=g\",\"caption\":\"dmcsrbija.com@gmail.com\"},\"sameAs\":[\"https:\\\/\\\/dmcsrb.com\"],\"url\":\"https:\\\/\\\/dmcsrb.com\\\/en\\\/author\\\/dmcsrbija-comgmail-com\\\/\"}]}<\/script>\n<!-- \/ Yoast SEO plugin. -->","yoast_head_json":{"title":"Popovi\u0107: Crna Gora vidi Japan kao jednog od najva\u017enijih partnera u oblasti ekonomije - dmcsrb.com","robots":{"index":"index","follow":"follow","max-snippet":"max-snippet:-1","max-image-preview":"max-image-preview:large","max-video-preview":"max-video-preview:-1"},"canonical":"https:\/\/dmcsrb.com\/en\/politika\/popovic-crna-gora-vidi-japan-kao-jednog-od-najvaznijih-partnera-u-oblasti-ekonomije\/","og_locale":"en_GB","og_type":"article","og_title":"Popovi\u0107: Crna Gora vidi Japan kao jednog od najva\u017enijih partnera u oblasti ekonomije - dmcsrb.com","og_description":"Potpredsjednica Skup\u0161tine Crne Gore, Zdenka Popovi\u0107, odr\u017eala je sastanak sa ambasadorom Japana, Nj. E. Akirom Imamururom. Ovaj susret predstavlja nastavak intenzivnog politi\u010dkog dijaloga i potvrdu sna\u017enog interesa obje strane za dalje ja\u010danje saradnje.","og_url":"https:\/\/dmcsrb.com\/en\/politika\/popovic-crna-gora-vidi-japan-kao-jednog-od-najvaznijih-partnera-u-oblasti-ekonomije\/","og_site_name":"dmcsrb.com","article_published_time":"2025-12-04T14:00:00+00:00","og_image":[{"width":2048,"height":1365,"url":"https:\/\/dmcsrb.com\/wp-content\/uploads\/2026\/01\/IMG_4822.jpg","type":"image\/jpeg"}],"author":"dmcsrbija.com@gmail.com","twitter_card":"summary_large_image","twitter_misc":{"Written by":"dmcsrbija.com@gmail.com","Estimated reading time":"2 minutes"},"schema":{"@context":"https:\/\/schema.org","@graph":[{"@type":"Article","@id":"https:\/\/dmcsrb.com\/politika\/popovic-crna-gora-vidi-japan-kao-jednog-od-najvaznijih-partnera-u-oblasti-ekonomije\/#article","isPartOf":{"@id":"https:\/\/dmcsrb.com\/politika\/popovic-crna-gora-vidi-japan-kao-jednog-od-najvaznijih-partnera-u-oblasti-ekonomije\/"},"author":{"name":"dmcsrbija.com@gmail.com","@id":"https:\/\/dmcsrb.com\/#\/schema\/person\/5c39170f12db1b8b457732d0b5c854e2"},"headline":"Popovi\u0107: Crna Gora vidi Japan kao jednog od najva\u017enijih partnera u oblasti ekonomije","datePublished":"2025-12-04T14:00:00+00:00","mainEntityOfPage":{"@id":"https:\/\/dmcsrb.com\/politika\/popovic-crna-gora-vidi-japan-kao-jednog-od-najvaznijih-partnera-u-oblasti-ekonomije\/"},"wordCount":438,"commentCount":0,"image":{"@id":"https:\/\/dmcsrb.com\/politika\/popovic-crna-gora-vidi-japan-kao-jednog-od-najvaznijih-partnera-u-oblasti-ekonomije\/#primaryimage"},"thumbnailUrl":"https:\/\/dmcsrb.com\/wp-content\/uploads\/2026\/01\/IMG_4822.jpg","keywords":["Crna Gora","Ekonomija","Japan"],"articleSection":["Politika"],"inLanguage":"en-GB","potentialAction":[{"@type":"CommentAction","name":"Comment","target":["https:\/\/dmcsrb.com\/politika\/popovic-crna-gora-vidi-japan-kao-jednog-od-najvaznijih-partnera-u-oblasti-ekonomije\/#respond"]}]},{"@type":"WebPage","@id":"https:\/\/dmcsrb.com\/politika\/popovic-crna-gora-vidi-japan-kao-jednog-od-najvaznijih-partnera-u-oblasti-ekonomije\/","url":"https:\/\/dmcsrb.com\/politika\/popovic-crna-gora-vidi-japan-kao-jednog-od-najvaznijih-partnera-u-oblasti-ekonomije\/","name":"Popovi\u0107: Crna Gora vidi Japan kao jednog od najva\u017enijih partnera u oblasti ekonomije - dmcsrb.com","isPartOf":{"@id":"https:\/\/dmcsrb.com\/#website"},"primaryImageOfPage":{"@id":"https:\/\/dmcsrb.com\/politika\/popovic-crna-gora-vidi-japan-kao-jednog-od-najvaznijih-partnera-u-oblasti-ekonomije\/#primaryimage"},"image":{"@id":"https:\/\/dmcsrb.com\/politika\/popovic-crna-gora-vidi-japan-kao-jednog-od-najvaznijih-partnera-u-oblasti-ekonomije\/#primaryimage"},"thumbnailUrl":"https:\/\/dmcsrb.com\/wp-content\/uploads\/2026\/01\/IMG_4822.jpg","datePublished":"2025-12-04T14:00:00+00:00","author":{"@id":"https:\/\/dmcsrb.com\/#\/schema\/person\/5c39170f12db1b8b457732d0b5c854e2"},"breadcrumb":{"@id":"https:\/\/dmcsrb.com\/politika\/popovic-crna-gora-vidi-japan-kao-jednog-od-najvaznijih-partnera-u-oblasti-ekonomije\/#breadcrumb"},"inLanguage":"en-GB","potentialAction":[{"@type":"ReadAction","target":["https:\/\/dmcsrb.com\/politika\/popovic-crna-gora-vidi-japan-kao-jednog-od-najvaznijih-partnera-u-oblasti-ekonomije\/"]}]},{"@type":"ImageObject","inLanguage":"en-GB","@id":"https:\/\/dmcsrb.com\/politika\/popovic-crna-gora-vidi-japan-kao-jednog-od-najvaznijih-partnera-u-oblasti-ekonomije\/#primaryimage","url":"https:\/\/dmcsrb.com\/wp-content\/uploads\/2026\/01\/IMG_4822.jpg","contentUrl":"https:\/\/dmcsrb.com\/wp-content\/uploads\/2026\/01\/IMG_4822.jpg","width":2048,"height":1365},{"@type":"BreadcrumbList","@id":"https:\/\/dmcsrb.com\/politika\/popovic-crna-gora-vidi-japan-kao-jednog-od-najvaznijih-partnera-u-oblasti-ekonomije\/#breadcrumb","itemListElement":[{"@type":"ListItem","position":1,"name":"Home","item":"https:\/\/dmcsrb.com\/"},{"@type":"ListItem","position":2,"name":"Popovi\u0107: Crna Gora vidi Japan kao jednog od najva\u017enijih partnera u oblasti ekonomije"}]},{"@type":"WebSite","@id":"https:\/\/dmcsrb.com\/#website","url":"https:\/\/dmcsrb.com\/","name":"dmcsrb.com","description":"","potentialAction":[{"@type":"SearchAction","target":{"@type":"EntryPoint","urlTemplate":"https:\/\/dmcsrb.com\/?s={search_term_string}"},"query-input":{"@type":"PropertyValueSpecification","valueRequired":true,"valueName":"search_term_string"}}],"inLanguage":"en-GB"},{"@type":"Person","@id":"https:\/\/dmcsrb.com\/#\/schema\/person\/5c39170f12db1b8b457732d0b5c854e2","name":"dmcsrbija.com@gmail.com","image":{"@type":"ImageObject","inLanguage":"en-GB","@id":"https:\/\/secure.gravatar.com\/avatar\/68592660ad6347fad0fb587f8d5d8f1a7b44961362f56e4f2cd524feb87e9069?s=96&d=mm&r=g","url":"https:\/\/secure.gravatar.com\/avatar\/68592660ad6347fad0fb587f8d5d8f1a7b44961362f56e4f2cd524feb87e9069?s=96&d=mm&r=g","contentUrl":"https:\/\/secure.gravatar.com\/avatar\/68592660ad6347fad0fb587f8d5d8f1a7b44961362f56e4f2cd524feb87e9069?s=96&d=mm&r=g","caption":"dmcsrbija.com@gmail.com"},"sameAs":["https:\/\/dmcsrb.com"],"url":"https:\/\/dmcsrb.com\/en\/author\/dmcsrbija-comgmail-com\/"}]}},"_links":{"self":[{"href":"https:\/\/dmcsrb.com\/en\/wp-json\/wp\/v2\/posts\/909754","targetHints":{"allow":["GET"]}}],"collection":[{"href":"https:\/\/dmcsrb.com\/en\/wp-json\/wp\/v2\/posts"}],"about":[{"href":"https:\/\/dmcsrb.com\/en\/wp-json\/wp\/v2\/types\/post"}],"author":[{"embeddable":true,"href":"https:\/\/dmcsrb.com\/en\/wp-json\/wp\/v2\/users\/1"}],"replies":[{"embeddable":true,"href":"https:\/\/dmcsrb.com\/en\/wp-json\/wp\/v2\/comments?post=909754"}],"version-history":[{"count":0,"href":"https:\/\/dmcsrb.com\/en\/wp-json\/wp\/v2\/posts\/909754\/revisions"}],"wp:featuredmedia":[{"embeddable":true,"href":"https:\/\/dmcsrb.com\/en\/wp-json\/wp\/v2\/media\/909755"}],"wp:attachment":[{"href":"https:\/\/dmcsrb.com\/en\/wp-json\/wp\/v2\/media?parent=909754"}],"wp:term":[{"taxonomy":"category","embeddable":true,"href":"https:\/\/dmcsrb.com\/en\/wp-json\/wp\/v2\/categories?post=909754"},{"taxonomy":"post_tag","embeddable":true,"href":"https:\/\/dmcsrb.com\/en\/wp-json\/wp\/v2\/tags?post=909754"},{"taxonomy":"naslovna","embeddable":true,"href":"https:\/\/dmcsrb.com\/en\/wp-json\/wp\/v2\/naslovna?post=909754"}],"curies":[{"name":"wp","href":"https:\/\/api.w.org\/{rel}","templated":true}]}}