{"id":909655,"date":"2025-12-04T12:30:00","date_gmt":"2025-12-04T11:30:00","guid":{"rendered":"https:\/\/dmcsrb.com\/uncategorized\/mladi-iz-djecjeg-doma-mladost-u-bijeloj-dobili-podrsku-za-jacanje-vjestina-i-pripremu-za-samostalni-zivot\/"},"modified":"2025-12-04T12:30:00","modified_gmt":"2025-12-04T11:30:00","slug":"mladi-iz-djecjeg-doma-mladost-u-bijeloj-dobili-podrsku-za-jacanje-vjestina-i-pripremu-za-samostalni-zivot","status":"publish","type":"post","link":"https:\/\/dmcsrb.com\/en\/drustvo\/mladi-iz-djecjeg-doma-mladost-u-bijeloj-dobili-podrsku-za-jacanje-vjestina-i-pripremu-za-samostalni-zivot\/","title":{"rendered":"Mladi iz Dje\u010djeg doma \u201cMladost\u201d u Bijeloj dobili podr\u0161ku za ja\u010danje vje\u0161tina i pripremu za samostalni \u017eivot"},"content":{"rendered":"<p><\/p>\n\n\n\n<p>Projekat je obuhvatio 15 mladih iz Dje\u010djeg doma \u201eMladost\u201c u Bijeloj, kao i mlade iz socijalno ugro\u017eenih porodica \u0161irom Crne Gore, usmjeravaju\u0107i se na sticanje prakti\u010dnih \u017eivotnih vje\u0161tina, emocionalne pismenosti i pripremu za samostalan \u017eivot.<\/p>\n\n\n\n<p>Aktivnosti projekta obuhvatile su nekoliko zna\u010dajnih cjelina. Prva od njih bila je u\u010de\u0161\u0107e mladih na humanitarnoj manifestaciji \u201eNjihov osmijeh vrijedi vi\u0161e\u201c, tokom koje su, uz mentorsku i koordinatorsku podr\u0161ku projektnog tima, dobili priliku da se uklju\u010de u doga\u0111aj koji afirmi\u0161e solidarnost, empatiju i zajedni\u010dku brigu o zajednici. Ovaj doga\u0111aj predstavljao je uvod u dalje aktivnosti projekta.<\/p>\n\n\n\n<p>Nakon manifestacije, realizovan je humanitarni film \u201eNjihov osmijeh vrijedi vi\u0161e\u201c, koji kroz li\u010dne pri\u010de i prikaz stvarnih iskustava pokazuje va\u017enost podr\u0161ke mladima bez roditeljskog staranja. Film mo\u017eete prona\u0107i na sljede\u0107em linku:<\/p>\n\n\n\n<p>U okviru projekta sprovedena je i analiza polo\u017eaja mladih bez roditeljskog staranja, sa fokusom na izazove sa kojima se suo\u010davaju tokom procesa osamostaljivanja i ulaska na tr\u017ei\u0161te rada. Analiza je dostupna na:&nbsp;<a href=\"https:\/\/master-mne.me\/wp-content\/uploads\/2025\/09\/Analiza-put-ka-samostalnosti-MASTER.pdf\" target=\"_blank\" rel=\"noreferrer noopener\">https:\/\/master-mne.me\/wp-content\/uploads\/2025\/09\/Analiza-put-ka-samostalnosti-MASTER.pdf<\/a><\/p>\n\n\n\n<p>Naredna aktivnost bio je podcast serijal od pet epizoda, u kojem su u\u010destvovali stru\u010dnjaci iz oblasti socijalne za\u0161tite, obrazovanja i omladinskog rada. Kroz otvoren razgovor, gosti su govorili o iskustvima, izazovima i sistemskim rje\u0161enjima, daju\u0107i doprinos boljem razumijevanju polo\u017eaja mladih. Podcast je dostupan na YouTube kanalu organizacije MASTER:&nbsp;<a href=\"https:\/\/www.youtube.com\/@master.evropskepolitike\" target=\"_blank\" rel=\"noreferrer noopener\">https:\/\/www.youtube.com\/@master.evropskepolitike<\/a><\/p>\n\n\n\n<p>Tokom oktobra i novembra 2025. godine odr\u017eane su radionice svakog vikenda, tokom kojih su mladi u\u010dili o preduzetni\u0161tvu, finansijskoj i emocionalnoj pismenosti, karijernom osamostaljivanju i komunikacionim vje\u0161tinama. Radionice su bile osmi\u0161ljene tako da podstaknu razvoj samopouzdanja, sposobnosti izra\u017eavanja, rje\u0161avanja konflikata i izgradnje zdravih odnosa, kao i prakti\u010dnih kompetencija koje su klju\u010dne za zapo\u0161ljavanje i samostalno funkcionisanje.<\/p>\n\n\n\n<p>Zavr\u0161na aktivnost projekta bio je trodnevni kamp organizovan od 21. do 23. novembra u Etno Selu Montenegro u Plu\u017einama. Ovaj kamp je simulirao uslove samostalnog \u017eivota, omogu\u0107iv\u0161i mladima da donose odluke, planiraju obaveze, razvijaju organizacione vje\u0161tine i grade samopouzdanje u sigurnom i podr\u017eavaju\u0107em okru\u017eenju.<\/p>\n\n\n\n<p>Jedan od najzna\u010dajnijih momenata projekta bila je situacija koju je prenijela omladinska radnica i politikolo\u0161kinja Andrijana Radovi\u0107, edukatorka na radionicama i kampu. Tokom razgovora, jedna od u\u010desnica ju je pitala: \u201eDa li mislite da sam dovoljno vrijedna da studiram?\u201c Na to joj je odgovorila: \u201eNe da mislim \u2014 ja znam i vjerujem da jeste. I da zaslu\u017euje i mo\u017ee mnogo vi\u0161e od studija.\u201c Ove rije\u010di postale su simbol misije projekta: ohrabriti mlade da vjeruju u sebe, svoje vrijednosti i svoje mogu\u0107nosti.<\/p>\n\n\n\n<p>Organizacija MASTER upu\u0107uje zahvalnost institucijama sistema, partnerima, poslodavcima i gra\u0111anima koji su prepoznali va\u017enost podr\u0161ke mladima bez roditeljskog staranja i na razli\u010dite na\u010dine doprinijeli stvaranju inkluzivnijeg i toplijeg dru\u0161tva.<\/p>\n\n\n\n<p>Iako se projekat \u201ePut ka samostalnosti\u201c zavr\u0161ava, MASTER nastavlja svoju misiju. Ve\u0107 tokom 2026. godine po\u010dinje realizacija novog projekta \u201eOsna\u017eeni za sjutra \u2013 pravo na podr\u0161ku\u201c, finansiranog kroz javni konkurs Ministarstva socijalnog staranja, brige o porodici i demografije, koji predstavlja nastavak ove inicijative i dodatno pro\u0161iruje fokus na ja\u010danje sistema socijalne i dje\u010dje za\u0161tite u Crnoj Gori.<\/p>\n\n\n\n<p>Kroz kontinuiranu posve\u0107enost, profesionalnu podr\u0161ku i partnerski rad sa institucijama, zajednica dobija generacije mladih koji imaju hrabrost da vjeruju u sebe i snagu da izgrade sopstveni put.<\/p>","protected":false},"excerpt":{"rendered":"<p>Mre\u017ea za evropske politike MASTER, u partnerstvu sa NVU Nacionalni osmijeh Crne Gore, uspje\u0161no je realizovala jednogodi\u0161nji projekat \u201ePut ka samostalnosti: osna\u017eivanje i integracija djece i mladih\u201c, uz podr\u0161ku Ministarstva socijalnog staranja, brige o porodici i demografije.<\/p>","protected":false},"author":1,"featured_media":909656,"comment_status":"open","ping_status":"open","sticky":false,"template":"","format":"standard","meta":{"_acf_changed":false,"footnotes":""},"categories":[2],"tags":[991,992],"naslovna":[],"class_list":["post-909655","post","type-post","status-publish","format-standard","has-post-thumbnail","hentry","category-drustvo","tag-bijela","tag-djecji-dom-mladost-2"],"acf":[],"yoast_head":"<!-- This site is optimized with the Yoast SEO plugin v27.4 - https:\/\/yoast.com\/product\/yoast-seo-wordpress\/ -->\n<title>Mladi iz Dje\u010djeg doma \u201cMladost\u201d u Bijeloj dobili podr\u0161ku za ja\u010danje vje\u0161tina i pripremu za samostalni \u017eivot - dmcsrb.com<\/title>\n<meta name=\"robots\" content=\"index, follow, max-snippet:-1, max-image-preview:large, max-video-preview:-1\" \/>\n<link rel=\"canonical\" href=\"https:\/\/dmcsrb.com\/en\/drustvo\/mladi-iz-djecjeg-doma-mladost-u-bijeloj-dobili-podrsku-za-jacanje-vjestina-i-pripremu-za-samostalni-zivot\/\" \/>\n<meta property=\"og:locale\" content=\"en_GB\" \/>\n<meta property=\"og:type\" content=\"article\" \/>\n<meta property=\"og:title\" content=\"Mladi iz Dje\u010djeg doma \u201cMladost\u201d u Bijeloj dobili podr\u0161ku za ja\u010danje vje\u0161tina i pripremu za samostalni \u017eivot - dmcsrb.com\" \/>\n<meta property=\"og:description\" content=\"Mre\u017ea za evropske politike MASTER, u partnerstvu sa NVU Nacionalni osmijeh Crne Gore, uspje\u0161no je realizovala jednogodi\u0161nji projekat \u201ePut ka samostalnosti: osna\u017eivanje i integracija djece i mladih\u201c, uz podr\u0161ku Ministarstva socijalnog staranja, brige o porodici i demografije.\" \/>\n<meta property=\"og:url\" content=\"https:\/\/dmcsrb.com\/en\/drustvo\/mladi-iz-djecjeg-doma-mladost-u-bijeloj-dobili-podrsku-za-jacanje-vjestina-i-pripremu-za-samostalni-zivot\/\" \/>\n<meta property=\"og:site_name\" content=\"dmcsrb.com\" \/>\n<meta property=\"article:published_time\" content=\"2025-12-04T11:30:00+00:00\" \/>\n<meta property=\"og:image\" content=\"https:\/\/dmcsrb.com\/wp-content\/uploads\/2026\/01\/IMG_8877_resize-1000x555-1.jpeg\" \/>\n\t<meta property=\"og:image:width\" content=\"1000\" \/>\n\t<meta property=\"og:image:height\" content=\"555\" \/>\n\t<meta property=\"og:image:type\" content=\"image\/jpeg\" \/>\n<meta name=\"author\" content=\"dmcsrbija.com@gmail.com\" \/>\n<meta name=\"twitter:card\" content=\"summary_large_image\" \/>\n<meta name=\"twitter:label1\" content=\"Written by\" \/>\n\t<meta name=\"twitter:data1\" content=\"dmcsrbija.com@gmail.com\" \/>\n\t<meta name=\"twitter:label2\" content=\"Estimated reading time\" \/>\n\t<meta name=\"twitter:data2\" content=\"3 minutes\" \/>\n<script type=\"application\/ld+json\" class=\"yoast-schema-graph\">{\"@context\":\"https:\\\/\\\/schema.org\",\"@graph\":[{\"@type\":\"Article\",\"@id\":\"https:\\\/\\\/dmcsrb.com\\\/drustvo\\\/mladi-iz-djecjeg-doma-mladost-u-bijeloj-dobili-podrsku-za-jacanje-vjestina-i-pripremu-za-samostalni-zivot\\\/#article\",\"isPartOf\":{\"@id\":\"https:\\\/\\\/dmcsrb.com\\\/drustvo\\\/mladi-iz-djecjeg-doma-mladost-u-bijeloj-dobili-podrsku-za-jacanje-vjestina-i-pripremu-za-samostalni-zivot\\\/\"},\"author\":{\"name\":\"dmcsrbija.com@gmail.com\",\"@id\":\"https:\\\/\\\/dmcsrb.com\\\/#\\\/schema\\\/person\\\/5c39170f12db1b8b457732d0b5c854e2\"},\"headline\":\"Mladi iz Dje\u010djeg doma \u201cMladost\u201d u Bijeloj dobili podr\u0161ku za ja\u010danje vje\u0161tina i pripremu za samostalni \u017eivot\",\"datePublished\":\"2025-12-04T11:30:00+00:00\",\"mainEntityOfPage\":{\"@id\":\"https:\\\/\\\/dmcsrb.com\\\/drustvo\\\/mladi-iz-djecjeg-doma-mladost-u-bijeloj-dobili-podrsku-za-jacanje-vjestina-i-pripremu-za-samostalni-zivot\\\/\"},\"wordCount\":601,\"commentCount\":0,\"image\":{\"@id\":\"https:\\\/\\\/dmcsrb.com\\\/drustvo\\\/mladi-iz-djecjeg-doma-mladost-u-bijeloj-dobili-podrsku-za-jacanje-vjestina-i-pripremu-za-samostalni-zivot\\\/#primaryimage\"},\"thumbnailUrl\":\"https:\\\/\\\/dmcsrb.com\\\/wp-content\\\/uploads\\\/2026\\\/01\\\/IMG_8877_resize-1000x555-1.jpeg\",\"keywords\":[\"Bijela\",\"Dje\u010dji dom Mladost\"],\"articleSection\":[\"Dru\u0161tvo\"],\"inLanguage\":\"en-GB\",\"potentialAction\":[{\"@type\":\"CommentAction\",\"name\":\"Comment\",\"target\":[\"https:\\\/\\\/dmcsrb.com\\\/drustvo\\\/mladi-iz-djecjeg-doma-mladost-u-bijeloj-dobili-podrsku-za-jacanje-vjestina-i-pripremu-za-samostalni-zivot\\\/#respond\"]}]},{\"@type\":\"WebPage\",\"@id\":\"https:\\\/\\\/dmcsrb.com\\\/drustvo\\\/mladi-iz-djecjeg-doma-mladost-u-bijeloj-dobili-podrsku-za-jacanje-vjestina-i-pripremu-za-samostalni-zivot\\\/\",\"url\":\"https:\\\/\\\/dmcsrb.com\\\/drustvo\\\/mladi-iz-djecjeg-doma-mladost-u-bijeloj-dobili-podrsku-za-jacanje-vjestina-i-pripremu-za-samostalni-zivot\\\/\",\"name\":\"Mladi iz Dje\u010djeg doma \u201cMladost\u201d u Bijeloj dobili podr\u0161ku za ja\u010danje vje\u0161tina i pripremu za samostalni \u017eivot - dmcsrb.com\",\"isPartOf\":{\"@id\":\"https:\\\/\\\/dmcsrb.com\\\/#website\"},\"primaryImageOfPage\":{\"@id\":\"https:\\\/\\\/dmcsrb.com\\\/drustvo\\\/mladi-iz-djecjeg-doma-mladost-u-bijeloj-dobili-podrsku-za-jacanje-vjestina-i-pripremu-za-samostalni-zivot\\\/#primaryimage\"},\"image\":{\"@id\":\"https:\\\/\\\/dmcsrb.com\\\/drustvo\\\/mladi-iz-djecjeg-doma-mladost-u-bijeloj-dobili-podrsku-za-jacanje-vjestina-i-pripremu-za-samostalni-zivot\\\/#primaryimage\"},\"thumbnailUrl\":\"https:\\\/\\\/dmcsrb.com\\\/wp-content\\\/uploads\\\/2026\\\/01\\\/IMG_8877_resize-1000x555-1.jpeg\",\"datePublished\":\"2025-12-04T11:30:00+00:00\",\"author\":{\"@id\":\"https:\\\/\\\/dmcsrb.com\\\/#\\\/schema\\\/person\\\/5c39170f12db1b8b457732d0b5c854e2\"},\"breadcrumb\":{\"@id\":\"https:\\\/\\\/dmcsrb.com\\\/drustvo\\\/mladi-iz-djecjeg-doma-mladost-u-bijeloj-dobili-podrsku-za-jacanje-vjestina-i-pripremu-za-samostalni-zivot\\\/#breadcrumb\"},\"inLanguage\":\"en-GB\",\"potentialAction\":[{\"@type\":\"ReadAction\",\"target\":[\"https:\\\/\\\/dmcsrb.com\\\/drustvo\\\/mladi-iz-djecjeg-doma-mladost-u-bijeloj-dobili-podrsku-za-jacanje-vjestina-i-pripremu-za-samostalni-zivot\\\/\"]}]},{\"@type\":\"ImageObject\",\"inLanguage\":\"en-GB\",\"@id\":\"https:\\\/\\\/dmcsrb.com\\\/drustvo\\\/mladi-iz-djecjeg-doma-mladost-u-bijeloj-dobili-podrsku-za-jacanje-vjestina-i-pripremu-za-samostalni-zivot\\\/#primaryimage\",\"url\":\"https:\\\/\\\/dmcsrb.com\\\/wp-content\\\/uploads\\\/2026\\\/01\\\/IMG_8877_resize-1000x555-1.jpeg\",\"contentUrl\":\"https:\\\/\\\/dmcsrb.com\\\/wp-content\\\/uploads\\\/2026\\\/01\\\/IMG_8877_resize-1000x555-1.jpeg\",\"width\":1000,\"height\":555},{\"@type\":\"BreadcrumbList\",\"@id\":\"https:\\\/\\\/dmcsrb.com\\\/drustvo\\\/mladi-iz-djecjeg-doma-mladost-u-bijeloj-dobili-podrsku-za-jacanje-vjestina-i-pripremu-za-samostalni-zivot\\\/#breadcrumb\",\"itemListElement\":[{\"@type\":\"ListItem\",\"position\":1,\"name\":\"Home\",\"item\":\"https:\\\/\\\/dmcsrb.com\\\/\"},{\"@type\":\"ListItem\",\"position\":2,\"name\":\"Mladi iz Dje\u010djeg doma \u201cMladost\u201d u Bijeloj dobili podr\u0161ku za ja\u010danje vje\u0161tina i pripremu za samostalni \u017eivot\"}]},{\"@type\":\"WebSite\",\"@id\":\"https:\\\/\\\/dmcsrb.com\\\/#website\",\"url\":\"https:\\\/\\\/dmcsrb.com\\\/\",\"name\":\"dmcsrb.com\",\"description\":\"\",\"potentialAction\":[{\"@type\":\"SearchAction\",\"target\":{\"@type\":\"EntryPoint\",\"urlTemplate\":\"https:\\\/\\\/dmcsrb.com\\\/?s={search_term_string}\"},\"query-input\":{\"@type\":\"PropertyValueSpecification\",\"valueRequired\":true,\"valueName\":\"search_term_string\"}}],\"inLanguage\":\"en-GB\"},{\"@type\":\"Person\",\"@id\":\"https:\\\/\\\/dmcsrb.com\\\/#\\\/schema\\\/person\\\/5c39170f12db1b8b457732d0b5c854e2\",\"name\":\"dmcsrbija.com@gmail.com\",\"image\":{\"@type\":\"ImageObject\",\"inLanguage\":\"en-GB\",\"@id\":\"https:\\\/\\\/secure.gravatar.com\\\/avatar\\\/68592660ad6347fad0fb587f8d5d8f1a7b44961362f56e4f2cd524feb87e9069?s=96&d=mm&r=g\",\"url\":\"https:\\\/\\\/secure.gravatar.com\\\/avatar\\\/68592660ad6347fad0fb587f8d5d8f1a7b44961362f56e4f2cd524feb87e9069?s=96&d=mm&r=g\",\"contentUrl\":\"https:\\\/\\\/secure.gravatar.com\\\/avatar\\\/68592660ad6347fad0fb587f8d5d8f1a7b44961362f56e4f2cd524feb87e9069?s=96&d=mm&r=g\",\"caption\":\"dmcsrbija.com@gmail.com\"},\"sameAs\":[\"https:\\\/\\\/dmcsrb.com\"],\"url\":\"https:\\\/\\\/dmcsrb.com\\\/en\\\/author\\\/dmcsrbija-comgmail-com\\\/\"}]}<\/script>\n<!-- \/ Yoast SEO plugin. -->","yoast_head_json":{"title":"Mladi iz Dje\u010djeg doma \u201cMladost\u201d u Bijeloj dobili podr\u0161ku za ja\u010danje vje\u0161tina i pripremu za samostalni \u017eivot - dmcsrb.com","robots":{"index":"index","follow":"follow","max-snippet":"max-snippet:-1","max-image-preview":"max-image-preview:large","max-video-preview":"max-video-preview:-1"},"canonical":"https:\/\/dmcsrb.com\/en\/drustvo\/mladi-iz-djecjeg-doma-mladost-u-bijeloj-dobili-podrsku-za-jacanje-vjestina-i-pripremu-za-samostalni-zivot\/","og_locale":"en_GB","og_type":"article","og_title":"Mladi iz Dje\u010djeg doma \u201cMladost\u201d u Bijeloj dobili podr\u0161ku za ja\u010danje vje\u0161tina i pripremu za samostalni \u017eivot - dmcsrb.com","og_description":"Mre\u017ea za evropske politike MASTER, u partnerstvu sa NVU Nacionalni osmijeh Crne Gore, uspje\u0161no je realizovala jednogodi\u0161nji projekat \u201ePut ka samostalnosti: osna\u017eivanje i integracija djece i mladih\u201c, uz podr\u0161ku Ministarstva socijalnog staranja, brige o porodici i demografije.","og_url":"https:\/\/dmcsrb.com\/en\/drustvo\/mladi-iz-djecjeg-doma-mladost-u-bijeloj-dobili-podrsku-za-jacanje-vjestina-i-pripremu-za-samostalni-zivot\/","og_site_name":"dmcsrb.com","article_published_time":"2025-12-04T11:30:00+00:00","og_image":[{"width":1000,"height":555,"url":"https:\/\/dmcsrb.com\/wp-content\/uploads\/2026\/01\/IMG_8877_resize-1000x555-1.jpeg","type":"image\/jpeg"}],"author":"dmcsrbija.com@gmail.com","twitter_card":"summary_large_image","twitter_misc":{"Written by":"dmcsrbija.com@gmail.com","Estimated reading time":"3 minutes"},"schema":{"@context":"https:\/\/schema.org","@graph":[{"@type":"Article","@id":"https:\/\/dmcsrb.com\/drustvo\/mladi-iz-djecjeg-doma-mladost-u-bijeloj-dobili-podrsku-za-jacanje-vjestina-i-pripremu-za-samostalni-zivot\/#article","isPartOf":{"@id":"https:\/\/dmcsrb.com\/drustvo\/mladi-iz-djecjeg-doma-mladost-u-bijeloj-dobili-podrsku-za-jacanje-vjestina-i-pripremu-za-samostalni-zivot\/"},"author":{"name":"dmcsrbija.com@gmail.com","@id":"https:\/\/dmcsrb.com\/#\/schema\/person\/5c39170f12db1b8b457732d0b5c854e2"},"headline":"Mladi iz Dje\u010djeg doma \u201cMladost\u201d u Bijeloj dobili podr\u0161ku za ja\u010danje vje\u0161tina i pripremu za samostalni \u017eivot","datePublished":"2025-12-04T11:30:00+00:00","mainEntityOfPage":{"@id":"https:\/\/dmcsrb.com\/drustvo\/mladi-iz-djecjeg-doma-mladost-u-bijeloj-dobili-podrsku-za-jacanje-vjestina-i-pripremu-za-samostalni-zivot\/"},"wordCount":601,"commentCount":0,"image":{"@id":"https:\/\/dmcsrb.com\/drustvo\/mladi-iz-djecjeg-doma-mladost-u-bijeloj-dobili-podrsku-za-jacanje-vjestina-i-pripremu-za-samostalni-zivot\/#primaryimage"},"thumbnailUrl":"https:\/\/dmcsrb.com\/wp-content\/uploads\/2026\/01\/IMG_8877_resize-1000x555-1.jpeg","keywords":["Bijela","Dje\u010dji dom Mladost"],"articleSection":["Dru\u0161tvo"],"inLanguage":"en-GB","potentialAction":[{"@type":"CommentAction","name":"Comment","target":["https:\/\/dmcsrb.com\/drustvo\/mladi-iz-djecjeg-doma-mladost-u-bijeloj-dobili-podrsku-za-jacanje-vjestina-i-pripremu-za-samostalni-zivot\/#respond"]}]},{"@type":"WebPage","@id":"https:\/\/dmcsrb.com\/drustvo\/mladi-iz-djecjeg-doma-mladost-u-bijeloj-dobili-podrsku-za-jacanje-vjestina-i-pripremu-za-samostalni-zivot\/","url":"https:\/\/dmcsrb.com\/drustvo\/mladi-iz-djecjeg-doma-mladost-u-bijeloj-dobili-podrsku-za-jacanje-vjestina-i-pripremu-za-samostalni-zivot\/","name":"Mladi iz Dje\u010djeg doma \u201cMladost\u201d u Bijeloj dobili podr\u0161ku za ja\u010danje vje\u0161tina i pripremu za samostalni \u017eivot - dmcsrb.com","isPartOf":{"@id":"https:\/\/dmcsrb.com\/#website"},"primaryImageOfPage":{"@id":"https:\/\/dmcsrb.com\/drustvo\/mladi-iz-djecjeg-doma-mladost-u-bijeloj-dobili-podrsku-za-jacanje-vjestina-i-pripremu-za-samostalni-zivot\/#primaryimage"},"image":{"@id":"https:\/\/dmcsrb.com\/drustvo\/mladi-iz-djecjeg-doma-mladost-u-bijeloj-dobili-podrsku-za-jacanje-vjestina-i-pripremu-za-samostalni-zivot\/#primaryimage"},"thumbnailUrl":"https:\/\/dmcsrb.com\/wp-content\/uploads\/2026\/01\/IMG_8877_resize-1000x555-1.jpeg","datePublished":"2025-12-04T11:30:00+00:00","author":{"@id":"https:\/\/dmcsrb.com\/#\/schema\/person\/5c39170f12db1b8b457732d0b5c854e2"},"breadcrumb":{"@id":"https:\/\/dmcsrb.com\/drustvo\/mladi-iz-djecjeg-doma-mladost-u-bijeloj-dobili-podrsku-za-jacanje-vjestina-i-pripremu-za-samostalni-zivot\/#breadcrumb"},"inLanguage":"en-GB","potentialAction":[{"@type":"ReadAction","target":["https:\/\/dmcsrb.com\/drustvo\/mladi-iz-djecjeg-doma-mladost-u-bijeloj-dobili-podrsku-za-jacanje-vjestina-i-pripremu-za-samostalni-zivot\/"]}]},{"@type":"ImageObject","inLanguage":"en-GB","@id":"https:\/\/dmcsrb.com\/drustvo\/mladi-iz-djecjeg-doma-mladost-u-bijeloj-dobili-podrsku-za-jacanje-vjestina-i-pripremu-za-samostalni-zivot\/#primaryimage","url":"https:\/\/dmcsrb.com\/wp-content\/uploads\/2026\/01\/IMG_8877_resize-1000x555-1.jpeg","contentUrl":"https:\/\/dmcsrb.com\/wp-content\/uploads\/2026\/01\/IMG_8877_resize-1000x555-1.jpeg","width":1000,"height":555},{"@type":"BreadcrumbList","@id":"https:\/\/dmcsrb.com\/drustvo\/mladi-iz-djecjeg-doma-mladost-u-bijeloj-dobili-podrsku-za-jacanje-vjestina-i-pripremu-za-samostalni-zivot\/#breadcrumb","itemListElement":[{"@type":"ListItem","position":1,"name":"Home","item":"https:\/\/dmcsrb.com\/"},{"@type":"ListItem","position":2,"name":"Mladi iz Dje\u010djeg doma \u201cMladost\u201d u Bijeloj dobili podr\u0161ku za ja\u010danje vje\u0161tina i pripremu za samostalni \u017eivot"}]},{"@type":"WebSite","@id":"https:\/\/dmcsrb.com\/#website","url":"https:\/\/dmcsrb.com\/","name":"dmcsrb.com","description":"","potentialAction":[{"@type":"SearchAction","target":{"@type":"EntryPoint","urlTemplate":"https:\/\/dmcsrb.com\/?s={search_term_string}"},"query-input":{"@type":"PropertyValueSpecification","valueRequired":true,"valueName":"search_term_string"}}],"inLanguage":"en-GB"},{"@type":"Person","@id":"https:\/\/dmcsrb.com\/#\/schema\/person\/5c39170f12db1b8b457732d0b5c854e2","name":"dmcsrbija.com@gmail.com","image":{"@type":"ImageObject","inLanguage":"en-GB","@id":"https:\/\/secure.gravatar.com\/avatar\/68592660ad6347fad0fb587f8d5d8f1a7b44961362f56e4f2cd524feb87e9069?s=96&d=mm&r=g","url":"https:\/\/secure.gravatar.com\/avatar\/68592660ad6347fad0fb587f8d5d8f1a7b44961362f56e4f2cd524feb87e9069?s=96&d=mm&r=g","contentUrl":"https:\/\/secure.gravatar.com\/avatar\/68592660ad6347fad0fb587f8d5d8f1a7b44961362f56e4f2cd524feb87e9069?s=96&d=mm&r=g","caption":"dmcsrbija.com@gmail.com"},"sameAs":["https:\/\/dmcsrb.com"],"url":"https:\/\/dmcsrb.com\/en\/author\/dmcsrbija-comgmail-com\/"}]}},"_links":{"self":[{"href":"https:\/\/dmcsrb.com\/en\/wp-json\/wp\/v2\/posts\/909655","targetHints":{"allow":["GET"]}}],"collection":[{"href":"https:\/\/dmcsrb.com\/en\/wp-json\/wp\/v2\/posts"}],"about":[{"href":"https:\/\/dmcsrb.com\/en\/wp-json\/wp\/v2\/types\/post"}],"author":[{"embeddable":true,"href":"https:\/\/dmcsrb.com\/en\/wp-json\/wp\/v2\/users\/1"}],"replies":[{"embeddable":true,"href":"https:\/\/dmcsrb.com\/en\/wp-json\/wp\/v2\/comments?post=909655"}],"version-history":[{"count":0,"href":"https:\/\/dmcsrb.com\/en\/wp-json\/wp\/v2\/posts\/909655\/revisions"}],"wp:featuredmedia":[{"embeddable":true,"href":"https:\/\/dmcsrb.com\/en\/wp-json\/wp\/v2\/media\/909656"}],"wp:attachment":[{"href":"https:\/\/dmcsrb.com\/en\/wp-json\/wp\/v2\/media?parent=909655"}],"wp:term":[{"taxonomy":"category","embeddable":true,"href":"https:\/\/dmcsrb.com\/en\/wp-json\/wp\/v2\/categories?post=909655"},{"taxonomy":"post_tag","embeddable":true,"href":"https:\/\/dmcsrb.com\/en\/wp-json\/wp\/v2\/tags?post=909655"},{"taxonomy":"naslovna","embeddable":true,"href":"https:\/\/dmcsrb.com\/en\/wp-json\/wp\/v2\/naslovna?post=909655"}],"curies":[{"name":"wp","href":"https:\/\/api.w.org\/{rel}","templated":true}]}}