{"id":909641,"date":"2025-12-04T08:43:42","date_gmt":"2025-12-04T07:43:42","guid":{"rendered":"https:\/\/dmcsrb.com\/uncategorized\/drzavljanin-srbije-uhapsen-u-podgorici-po-medjunarodnoj-potjernici-interpola\/"},"modified":"2025-12-04T08:43:42","modified_gmt":"2025-12-04T07:43:42","slug":"drzavljanin-srbije-uhapsen-u-podgorici-po-medjunarodnoj-potjernici-interpola","status":"publish","type":"post","link":"https:\/\/dmcsrb.com\/en\/hronika\/drzavljanin-srbije-uhapsen-u-podgorici-po-medjunarodnoj-potjernici-interpola\/","title":{"rendered":"Dr\u017eavljanin Srbije uhap\u0161en u Podgorici po me\u0111unarodnoj potjernici Interpola"},"content":{"rendered":"<p>Kako je saop\u0161teno iz policije, slu\u017ebenici Regionalnog centra grani\u010dne policije \u201eCentar\u201c \u2013 inspektori za strance u Stanici grani\u010dne policije Podgorica, su ju\u010de preduzimaju\u0107i mjere i radnje iz svoje nadle\u017enosti, izvr\u0161ili kontrolu i provjeru L.K. (45) dr\u017eavljanina Srbije, te utvrdili da je za istim na snazi me\u0111unarodna potjernica NCB Interpola Beograd.<\/p>\n\n\n\n<p>&#8220;Provjerom preko NCB Interpola Podgorica utvr\u0111eno je da se L.K. u Srbiji potra\u017euje zbog krivi\u010dnih djela &#8211; nano\u0161enje te\u0161ke tjelesne povrede i ugro\u017eavanje sigurnosti Krivi\u010dnog zakonika Srbije, nakon \u010dega je predat na dalju nadle\u017enost slu\u017ebenicima Odjeljenja bezbjednosti Podgorica. Dodatne provjere imenovanog su izvr\u0161ene nakon izdr\u017eane kazne zatvora u Upravi za izvr\u0161enje krivi\u010dnih sankcija u Spu\u017eu, u trajanju od 16 dana, na koju je osu\u0111en re\u0161enjem Suda za prekr\u0161aje u Budvi zbog po\u010dinjenih prekr\u0161aja iz \u010dl. 213 st 1, ta\u010dke 1 i 10 Zakona o strancima \u2013 boravak bez va\u017ee\u0107e putne isprave i nezakonit ulazak i boravak na teritoriji Crne Gore&#8221;, naveli su iz policije.<\/p>\n\n\n\n<p>L.K. \u0107e, kako su kazali, u zakonskom roku biti sproveden sudiji za istrage Vi\u0161eg suda u Podgorici u cilju odre\u0111ivanja ekstradicionog pritvora.<\/p>","protected":false},"excerpt":{"rendered":"<p>Dr\u017eavljanin Srbije L.K. (45) uhap\u0161en je u Podgorici po me\u0111unarodnoj potjernici NCB Interpola Beograd.<\/p>","protected":false},"author":1,"featured_media":909642,"comment_status":"open","ping_status":"open","sticky":false,"template":"","format":"standard","meta":{"_acf_changed":false,"footnotes":""},"categories":[17],"tags":[963,72],"naslovna":[],"class_list":["post-909641","post","type-post","status-publish","format-standard","has-post-thumbnail","hentry","category-hronika","tag-drzavljanin-srbije","tag-uprava-policije"],"acf":[],"yoast_head":"<!-- This site is optimized with the Yoast SEO plugin v27.0 - https:\/\/yoast.com\/product\/yoast-seo-wordpress\/ -->\n<title>Dr\u017eavljanin Srbije uhap\u0161en u Podgorici po me\u0111unarodnoj potjernici Interpola - dmcsrb.com<\/title>\n<meta name=\"robots\" content=\"index, follow, max-snippet:-1, max-image-preview:large, max-video-preview:-1\" \/>\n<link rel=\"canonical\" href=\"https:\/\/dmcsrb.com\/en\/hronika\/drzavljanin-srbije-uhapsen-u-podgorici-po-medjunarodnoj-potjernici-interpola\/\" \/>\n<meta property=\"og:locale\" content=\"en_GB\" \/>\n<meta property=\"og:type\" content=\"article\" \/>\n<meta property=\"og:title\" content=\"Dr\u017eavljanin Srbije uhap\u0161en u Podgorici po me\u0111unarodnoj potjernici Interpola - dmcsrb.com\" \/>\n<meta property=\"og:description\" content=\"Dr\u017eavljanin Srbije L.K. (45) uhap\u0161en je u Podgorici po me\u0111unarodnoj potjernici NCB Interpola Beograd.\" \/>\n<meta property=\"og:url\" content=\"https:\/\/dmcsrb.com\/en\/hronika\/drzavljanin-srbije-uhapsen-u-podgorici-po-medjunarodnoj-potjernici-interpola\/\" \/>\n<meta property=\"og:site_name\" content=\"dmcsrb.com\" \/>\n<meta property=\"article:published_time\" content=\"2025-12-04T07:43:42+00:00\" \/>\n<meta property=\"og:image\" content=\"https:\/\/dmcsrb.com\/wp-content\/uploads\/2026\/01\/POLICIJA-granicni-prelaz-2-foto-UP.jpg\" \/>\n\t<meta property=\"og:image:width\" content=\"1194\" \/>\n\t<meta property=\"og:image:height\" content=\"709\" \/>\n\t<meta property=\"og:image:type\" content=\"image\/jpeg\" \/>\n<meta name=\"author\" content=\"dmcsrbija.com@gmail.com\" \/>\n<meta name=\"twitter:card\" content=\"summary_large_image\" \/>\n<meta name=\"twitter:label1\" content=\"Written by\" \/>\n\t<meta name=\"twitter:data1\" content=\"dmcsrbija.com@gmail.com\" \/>\n\t<meta name=\"twitter:label2\" content=\"Estimated reading time\" \/>\n\t<meta name=\"twitter:data2\" content=\"1 minute\" \/>\n<script type=\"application\/ld+json\" class=\"yoast-schema-graph\">{\"@context\":\"https:\/\/schema.org\",\"@graph\":[{\"@type\":\"Article\",\"@id\":\"https:\/\/dmcsrb.com\/hronika\/drzavljanin-srbije-uhapsen-u-podgorici-po-medjunarodnoj-potjernici-interpola\/#article\",\"isPartOf\":{\"@id\":\"https:\/\/dmcsrb.com\/hronika\/drzavljanin-srbije-uhapsen-u-podgorici-po-medjunarodnoj-potjernici-interpola\/\"},\"author\":{\"name\":\"dmcsrbija.com@gmail.com\",\"@id\":\"https:\/\/dmcsrb.com\/#\/schema\/person\/5c39170f12db1b8b457732d0b5c854e2\"},\"headline\":\"Dr\u017eavljanin Srbije uhap\u0161en u Podgorici po me\u0111unarodnoj potjernici Interpola\",\"datePublished\":\"2025-12-04T07:43:42+00:00\",\"mainEntityOfPage\":{\"@id\":\"https:\/\/dmcsrb.com\/hronika\/drzavljanin-srbije-uhapsen-u-podgorici-po-medjunarodnoj-potjernici-interpola\/\"},\"wordCount\":217,\"commentCount\":0,\"image\":{\"@id\":\"https:\/\/dmcsrb.com\/hronika\/drzavljanin-srbije-uhapsen-u-podgorici-po-medjunarodnoj-potjernici-interpola\/#primaryimage\"},\"thumbnailUrl\":\"https:\/\/dmcsrb.com\/wp-content\/uploads\/2026\/01\/POLICIJA-granicni-prelaz-2-foto-UP.jpg\",\"keywords\":[\"Dr\u017eavljanin Srbije\",\"Uprava policije\"],\"articleSection\":[\"Hronika\"],\"inLanguage\":\"en-GB\",\"potentialAction\":[{\"@type\":\"CommentAction\",\"name\":\"Comment\",\"target\":[\"https:\/\/dmcsrb.com\/hronika\/drzavljanin-srbije-uhapsen-u-podgorici-po-medjunarodnoj-potjernici-interpola\/#respond\"]}]},{\"@type\":\"WebPage\",\"@id\":\"https:\/\/dmcsrb.com\/hronika\/drzavljanin-srbije-uhapsen-u-podgorici-po-medjunarodnoj-potjernici-interpola\/\",\"url\":\"https:\/\/dmcsrb.com\/hronika\/drzavljanin-srbije-uhapsen-u-podgorici-po-medjunarodnoj-potjernici-interpola\/\",\"name\":\"Dr\u017eavljanin Srbije uhap\u0161en u Podgorici po me\u0111unarodnoj potjernici Interpola - dmcsrb.com\",\"isPartOf\":{\"@id\":\"https:\/\/dmcsrb.com\/#website\"},\"primaryImageOfPage\":{\"@id\":\"https:\/\/dmcsrb.com\/hronika\/drzavljanin-srbije-uhapsen-u-podgorici-po-medjunarodnoj-potjernici-interpola\/#primaryimage\"},\"image\":{\"@id\":\"https:\/\/dmcsrb.com\/hronika\/drzavljanin-srbije-uhapsen-u-podgorici-po-medjunarodnoj-potjernici-interpola\/#primaryimage\"},\"thumbnailUrl\":\"https:\/\/dmcsrb.com\/wp-content\/uploads\/2026\/01\/POLICIJA-granicni-prelaz-2-foto-UP.jpg\",\"datePublished\":\"2025-12-04T07:43:42+00:00\",\"author\":{\"@id\":\"https:\/\/dmcsrb.com\/#\/schema\/person\/5c39170f12db1b8b457732d0b5c854e2\"},\"breadcrumb\":{\"@id\":\"https:\/\/dmcsrb.com\/hronika\/drzavljanin-srbije-uhapsen-u-podgorici-po-medjunarodnoj-potjernici-interpola\/#breadcrumb\"},\"inLanguage\":\"en-GB\",\"potentialAction\":[{\"@type\":\"ReadAction\",\"target\":[\"https:\/\/dmcsrb.com\/hronika\/drzavljanin-srbije-uhapsen-u-podgorici-po-medjunarodnoj-potjernici-interpola\/\"]}]},{\"@type\":\"ImageObject\",\"inLanguage\":\"en-GB\",\"@id\":\"https:\/\/dmcsrb.com\/hronika\/drzavljanin-srbije-uhapsen-u-podgorici-po-medjunarodnoj-potjernici-interpola\/#primaryimage\",\"url\":\"https:\/\/dmcsrb.com\/wp-content\/uploads\/2026\/01\/POLICIJA-granicni-prelaz-2-foto-UP.jpg\",\"contentUrl\":\"https:\/\/dmcsrb.com\/wp-content\/uploads\/2026\/01\/POLICIJA-granicni-prelaz-2-foto-UP.jpg\",\"width\":1194,\"height\":709},{\"@type\":\"BreadcrumbList\",\"@id\":\"https:\/\/dmcsrb.com\/hronika\/drzavljanin-srbije-uhapsen-u-podgorici-po-medjunarodnoj-potjernici-interpola\/#breadcrumb\",\"itemListElement\":[{\"@type\":\"ListItem\",\"position\":1,\"name\":\"Home\",\"item\":\"https:\/\/dmcsrb.com\/\"},{\"@type\":\"ListItem\",\"position\":2,\"name\":\"Dr\u017eavljanin Srbije uhap\u0161en u Podgorici po me\u0111unarodnoj potjernici Interpola\"}]},{\"@type\":\"WebSite\",\"@id\":\"https:\/\/dmcsrb.com\/#website\",\"url\":\"https:\/\/dmcsrb.com\/\",\"name\":\"dmcsrb.com\",\"description\":\"\",\"potentialAction\":[{\"@type\":\"SearchAction\",\"target\":{\"@type\":\"EntryPoint\",\"urlTemplate\":\"https:\/\/dmcsrb.com\/?s={search_term_string}\"},\"query-input\":{\"@type\":\"PropertyValueSpecification\",\"valueRequired\":true,\"valueName\":\"search_term_string\"}}],\"inLanguage\":\"en-GB\"},{\"@type\":\"Person\",\"@id\":\"https:\/\/dmcsrb.com\/#\/schema\/person\/5c39170f12db1b8b457732d0b5c854e2\",\"name\":\"dmcsrbija.com@gmail.com\",\"image\":{\"@type\":\"ImageObject\",\"inLanguage\":\"en-GB\",\"@id\":\"https:\/\/dmcsrb.com\/#\/schema\/person\/image\/\",\"url\":\"https:\/\/secure.gravatar.com\/avatar\/68592660ad6347fad0fb587f8d5d8f1a7b44961362f56e4f2cd524feb87e9069?s=96&d=mm&r=g\",\"contentUrl\":\"https:\/\/secure.gravatar.com\/avatar\/68592660ad6347fad0fb587f8d5d8f1a7b44961362f56e4f2cd524feb87e9069?s=96&d=mm&r=g\",\"caption\":\"dmcsrbija.com@gmail.com\"},\"sameAs\":[\"https:\/\/dmcsrb.com\"],\"url\":\"https:\/\/dmcsrb.com\/en\/author\/dmcsrbija-comgmail-com\/\"}]}<\/script>\n<!-- \/ Yoast SEO plugin. -->","yoast_head_json":{"title":"Dr\u017eavljanin Srbije uhap\u0161en u Podgorici po me\u0111unarodnoj potjernici Interpola - dmcsrb.com","robots":{"index":"index","follow":"follow","max-snippet":"max-snippet:-1","max-image-preview":"max-image-preview:large","max-video-preview":"max-video-preview:-1"},"canonical":"https:\/\/dmcsrb.com\/en\/hronika\/drzavljanin-srbije-uhapsen-u-podgorici-po-medjunarodnoj-potjernici-interpola\/","og_locale":"en_GB","og_type":"article","og_title":"Dr\u017eavljanin Srbije uhap\u0161en u Podgorici po me\u0111unarodnoj potjernici Interpola - dmcsrb.com","og_description":"Dr\u017eavljanin Srbije L.K. (45) uhap\u0161en je u Podgorici po me\u0111unarodnoj potjernici NCB Interpola Beograd.","og_url":"https:\/\/dmcsrb.com\/en\/hronika\/drzavljanin-srbije-uhapsen-u-podgorici-po-medjunarodnoj-potjernici-interpola\/","og_site_name":"dmcsrb.com","article_published_time":"2025-12-04T07:43:42+00:00","og_image":[{"width":1194,"height":709,"url":"https:\/\/dmcsrb.com\/wp-content\/uploads\/2026\/01\/POLICIJA-granicni-prelaz-2-foto-UP.jpg","type":"image\/jpeg"}],"author":"dmcsrbija.com@gmail.com","twitter_card":"summary_large_image","twitter_misc":{"Written by":"dmcsrbija.com@gmail.com","Estimated reading time":"1 minute"},"schema":{"@context":"https:\/\/schema.org","@graph":[{"@type":"Article","@id":"https:\/\/dmcsrb.com\/hronika\/drzavljanin-srbije-uhapsen-u-podgorici-po-medjunarodnoj-potjernici-interpola\/#article","isPartOf":{"@id":"https:\/\/dmcsrb.com\/hronika\/drzavljanin-srbije-uhapsen-u-podgorici-po-medjunarodnoj-potjernici-interpola\/"},"author":{"name":"dmcsrbija.com@gmail.com","@id":"https:\/\/dmcsrb.com\/#\/schema\/person\/5c39170f12db1b8b457732d0b5c854e2"},"headline":"Dr\u017eavljanin Srbije uhap\u0161en u Podgorici po me\u0111unarodnoj potjernici Interpola","datePublished":"2025-12-04T07:43:42+00:00","mainEntityOfPage":{"@id":"https:\/\/dmcsrb.com\/hronika\/drzavljanin-srbije-uhapsen-u-podgorici-po-medjunarodnoj-potjernici-interpola\/"},"wordCount":217,"commentCount":0,"image":{"@id":"https:\/\/dmcsrb.com\/hronika\/drzavljanin-srbije-uhapsen-u-podgorici-po-medjunarodnoj-potjernici-interpola\/#primaryimage"},"thumbnailUrl":"https:\/\/dmcsrb.com\/wp-content\/uploads\/2026\/01\/POLICIJA-granicni-prelaz-2-foto-UP.jpg","keywords":["Dr\u017eavljanin Srbije","Uprava policije"],"articleSection":["Hronika"],"inLanguage":"en-GB","potentialAction":[{"@type":"CommentAction","name":"Comment","target":["https:\/\/dmcsrb.com\/hronika\/drzavljanin-srbije-uhapsen-u-podgorici-po-medjunarodnoj-potjernici-interpola\/#respond"]}]},{"@type":"WebPage","@id":"https:\/\/dmcsrb.com\/hronika\/drzavljanin-srbije-uhapsen-u-podgorici-po-medjunarodnoj-potjernici-interpola\/","url":"https:\/\/dmcsrb.com\/hronika\/drzavljanin-srbije-uhapsen-u-podgorici-po-medjunarodnoj-potjernici-interpola\/","name":"Dr\u017eavljanin Srbije uhap\u0161en u Podgorici po me\u0111unarodnoj potjernici Interpola - dmcsrb.com","isPartOf":{"@id":"https:\/\/dmcsrb.com\/#website"},"primaryImageOfPage":{"@id":"https:\/\/dmcsrb.com\/hronika\/drzavljanin-srbije-uhapsen-u-podgorici-po-medjunarodnoj-potjernici-interpola\/#primaryimage"},"image":{"@id":"https:\/\/dmcsrb.com\/hronika\/drzavljanin-srbije-uhapsen-u-podgorici-po-medjunarodnoj-potjernici-interpola\/#primaryimage"},"thumbnailUrl":"https:\/\/dmcsrb.com\/wp-content\/uploads\/2026\/01\/POLICIJA-granicni-prelaz-2-foto-UP.jpg","datePublished":"2025-12-04T07:43:42+00:00","author":{"@id":"https:\/\/dmcsrb.com\/#\/schema\/person\/5c39170f12db1b8b457732d0b5c854e2"},"breadcrumb":{"@id":"https:\/\/dmcsrb.com\/hronika\/drzavljanin-srbije-uhapsen-u-podgorici-po-medjunarodnoj-potjernici-interpola\/#breadcrumb"},"inLanguage":"en-GB","potentialAction":[{"@type":"ReadAction","target":["https:\/\/dmcsrb.com\/hronika\/drzavljanin-srbije-uhapsen-u-podgorici-po-medjunarodnoj-potjernici-interpola\/"]}]},{"@type":"ImageObject","inLanguage":"en-GB","@id":"https:\/\/dmcsrb.com\/hronika\/drzavljanin-srbije-uhapsen-u-podgorici-po-medjunarodnoj-potjernici-interpola\/#primaryimage","url":"https:\/\/dmcsrb.com\/wp-content\/uploads\/2026\/01\/POLICIJA-granicni-prelaz-2-foto-UP.jpg","contentUrl":"https:\/\/dmcsrb.com\/wp-content\/uploads\/2026\/01\/POLICIJA-granicni-prelaz-2-foto-UP.jpg","width":1194,"height":709},{"@type":"BreadcrumbList","@id":"https:\/\/dmcsrb.com\/hronika\/drzavljanin-srbije-uhapsen-u-podgorici-po-medjunarodnoj-potjernici-interpola\/#breadcrumb","itemListElement":[{"@type":"ListItem","position":1,"name":"Home","item":"https:\/\/dmcsrb.com\/"},{"@type":"ListItem","position":2,"name":"Dr\u017eavljanin Srbije uhap\u0161en u Podgorici po me\u0111unarodnoj potjernici Interpola"}]},{"@type":"WebSite","@id":"https:\/\/dmcsrb.com\/#website","url":"https:\/\/dmcsrb.com\/","name":"dmcsrb.com","description":"","potentialAction":[{"@type":"SearchAction","target":{"@type":"EntryPoint","urlTemplate":"https:\/\/dmcsrb.com\/?s={search_term_string}"},"query-input":{"@type":"PropertyValueSpecification","valueRequired":true,"valueName":"search_term_string"}}],"inLanguage":"en-GB"},{"@type":"Person","@id":"https:\/\/dmcsrb.com\/#\/schema\/person\/5c39170f12db1b8b457732d0b5c854e2","name":"dmcsrbija.com@gmail.com","image":{"@type":"ImageObject","inLanguage":"en-GB","@id":"https:\/\/dmcsrb.com\/#\/schema\/person\/image\/","url":"https:\/\/secure.gravatar.com\/avatar\/68592660ad6347fad0fb587f8d5d8f1a7b44961362f56e4f2cd524feb87e9069?s=96&d=mm&r=g","contentUrl":"https:\/\/secure.gravatar.com\/avatar\/68592660ad6347fad0fb587f8d5d8f1a7b44961362f56e4f2cd524feb87e9069?s=96&d=mm&r=g","caption":"dmcsrbija.com@gmail.com"},"sameAs":["https:\/\/dmcsrb.com"],"url":"https:\/\/dmcsrb.com\/en\/author\/dmcsrbija-comgmail-com\/"}]}},"_links":{"self":[{"href":"https:\/\/dmcsrb.com\/en\/wp-json\/wp\/v2\/posts\/909641","targetHints":{"allow":["GET"]}}],"collection":[{"href":"https:\/\/dmcsrb.com\/en\/wp-json\/wp\/v2\/posts"}],"about":[{"href":"https:\/\/dmcsrb.com\/en\/wp-json\/wp\/v2\/types\/post"}],"author":[{"embeddable":true,"href":"https:\/\/dmcsrb.com\/en\/wp-json\/wp\/v2\/users\/1"}],"replies":[{"embeddable":true,"href":"https:\/\/dmcsrb.com\/en\/wp-json\/wp\/v2\/comments?post=909641"}],"version-history":[{"count":0,"href":"https:\/\/dmcsrb.com\/en\/wp-json\/wp\/v2\/posts\/909641\/revisions"}],"wp:featuredmedia":[{"embeddable":true,"href":"https:\/\/dmcsrb.com\/en\/wp-json\/wp\/v2\/media\/909642"}],"wp:attachment":[{"href":"https:\/\/dmcsrb.com\/en\/wp-json\/wp\/v2\/media?parent=909641"}],"wp:term":[{"taxonomy":"category","embeddable":true,"href":"https:\/\/dmcsrb.com\/en\/wp-json\/wp\/v2\/categories?post=909641"},{"taxonomy":"post_tag","embeddable":true,"href":"https:\/\/dmcsrb.com\/en\/wp-json\/wp\/v2\/tags?post=909641"},{"taxonomy":"naslovna","embeddable":true,"href":"https:\/\/dmcsrb.com\/en\/wp-json\/wp\/v2\/naslovna?post=909641"}],"curies":[{"name":"wp","href":"https:\/\/api.w.org\/{rel}","templated":true}]}}