{"id":909623,"date":"2025-12-04T07:08:00","date_gmt":"2025-12-04T06:08:00","guid":{"rendered":"https:\/\/dmcsrb.com\/uncategorized\/crna-gora-smanjila-javni-dug-drasticno-manji-od-grckog-italijanskog-francuskog-spanskog\/"},"modified":"2025-12-04T07:08:00","modified_gmt":"2025-12-04T06:08:00","slug":"crna-gora-smanjila-javni-dug-drasticno-manji-od-grckog-italijanskog-francuskog-spanskog","status":"publish","type":"post","link":"https:\/\/dmcsrb.com\/en\/ekonomija\/crna-gora-smanjila-javni-dug-drasticno-manji-od-grckog-italijanskog-francuskog-spanskog\/","title":{"rendered":"Crna Gora smanjila javni dug, drasti\u010dno manji od gr\u010dkog, italijanskog, francuskog, \u0161panskog&#8230;"},"content":{"rendered":"<p><\/p>\n\n\n\n<p>&#8220;Uzimaju\u0107i u obzir depozite Ministarstva finansija (uklju\u010duju\u0107i i 38.477 unci zlata) neto javni dug Crne Gore, na kraju septembra, iznosio je 4,17 milijardi eura, odnosno 51,4 odsto BDP-a&#8221;, navodi se u izvje\u0161taju.<\/p>\n\n\n\n<p>Mnoge \u010dlanice Evropske unije su daleko zadu\u017eenije od Crne Gore. Prema podacima objavljenim tokom ove godine najzadu\u017eenija evropska dr\u017eava je Gr\u010dka, \u010diji je javni dug tokom ove godine prema\u0161ivao 160 odsto BDP-a. Javni dug Italije je dostizao 137 odsto BDP-a, a Francuske 110 odsto, dok je tokom godine javni dug \u0160panije dostizao 107 odsto BDP-a.<\/p>\n\n\n\n<p><strong>Dr\u017eavni dug<\/strong><\/p>\n\n\n\n<p>Navedeno je da je ukupan dr\u017eavni dug na kraju septembra, iznosio 4,7 milijardi eura, ili 57,91 odsto BDP-a. Uzimaju\u0107i u obzir depozite, ukupan neto dr\u017eavni dug iznosio je 4,12 milijardi eura ili 50,73 odsto BDP-a.<\/p>\n\n\n\n<p>Depoziti na kraju septembra iznosili su 583,55 miliona eura, uklju\u010duju\u0107i 38.447 unci zlata (\u010dija je vrijednost na dan 30. 9. 2025. godine iznosila 125,55 miliona eura) ili 7,18 odsto BDP-a.<\/p>\n\n\n\n<p>&#8220;Ukupan spoljni dug Crne Gore, na kraju septembra, iznosio je 4,4 milijarde eura, odnosno 54,37 odsto BDP-a, \u0161to je za 41,36 miliona eura manje u odnosu na kraj juna. Smanjenje spoljnjeg duga, tokom tre\u0107eg kvartala 2025. godine rezultat je \u010dinjenice da tokom tre\u0107eg kvartala nije bilo novih kreditnih aran\u017emana \u2013 navodi se u izvje\u0161taju.<\/p>\n\n\n\n<p>Istovremeno su, kako se dodaje, povu\u010dena sredstva iz ranije zaklju\u010denih kreditnih aran\u017emana za razli\u010dite infrastrukturne i razvojne projekte u ukupnom iznosu od 18,75 miliona eura, dok je otplata spoljnjeg duga iznosila 60,08 miliona eura, \u0161to je rezultiralo smanjenjem spoljnjeg duga u tre\u0107em kvartalu 2025. godine.<\/p>\n\n\n\n<p>&#8220;U strukturi spoljnjeg duga najve\u0107e u\u010de\u0161\u0107e imaju obveznice emitovane na inostranom tr\u017ei\u0161tu u prethodnom periodu&#8221;, pi\u0161e u izvje\u0161taju.<\/p>\n\n\n\n<p>Ukupan unutra\u0161nji dug Crne Gore, na kraju septembra, iznosio je 287,63 miliona eura, odnosno 3,54 odsto BDP-a, \u0161to je za 13,14 miliona eura manje u odnosu na kraj juna.<\/p>\n\n\n\n<p>&#8220;Smanjenje unutra\u0161njeg duga, tokom tre\u0107eg kvartala 2025. godine, rezultat je redovne otplate duga i \u010dinjenice da u ovom periodu nije bilo zadu\u017eenja na doma\u0107em tr\u017ei\u0161tu. U strukturi unutra\u0161njeg duga najve\u0107e u\u010de\u0161\u0107e imaju krediti kod poslovnih banaka&#8221;, navodi se u izvje\u0161taju.<\/p>\n\n\n\n<p>Ukupno zadu\u017eenje tokom tre\u0107eg kvartala iznosilo je 18,75 miliona eura, \u0161to se, kako se navodi, u cjelosti odnosi na povla\u010denja iz ranije zaklju\u010denih kreditnih aran\u017emana za realizaciju infrastrukturnih i razvojnih projekata.<\/p>\n\n\n\n<p>&#8220;Tokom tre\u0107eg kvartala 2025. godine zaklju\u010deni su sljede\u0107i kreditni aran\u017emani iz kojih nije bilo povla\u010denja sredstava: Ugovor o kreditu sa Evropskom bankom za obnovu i razvoj (EBRD) za potrebe finansiranja izgradnje druge dionice auto-puta Bar \u2013 Boljare (dionica Andrijevica \u2013 Mate\u0161evo), u iznosu od 200 miliona eura. Ugovor o kreditu sa Svjetskom bankom za projekt modernizacije finansijske infrastrukture Crne Gore i njeno uskla\u0111ivanje sa SEPA standardima &#8211; Tips Clone Project u iznosu od osam miliona eura&#8221;, precizira se u izvje\u0161taju.<\/p>\n\n\n\n<p>Prema podacima dostavljenim od strane jedinica lokalne samouprave, dug lokalne samouprave na kraju septembra iznosio je 55,01 milion eura \u2013 dodaje se u izvje\u0161taju.<\/p>\n\n\n\n<p><strong>Struktura duga<\/strong><\/p>\n\n\n\n<p>U strukturi dr\u017eavnog duga u pogledu u\u010de\u0161\u0107a spoljnjeg i unutra\u0161njeg duga, spoljnji dug dominira sa u\u010de\u0161\u0107em od 93,9 odsto, dok se 6,1 odsto dr\u017eavnog duga odnosi na unutra\u0161nji dug. U odnosu na kraj drugog kvartala ovaj parametar je na pribli\u017eno istom nivou.<\/p>\n\n\n\n<p>&#8220;Na kraju septembra svega 0,3 odsto postoje\u0107eg dr\u017eavnog duga je izra\u017eeno u neeurskoj valuti, dok je 99,7 odsto dr\u017eavnog duga izra\u017eeno u eurima, \u0161to je pribli\u017eno podacima iz prethodnog kvartala. Povoljna valutna struktura dr\u017eavnog duga je rezultat realizovanih aran\u017emana unakrsnog valutnog svopa za kreditni aran\u017eman sa kineskom Exim bankom za izgradnju dionice auto-puta Bar \u2013 Boljare, kao i za dolarsku obveznicu emitovanu 2024. godine&#8221;, navedeno je u izvje\u0161taju.<\/p>\n\n\n\n<p>U ukupnom dr\u017eavnom dugu preovladava zadu\u017eenje sa fiksnom kamatnom stopom sa u\u010de\u0161\u0107em od 85,8 odsto. Zadu\u017eenja sa varijabilnom kamatnom stopom uglavnom su vezana za EURIBOR i \u010dine 14,2 odsto dr\u017eavnog duga.<\/p>\n\n\n\n<p><strong>Otplata duga<\/strong><\/p>\n\n\n\n<p>U toku tre\u0107eg kvartala 2025. godine izvr\u0161ena je otplata dr\u017eavnog duga po osnovu glavnice rezidentima i nerezidentima, u ukupnom iznosu od 68,1 milion eura.<\/p>\n\n\n\n<p>&#8220;Od navedenog, izvr\u0161ena otplata glavnice rezidentima iznosila je 8,02 miliona, dok je otplata glavnice nerezidentima iznosila 60,08 miliona eura&#8221;, precizira se u izvje\u0161taju.<\/p>\n\n\n\n<p>Dodaje se da je otplata kamata, rezidentima i nerezidentima, iznosila 30,91 milion eura.<\/p>\n\n\n\n<p>&#8220;Od pomenutog iznosa, izvr\u0161ena je otplata kamate rezidentima u iznosu od 1,45 miliona eura, koja se u najve\u0107em dijelu odnosi na otplatu kamate za kredite kod doma\u0107ih banaka, dok je otplata kamate nerezidentima iznosila 29,46 miliona i u najve\u0107em dijelu se odnosi na obaveze po osnovu kamata za projektne zajmove i komercijalna zadu\u017eenja&#8221;, ka\u017ee se u izvje\u0161taju.<\/p>\n\n\n\n<p>Stanje duga na kraju septembra, po osnovu dr\u017eavnih garancija izdatih doma\u0107im i ino kreditorima iznosi 121,18 miliona eura, \u0161to predstavlja 1,5 odsto BDP-a.<\/p>\n\n\n\n<p>&#8220;Stanje duga po osnovu garancija izdatih doma\u0107im kreditorima na kraju tre\u0107eg kvartala 2025. godine iznosi 13,36 miliona eura ili 0,16 odsto BDP-a, dok stanje duga po osnovu garancija izdatih ino kreditorima iznosi 107,83 miliona eura ili 1,33 odsto BDP-a&#8221;, pi\u0161e u izvje\u0161taju.<\/p>\n\n\n\n<p>Podsje\u0107amo da se Vlada u posljednih nekoliko dana zadu\u017eila dodatnih 500 miliona eura, zaklju\u010duju\u0107i kreditni aran\u017eman sa nekoliko inostranih banaka od 450 miliona eura, dok je Ministarstvo finansija pro\u0161le sedmice zavr\u0161ilo emisiju dr\u017eavnih obveznica u ukupnom iznosu od 50 miliona eura, namijenjenih gra\u0111anima i preduze\u0107ima. Iz Ministarstva finansija su u subotu objasnili da postignuti rezultat emisije od 49,87 miliona eura.<\/p>","protected":false},"excerpt":{"rendered":"<p>Ukupan javni dug Crne Gore na kraju septembra iznosio je 4,76 milijardi eura, odnosno 58,59 odsto bruto doma\u0107eg proizvoda (BDP), navodi se u kvartalnom izvje\u0161taju Ministarstva finansija o dr\u017eavnom i javnom dugu. To zna\u010di da je crnogorski javni dug na kraju septembra bio u granicama mastrihtskih kriterijuma, prema kojima javni dug ne smije da bude ve\u0107i od 60 odsto bruto doma\u0107eg proizvoda (BDP).<\/p>","protected":false},"author":1,"featured_media":909624,"comment_status":"open","ping_status":"open","sticky":false,"template":"","format":"standard","meta":{"_acf_changed":false,"footnotes":""},"categories":[27],"tags":[943,944,945],"naslovna":[],"class_list":["post-909623","post","type-post","status-publish","format-standard","has-post-thumbnail","hentry","category-ekonomija","tag-bdp","tag-javni-dug","tag-ministarstvo-finansija"],"acf":[],"yoast_head":"<!-- This site is optimized with the Yoast SEO plugin v27.0 - https:\/\/yoast.com\/product\/yoast-seo-wordpress\/ -->\n<title>Crna Gora smanjila javni dug, drasti\u010dno manji od gr\u010dkog, italijanskog, francuskog, \u0161panskog... - dmcsrb.com<\/title>\n<meta name=\"robots\" content=\"index, follow, max-snippet:-1, max-image-preview:large, max-video-preview:-1\" \/>\n<link rel=\"canonical\" href=\"https:\/\/dmcsrb.com\/en\/ekonomija\/crna-gora-smanjila-javni-dug-drasticno-manji-od-grckog-italijanskog-francuskog-spanskog\/\" \/>\n<meta property=\"og:locale\" content=\"en_GB\" \/>\n<meta property=\"og:type\" content=\"article\" \/>\n<meta property=\"og:title\" content=\"Crna Gora smanjila javni dug, drasti\u010dno manji od gr\u010dkog, italijanskog, francuskog, \u0161panskog... - dmcsrb.com\" \/>\n<meta property=\"og:description\" content=\"Ukupan javni dug Crne Gore na kraju septembra iznosio je 4,76 milijardi eura, odnosno 58,59 odsto bruto doma\u0107eg proizvoda (BDP), navodi se u kvartalnom izvje\u0161taju Ministarstva finansija o dr\u017eavnom i javnom dugu. To zna\u010di da je crnogorski javni dug na kraju septembra bio u granicama mastrihtskih kriterijuma, prema kojima javni dug ne smije da bude ve\u0107i od 60 odsto bruto doma\u0107eg proizvoda (BDP).\" \/>\n<meta property=\"og:url\" content=\"https:\/\/dmcsrb.com\/en\/ekonomija\/crna-gora-smanjila-javni-dug-drasticno-manji-od-grckog-italijanskog-francuskog-spanskog\/\" \/>\n<meta property=\"og:site_name\" content=\"dmcsrb.com\" \/>\n<meta property=\"article:published_time\" content=\"2025-12-04T06:08:00+00:00\" \/>\n<meta property=\"og:image\" content=\"https:\/\/dmcsrb.com\/wp-content\/uploads\/2026\/01\/novac_594x900.jpg\" \/>\n\t<meta property=\"og:image:width\" content=\"899\" \/>\n\t<meta property=\"og:image:height\" content=\"594\" \/>\n\t<meta property=\"og:image:type\" content=\"image\/jpeg\" \/>\n<meta name=\"author\" content=\"dmcsrbija.com@gmail.com\" \/>\n<meta name=\"twitter:card\" content=\"summary_large_image\" \/>\n<meta name=\"twitter:label1\" content=\"Written by\" \/>\n\t<meta name=\"twitter:data1\" content=\"dmcsrbija.com@gmail.com\" \/>\n\t<meta name=\"twitter:label2\" content=\"Estimated reading time\" \/>\n\t<meta name=\"twitter:data2\" content=\"5 minutes\" \/>\n<script type=\"application\/ld+json\" class=\"yoast-schema-graph\">{\"@context\":\"https:\/\/schema.org\",\"@graph\":[{\"@type\":\"Article\",\"@id\":\"https:\/\/dmcsrb.com\/ekonomija\/crna-gora-smanjila-javni-dug-drasticno-manji-od-grckog-italijanskog-francuskog-spanskog\/#article\",\"isPartOf\":{\"@id\":\"https:\/\/dmcsrb.com\/ekonomija\/crna-gora-smanjila-javni-dug-drasticno-manji-od-grckog-italijanskog-francuskog-spanskog\/\"},\"author\":{\"name\":\"dmcsrbija.com@gmail.com\",\"@id\":\"https:\/\/dmcsrb.com\/#\/schema\/person\/5c39170f12db1b8b457732d0b5c854e2\"},\"headline\":\"Crna Gora smanjila javni dug, drasti\u010dno manji od gr\u010dkog, italijanskog, francuskog, \u0161panskog&#8230;\",\"datePublished\":\"2025-12-04T06:08:00+00:00\",\"mainEntityOfPage\":{\"@id\":\"https:\/\/dmcsrb.com\/ekonomija\/crna-gora-smanjila-javni-dug-drasticno-manji-od-grckog-italijanskog-francuskog-spanskog\/\"},\"wordCount\":923,\"commentCount\":0,\"image\":{\"@id\":\"https:\/\/dmcsrb.com\/ekonomija\/crna-gora-smanjila-javni-dug-drasticno-manji-od-grckog-italijanskog-francuskog-spanskog\/#primaryimage\"},\"thumbnailUrl\":\"https:\/\/dmcsrb.com\/wp-content\/uploads\/2026\/01\/novac_594x900.jpg\",\"keywords\":[\"BDP\",\"Javni dug\",\"Ministarstvo finansija\"],\"articleSection\":[\"Ekonomija\"],\"inLanguage\":\"en-GB\",\"potentialAction\":[{\"@type\":\"CommentAction\",\"name\":\"Comment\",\"target\":[\"https:\/\/dmcsrb.com\/ekonomija\/crna-gora-smanjila-javni-dug-drasticno-manji-od-grckog-italijanskog-francuskog-spanskog\/#respond\"]}]},{\"@type\":\"WebPage\",\"@id\":\"https:\/\/dmcsrb.com\/ekonomija\/crna-gora-smanjila-javni-dug-drasticno-manji-od-grckog-italijanskog-francuskog-spanskog\/\",\"url\":\"https:\/\/dmcsrb.com\/ekonomija\/crna-gora-smanjila-javni-dug-drasticno-manji-od-grckog-italijanskog-francuskog-spanskog\/\",\"name\":\"Crna Gora smanjila javni dug, drasti\u010dno manji od gr\u010dkog, italijanskog, francuskog, \u0161panskog... - dmcsrb.com\",\"isPartOf\":{\"@id\":\"https:\/\/dmcsrb.com\/#website\"},\"primaryImageOfPage\":{\"@id\":\"https:\/\/dmcsrb.com\/ekonomija\/crna-gora-smanjila-javni-dug-drasticno-manji-od-grckog-italijanskog-francuskog-spanskog\/#primaryimage\"},\"image\":{\"@id\":\"https:\/\/dmcsrb.com\/ekonomija\/crna-gora-smanjila-javni-dug-drasticno-manji-od-grckog-italijanskog-francuskog-spanskog\/#primaryimage\"},\"thumbnailUrl\":\"https:\/\/dmcsrb.com\/wp-content\/uploads\/2026\/01\/novac_594x900.jpg\",\"datePublished\":\"2025-12-04T06:08:00+00:00\",\"author\":{\"@id\":\"https:\/\/dmcsrb.com\/#\/schema\/person\/5c39170f12db1b8b457732d0b5c854e2\"},\"breadcrumb\":{\"@id\":\"https:\/\/dmcsrb.com\/ekonomija\/crna-gora-smanjila-javni-dug-drasticno-manji-od-grckog-italijanskog-francuskog-spanskog\/#breadcrumb\"},\"inLanguage\":\"en-GB\",\"potentialAction\":[{\"@type\":\"ReadAction\",\"target\":[\"https:\/\/dmcsrb.com\/ekonomija\/crna-gora-smanjila-javni-dug-drasticno-manji-od-grckog-italijanskog-francuskog-spanskog\/\"]}]},{\"@type\":\"ImageObject\",\"inLanguage\":\"en-GB\",\"@id\":\"https:\/\/dmcsrb.com\/ekonomija\/crna-gora-smanjila-javni-dug-drasticno-manji-od-grckog-italijanskog-francuskog-spanskog\/#primaryimage\",\"url\":\"https:\/\/dmcsrb.com\/wp-content\/uploads\/2026\/01\/novac_594x900.jpg\",\"contentUrl\":\"https:\/\/dmcsrb.com\/wp-content\/uploads\/2026\/01\/novac_594x900.jpg\",\"width\":899,\"height\":594},{\"@type\":\"BreadcrumbList\",\"@id\":\"https:\/\/dmcsrb.com\/ekonomija\/crna-gora-smanjila-javni-dug-drasticno-manji-od-grckog-italijanskog-francuskog-spanskog\/#breadcrumb\",\"itemListElement\":[{\"@type\":\"ListItem\",\"position\":1,\"name\":\"Home\",\"item\":\"https:\/\/dmcsrb.com\/\"},{\"@type\":\"ListItem\",\"position\":2,\"name\":\"Crna Gora smanjila javni dug, drasti\u010dno manji od gr\u010dkog, italijanskog, francuskog, \u0161panskog&#8230;\"}]},{\"@type\":\"WebSite\",\"@id\":\"https:\/\/dmcsrb.com\/#website\",\"url\":\"https:\/\/dmcsrb.com\/\",\"name\":\"dmcsrb.com\",\"description\":\"\",\"potentialAction\":[{\"@type\":\"SearchAction\",\"target\":{\"@type\":\"EntryPoint\",\"urlTemplate\":\"https:\/\/dmcsrb.com\/?s={search_term_string}\"},\"query-input\":{\"@type\":\"PropertyValueSpecification\",\"valueRequired\":true,\"valueName\":\"search_term_string\"}}],\"inLanguage\":\"en-GB\"},{\"@type\":\"Person\",\"@id\":\"https:\/\/dmcsrb.com\/#\/schema\/person\/5c39170f12db1b8b457732d0b5c854e2\",\"name\":\"dmcsrbija.com@gmail.com\",\"image\":{\"@type\":\"ImageObject\",\"inLanguage\":\"en-GB\",\"@id\":\"https:\/\/dmcsrb.com\/#\/schema\/person\/image\/\",\"url\":\"https:\/\/secure.gravatar.com\/avatar\/68592660ad6347fad0fb587f8d5d8f1a7b44961362f56e4f2cd524feb87e9069?s=96&d=mm&r=g\",\"contentUrl\":\"https:\/\/secure.gravatar.com\/avatar\/68592660ad6347fad0fb587f8d5d8f1a7b44961362f56e4f2cd524feb87e9069?s=96&d=mm&r=g\",\"caption\":\"dmcsrbija.com@gmail.com\"},\"sameAs\":[\"https:\/\/dmcsrb.com\"],\"url\":\"https:\/\/dmcsrb.com\/en\/author\/dmcsrbija-comgmail-com\/\"}]}<\/script>\n<!-- \/ Yoast SEO plugin. -->","yoast_head_json":{"title":"Crna Gora smanjila javni dug, drasti\u010dno manji od gr\u010dkog, italijanskog, francuskog, \u0161panskog... - dmcsrb.com","robots":{"index":"index","follow":"follow","max-snippet":"max-snippet:-1","max-image-preview":"max-image-preview:large","max-video-preview":"max-video-preview:-1"},"canonical":"https:\/\/dmcsrb.com\/en\/ekonomija\/crna-gora-smanjila-javni-dug-drasticno-manji-od-grckog-italijanskog-francuskog-spanskog\/","og_locale":"en_GB","og_type":"article","og_title":"Crna Gora smanjila javni dug, drasti\u010dno manji od gr\u010dkog, italijanskog, francuskog, \u0161panskog... - dmcsrb.com","og_description":"Ukupan javni dug Crne Gore na kraju septembra iznosio je 4,76 milijardi eura, odnosno 58,59 odsto bruto doma\u0107eg proizvoda (BDP), navodi se u kvartalnom izvje\u0161taju Ministarstva finansija o dr\u017eavnom i javnom dugu. To zna\u010di da je crnogorski javni dug na kraju septembra bio u granicama mastrihtskih kriterijuma, prema kojima javni dug ne smije da bude ve\u0107i od 60 odsto bruto doma\u0107eg proizvoda (BDP).","og_url":"https:\/\/dmcsrb.com\/en\/ekonomija\/crna-gora-smanjila-javni-dug-drasticno-manji-od-grckog-italijanskog-francuskog-spanskog\/","og_site_name":"dmcsrb.com","article_published_time":"2025-12-04T06:08:00+00:00","og_image":[{"width":899,"height":594,"url":"https:\/\/dmcsrb.com\/wp-content\/uploads\/2026\/01\/novac_594x900.jpg","type":"image\/jpeg"}],"author":"dmcsrbija.com@gmail.com","twitter_card":"summary_large_image","twitter_misc":{"Written by":"dmcsrbija.com@gmail.com","Estimated reading time":"5 minutes"},"schema":{"@context":"https:\/\/schema.org","@graph":[{"@type":"Article","@id":"https:\/\/dmcsrb.com\/ekonomija\/crna-gora-smanjila-javni-dug-drasticno-manji-od-grckog-italijanskog-francuskog-spanskog\/#article","isPartOf":{"@id":"https:\/\/dmcsrb.com\/ekonomija\/crna-gora-smanjila-javni-dug-drasticno-manji-od-grckog-italijanskog-francuskog-spanskog\/"},"author":{"name":"dmcsrbija.com@gmail.com","@id":"https:\/\/dmcsrb.com\/#\/schema\/person\/5c39170f12db1b8b457732d0b5c854e2"},"headline":"Crna Gora smanjila javni dug, drasti\u010dno manji od gr\u010dkog, italijanskog, francuskog, \u0161panskog&#8230;","datePublished":"2025-12-04T06:08:00+00:00","mainEntityOfPage":{"@id":"https:\/\/dmcsrb.com\/ekonomija\/crna-gora-smanjila-javni-dug-drasticno-manji-od-grckog-italijanskog-francuskog-spanskog\/"},"wordCount":923,"commentCount":0,"image":{"@id":"https:\/\/dmcsrb.com\/ekonomija\/crna-gora-smanjila-javni-dug-drasticno-manji-od-grckog-italijanskog-francuskog-spanskog\/#primaryimage"},"thumbnailUrl":"https:\/\/dmcsrb.com\/wp-content\/uploads\/2026\/01\/novac_594x900.jpg","keywords":["BDP","Javni dug","Ministarstvo finansija"],"articleSection":["Ekonomija"],"inLanguage":"en-GB","potentialAction":[{"@type":"CommentAction","name":"Comment","target":["https:\/\/dmcsrb.com\/ekonomija\/crna-gora-smanjila-javni-dug-drasticno-manji-od-grckog-italijanskog-francuskog-spanskog\/#respond"]}]},{"@type":"WebPage","@id":"https:\/\/dmcsrb.com\/ekonomija\/crna-gora-smanjila-javni-dug-drasticno-manji-od-grckog-italijanskog-francuskog-spanskog\/","url":"https:\/\/dmcsrb.com\/ekonomija\/crna-gora-smanjila-javni-dug-drasticno-manji-od-grckog-italijanskog-francuskog-spanskog\/","name":"Crna Gora smanjila javni dug, drasti\u010dno manji od gr\u010dkog, italijanskog, francuskog, \u0161panskog... - dmcsrb.com","isPartOf":{"@id":"https:\/\/dmcsrb.com\/#website"},"primaryImageOfPage":{"@id":"https:\/\/dmcsrb.com\/ekonomija\/crna-gora-smanjila-javni-dug-drasticno-manji-od-grckog-italijanskog-francuskog-spanskog\/#primaryimage"},"image":{"@id":"https:\/\/dmcsrb.com\/ekonomija\/crna-gora-smanjila-javni-dug-drasticno-manji-od-grckog-italijanskog-francuskog-spanskog\/#primaryimage"},"thumbnailUrl":"https:\/\/dmcsrb.com\/wp-content\/uploads\/2026\/01\/novac_594x900.jpg","datePublished":"2025-12-04T06:08:00+00:00","author":{"@id":"https:\/\/dmcsrb.com\/#\/schema\/person\/5c39170f12db1b8b457732d0b5c854e2"},"breadcrumb":{"@id":"https:\/\/dmcsrb.com\/ekonomija\/crna-gora-smanjila-javni-dug-drasticno-manji-od-grckog-italijanskog-francuskog-spanskog\/#breadcrumb"},"inLanguage":"en-GB","potentialAction":[{"@type":"ReadAction","target":["https:\/\/dmcsrb.com\/ekonomija\/crna-gora-smanjila-javni-dug-drasticno-manji-od-grckog-italijanskog-francuskog-spanskog\/"]}]},{"@type":"ImageObject","inLanguage":"en-GB","@id":"https:\/\/dmcsrb.com\/ekonomija\/crna-gora-smanjila-javni-dug-drasticno-manji-od-grckog-italijanskog-francuskog-spanskog\/#primaryimage","url":"https:\/\/dmcsrb.com\/wp-content\/uploads\/2026\/01\/novac_594x900.jpg","contentUrl":"https:\/\/dmcsrb.com\/wp-content\/uploads\/2026\/01\/novac_594x900.jpg","width":899,"height":594},{"@type":"BreadcrumbList","@id":"https:\/\/dmcsrb.com\/ekonomija\/crna-gora-smanjila-javni-dug-drasticno-manji-od-grckog-italijanskog-francuskog-spanskog\/#breadcrumb","itemListElement":[{"@type":"ListItem","position":1,"name":"Home","item":"https:\/\/dmcsrb.com\/"},{"@type":"ListItem","position":2,"name":"Crna Gora smanjila javni dug, drasti\u010dno manji od gr\u010dkog, italijanskog, francuskog, \u0161panskog&#8230;"}]},{"@type":"WebSite","@id":"https:\/\/dmcsrb.com\/#website","url":"https:\/\/dmcsrb.com\/","name":"dmcsrb.com","description":"","potentialAction":[{"@type":"SearchAction","target":{"@type":"EntryPoint","urlTemplate":"https:\/\/dmcsrb.com\/?s={search_term_string}"},"query-input":{"@type":"PropertyValueSpecification","valueRequired":true,"valueName":"search_term_string"}}],"inLanguage":"en-GB"},{"@type":"Person","@id":"https:\/\/dmcsrb.com\/#\/schema\/person\/5c39170f12db1b8b457732d0b5c854e2","name":"dmcsrbija.com@gmail.com","image":{"@type":"ImageObject","inLanguage":"en-GB","@id":"https:\/\/dmcsrb.com\/#\/schema\/person\/image\/","url":"https:\/\/secure.gravatar.com\/avatar\/68592660ad6347fad0fb587f8d5d8f1a7b44961362f56e4f2cd524feb87e9069?s=96&d=mm&r=g","contentUrl":"https:\/\/secure.gravatar.com\/avatar\/68592660ad6347fad0fb587f8d5d8f1a7b44961362f56e4f2cd524feb87e9069?s=96&d=mm&r=g","caption":"dmcsrbija.com@gmail.com"},"sameAs":["https:\/\/dmcsrb.com"],"url":"https:\/\/dmcsrb.com\/en\/author\/dmcsrbija-comgmail-com\/"}]}},"_links":{"self":[{"href":"https:\/\/dmcsrb.com\/en\/wp-json\/wp\/v2\/posts\/909623","targetHints":{"allow":["GET"]}}],"collection":[{"href":"https:\/\/dmcsrb.com\/en\/wp-json\/wp\/v2\/posts"}],"about":[{"href":"https:\/\/dmcsrb.com\/en\/wp-json\/wp\/v2\/types\/post"}],"author":[{"embeddable":true,"href":"https:\/\/dmcsrb.com\/en\/wp-json\/wp\/v2\/users\/1"}],"replies":[{"embeddable":true,"href":"https:\/\/dmcsrb.com\/en\/wp-json\/wp\/v2\/comments?post=909623"}],"version-history":[{"count":0,"href":"https:\/\/dmcsrb.com\/en\/wp-json\/wp\/v2\/posts\/909623\/revisions"}],"wp:featuredmedia":[{"embeddable":true,"href":"https:\/\/dmcsrb.com\/en\/wp-json\/wp\/v2\/media\/909624"}],"wp:attachment":[{"href":"https:\/\/dmcsrb.com\/en\/wp-json\/wp\/v2\/media?parent=909623"}],"wp:term":[{"taxonomy":"category","embeddable":true,"href":"https:\/\/dmcsrb.com\/en\/wp-json\/wp\/v2\/categories?post=909623"},{"taxonomy":"post_tag","embeddable":true,"href":"https:\/\/dmcsrb.com\/en\/wp-json\/wp\/v2\/tags?post=909623"},{"taxonomy":"naslovna","embeddable":true,"href":"https:\/\/dmcsrb.com\/en\/wp-json\/wp\/v2\/naslovna?post=909623"}],"curies":[{"name":"wp","href":"https:\/\/api.w.org\/{rel}","templated":true}]}}