{"id":909592,"date":"2025-12-03T19:36:00","date_gmt":"2025-12-03T18:36:00","guid":{"rendered":"https:\/\/dmcsrb.com\/uncategorized\/protest-zbog-plana-restrukturiranja-radnici-i-arhitekte-traze-ocuvanje-slovenske-plaze\/"},"modified":"2025-12-03T19:36:00","modified_gmt":"2025-12-03T18:36:00","slug":"protest-zbog-plana-restrukturiranja-radnici-i-arhitekte-traze-ocuvanje-slovenske-plaze","status":"publish","type":"post","link":"https:\/\/dmcsrb.com\/en\/ekonomija\/protest-zbog-plana-restrukturiranja-radnici-i-arhitekte-traze-ocuvanje-slovenske-plaze\/","title":{"rendered":"Protest zbog plana restrukturiranja, radnici i arhitekte tra\u017ee o\u010duvanje Slovenske pla\u017ee"},"content":{"rendered":"<p>Skoro dva mjeseca od inicijative MK grupe da kao vlasnik 33 odsto akcija Budvanske rivijere, modernizuje turisti\u010dko naselje Slovenska pla\u017ea sa 700 miliona eura, iz Vlade i Savjeta za privatizaciju se nijesu ogla\u0161avali. To nijesu u\u010dinili ni danas na na\u0161 upit. U medjuvremenu, iz Sindikata Budvanske rivijere sjutra \u0107e organizovati drugi protest sa kojeg \u0107e poslati sljede\u0107u poruku.<\/p>\n\n\n\n<p>Mi\u0161o Dajkovi\u0107, predsjednik Sindikata HTP \u201eBudvanska rivijera\u201c kazao je da se ne protive&nbsp;privatizaciji.<\/p>\n\n\n\n<p>&#8220;Nego ovakvom modelu restrukturiranja. jer ovaj model koji podrazumijeva ru\u0161enje i podrazumijeva potpuno ambientalni izgled grada je jednostavno nedopustiv, a s druge strane da dr\u017eava gubi najvredniji dio imovine koje ima&#8221;, kazao je on.&nbsp;<\/p>\n\n\n\n<p>Podr\u0161ku protestu radnika i gra\u0111ana Budve da\u0107e i arhitekta iz Slovenije Timotej Jev\u0161enak u ime 20 nau\u010dnih i stru\u010dnih institucija i pojedinaca koje su u toj dr\u017eavi potpisali peticiju za o\u010duvanje Slovenske pla\u017ee. Za to su zaiteresovani ne samo zato \u0161to je taj turisti\u010dki kompleks djelo slovena\u010dkog arhitekte Janeza Kobea ve\u0107 i \u0161to ga smatraju biserom arhitekture poslijeratnog perioda u Jugoslaviji.<\/p>\n\n\n\n<p>Timotej Jev\u0161enak, artitekta Nau\u010dno istra\u017eiva\u010dkog centra Slovinije ka\u017ee da je&nbsp;Slovenska pla\u017ea dio gradskog tkiva Budve sa kojim se poistove\u0107uju zapravo stanovnici Budve i tu se pokazuje isto taj kvalitet zapravo tog rje\u0161enja Janeza Kobea koji temelj na javnom prostoru koji je rezerviran samo za pje\u0161ake.<\/p>\n\n\n\n<p>Najavljeni protest i protivljenje radnika i struke iz Mk grupe danas nijesu \u017eeljeli da komentari\u0161u,a ranije su saop\u0161tili da njihov plan modernizacije Slovenske pla\u017ee predvi\u0111a brojne ekolo\u0161ke, rekreativne,kulturne i ugostiteljske sadr\u017eaje i dovo\u0111enje vi\u0161e svjetskih hotela sa pet zvjezdica. O tom prijedlogu Savjet za privatizaciju tra\u017eio je analizu konultanske ku\u0107e iz Zagreba koju jo\u0161 nije dobio iako je rok istekao po\u010detkom novembra. S druge strane, na\u0161i sagovornici o\u010dekuju da struka i lokalna zajednica budu uklju\u010deni u cijeli proces.<br><br>&#8220;\u0160ta je osnova svega kada se cijepa jedno dru\u0161tvo, i u dr\u017eavni kapital ostaje drugi dio dru\u0161tva koji bi bili hoteli u Petrovcu i hotel Mogren, a ru\u0161imo slovensku pla\u017eu, hotel Aleksandar, u koje su ulo\u017eene zna\u010dajne sredstva, da ne ka\u017eem, milionske iznose, a u hotelima koje nisu ulo\u017eene investicije, ostavljamo ih&#8221;, rekao je Dajkovi\u0107.&nbsp;<\/p>\n\n\n\n<p>&#8220;Mislim, na kraju krajeva je to neka na\u0161a zajedni\u010dka ba\u0161tina. koju bi morali da smatramo kao neki kvalitet, ne\u0161to \u0161to nas povezuje, ne samo u okviru biv\u0161e Jugoslavije, nego u okviru budu\u0107e Europske unije.<br>Turisti\u010dki kompleks Slovenska pla\u017ea izgradjena je 1984. I smatra se najvrednijim dijelom turisti\u010dke ponude Crne Gore&#8221; ka\u017ee Jev\u0161enak.<\/p>","protected":false},"excerpt":{"rendered":"<p>Sindikat Hotelsko turisti\u010dkog preduze\u0107a Budvanska rivijera sjutra \u0107e organizovati protest zbog plana restrukturiranja kompanije, odnosno izdvajanja \u201cSlovenske pla\u017ee\u201d i hotela \u201c Aleksandar\u201d, koji je predlo\u017eio najve\u0107i manjinski akcionar \u2013 MK Gropa. Iz Vlade danas nijesmo uspjeli dobiti odgovor kada \u0107e odlu\u010diti o ponudi MK grupe,a iz Sindikata tvrde da nijesu protiv investicija ali jesu protiv ru\u0161enja i nove gradnje na tom prostoru. Da bi Slovensku pla\u017eu trebalo sa\u010duvati smatraju i arhitekte iz Slovenije.<\/p>","protected":false},"author":1,"featured_media":909593,"comment_status":"open","ping_status":"open","sticky":false,"template":"","format":"standard","meta":{"_acf_changed":false,"footnotes":""},"categories":[27],"tags":[186,878],"naslovna":[],"class_list":["post-909592","post","type-post","status-publish","format-standard","has-post-thumbnail","hentry","category-ekonomija","tag-budva","tag-slovenska-plaza"],"acf":[],"yoast_head":"<!-- This site is optimized with the Yoast SEO plugin v27.4 - https:\/\/yoast.com\/product\/yoast-seo-wordpress\/ -->\n<title>Protest zbog plana restrukturiranja, radnici i arhitekte tra\u017ee o\u010duvanje Slovenske pla\u017ee - dmcsrb.com<\/title>\n<meta name=\"robots\" content=\"index, follow, max-snippet:-1, max-image-preview:large, max-video-preview:-1\" \/>\n<link rel=\"canonical\" href=\"https:\/\/dmcsrb.com\/en\/ekonomija\/protest-zbog-plana-restrukturiranja-radnici-i-arhitekte-traze-ocuvanje-slovenske-plaze\/\" \/>\n<meta property=\"og:locale\" content=\"en_GB\" \/>\n<meta property=\"og:type\" content=\"article\" \/>\n<meta property=\"og:title\" content=\"Protest zbog plana restrukturiranja, radnici i arhitekte tra\u017ee o\u010duvanje Slovenske pla\u017ee - dmcsrb.com\" \/>\n<meta property=\"og:description\" content=\"Sindikat Hotelsko turisti\u010dkog preduze\u0107a Budvanska rivijera sjutra \u0107e organizovati protest zbog plana restrukturiranja kompanije, odnosno izdvajanja \u201cSlovenske pla\u017ee\u201d i hotela \u201c Aleksandar\u201d, koji je predlo\u017eio najve\u0107i manjinski akcionar \u2013 MK Gropa. Iz Vlade danas nijesmo uspjeli dobiti odgovor kada \u0107e odlu\u010diti o ponudi MK grupe,a iz Sindikata tvrde da nijesu protiv investicija ali jesu protiv ru\u0161enja i nove gradnje na tom prostoru. Da bi Slovensku pla\u017eu trebalo sa\u010duvati smatraju i arhitekte iz Slovenije.\" \/>\n<meta property=\"og:url\" content=\"https:\/\/dmcsrb.com\/en\/ekonomija\/protest-zbog-plana-restrukturiranja-radnici-i-arhitekte-traze-ocuvanje-slovenske-plaze\/\" \/>\n<meta property=\"og:site_name\" content=\"dmcsrb.com\" \/>\n<meta property=\"article:published_time\" content=\"2025-12-03T18:36:00+00:00\" \/>\n<meta property=\"og:image\" content=\"https:\/\/dmcsrb.com\/wp-content\/uploads\/2026\/01\/da.jpg\" \/>\n\t<meta property=\"og:image:width\" content=\"1850\" \/>\n\t<meta property=\"og:image:height\" content=\"942\" \/>\n\t<meta property=\"og:image:type\" content=\"image\/jpeg\" \/>\n<meta name=\"author\" content=\"dmcsrbija.com@gmail.com\" \/>\n<meta name=\"twitter:card\" content=\"summary_large_image\" \/>\n<meta name=\"twitter:label1\" content=\"Written by\" \/>\n\t<meta name=\"twitter:data1\" content=\"dmcsrbija.com@gmail.com\" \/>\n\t<meta name=\"twitter:label2\" content=\"Estimated reading time\" \/>\n\t<meta name=\"twitter:data2\" content=\"2 minutes\" \/>\n<script type=\"application\/ld+json\" class=\"yoast-schema-graph\">{\"@context\":\"https:\\\/\\\/schema.org\",\"@graph\":[{\"@type\":\"Article\",\"@id\":\"https:\\\/\\\/dmcsrb.com\\\/ekonomija\\\/protest-zbog-plana-restrukturiranja-radnici-i-arhitekte-traze-ocuvanje-slovenske-plaze\\\/#article\",\"isPartOf\":{\"@id\":\"https:\\\/\\\/dmcsrb.com\\\/ekonomija\\\/protest-zbog-plana-restrukturiranja-radnici-i-arhitekte-traze-ocuvanje-slovenske-plaze\\\/\"},\"author\":{\"name\":\"dmcsrbija.com@gmail.com\",\"@id\":\"https:\\\/\\\/dmcsrb.com\\\/#\\\/schema\\\/person\\\/5c39170f12db1b8b457732d0b5c854e2\"},\"headline\":\"Protest zbog plana restrukturiranja, radnici i arhitekte tra\u017ee o\u010duvanje Slovenske pla\u017ee\",\"datePublished\":\"2025-12-03T18:36:00+00:00\",\"mainEntityOfPage\":{\"@id\":\"https:\\\/\\\/dmcsrb.com\\\/ekonomija\\\/protest-zbog-plana-restrukturiranja-radnici-i-arhitekte-traze-ocuvanje-slovenske-plaze\\\/\"},\"wordCount\":476,\"commentCount\":0,\"image\":{\"@id\":\"https:\\\/\\\/dmcsrb.com\\\/ekonomija\\\/protest-zbog-plana-restrukturiranja-radnici-i-arhitekte-traze-ocuvanje-slovenske-plaze\\\/#primaryimage\"},\"thumbnailUrl\":\"https:\\\/\\\/dmcsrb.com\\\/wp-content\\\/uploads\\\/2026\\\/01\\\/da.jpg\",\"keywords\":[\"budva\",\"slovenska pla\u017ea\"],\"articleSection\":[\"Ekonomija\"],\"inLanguage\":\"en-GB\",\"potentialAction\":[{\"@type\":\"CommentAction\",\"name\":\"Comment\",\"target\":[\"https:\\\/\\\/dmcsrb.com\\\/ekonomija\\\/protest-zbog-plana-restrukturiranja-radnici-i-arhitekte-traze-ocuvanje-slovenske-plaze\\\/#respond\"]}]},{\"@type\":\"WebPage\",\"@id\":\"https:\\\/\\\/dmcsrb.com\\\/ekonomija\\\/protest-zbog-plana-restrukturiranja-radnici-i-arhitekte-traze-ocuvanje-slovenske-plaze\\\/\",\"url\":\"https:\\\/\\\/dmcsrb.com\\\/ekonomija\\\/protest-zbog-plana-restrukturiranja-radnici-i-arhitekte-traze-ocuvanje-slovenske-plaze\\\/\",\"name\":\"Protest zbog plana restrukturiranja, radnici i arhitekte tra\u017ee o\u010duvanje Slovenske pla\u017ee - dmcsrb.com\",\"isPartOf\":{\"@id\":\"https:\\\/\\\/dmcsrb.com\\\/#website\"},\"primaryImageOfPage\":{\"@id\":\"https:\\\/\\\/dmcsrb.com\\\/ekonomija\\\/protest-zbog-plana-restrukturiranja-radnici-i-arhitekte-traze-ocuvanje-slovenske-plaze\\\/#primaryimage\"},\"image\":{\"@id\":\"https:\\\/\\\/dmcsrb.com\\\/ekonomija\\\/protest-zbog-plana-restrukturiranja-radnici-i-arhitekte-traze-ocuvanje-slovenske-plaze\\\/#primaryimage\"},\"thumbnailUrl\":\"https:\\\/\\\/dmcsrb.com\\\/wp-content\\\/uploads\\\/2026\\\/01\\\/da.jpg\",\"datePublished\":\"2025-12-03T18:36:00+00:00\",\"author\":{\"@id\":\"https:\\\/\\\/dmcsrb.com\\\/#\\\/schema\\\/person\\\/5c39170f12db1b8b457732d0b5c854e2\"},\"breadcrumb\":{\"@id\":\"https:\\\/\\\/dmcsrb.com\\\/ekonomija\\\/protest-zbog-plana-restrukturiranja-radnici-i-arhitekte-traze-ocuvanje-slovenske-plaze\\\/#breadcrumb\"},\"inLanguage\":\"en-GB\",\"potentialAction\":[{\"@type\":\"ReadAction\",\"target\":[\"https:\\\/\\\/dmcsrb.com\\\/ekonomija\\\/protest-zbog-plana-restrukturiranja-radnici-i-arhitekte-traze-ocuvanje-slovenske-plaze\\\/\"]}]},{\"@type\":\"ImageObject\",\"inLanguage\":\"en-GB\",\"@id\":\"https:\\\/\\\/dmcsrb.com\\\/ekonomija\\\/protest-zbog-plana-restrukturiranja-radnici-i-arhitekte-traze-ocuvanje-slovenske-plaze\\\/#primaryimage\",\"url\":\"https:\\\/\\\/dmcsrb.com\\\/wp-content\\\/uploads\\\/2026\\\/01\\\/da.jpg\",\"contentUrl\":\"https:\\\/\\\/dmcsrb.com\\\/wp-content\\\/uploads\\\/2026\\\/01\\\/da.jpg\",\"width\":1850,\"height\":942},{\"@type\":\"BreadcrumbList\",\"@id\":\"https:\\\/\\\/dmcsrb.com\\\/ekonomija\\\/protest-zbog-plana-restrukturiranja-radnici-i-arhitekte-traze-ocuvanje-slovenske-plaze\\\/#breadcrumb\",\"itemListElement\":[{\"@type\":\"ListItem\",\"position\":1,\"name\":\"Home\",\"item\":\"https:\\\/\\\/dmcsrb.com\\\/\"},{\"@type\":\"ListItem\",\"position\":2,\"name\":\"Protest zbog plana restrukturiranja, radnici i arhitekte tra\u017ee o\u010duvanje Slovenske pla\u017ee\"}]},{\"@type\":\"WebSite\",\"@id\":\"https:\\\/\\\/dmcsrb.com\\\/#website\",\"url\":\"https:\\\/\\\/dmcsrb.com\\\/\",\"name\":\"dmcsrb.com\",\"description\":\"\",\"potentialAction\":[{\"@type\":\"SearchAction\",\"target\":{\"@type\":\"EntryPoint\",\"urlTemplate\":\"https:\\\/\\\/dmcsrb.com\\\/?s={search_term_string}\"},\"query-input\":{\"@type\":\"PropertyValueSpecification\",\"valueRequired\":true,\"valueName\":\"search_term_string\"}}],\"inLanguage\":\"en-GB\"},{\"@type\":\"Person\",\"@id\":\"https:\\\/\\\/dmcsrb.com\\\/#\\\/schema\\\/person\\\/5c39170f12db1b8b457732d0b5c854e2\",\"name\":\"dmcsrbija.com@gmail.com\",\"image\":{\"@type\":\"ImageObject\",\"inLanguage\":\"en-GB\",\"@id\":\"https:\\\/\\\/secure.gravatar.com\\\/avatar\\\/68592660ad6347fad0fb587f8d5d8f1a7b44961362f56e4f2cd524feb87e9069?s=96&d=mm&r=g\",\"url\":\"https:\\\/\\\/secure.gravatar.com\\\/avatar\\\/68592660ad6347fad0fb587f8d5d8f1a7b44961362f56e4f2cd524feb87e9069?s=96&d=mm&r=g\",\"contentUrl\":\"https:\\\/\\\/secure.gravatar.com\\\/avatar\\\/68592660ad6347fad0fb587f8d5d8f1a7b44961362f56e4f2cd524feb87e9069?s=96&d=mm&r=g\",\"caption\":\"dmcsrbija.com@gmail.com\"},\"sameAs\":[\"https:\\\/\\\/dmcsrb.com\"],\"url\":\"https:\\\/\\\/dmcsrb.com\\\/en\\\/author\\\/dmcsrbija-comgmail-com\\\/\"}]}<\/script>\n<!-- \/ Yoast SEO plugin. -->","yoast_head_json":{"title":"Protest zbog plana restrukturiranja, radnici i arhitekte tra\u017ee o\u010duvanje Slovenske pla\u017ee - dmcsrb.com","robots":{"index":"index","follow":"follow","max-snippet":"max-snippet:-1","max-image-preview":"max-image-preview:large","max-video-preview":"max-video-preview:-1"},"canonical":"https:\/\/dmcsrb.com\/en\/ekonomija\/protest-zbog-plana-restrukturiranja-radnici-i-arhitekte-traze-ocuvanje-slovenske-plaze\/","og_locale":"en_GB","og_type":"article","og_title":"Protest zbog plana restrukturiranja, radnici i arhitekte tra\u017ee o\u010duvanje Slovenske pla\u017ee - dmcsrb.com","og_description":"Sindikat Hotelsko turisti\u010dkog preduze\u0107a Budvanska rivijera sjutra \u0107e organizovati protest zbog plana restrukturiranja kompanije, odnosno izdvajanja \u201cSlovenske pla\u017ee\u201d i hotela \u201c Aleksandar\u201d, koji je predlo\u017eio najve\u0107i manjinski akcionar \u2013 MK Gropa. Iz Vlade danas nijesmo uspjeli dobiti odgovor kada \u0107e odlu\u010diti o ponudi MK grupe,a iz Sindikata tvrde da nijesu protiv investicija ali jesu protiv ru\u0161enja i nove gradnje na tom prostoru. Da bi Slovensku pla\u017eu trebalo sa\u010duvati smatraju i arhitekte iz Slovenije.","og_url":"https:\/\/dmcsrb.com\/en\/ekonomija\/protest-zbog-plana-restrukturiranja-radnici-i-arhitekte-traze-ocuvanje-slovenske-plaze\/","og_site_name":"dmcsrb.com","article_published_time":"2025-12-03T18:36:00+00:00","og_image":[{"width":1850,"height":942,"url":"https:\/\/dmcsrb.com\/wp-content\/uploads\/2026\/01\/da.jpg","type":"image\/jpeg"}],"author":"dmcsrbija.com@gmail.com","twitter_card":"summary_large_image","twitter_misc":{"Written by":"dmcsrbija.com@gmail.com","Estimated reading time":"2 minutes"},"schema":{"@context":"https:\/\/schema.org","@graph":[{"@type":"Article","@id":"https:\/\/dmcsrb.com\/ekonomija\/protest-zbog-plana-restrukturiranja-radnici-i-arhitekte-traze-ocuvanje-slovenske-plaze\/#article","isPartOf":{"@id":"https:\/\/dmcsrb.com\/ekonomija\/protest-zbog-plana-restrukturiranja-radnici-i-arhitekte-traze-ocuvanje-slovenske-plaze\/"},"author":{"name":"dmcsrbija.com@gmail.com","@id":"https:\/\/dmcsrb.com\/#\/schema\/person\/5c39170f12db1b8b457732d0b5c854e2"},"headline":"Protest zbog plana restrukturiranja, radnici i arhitekte tra\u017ee o\u010duvanje Slovenske pla\u017ee","datePublished":"2025-12-03T18:36:00+00:00","mainEntityOfPage":{"@id":"https:\/\/dmcsrb.com\/ekonomija\/protest-zbog-plana-restrukturiranja-radnici-i-arhitekte-traze-ocuvanje-slovenske-plaze\/"},"wordCount":476,"commentCount":0,"image":{"@id":"https:\/\/dmcsrb.com\/ekonomija\/protest-zbog-plana-restrukturiranja-radnici-i-arhitekte-traze-ocuvanje-slovenske-plaze\/#primaryimage"},"thumbnailUrl":"https:\/\/dmcsrb.com\/wp-content\/uploads\/2026\/01\/da.jpg","keywords":["budva","slovenska pla\u017ea"],"articleSection":["Ekonomija"],"inLanguage":"en-GB","potentialAction":[{"@type":"CommentAction","name":"Comment","target":["https:\/\/dmcsrb.com\/ekonomija\/protest-zbog-plana-restrukturiranja-radnici-i-arhitekte-traze-ocuvanje-slovenske-plaze\/#respond"]}]},{"@type":"WebPage","@id":"https:\/\/dmcsrb.com\/ekonomija\/protest-zbog-plana-restrukturiranja-radnici-i-arhitekte-traze-ocuvanje-slovenske-plaze\/","url":"https:\/\/dmcsrb.com\/ekonomija\/protest-zbog-plana-restrukturiranja-radnici-i-arhitekte-traze-ocuvanje-slovenske-plaze\/","name":"Protest zbog plana restrukturiranja, radnici i arhitekte tra\u017ee o\u010duvanje Slovenske pla\u017ee - dmcsrb.com","isPartOf":{"@id":"https:\/\/dmcsrb.com\/#website"},"primaryImageOfPage":{"@id":"https:\/\/dmcsrb.com\/ekonomija\/protest-zbog-plana-restrukturiranja-radnici-i-arhitekte-traze-ocuvanje-slovenske-plaze\/#primaryimage"},"image":{"@id":"https:\/\/dmcsrb.com\/ekonomija\/protest-zbog-plana-restrukturiranja-radnici-i-arhitekte-traze-ocuvanje-slovenske-plaze\/#primaryimage"},"thumbnailUrl":"https:\/\/dmcsrb.com\/wp-content\/uploads\/2026\/01\/da.jpg","datePublished":"2025-12-03T18:36:00+00:00","author":{"@id":"https:\/\/dmcsrb.com\/#\/schema\/person\/5c39170f12db1b8b457732d0b5c854e2"},"breadcrumb":{"@id":"https:\/\/dmcsrb.com\/ekonomija\/protest-zbog-plana-restrukturiranja-radnici-i-arhitekte-traze-ocuvanje-slovenske-plaze\/#breadcrumb"},"inLanguage":"en-GB","potentialAction":[{"@type":"ReadAction","target":["https:\/\/dmcsrb.com\/ekonomija\/protest-zbog-plana-restrukturiranja-radnici-i-arhitekte-traze-ocuvanje-slovenske-plaze\/"]}]},{"@type":"ImageObject","inLanguage":"en-GB","@id":"https:\/\/dmcsrb.com\/ekonomija\/protest-zbog-plana-restrukturiranja-radnici-i-arhitekte-traze-ocuvanje-slovenske-plaze\/#primaryimage","url":"https:\/\/dmcsrb.com\/wp-content\/uploads\/2026\/01\/da.jpg","contentUrl":"https:\/\/dmcsrb.com\/wp-content\/uploads\/2026\/01\/da.jpg","width":1850,"height":942},{"@type":"BreadcrumbList","@id":"https:\/\/dmcsrb.com\/ekonomija\/protest-zbog-plana-restrukturiranja-radnici-i-arhitekte-traze-ocuvanje-slovenske-plaze\/#breadcrumb","itemListElement":[{"@type":"ListItem","position":1,"name":"Home","item":"https:\/\/dmcsrb.com\/"},{"@type":"ListItem","position":2,"name":"Protest zbog plana restrukturiranja, radnici i arhitekte tra\u017ee o\u010duvanje Slovenske pla\u017ee"}]},{"@type":"WebSite","@id":"https:\/\/dmcsrb.com\/#website","url":"https:\/\/dmcsrb.com\/","name":"dmcsrb.com","description":"","potentialAction":[{"@type":"SearchAction","target":{"@type":"EntryPoint","urlTemplate":"https:\/\/dmcsrb.com\/?s={search_term_string}"},"query-input":{"@type":"PropertyValueSpecification","valueRequired":true,"valueName":"search_term_string"}}],"inLanguage":"en-GB"},{"@type":"Person","@id":"https:\/\/dmcsrb.com\/#\/schema\/person\/5c39170f12db1b8b457732d0b5c854e2","name":"dmcsrbija.com@gmail.com","image":{"@type":"ImageObject","inLanguage":"en-GB","@id":"https:\/\/secure.gravatar.com\/avatar\/68592660ad6347fad0fb587f8d5d8f1a7b44961362f56e4f2cd524feb87e9069?s=96&d=mm&r=g","url":"https:\/\/secure.gravatar.com\/avatar\/68592660ad6347fad0fb587f8d5d8f1a7b44961362f56e4f2cd524feb87e9069?s=96&d=mm&r=g","contentUrl":"https:\/\/secure.gravatar.com\/avatar\/68592660ad6347fad0fb587f8d5d8f1a7b44961362f56e4f2cd524feb87e9069?s=96&d=mm&r=g","caption":"dmcsrbija.com@gmail.com"},"sameAs":["https:\/\/dmcsrb.com"],"url":"https:\/\/dmcsrb.com\/en\/author\/dmcsrbija-comgmail-com\/"}]}},"_links":{"self":[{"href":"https:\/\/dmcsrb.com\/en\/wp-json\/wp\/v2\/posts\/909592","targetHints":{"allow":["GET"]}}],"collection":[{"href":"https:\/\/dmcsrb.com\/en\/wp-json\/wp\/v2\/posts"}],"about":[{"href":"https:\/\/dmcsrb.com\/en\/wp-json\/wp\/v2\/types\/post"}],"author":[{"embeddable":true,"href":"https:\/\/dmcsrb.com\/en\/wp-json\/wp\/v2\/users\/1"}],"replies":[{"embeddable":true,"href":"https:\/\/dmcsrb.com\/en\/wp-json\/wp\/v2\/comments?post=909592"}],"version-history":[{"count":0,"href":"https:\/\/dmcsrb.com\/en\/wp-json\/wp\/v2\/posts\/909592\/revisions"}],"wp:featuredmedia":[{"embeddable":true,"href":"https:\/\/dmcsrb.com\/en\/wp-json\/wp\/v2\/media\/909593"}],"wp:attachment":[{"href":"https:\/\/dmcsrb.com\/en\/wp-json\/wp\/v2\/media?parent=909592"}],"wp:term":[{"taxonomy":"category","embeddable":true,"href":"https:\/\/dmcsrb.com\/en\/wp-json\/wp\/v2\/categories?post=909592"},{"taxonomy":"post_tag","embeddable":true,"href":"https:\/\/dmcsrb.com\/en\/wp-json\/wp\/v2\/tags?post=909592"},{"taxonomy":"naslovna","embeddable":true,"href":"https:\/\/dmcsrb.com\/en\/wp-json\/wp\/v2\/naslovna?post=909592"}],"curies":[{"name":"wp","href":"https:\/\/api.w.org\/{rel}","templated":true}]}}