{"id":909404,"date":"2025-12-03T11:33:57","date_gmt":"2025-12-03T10:33:57","guid":{"rendered":"https:\/\/dmcsrb.com\/uncategorized\/visi-sud-potvrdio-jedinstvenu-optuznicu-protiv-mijajloviceve-i-petranoviceve-grupe-za-sverc-cigareta\/"},"modified":"2025-12-03T11:33:57","modified_gmt":"2025-12-03T10:33:57","slug":"visi-sud-potvrdio-jedinstvenu-optuznicu-protiv-mijajloviceve-i-petranoviceve-grupe-za-sverc-cigareta","status":"publish","type":"post","link":"https:\/\/dmcsrb.com\/en\/hronika\/visi-sud-potvrdio-jedinstvenu-optuznicu-protiv-mijajloviceve-i-petranoviceve-grupe-za-sverc-cigareta\/","title":{"rendered":"Vi\u0161i sud potvrdio jedinstvenu optu\u017enicu protiv Mijajlovi\u0107eve i Petranovi\u0107eve grupe za \u0161verc cigareta"},"content":{"rendered":"<p><\/p>\n\n\n\n<p><br><\/p>\n\n\n\n<p>Tu\u017eila\u0161tvo poja\u0161njava da se radi o prodaji cigareta na teritoriji Crne Gore, koje su prethodno dopremljene i uskladi\u0161tene u Slobodnu carinsku zonu Luke Bar, a radi se o koli\u010dini ne manjoj od 151.128 paketa cigareta koje nijesu upisane u Registar o markama duvanskih proizvoda, a u koji se upisuju cigarete koje se nalaze u promet na doma\u0107em tr\u017ei\u0161tu, pa je tako nepla\u0107anjem carina, akciza i poreza bud\u017eetu Crne Gore nanijeta vi\u0161emilionska \u0161teta.<\/p>\n\n\n\n<p>Specijalno dr\u017eavno tu\u017eila\u0161tvo saop\u0161tilo je da je Vi\u0161i sud potvrdio optu\u017enicu protiv osam optu\u017eenih &#8211; Aleksandra Mijajlovi\u0107a, Dejana Joki\u0107a, Zorana \u017dutog \u0110ukanovi\u0107a, Goluba Vojinovi\u0107a, Dragana Backovi\u0107a, Milenka Mi\u0107e Rabrenovi\u0107a, Radoja Rabrenovi\u0107a i Mirka Miju\u0161kovi\u0107a, zbog postojanja osnovane sumnje da su izvr\u0161ili krivi\u010dno djelo stvaranje kriminalne organizacije. Tom optu\u017enicom, okrivljeni Mijajlovi\u0107, \u0110ukanovi\u0107, Rabrenovi\u0107 su optu\u017eeni i za produ\u017eeno krivi\u010dno djelo krijum\u010darenje, a Joki\u0107, Radoje Rabrenovi\u0107 i Muju\u0161kovi\u0107 za dva produ\u017eena krivi\u010dna djala krijum\u010darenje.<\/p>\n\n\n\n<p>Vojinovi\u0107u se na teret stavljaju tri produ\u017eena krivi\u010dna djela krijum\u010darenje i dva krivi\u010dna djela pranje novca, a optu\u017eenom Backovi\u0107u i zloupotreba slu\u017ebena polo\u017eaja i dva krivi\u010dna djela pranje novca.<\/p>\n\n\n\n<p>&#8220;Predmet optu\u017enice je to \u0161to je optu\u017eeni A.M., sa nepoznatim licem, u periodu od 2019. do 2021. godine, u Crnoj Gori, organizovao kriminalnu organizaciju \u010diji pripadnici su postali ostali optu\u017eeni i druga, za sada nepoznata lica, sa ciljem da se bavi krijum\u010darenjem neocarinjenih cigareta iz slobodne carinske zone Luke Bar i njihovom prodajom, prikrivanjem i rasturanjem na teritoriji Crne Gore i drugih zemlja, radi sticanja nezakonite dobiti i mo\u0107i, ali i pranjem tako ste\u010denog novca&#8221;, pi\u0161e u saop\u0161tenju SDT.<\/p>\n\n\n\n<p>Rje\u0161enjem Vi\u0161eg suda od 19. septembra u jedan predmet je spojena i optu\u017enica SDT-a, koja je podignuta protiv optu\u017eenih M.K. i S.J., zbog postojanja osnovane sumnje da su izvr\u0161ili krivi\u010dna djela stvaranje kriminalne organizacije i produ\u017eeno krivi\u010dno djelo krijum\u010darenje.<\/p>\n\n\n\n<p>&#8220;Predmet optu\u017enice je da su optu\u017eeni M.K. i S.J., tokom 2020. i 2021. godine, postali \u010dlanovi kriminalne organizacije koju je sa nepoznatim licem, u periodu od 2019. do 2021. godine, u Crnoj Gori, organizovao okrivljeni A.M., a \u010diji pripadnici su postali i okrivljeni: D.J., Z.\u0110., G.V., D.B., M.R., R.R. i M.M., i druga, za sada nepoznata lica, sa ciljem da se bavi krijum\u010darenjem neocarinjenih cigareta iz slobodne carinske zone Luke Bar i njihovom prodajom, prikrivanjem i rasturanjem na teritoriji Crne Gore i drugih zemlja, radi sticanja nezakonite dobiti i mo\u0107i, ali i pranjem tako ste\u010denog novca&#8221;, navodi SDT.<\/p>\n\n\n\n<p>Optu\u017eeni M.K. i S.J. se optu\u017enicom terete i da su se, kao pripadnici kriminalne organizacije, u du\u017eem vremenskom periodu, bavili krijum\u010darenjem velike koli\u010dine cigareta na teritoriji Crne Gore.<\/p>\n\n\n\n<p>U isti predmet je spojena i optu\u017enica Kt-S broj 113\/25, koju je Specijalno dr\u017eavno tu\u017eila\u0161tvo podiglo protiv devet optu\u017eenih &#8211; Veska Petranovi\u0107a i ostalih, zbog postojanja osnovane sumnje da su izvr\u0161ili krivi\u010dno djelo stvaranje kriminalne organizacije.<\/p>\n\n\n\n<p>Optu\u017enicom su obuhva\u0107eni D.J., D.V.2, D.V., J.M., B.\u010c., R.O., D.L. i M.K, a J.M. i R.O. su optu\u017eeni za produ\u017eeno krivi\u010dno djelo krijum\u010darenje.<\/p>\n\n\n\n<p>&#8220;Optu\u017eenima se stavlja na teret da su, u periodu od sredine 2019. do kraja oktobra 2020. godine, postali pripadnici kriminalne organizacije koju je u Crnoj Gori organizovao okrivljeni V.P., a koja se kontinuirano bavila prodajom, rasturanjem i prikrivanjem neocarinjenih cigareta nabavljanih u inostranstvu&#8221;, navodi SDT.<\/p>","protected":false},"excerpt":{"rendered":"<p>Vije\u0107e Vi\u0161eg suda u Podgorici potvrdilo je tri optu\u017enice Specijalnog dr\u017eavnog tu\u017eila\u0161tva, koje su polovinom septembra spojene u jednu, kako bi se donijela jedinstvena odluka o ulogama kriminalne organizacije u \u0161vercu tovara cigareta preko Luke Bar.<\/p>","protected":false},"author":1,"featured_media":908927,"comment_status":"open","ping_status":"open","sticky":false,"template":"","format":"standard","meta":{"_acf_changed":false,"footnotes":""},"categories":[17],"tags":[729,97],"naslovna":[],"class_list":["post-909404","post","type-post","status-publish","format-standard","has-post-thumbnail","hentry","category-hronika","tag-optuznica","tag-visi-sud"],"acf":[],"yoast_head":"<!-- This site is optimized with the Yoast SEO plugin v27.0 - https:\/\/yoast.com\/product\/yoast-seo-wordpress\/ -->\n<title>Vi\u0161i sud potvrdio jedinstvenu optu\u017enicu protiv Mijajlovi\u0107eve i Petranovi\u0107eve grupe za \u0161verc cigareta - dmcsrb.com<\/title>\n<meta name=\"robots\" content=\"index, follow, max-snippet:-1, max-image-preview:large, max-video-preview:-1\" \/>\n<link rel=\"canonical\" href=\"https:\/\/dmcsrb.com\/en\/hronika\/visi-sud-potvrdio-jedinstvenu-optuznicu-protiv-mijajloviceve-i-petranoviceve-grupe-za-sverc-cigareta\/\" \/>\n<meta property=\"og:locale\" content=\"en_GB\" \/>\n<meta property=\"og:type\" content=\"article\" \/>\n<meta property=\"og:title\" content=\"Vi\u0161i sud potvrdio jedinstvenu optu\u017enicu protiv Mijajlovi\u0107eve i Petranovi\u0107eve grupe za \u0161verc cigareta - dmcsrb.com\" \/>\n<meta property=\"og:description\" content=\"Vije\u0107e Vi\u0161eg suda u Podgorici potvrdilo je tri optu\u017enice Specijalnog dr\u017eavnog tu\u017eila\u0161tva, koje su polovinom septembra spojene u jednu, kako bi se donijela jedinstvena odluka o ulogama kriminalne organizacije u \u0161vercu tovara cigareta preko Luke Bar.\" \/>\n<meta property=\"og:url\" content=\"https:\/\/dmcsrb.com\/en\/hronika\/visi-sud-potvrdio-jedinstvenu-optuznicu-protiv-mijajloviceve-i-petranoviceve-grupe-za-sverc-cigareta\/\" \/>\n<meta property=\"og:site_name\" content=\"dmcsrb.com\" \/>\n<meta property=\"article:published_time\" content=\"2025-12-03T10:33:57+00:00\" \/>\n<meta property=\"og:image\" content=\"https:\/\/dmcsrb.com\/wp-content\/uploads\/2026\/01\/Visi-sud-foto-gradski.me_.jpg\" \/>\n\t<meta property=\"og:image:width\" content=\"1726\" \/>\n\t<meta property=\"og:image:height\" content=\"879\" \/>\n\t<meta property=\"og:image:type\" content=\"image\/jpeg\" \/>\n<meta name=\"author\" content=\"dmcsrbija.com@gmail.com\" \/>\n<meta name=\"twitter:card\" content=\"summary_large_image\" \/>\n<meta name=\"twitter:label1\" content=\"Written by\" \/>\n\t<meta name=\"twitter:data1\" content=\"dmcsrbija.com@gmail.com\" \/>\n\t<meta name=\"twitter:label2\" content=\"Estimated reading time\" \/>\n\t<meta name=\"twitter:data2\" content=\"3 minutes\" \/>\n<script type=\"application\/ld+json\" class=\"yoast-schema-graph\">{\"@context\":\"https:\/\/schema.org\",\"@graph\":[{\"@type\":\"Article\",\"@id\":\"https:\/\/dmcsrb.com\/hronika\/visi-sud-potvrdio-jedinstvenu-optuznicu-protiv-mijajloviceve-i-petranoviceve-grupe-za-sverc-cigareta\/#article\",\"isPartOf\":{\"@id\":\"https:\/\/dmcsrb.com\/hronika\/visi-sud-potvrdio-jedinstvenu-optuznicu-protiv-mijajloviceve-i-petranoviceve-grupe-za-sverc-cigareta\/\"},\"author\":{\"name\":\"dmcsrbija.com@gmail.com\",\"@id\":\"https:\/\/dmcsrb.com\/#\/schema\/person\/5c39170f12db1b8b457732d0b5c854e2\"},\"headline\":\"Vi\u0161i sud potvrdio jedinstvenu optu\u017enicu protiv Mijajlovi\u0107eve i Petranovi\u0107eve grupe za \u0161verc cigareta\",\"datePublished\":\"2025-12-03T10:33:57+00:00\",\"mainEntityOfPage\":{\"@id\":\"https:\/\/dmcsrb.com\/hronika\/visi-sud-potvrdio-jedinstvenu-optuznicu-protiv-mijajloviceve-i-petranoviceve-grupe-za-sverc-cigareta\/\"},\"wordCount\":642,\"commentCount\":0,\"image\":{\"@id\":\"https:\/\/dmcsrb.com\/hronika\/visi-sud-potvrdio-jedinstvenu-optuznicu-protiv-mijajloviceve-i-petranoviceve-grupe-za-sverc-cigareta\/#primaryimage\"},\"thumbnailUrl\":\"https:\/\/dmcsrb.com\/wp-content\/uploads\/2026\/01\/Visi-sud-foto-gradski.me_.jpg\",\"keywords\":[\"Optu\u017enica\",\"Visi sud\"],\"articleSection\":[\"Hronika\"],\"inLanguage\":\"en-GB\",\"potentialAction\":[{\"@type\":\"CommentAction\",\"name\":\"Comment\",\"target\":[\"https:\/\/dmcsrb.com\/hronika\/visi-sud-potvrdio-jedinstvenu-optuznicu-protiv-mijajloviceve-i-petranoviceve-grupe-za-sverc-cigareta\/#respond\"]}]},{\"@type\":\"WebPage\",\"@id\":\"https:\/\/dmcsrb.com\/hronika\/visi-sud-potvrdio-jedinstvenu-optuznicu-protiv-mijajloviceve-i-petranoviceve-grupe-za-sverc-cigareta\/\",\"url\":\"https:\/\/dmcsrb.com\/hronika\/visi-sud-potvrdio-jedinstvenu-optuznicu-protiv-mijajloviceve-i-petranoviceve-grupe-za-sverc-cigareta\/\",\"name\":\"Vi\u0161i sud potvrdio jedinstvenu optu\u017enicu protiv Mijajlovi\u0107eve i Petranovi\u0107eve grupe za \u0161verc cigareta - dmcsrb.com\",\"isPartOf\":{\"@id\":\"https:\/\/dmcsrb.com\/#website\"},\"primaryImageOfPage\":{\"@id\":\"https:\/\/dmcsrb.com\/hronika\/visi-sud-potvrdio-jedinstvenu-optuznicu-protiv-mijajloviceve-i-petranoviceve-grupe-za-sverc-cigareta\/#primaryimage\"},\"image\":{\"@id\":\"https:\/\/dmcsrb.com\/hronika\/visi-sud-potvrdio-jedinstvenu-optuznicu-protiv-mijajloviceve-i-petranoviceve-grupe-za-sverc-cigareta\/#primaryimage\"},\"thumbnailUrl\":\"https:\/\/dmcsrb.com\/wp-content\/uploads\/2026\/01\/Visi-sud-foto-gradski.me_.jpg\",\"datePublished\":\"2025-12-03T10:33:57+00:00\",\"author\":{\"@id\":\"https:\/\/dmcsrb.com\/#\/schema\/person\/5c39170f12db1b8b457732d0b5c854e2\"},\"breadcrumb\":{\"@id\":\"https:\/\/dmcsrb.com\/hronika\/visi-sud-potvrdio-jedinstvenu-optuznicu-protiv-mijajloviceve-i-petranoviceve-grupe-za-sverc-cigareta\/#breadcrumb\"},\"inLanguage\":\"en-GB\",\"potentialAction\":[{\"@type\":\"ReadAction\",\"target\":[\"https:\/\/dmcsrb.com\/hronika\/visi-sud-potvrdio-jedinstvenu-optuznicu-protiv-mijajloviceve-i-petranoviceve-grupe-za-sverc-cigareta\/\"]}]},{\"@type\":\"ImageObject\",\"inLanguage\":\"en-GB\",\"@id\":\"https:\/\/dmcsrb.com\/hronika\/visi-sud-potvrdio-jedinstvenu-optuznicu-protiv-mijajloviceve-i-petranoviceve-grupe-za-sverc-cigareta\/#primaryimage\",\"url\":\"https:\/\/dmcsrb.com\/wp-content\/uploads\/2026\/01\/Visi-sud-foto-gradski.me_.jpg\",\"contentUrl\":\"https:\/\/dmcsrb.com\/wp-content\/uploads\/2026\/01\/Visi-sud-foto-gradski.me_.jpg\",\"width\":1726,\"height\":879},{\"@type\":\"BreadcrumbList\",\"@id\":\"https:\/\/dmcsrb.com\/hronika\/visi-sud-potvrdio-jedinstvenu-optuznicu-protiv-mijajloviceve-i-petranoviceve-grupe-za-sverc-cigareta\/#breadcrumb\",\"itemListElement\":[{\"@type\":\"ListItem\",\"position\":1,\"name\":\"Home\",\"item\":\"https:\/\/dmcsrb.com\/\"},{\"@type\":\"ListItem\",\"position\":2,\"name\":\"Vi\u0161i sud potvrdio jedinstvenu optu\u017enicu protiv Mijajlovi\u0107eve i Petranovi\u0107eve grupe za \u0161verc cigareta\"}]},{\"@type\":\"WebSite\",\"@id\":\"https:\/\/dmcsrb.com\/#website\",\"url\":\"https:\/\/dmcsrb.com\/\",\"name\":\"dmcsrb.com\",\"description\":\"\",\"potentialAction\":[{\"@type\":\"SearchAction\",\"target\":{\"@type\":\"EntryPoint\",\"urlTemplate\":\"https:\/\/dmcsrb.com\/?s={search_term_string}\"},\"query-input\":{\"@type\":\"PropertyValueSpecification\",\"valueRequired\":true,\"valueName\":\"search_term_string\"}}],\"inLanguage\":\"en-GB\"},{\"@type\":\"Person\",\"@id\":\"https:\/\/dmcsrb.com\/#\/schema\/person\/5c39170f12db1b8b457732d0b5c854e2\",\"name\":\"dmcsrbija.com@gmail.com\",\"image\":{\"@type\":\"ImageObject\",\"inLanguage\":\"en-GB\",\"@id\":\"https:\/\/dmcsrb.com\/#\/schema\/person\/image\/\",\"url\":\"https:\/\/secure.gravatar.com\/avatar\/68592660ad6347fad0fb587f8d5d8f1a7b44961362f56e4f2cd524feb87e9069?s=96&d=mm&r=g\",\"contentUrl\":\"https:\/\/secure.gravatar.com\/avatar\/68592660ad6347fad0fb587f8d5d8f1a7b44961362f56e4f2cd524feb87e9069?s=96&d=mm&r=g\",\"caption\":\"dmcsrbija.com@gmail.com\"},\"sameAs\":[\"https:\/\/dmcsrb.com\"],\"url\":\"https:\/\/dmcsrb.com\/en\/author\/dmcsrbija-comgmail-com\/\"}]}<\/script>\n<!-- \/ Yoast SEO plugin. -->","yoast_head_json":{"title":"Vi\u0161i sud potvrdio jedinstvenu optu\u017enicu protiv Mijajlovi\u0107eve i Petranovi\u0107eve grupe za \u0161verc cigareta - dmcsrb.com","robots":{"index":"index","follow":"follow","max-snippet":"max-snippet:-1","max-image-preview":"max-image-preview:large","max-video-preview":"max-video-preview:-1"},"canonical":"https:\/\/dmcsrb.com\/en\/hronika\/visi-sud-potvrdio-jedinstvenu-optuznicu-protiv-mijajloviceve-i-petranoviceve-grupe-za-sverc-cigareta\/","og_locale":"en_GB","og_type":"article","og_title":"Vi\u0161i sud potvrdio jedinstvenu optu\u017enicu protiv Mijajlovi\u0107eve i Petranovi\u0107eve grupe za \u0161verc cigareta - dmcsrb.com","og_description":"Vije\u0107e Vi\u0161eg suda u Podgorici potvrdilo je tri optu\u017enice Specijalnog dr\u017eavnog tu\u017eila\u0161tva, koje su polovinom septembra spojene u jednu, kako bi se donijela jedinstvena odluka o ulogama kriminalne organizacije u \u0161vercu tovara cigareta preko Luke Bar.","og_url":"https:\/\/dmcsrb.com\/en\/hronika\/visi-sud-potvrdio-jedinstvenu-optuznicu-protiv-mijajloviceve-i-petranoviceve-grupe-za-sverc-cigareta\/","og_site_name":"dmcsrb.com","article_published_time":"2025-12-03T10:33:57+00:00","og_image":[{"width":1726,"height":879,"url":"https:\/\/dmcsrb.com\/wp-content\/uploads\/2026\/01\/Visi-sud-foto-gradski.me_.jpg","type":"image\/jpeg"}],"author":"dmcsrbija.com@gmail.com","twitter_card":"summary_large_image","twitter_misc":{"Written by":"dmcsrbija.com@gmail.com","Estimated reading time":"3 minutes"},"schema":{"@context":"https:\/\/schema.org","@graph":[{"@type":"Article","@id":"https:\/\/dmcsrb.com\/hronika\/visi-sud-potvrdio-jedinstvenu-optuznicu-protiv-mijajloviceve-i-petranoviceve-grupe-za-sverc-cigareta\/#article","isPartOf":{"@id":"https:\/\/dmcsrb.com\/hronika\/visi-sud-potvrdio-jedinstvenu-optuznicu-protiv-mijajloviceve-i-petranoviceve-grupe-za-sverc-cigareta\/"},"author":{"name":"dmcsrbija.com@gmail.com","@id":"https:\/\/dmcsrb.com\/#\/schema\/person\/5c39170f12db1b8b457732d0b5c854e2"},"headline":"Vi\u0161i sud potvrdio jedinstvenu optu\u017enicu protiv Mijajlovi\u0107eve i Petranovi\u0107eve grupe za \u0161verc cigareta","datePublished":"2025-12-03T10:33:57+00:00","mainEntityOfPage":{"@id":"https:\/\/dmcsrb.com\/hronika\/visi-sud-potvrdio-jedinstvenu-optuznicu-protiv-mijajloviceve-i-petranoviceve-grupe-za-sverc-cigareta\/"},"wordCount":642,"commentCount":0,"image":{"@id":"https:\/\/dmcsrb.com\/hronika\/visi-sud-potvrdio-jedinstvenu-optuznicu-protiv-mijajloviceve-i-petranoviceve-grupe-za-sverc-cigareta\/#primaryimage"},"thumbnailUrl":"https:\/\/dmcsrb.com\/wp-content\/uploads\/2026\/01\/Visi-sud-foto-gradski.me_.jpg","keywords":["Optu\u017enica","Visi sud"],"articleSection":["Hronika"],"inLanguage":"en-GB","potentialAction":[{"@type":"CommentAction","name":"Comment","target":["https:\/\/dmcsrb.com\/hronika\/visi-sud-potvrdio-jedinstvenu-optuznicu-protiv-mijajloviceve-i-petranoviceve-grupe-za-sverc-cigareta\/#respond"]}]},{"@type":"WebPage","@id":"https:\/\/dmcsrb.com\/hronika\/visi-sud-potvrdio-jedinstvenu-optuznicu-protiv-mijajloviceve-i-petranoviceve-grupe-za-sverc-cigareta\/","url":"https:\/\/dmcsrb.com\/hronika\/visi-sud-potvrdio-jedinstvenu-optuznicu-protiv-mijajloviceve-i-petranoviceve-grupe-za-sverc-cigareta\/","name":"Vi\u0161i sud potvrdio jedinstvenu optu\u017enicu protiv Mijajlovi\u0107eve i Petranovi\u0107eve grupe za \u0161verc cigareta - dmcsrb.com","isPartOf":{"@id":"https:\/\/dmcsrb.com\/#website"},"primaryImageOfPage":{"@id":"https:\/\/dmcsrb.com\/hronika\/visi-sud-potvrdio-jedinstvenu-optuznicu-protiv-mijajloviceve-i-petranoviceve-grupe-za-sverc-cigareta\/#primaryimage"},"image":{"@id":"https:\/\/dmcsrb.com\/hronika\/visi-sud-potvrdio-jedinstvenu-optuznicu-protiv-mijajloviceve-i-petranoviceve-grupe-za-sverc-cigareta\/#primaryimage"},"thumbnailUrl":"https:\/\/dmcsrb.com\/wp-content\/uploads\/2026\/01\/Visi-sud-foto-gradski.me_.jpg","datePublished":"2025-12-03T10:33:57+00:00","author":{"@id":"https:\/\/dmcsrb.com\/#\/schema\/person\/5c39170f12db1b8b457732d0b5c854e2"},"breadcrumb":{"@id":"https:\/\/dmcsrb.com\/hronika\/visi-sud-potvrdio-jedinstvenu-optuznicu-protiv-mijajloviceve-i-petranoviceve-grupe-za-sverc-cigareta\/#breadcrumb"},"inLanguage":"en-GB","potentialAction":[{"@type":"ReadAction","target":["https:\/\/dmcsrb.com\/hronika\/visi-sud-potvrdio-jedinstvenu-optuznicu-protiv-mijajloviceve-i-petranoviceve-grupe-za-sverc-cigareta\/"]}]},{"@type":"ImageObject","inLanguage":"en-GB","@id":"https:\/\/dmcsrb.com\/hronika\/visi-sud-potvrdio-jedinstvenu-optuznicu-protiv-mijajloviceve-i-petranoviceve-grupe-za-sverc-cigareta\/#primaryimage","url":"https:\/\/dmcsrb.com\/wp-content\/uploads\/2026\/01\/Visi-sud-foto-gradski.me_.jpg","contentUrl":"https:\/\/dmcsrb.com\/wp-content\/uploads\/2026\/01\/Visi-sud-foto-gradski.me_.jpg","width":1726,"height":879},{"@type":"BreadcrumbList","@id":"https:\/\/dmcsrb.com\/hronika\/visi-sud-potvrdio-jedinstvenu-optuznicu-protiv-mijajloviceve-i-petranoviceve-grupe-za-sverc-cigareta\/#breadcrumb","itemListElement":[{"@type":"ListItem","position":1,"name":"Home","item":"https:\/\/dmcsrb.com\/"},{"@type":"ListItem","position":2,"name":"Vi\u0161i sud potvrdio jedinstvenu optu\u017enicu protiv Mijajlovi\u0107eve i Petranovi\u0107eve grupe za \u0161verc cigareta"}]},{"@type":"WebSite","@id":"https:\/\/dmcsrb.com\/#website","url":"https:\/\/dmcsrb.com\/","name":"dmcsrb.com","description":"","potentialAction":[{"@type":"SearchAction","target":{"@type":"EntryPoint","urlTemplate":"https:\/\/dmcsrb.com\/?s={search_term_string}"},"query-input":{"@type":"PropertyValueSpecification","valueRequired":true,"valueName":"search_term_string"}}],"inLanguage":"en-GB"},{"@type":"Person","@id":"https:\/\/dmcsrb.com\/#\/schema\/person\/5c39170f12db1b8b457732d0b5c854e2","name":"dmcsrbija.com@gmail.com","image":{"@type":"ImageObject","inLanguage":"en-GB","@id":"https:\/\/dmcsrb.com\/#\/schema\/person\/image\/","url":"https:\/\/secure.gravatar.com\/avatar\/68592660ad6347fad0fb587f8d5d8f1a7b44961362f56e4f2cd524feb87e9069?s=96&d=mm&r=g","contentUrl":"https:\/\/secure.gravatar.com\/avatar\/68592660ad6347fad0fb587f8d5d8f1a7b44961362f56e4f2cd524feb87e9069?s=96&d=mm&r=g","caption":"dmcsrbija.com@gmail.com"},"sameAs":["https:\/\/dmcsrb.com"],"url":"https:\/\/dmcsrb.com\/en\/author\/dmcsrbija-comgmail-com\/"}]}},"_links":{"self":[{"href":"https:\/\/dmcsrb.com\/en\/wp-json\/wp\/v2\/posts\/909404","targetHints":{"allow":["GET"]}}],"collection":[{"href":"https:\/\/dmcsrb.com\/en\/wp-json\/wp\/v2\/posts"}],"about":[{"href":"https:\/\/dmcsrb.com\/en\/wp-json\/wp\/v2\/types\/post"}],"author":[{"embeddable":true,"href":"https:\/\/dmcsrb.com\/en\/wp-json\/wp\/v2\/users\/1"}],"replies":[{"embeddable":true,"href":"https:\/\/dmcsrb.com\/en\/wp-json\/wp\/v2\/comments?post=909404"}],"version-history":[{"count":0,"href":"https:\/\/dmcsrb.com\/en\/wp-json\/wp\/v2\/posts\/909404\/revisions"}],"wp:featuredmedia":[{"embeddable":true,"href":"https:\/\/dmcsrb.com\/en\/wp-json\/wp\/v2\/media\/908927"}],"wp:attachment":[{"href":"https:\/\/dmcsrb.com\/en\/wp-json\/wp\/v2\/media?parent=909404"}],"wp:term":[{"taxonomy":"category","embeddable":true,"href":"https:\/\/dmcsrb.com\/en\/wp-json\/wp\/v2\/categories?post=909404"},{"taxonomy":"post_tag","embeddable":true,"href":"https:\/\/dmcsrb.com\/en\/wp-json\/wp\/v2\/tags?post=909404"},{"taxonomy":"naslovna","embeddable":true,"href":"https:\/\/dmcsrb.com\/en\/wp-json\/wp\/v2\/naslovna?post=909404"}],"curies":[{"name":"wp","href":"https:\/\/api.w.org\/{rel}","templated":true}]}}