{"id":909344,"date":"2025-12-03T08:05:18","date_gmt":"2025-12-03T07:05:18","guid":{"rendered":"https:\/\/dmcsrb.com\/uncategorized\/u-crnoj-gori-preko-33-000-lica-sa-invaliditetom\/"},"modified":"2025-12-03T08:05:18","modified_gmt":"2025-12-03T07:05:18","slug":"u-crnoj-gori-preko-33-000-lica-sa-invaliditetom","status":"publish","type":"post","link":"https:\/\/dmcsrb.com\/en\/drustvo\/u-crnoj-gori-preko-33-000-lica-sa-invaliditetom\/","title":{"rendered":"U Crnoj Gori preko 33.000 lica sa invaliditetom"},"content":{"rendered":"<p><\/p>\n\n\n\n<p><br>&#8220;U Crnoj Gori, vi\u0161e od 33.000 osoba ima status lica sa invaliditetom, dok oko 53.000 ljudi ima barem jednu smetnju u obavljanju svakodnevnih aktivnosti. Podaci pokazuju da osobe sa invaliditetom i dalje \u010desto nemaju adekvatan pristup obrazovanju, zdravstvenim i rehabilitacionim uslugama, \u0161to ukazuje na potrebu za aktivnom inkluzijom i podr\u0161kom u dru\u0161tvu.<br>Fondacija Mentorium nagla\u0161ava da inkluzivno dru\u0161tvo zna\u010di uklanjanje svih barijera koje spre\u010davaju osobe sa invaliditetom da ravnopravno u\u010destvuju u \u017eivotu zajednice. Aktivnosti Fondacije uklju\u010duju podr\u0161ku djeci i mladima sa smetnjama u razvoju, promociju mentalnog zdravlja, edukativne i kreativne radionice, kao i zagovaranje prava osoba sa invaliditetom.<br>\u201eNa\u0161a misija je da gradimo mostove razumijevanja, podr\u0161ke i empatije \u2013 jer nijedno dijete i nijedna osoba ne smije biti isklju\u010dena ili zapostavljena\u201c, poru\u010duje Fondacija Mentorium.<\/p>\n\n\n\n<p><br>Fondacija Mentorium poziva gra\u0111ane, institucije i organizacije da se uklju\u010de u promociju inkluzije i podr\u0161ke osobama sa invaliditetom, jer svaki \u010din solidarnosti doprinosi ja\u010danju zajednice.\u00a0<\/p>","protected":false},"excerpt":{"rendered":"<p>Povodom Me\u0111unarodnog dana osoba sa invaliditetom, Fondacija Mentorium isti\u010de va\u017enost inkluzije, ravnopravnosti i pru\u017eanja podr\u0161ke osobama sa posebnim potrebama, naro\u010dito djeci sa smetnjama u razvoju i djeci bez roditeljskog staranja, navodi se u saop\u0161tenju.<\/p>","protected":false},"author":1,"featured_media":909345,"comment_status":"open","ping_status":"open","sticky":false,"template":"","format":"standard","meta":{"_acf_changed":false,"footnotes":""},"categories":[2],"tags":[95,680],"naslovna":[],"class_list":["post-909344","post","type-post","status-publish","format-standard","has-post-thumbnail","hentry","category-drustvo","tag-crna-gora","tag-osobe-sa-invaliditetom"],"acf":[],"yoast_head":"<!-- This site is optimized with the Yoast SEO plugin v27.0 - https:\/\/yoast.com\/product\/yoast-seo-wordpress\/ -->\n<title>U Crnoj Gori preko 33.000 lica sa invaliditetom - dmcsrb.com<\/title>\n<meta name=\"robots\" content=\"index, follow, max-snippet:-1, max-image-preview:large, max-video-preview:-1\" \/>\n<link rel=\"canonical\" href=\"https:\/\/dmcsrb.com\/en\/drustvo\/u-crnoj-gori-preko-33-000-lica-sa-invaliditetom\/\" \/>\n<meta property=\"og:locale\" content=\"en_GB\" \/>\n<meta property=\"og:type\" content=\"article\" \/>\n<meta property=\"og:title\" content=\"U Crnoj Gori preko 33.000 lica sa invaliditetom - dmcsrb.com\" \/>\n<meta property=\"og:description\" content=\"Povodom Me\u0111unarodnog dana osoba sa invaliditetom, Fondacija Mentorium isti\u010de va\u017enost inkluzije, ravnopravnosti i pru\u017eanja podr\u0161ke osobama sa posebnim potrebama, naro\u010dito djeci sa smetnjama u razvoju i djeci bez roditeljskog staranja, navodi se u saop\u0161tenju.\" \/>\n<meta property=\"og:url\" content=\"https:\/\/dmcsrb.com\/en\/drustvo\/u-crnoj-gori-preko-33-000-lica-sa-invaliditetom\/\" \/>\n<meta property=\"og:site_name\" content=\"dmcsrb.com\" \/>\n<meta property=\"article:published_time\" content=\"2025-12-03T07:05:18+00:00\" \/>\n<meta property=\"og:image\" content=\"https:\/\/dmcsrb.com\/wp-content\/uploads\/2026\/01\/wheelchair-1230101_1280.jpg\" \/>\n\t<meta property=\"og:image:width\" content=\"1280\" \/>\n\t<meta property=\"og:image:height\" content=\"720\" \/>\n\t<meta property=\"og:image:type\" content=\"image\/jpeg\" \/>\n<meta name=\"author\" content=\"dmcsrbija.com@gmail.com\" \/>\n<meta name=\"twitter:card\" content=\"summary_large_image\" \/>\n<meta name=\"twitter:label1\" content=\"Written by\" \/>\n\t<meta name=\"twitter:data1\" content=\"dmcsrbija.com@gmail.com\" \/>\n\t<meta name=\"twitter:label2\" content=\"Estimated reading time\" \/>\n\t<meta name=\"twitter:data2\" content=\"1 minute\" \/>\n<script type=\"application\/ld+json\" class=\"yoast-schema-graph\">{\"@context\":\"https:\/\/schema.org\",\"@graph\":[{\"@type\":\"Article\",\"@id\":\"https:\/\/dmcsrb.com\/drustvo\/u-crnoj-gori-preko-33-000-lica-sa-invaliditetom\/#article\",\"isPartOf\":{\"@id\":\"https:\/\/dmcsrb.com\/drustvo\/u-crnoj-gori-preko-33-000-lica-sa-invaliditetom\/\"},\"author\":{\"name\":\"dmcsrbija.com@gmail.com\",\"@id\":\"https:\/\/dmcsrb.com\/#\/schema\/person\/5c39170f12db1b8b457732d0b5c854e2\"},\"headline\":\"U Crnoj Gori preko 33.000 lica sa invaliditetom\",\"datePublished\":\"2025-12-03T07:05:18+00:00\",\"mainEntityOfPage\":{\"@id\":\"https:\/\/dmcsrb.com\/drustvo\/u-crnoj-gori-preko-33-000-lica-sa-invaliditetom\/\"},\"wordCount\":171,\"commentCount\":0,\"image\":{\"@id\":\"https:\/\/dmcsrb.com\/drustvo\/u-crnoj-gori-preko-33-000-lica-sa-invaliditetom\/#primaryimage\"},\"thumbnailUrl\":\"https:\/\/dmcsrb.com\/wp-content\/uploads\/2026\/01\/wheelchair-1230101_1280.jpg\",\"keywords\":[\"Crna Gora\",\"osobe sa invaliditetom\"],\"articleSection\":[\"Dru\u0161tvo\"],\"inLanguage\":\"en-GB\",\"potentialAction\":[{\"@type\":\"CommentAction\",\"name\":\"Comment\",\"target\":[\"https:\/\/dmcsrb.com\/drustvo\/u-crnoj-gori-preko-33-000-lica-sa-invaliditetom\/#respond\"]}]},{\"@type\":\"WebPage\",\"@id\":\"https:\/\/dmcsrb.com\/drustvo\/u-crnoj-gori-preko-33-000-lica-sa-invaliditetom\/\",\"url\":\"https:\/\/dmcsrb.com\/drustvo\/u-crnoj-gori-preko-33-000-lica-sa-invaliditetom\/\",\"name\":\"U Crnoj Gori preko 33.000 lica sa invaliditetom - dmcsrb.com\",\"isPartOf\":{\"@id\":\"https:\/\/dmcsrb.com\/#website\"},\"primaryImageOfPage\":{\"@id\":\"https:\/\/dmcsrb.com\/drustvo\/u-crnoj-gori-preko-33-000-lica-sa-invaliditetom\/#primaryimage\"},\"image\":{\"@id\":\"https:\/\/dmcsrb.com\/drustvo\/u-crnoj-gori-preko-33-000-lica-sa-invaliditetom\/#primaryimage\"},\"thumbnailUrl\":\"https:\/\/dmcsrb.com\/wp-content\/uploads\/2026\/01\/wheelchair-1230101_1280.jpg\",\"datePublished\":\"2025-12-03T07:05:18+00:00\",\"author\":{\"@id\":\"https:\/\/dmcsrb.com\/#\/schema\/person\/5c39170f12db1b8b457732d0b5c854e2\"},\"breadcrumb\":{\"@id\":\"https:\/\/dmcsrb.com\/drustvo\/u-crnoj-gori-preko-33-000-lica-sa-invaliditetom\/#breadcrumb\"},\"inLanguage\":\"en-GB\",\"potentialAction\":[{\"@type\":\"ReadAction\",\"target\":[\"https:\/\/dmcsrb.com\/drustvo\/u-crnoj-gori-preko-33-000-lica-sa-invaliditetom\/\"]}]},{\"@type\":\"ImageObject\",\"inLanguage\":\"en-GB\",\"@id\":\"https:\/\/dmcsrb.com\/drustvo\/u-crnoj-gori-preko-33-000-lica-sa-invaliditetom\/#primaryimage\",\"url\":\"https:\/\/dmcsrb.com\/wp-content\/uploads\/2026\/01\/wheelchair-1230101_1280.jpg\",\"contentUrl\":\"https:\/\/dmcsrb.com\/wp-content\/uploads\/2026\/01\/wheelchair-1230101_1280.jpg\",\"width\":1280,\"height\":720},{\"@type\":\"BreadcrumbList\",\"@id\":\"https:\/\/dmcsrb.com\/drustvo\/u-crnoj-gori-preko-33-000-lica-sa-invaliditetom\/#breadcrumb\",\"itemListElement\":[{\"@type\":\"ListItem\",\"position\":1,\"name\":\"Home\",\"item\":\"https:\/\/dmcsrb.com\/\"},{\"@type\":\"ListItem\",\"position\":2,\"name\":\"U Crnoj Gori preko 33.000 lica sa invaliditetom\"}]},{\"@type\":\"WebSite\",\"@id\":\"https:\/\/dmcsrb.com\/#website\",\"url\":\"https:\/\/dmcsrb.com\/\",\"name\":\"dmcsrb.com\",\"description\":\"\",\"potentialAction\":[{\"@type\":\"SearchAction\",\"target\":{\"@type\":\"EntryPoint\",\"urlTemplate\":\"https:\/\/dmcsrb.com\/?s={search_term_string}\"},\"query-input\":{\"@type\":\"PropertyValueSpecification\",\"valueRequired\":true,\"valueName\":\"search_term_string\"}}],\"inLanguage\":\"en-GB\"},{\"@type\":\"Person\",\"@id\":\"https:\/\/dmcsrb.com\/#\/schema\/person\/5c39170f12db1b8b457732d0b5c854e2\",\"name\":\"dmcsrbija.com@gmail.com\",\"image\":{\"@type\":\"ImageObject\",\"inLanguage\":\"en-GB\",\"@id\":\"https:\/\/dmcsrb.com\/#\/schema\/person\/image\/\",\"url\":\"https:\/\/secure.gravatar.com\/avatar\/68592660ad6347fad0fb587f8d5d8f1a7b44961362f56e4f2cd524feb87e9069?s=96&d=mm&r=g\",\"contentUrl\":\"https:\/\/secure.gravatar.com\/avatar\/68592660ad6347fad0fb587f8d5d8f1a7b44961362f56e4f2cd524feb87e9069?s=96&d=mm&r=g\",\"caption\":\"dmcsrbija.com@gmail.com\"},\"sameAs\":[\"https:\/\/dmcsrb.com\"],\"url\":\"https:\/\/dmcsrb.com\/en\/author\/dmcsrbija-comgmail-com\/\"}]}<\/script>\n<!-- \/ Yoast SEO plugin. -->","yoast_head_json":{"title":"U Crnoj Gori preko 33.000 lica sa invaliditetom - dmcsrb.com","robots":{"index":"index","follow":"follow","max-snippet":"max-snippet:-1","max-image-preview":"max-image-preview:large","max-video-preview":"max-video-preview:-1"},"canonical":"https:\/\/dmcsrb.com\/en\/drustvo\/u-crnoj-gori-preko-33-000-lica-sa-invaliditetom\/","og_locale":"en_GB","og_type":"article","og_title":"U Crnoj Gori preko 33.000 lica sa invaliditetom - dmcsrb.com","og_description":"Povodom Me\u0111unarodnog dana osoba sa invaliditetom, Fondacija Mentorium isti\u010de va\u017enost inkluzije, ravnopravnosti i pru\u017eanja podr\u0161ke osobama sa posebnim potrebama, naro\u010dito djeci sa smetnjama u razvoju i djeci bez roditeljskog staranja, navodi se u saop\u0161tenju.","og_url":"https:\/\/dmcsrb.com\/en\/drustvo\/u-crnoj-gori-preko-33-000-lica-sa-invaliditetom\/","og_site_name":"dmcsrb.com","article_published_time":"2025-12-03T07:05:18+00:00","og_image":[{"width":1280,"height":720,"url":"https:\/\/dmcsrb.com\/wp-content\/uploads\/2026\/01\/wheelchair-1230101_1280.jpg","type":"image\/jpeg"}],"author":"dmcsrbija.com@gmail.com","twitter_card":"summary_large_image","twitter_misc":{"Written by":"dmcsrbija.com@gmail.com","Estimated reading time":"1 minute"},"schema":{"@context":"https:\/\/schema.org","@graph":[{"@type":"Article","@id":"https:\/\/dmcsrb.com\/drustvo\/u-crnoj-gori-preko-33-000-lica-sa-invaliditetom\/#article","isPartOf":{"@id":"https:\/\/dmcsrb.com\/drustvo\/u-crnoj-gori-preko-33-000-lica-sa-invaliditetom\/"},"author":{"name":"dmcsrbija.com@gmail.com","@id":"https:\/\/dmcsrb.com\/#\/schema\/person\/5c39170f12db1b8b457732d0b5c854e2"},"headline":"U Crnoj Gori preko 33.000 lica sa invaliditetom","datePublished":"2025-12-03T07:05:18+00:00","mainEntityOfPage":{"@id":"https:\/\/dmcsrb.com\/drustvo\/u-crnoj-gori-preko-33-000-lica-sa-invaliditetom\/"},"wordCount":171,"commentCount":0,"image":{"@id":"https:\/\/dmcsrb.com\/drustvo\/u-crnoj-gori-preko-33-000-lica-sa-invaliditetom\/#primaryimage"},"thumbnailUrl":"https:\/\/dmcsrb.com\/wp-content\/uploads\/2026\/01\/wheelchair-1230101_1280.jpg","keywords":["Crna Gora","osobe sa invaliditetom"],"articleSection":["Dru\u0161tvo"],"inLanguage":"en-GB","potentialAction":[{"@type":"CommentAction","name":"Comment","target":["https:\/\/dmcsrb.com\/drustvo\/u-crnoj-gori-preko-33-000-lica-sa-invaliditetom\/#respond"]}]},{"@type":"WebPage","@id":"https:\/\/dmcsrb.com\/drustvo\/u-crnoj-gori-preko-33-000-lica-sa-invaliditetom\/","url":"https:\/\/dmcsrb.com\/drustvo\/u-crnoj-gori-preko-33-000-lica-sa-invaliditetom\/","name":"U Crnoj Gori preko 33.000 lica sa invaliditetom - dmcsrb.com","isPartOf":{"@id":"https:\/\/dmcsrb.com\/#website"},"primaryImageOfPage":{"@id":"https:\/\/dmcsrb.com\/drustvo\/u-crnoj-gori-preko-33-000-lica-sa-invaliditetom\/#primaryimage"},"image":{"@id":"https:\/\/dmcsrb.com\/drustvo\/u-crnoj-gori-preko-33-000-lica-sa-invaliditetom\/#primaryimage"},"thumbnailUrl":"https:\/\/dmcsrb.com\/wp-content\/uploads\/2026\/01\/wheelchair-1230101_1280.jpg","datePublished":"2025-12-03T07:05:18+00:00","author":{"@id":"https:\/\/dmcsrb.com\/#\/schema\/person\/5c39170f12db1b8b457732d0b5c854e2"},"breadcrumb":{"@id":"https:\/\/dmcsrb.com\/drustvo\/u-crnoj-gori-preko-33-000-lica-sa-invaliditetom\/#breadcrumb"},"inLanguage":"en-GB","potentialAction":[{"@type":"ReadAction","target":["https:\/\/dmcsrb.com\/drustvo\/u-crnoj-gori-preko-33-000-lica-sa-invaliditetom\/"]}]},{"@type":"ImageObject","inLanguage":"en-GB","@id":"https:\/\/dmcsrb.com\/drustvo\/u-crnoj-gori-preko-33-000-lica-sa-invaliditetom\/#primaryimage","url":"https:\/\/dmcsrb.com\/wp-content\/uploads\/2026\/01\/wheelchair-1230101_1280.jpg","contentUrl":"https:\/\/dmcsrb.com\/wp-content\/uploads\/2026\/01\/wheelchair-1230101_1280.jpg","width":1280,"height":720},{"@type":"BreadcrumbList","@id":"https:\/\/dmcsrb.com\/drustvo\/u-crnoj-gori-preko-33-000-lica-sa-invaliditetom\/#breadcrumb","itemListElement":[{"@type":"ListItem","position":1,"name":"Home","item":"https:\/\/dmcsrb.com\/"},{"@type":"ListItem","position":2,"name":"U Crnoj Gori preko 33.000 lica sa invaliditetom"}]},{"@type":"WebSite","@id":"https:\/\/dmcsrb.com\/#website","url":"https:\/\/dmcsrb.com\/","name":"dmcsrb.com","description":"","potentialAction":[{"@type":"SearchAction","target":{"@type":"EntryPoint","urlTemplate":"https:\/\/dmcsrb.com\/?s={search_term_string}"},"query-input":{"@type":"PropertyValueSpecification","valueRequired":true,"valueName":"search_term_string"}}],"inLanguage":"en-GB"},{"@type":"Person","@id":"https:\/\/dmcsrb.com\/#\/schema\/person\/5c39170f12db1b8b457732d0b5c854e2","name":"dmcsrbija.com@gmail.com","image":{"@type":"ImageObject","inLanguage":"en-GB","@id":"https:\/\/dmcsrb.com\/#\/schema\/person\/image\/","url":"https:\/\/secure.gravatar.com\/avatar\/68592660ad6347fad0fb587f8d5d8f1a7b44961362f56e4f2cd524feb87e9069?s=96&d=mm&r=g","contentUrl":"https:\/\/secure.gravatar.com\/avatar\/68592660ad6347fad0fb587f8d5d8f1a7b44961362f56e4f2cd524feb87e9069?s=96&d=mm&r=g","caption":"dmcsrbija.com@gmail.com"},"sameAs":["https:\/\/dmcsrb.com"],"url":"https:\/\/dmcsrb.com\/en\/author\/dmcsrbija-comgmail-com\/"}]}},"_links":{"self":[{"href":"https:\/\/dmcsrb.com\/en\/wp-json\/wp\/v2\/posts\/909344","targetHints":{"allow":["GET"]}}],"collection":[{"href":"https:\/\/dmcsrb.com\/en\/wp-json\/wp\/v2\/posts"}],"about":[{"href":"https:\/\/dmcsrb.com\/en\/wp-json\/wp\/v2\/types\/post"}],"author":[{"embeddable":true,"href":"https:\/\/dmcsrb.com\/en\/wp-json\/wp\/v2\/users\/1"}],"replies":[{"embeddable":true,"href":"https:\/\/dmcsrb.com\/en\/wp-json\/wp\/v2\/comments?post=909344"}],"version-history":[{"count":0,"href":"https:\/\/dmcsrb.com\/en\/wp-json\/wp\/v2\/posts\/909344\/revisions"}],"wp:featuredmedia":[{"embeddable":true,"href":"https:\/\/dmcsrb.com\/en\/wp-json\/wp\/v2\/media\/909345"}],"wp:attachment":[{"href":"https:\/\/dmcsrb.com\/en\/wp-json\/wp\/v2\/media?parent=909344"}],"wp:term":[{"taxonomy":"category","embeddable":true,"href":"https:\/\/dmcsrb.com\/en\/wp-json\/wp\/v2\/categories?post=909344"},{"taxonomy":"post_tag","embeddable":true,"href":"https:\/\/dmcsrb.com\/en\/wp-json\/wp\/v2\/tags?post=909344"},{"taxonomy":"naslovna","embeddable":true,"href":"https:\/\/dmcsrb.com\/en\/wp-json\/wp\/v2\/naslovna?post=909344"}],"curies":[{"name":"wp","href":"https:\/\/api.w.org\/{rel}","templated":true}]}}