{"id":909321,"date":"2025-12-02T23:08:00","date_gmt":"2025-12-02T22:08:00","guid":{"rendered":"https:\/\/dmcsrb.com\/uncategorized\/nisic-bicu-ponosna-kad-se-usvoji-odluka-o-uvodjenju-sedmocasovnog-radnog-vremena\/"},"modified":"2025-12-02T23:08:00","modified_gmt":"2025-12-02T22:08:00","slug":"nisic-bicu-ponosna-kad-se-usvoji-odluka-o-uvodjenju-sedmocasovnog-radnog-vremena","status":"publish","type":"post","link":"https:\/\/dmcsrb.com\/en\/ekonomija\/nisic-bicu-ponosna-kad-se-usvoji-odluka-o-uvodjenju-sedmocasovnog-radnog-vremena\/","title":{"rendered":"Ni\u0161i\u0107: Bi\u0107u ponosna kad se usvoji odluka o uvo\u0111enju sedmo\u010dasovnog radnog vremena"},"content":{"rendered":"<p><\/p>\n\n\n\n<p>\u201cTo se ne odnosi samo na plate mu\u0161karaca i \u017eena, ve\u0107 i osoba sa invaliditetom. Ta praksa je ve\u0107 za\u017eivjela u javnom sektoru, ali tako treba da bude i u privatnom sektoru\u201d, naglasila je Ni\u0161i\u0107.<\/p>\n\n\n\n<p>Ona je istakla da je premijer <strong>Milojko Spaji\u0107<\/strong> podr\u017eao pove\u0107anje dje\u010dijih dodataka.<\/p>\n\n\n\n<p>\u201cOpozicija, kad predla\u017ee ne\u0161to, mora navesti kako se to mo\u017ee izvesti \u0161to se ti\u010de prihodne strane. U suprotnom svi bi mogli predlo\u017eiti brojne zahtjeve, ali pitanje je kako se to odra\u017eava na bud\u017eet i na projekcije Ministarstva finansija\u201d, kazala je Ni\u0161i\u0107.<\/p>\n\n\n\n<p>Prema njenim rije\u010dima, Zakon o strancima je jedan od krovnih zakona.<\/p>\n\n\n\n<p>\u201cNovi zakon donije\u0107e ve\u0107u kontrolu i digitalizovani sistem. Dio oko radnih dozvola i stranaca sam pro\u0161la kao pripravnik. Kad neko do\u0111e u Crnu Goru sigurni ne\u0107e \u010dekati 45 dana da bu dobio radnu dozvolu i po\u010deo da radi. U slu\u010daju kad je dolazak stranaca po osnovu rada, provjere treba odraditi prije nego \u0161to do\u0111e ovdje i da im se u kratkom roku omogu\u0107i da dobije boravi\u0161nu i radnu dozvolu\u201d, podvukla je Ni\u0161i\u0107.<\/p>\n\n\n\n<p>Ocijenila je da je svaki zakon koji do kraja ne defini\u0161e neke stvari sklon zloupotrebama.<\/p>\n\n\n\n<p>\u201cNedavno smo imali slu\u010daj da je u stanu od 40 kvadrata registrovano da \u017eivi 40 ljudi, \u0161to je fizi\u010dki neizvodljivo\u201d, podsjetila je ministarka.<\/p>\n\n\n\n<p>Kako je naglasila, nastavi\u0107e se akcija popisivanja stanova koje su \u0161ti\u0107enici domova za stare ostavljali dr\u017eavi.<\/p>\n\n\n\n<p>\u201cVjerujem da \u0107e se zavr\u0161iti taj proces do kraja. Centri kao \u0161to su Nik\u0161i\u0107, dio Berana, Podgorica, Budva\u2026 svi imaju dio imovine. Sigurna sam da, kad se svedu ra\u010duni, \u0107e se stvari istjerati na \u010distac. Ako se utvrde zloupotrebe nadam se da \u0107e krivci odgovarati za zloupotrebu slu\u017ebenog polo\u017eaja\u201d, kazala je Ni\u0161i\u0107.<\/p>\n\n\n\n<p>Naglasila je da je posebno ponosna na svoj tim i saradnju sa socijalnim partnerima.<\/p>\n\n\n\n<p>\u201cCijeli proces koji smo iznijeli zajedni\u010dki. Pove\u0107anje minimalne zarade i penzija je pro\u0161lo kroz ovaj resor, a bi\u0107u ponosna i kad se usvoji odluka o uvo\u0111enju sedmo\u010dasovnog radnog vremena. \u0160to se ti\u010de vje\u0161ta\u010dke inteligencije, ona ne mo\u017ee da zamjeni \u010dovjeka i ne mo\u017ee uzeti primat zaposlenima\u201d,&nbsp; rekla je Ni\u0161i\u0107.<\/p>","protected":false},"excerpt":{"rendered":"<p>Praksa po osnovu evropske direktive je pokazala da, ako kao kolege radimo isti broj radnih sati, imam pravo da pitam poslodavca kolika iznosi va\u0161a zarada, izjavila je ministarka rada, zapo\u0161ljavanja i socijalnog dijaloga Naida Ni\u0161i\u0107 gostuju\u0107i na TV Adria.<\/p>","protected":false},"author":1,"featured_media":909322,"comment_status":"open","ping_status":"open","sticky":false,"template":"","format":"standard","meta":{"_acf_changed":false,"footnotes":""},"categories":[27],"tags":[652,653],"naslovna":[],"class_list":["post-909321","post","type-post","status-publish","format-standard","has-post-thumbnail","hentry","category-ekonomija","tag-naida-nisic","tag-sedmocasovno-radno-vrijeme"],"acf":[],"yoast_head":"<!-- This site is optimized with the Yoast SEO plugin v27.4 - https:\/\/yoast.com\/product\/yoast-seo-wordpress\/ -->\n<title>Ni\u0161i\u0107: Bi\u0107u ponosna kad se usvoji odluka o uvo\u0111enju sedmo\u010dasovnog radnog vremena - dmcsrb.com<\/title>\n<meta name=\"robots\" content=\"index, follow, max-snippet:-1, max-image-preview:large, max-video-preview:-1\" \/>\n<link rel=\"canonical\" href=\"https:\/\/dmcsrb.com\/en\/ekonomija\/nisic-bicu-ponosna-kad-se-usvoji-odluka-o-uvodjenju-sedmocasovnog-radnog-vremena\/\" \/>\n<meta property=\"og:locale\" content=\"en_GB\" \/>\n<meta property=\"og:type\" content=\"article\" \/>\n<meta property=\"og:title\" content=\"Ni\u0161i\u0107: Bi\u0107u ponosna kad se usvoji odluka o uvo\u0111enju sedmo\u010dasovnog radnog vremena - dmcsrb.com\" \/>\n<meta property=\"og:description\" content=\"Praksa po osnovu evropske direktive je pokazala da, ako kao kolege radimo isti broj radnih sati, imam pravo da pitam poslodavca kolika iznosi va\u0161a zarada, izjavila je ministarka rada, zapo\u0161ljavanja i socijalnog dijaloga Naida Ni\u0161i\u0107 gostuju\u0107i na TV Adria.\" \/>\n<meta property=\"og:url\" content=\"https:\/\/dmcsrb.com\/en\/ekonomija\/nisic-bicu-ponosna-kad-se-usvoji-odluka-o-uvodjenju-sedmocasovnog-radnog-vremena\/\" \/>\n<meta property=\"og:site_name\" content=\"dmcsrb.com\" \/>\n<meta property=\"article:published_time\" content=\"2025-12-02T22:08:00+00:00\" \/>\n<meta property=\"og:image\" content=\"https:\/\/dmcsrb.com\/wp-content\/uploads\/2026\/01\/nisic.jpg\" \/>\n\t<meta property=\"og:image:width\" content=\"800\" \/>\n\t<meta property=\"og:image:height\" content=\"532\" \/>\n\t<meta property=\"og:image:type\" content=\"image\/jpeg\" \/>\n<meta name=\"author\" content=\"dmcsrbija.com@gmail.com\" \/>\n<meta name=\"twitter:card\" content=\"summary_large_image\" \/>\n<meta name=\"twitter:label1\" content=\"Written by\" \/>\n\t<meta name=\"twitter:data1\" content=\"dmcsrbija.com@gmail.com\" \/>\n\t<meta name=\"twitter:label2\" content=\"Estimated reading time\" \/>\n\t<meta name=\"twitter:data2\" content=\"2 minutes\" \/>\n<script type=\"application\/ld+json\" class=\"yoast-schema-graph\">{\"@context\":\"https:\\\/\\\/schema.org\",\"@graph\":[{\"@type\":\"Article\",\"@id\":\"https:\\\/\\\/dmcsrb.com\\\/ekonomija\\\/nisic-bicu-ponosna-kad-se-usvoji-odluka-o-uvodjenju-sedmocasovnog-radnog-vremena\\\/#article\",\"isPartOf\":{\"@id\":\"https:\\\/\\\/dmcsrb.com\\\/ekonomija\\\/nisic-bicu-ponosna-kad-se-usvoji-odluka-o-uvodjenju-sedmocasovnog-radnog-vremena\\\/\"},\"author\":{\"name\":\"dmcsrbija.com@gmail.com\",\"@id\":\"https:\\\/\\\/dmcsrb.com\\\/#\\\/schema\\\/person\\\/5c39170f12db1b8b457732d0b5c854e2\"},\"headline\":\"Ni\u0161i\u0107: Bi\u0107u ponosna kad se usvoji odluka o uvo\u0111enju sedmo\u010dasovnog radnog vremena\",\"datePublished\":\"2025-12-02T22:08:00+00:00\",\"mainEntityOfPage\":{\"@id\":\"https:\\\/\\\/dmcsrb.com\\\/ekonomija\\\/nisic-bicu-ponosna-kad-se-usvoji-odluka-o-uvodjenju-sedmocasovnog-radnog-vremena\\\/\"},\"wordCount\":404,\"commentCount\":0,\"image\":{\"@id\":\"https:\\\/\\\/dmcsrb.com\\\/ekonomija\\\/nisic-bicu-ponosna-kad-se-usvoji-odluka-o-uvodjenju-sedmocasovnog-radnog-vremena\\\/#primaryimage\"},\"thumbnailUrl\":\"https:\\\/\\\/dmcsrb.com\\\/wp-content\\\/uploads\\\/2026\\\/01\\\/nisic.jpg\",\"keywords\":[\"Naida Ni\u0161i\u0107\",\"Sedmo\u010dasovno radno vrijeme\"],\"articleSection\":[\"Ekonomija\"],\"inLanguage\":\"en-GB\",\"potentialAction\":[{\"@type\":\"CommentAction\",\"name\":\"Comment\",\"target\":[\"https:\\\/\\\/dmcsrb.com\\\/ekonomija\\\/nisic-bicu-ponosna-kad-se-usvoji-odluka-o-uvodjenju-sedmocasovnog-radnog-vremena\\\/#respond\"]}]},{\"@type\":\"WebPage\",\"@id\":\"https:\\\/\\\/dmcsrb.com\\\/ekonomija\\\/nisic-bicu-ponosna-kad-se-usvoji-odluka-o-uvodjenju-sedmocasovnog-radnog-vremena\\\/\",\"url\":\"https:\\\/\\\/dmcsrb.com\\\/ekonomija\\\/nisic-bicu-ponosna-kad-se-usvoji-odluka-o-uvodjenju-sedmocasovnog-radnog-vremena\\\/\",\"name\":\"Ni\u0161i\u0107: Bi\u0107u ponosna kad se usvoji odluka o uvo\u0111enju sedmo\u010dasovnog radnog vremena - dmcsrb.com\",\"isPartOf\":{\"@id\":\"https:\\\/\\\/dmcsrb.com\\\/#website\"},\"primaryImageOfPage\":{\"@id\":\"https:\\\/\\\/dmcsrb.com\\\/ekonomija\\\/nisic-bicu-ponosna-kad-se-usvoji-odluka-o-uvodjenju-sedmocasovnog-radnog-vremena\\\/#primaryimage\"},\"image\":{\"@id\":\"https:\\\/\\\/dmcsrb.com\\\/ekonomija\\\/nisic-bicu-ponosna-kad-se-usvoji-odluka-o-uvodjenju-sedmocasovnog-radnog-vremena\\\/#primaryimage\"},\"thumbnailUrl\":\"https:\\\/\\\/dmcsrb.com\\\/wp-content\\\/uploads\\\/2026\\\/01\\\/nisic.jpg\",\"datePublished\":\"2025-12-02T22:08:00+00:00\",\"author\":{\"@id\":\"https:\\\/\\\/dmcsrb.com\\\/#\\\/schema\\\/person\\\/5c39170f12db1b8b457732d0b5c854e2\"},\"breadcrumb\":{\"@id\":\"https:\\\/\\\/dmcsrb.com\\\/ekonomija\\\/nisic-bicu-ponosna-kad-se-usvoji-odluka-o-uvodjenju-sedmocasovnog-radnog-vremena\\\/#breadcrumb\"},\"inLanguage\":\"en-GB\",\"potentialAction\":[{\"@type\":\"ReadAction\",\"target\":[\"https:\\\/\\\/dmcsrb.com\\\/ekonomija\\\/nisic-bicu-ponosna-kad-se-usvoji-odluka-o-uvodjenju-sedmocasovnog-radnog-vremena\\\/\"]}]},{\"@type\":\"ImageObject\",\"inLanguage\":\"en-GB\",\"@id\":\"https:\\\/\\\/dmcsrb.com\\\/ekonomija\\\/nisic-bicu-ponosna-kad-se-usvoji-odluka-o-uvodjenju-sedmocasovnog-radnog-vremena\\\/#primaryimage\",\"url\":\"https:\\\/\\\/dmcsrb.com\\\/wp-content\\\/uploads\\\/2026\\\/01\\\/nisic.jpg\",\"contentUrl\":\"https:\\\/\\\/dmcsrb.com\\\/wp-content\\\/uploads\\\/2026\\\/01\\\/nisic.jpg\",\"width\":800,\"height\":532},{\"@type\":\"BreadcrumbList\",\"@id\":\"https:\\\/\\\/dmcsrb.com\\\/ekonomija\\\/nisic-bicu-ponosna-kad-se-usvoji-odluka-o-uvodjenju-sedmocasovnog-radnog-vremena\\\/#breadcrumb\",\"itemListElement\":[{\"@type\":\"ListItem\",\"position\":1,\"name\":\"Home\",\"item\":\"https:\\\/\\\/dmcsrb.com\\\/\"},{\"@type\":\"ListItem\",\"position\":2,\"name\":\"Ni\u0161i\u0107: Bi\u0107u ponosna kad se usvoji odluka o uvo\u0111enju sedmo\u010dasovnog radnog vremena\"}]},{\"@type\":\"WebSite\",\"@id\":\"https:\\\/\\\/dmcsrb.com\\\/#website\",\"url\":\"https:\\\/\\\/dmcsrb.com\\\/\",\"name\":\"dmcsrb.com\",\"description\":\"\",\"potentialAction\":[{\"@type\":\"SearchAction\",\"target\":{\"@type\":\"EntryPoint\",\"urlTemplate\":\"https:\\\/\\\/dmcsrb.com\\\/?s={search_term_string}\"},\"query-input\":{\"@type\":\"PropertyValueSpecification\",\"valueRequired\":true,\"valueName\":\"search_term_string\"}}],\"inLanguage\":\"en-GB\"},{\"@type\":\"Person\",\"@id\":\"https:\\\/\\\/dmcsrb.com\\\/#\\\/schema\\\/person\\\/5c39170f12db1b8b457732d0b5c854e2\",\"name\":\"dmcsrbija.com@gmail.com\",\"image\":{\"@type\":\"ImageObject\",\"inLanguage\":\"en-GB\",\"@id\":\"https:\\\/\\\/secure.gravatar.com\\\/avatar\\\/68592660ad6347fad0fb587f8d5d8f1a7b44961362f56e4f2cd524feb87e9069?s=96&d=mm&r=g\",\"url\":\"https:\\\/\\\/secure.gravatar.com\\\/avatar\\\/68592660ad6347fad0fb587f8d5d8f1a7b44961362f56e4f2cd524feb87e9069?s=96&d=mm&r=g\",\"contentUrl\":\"https:\\\/\\\/secure.gravatar.com\\\/avatar\\\/68592660ad6347fad0fb587f8d5d8f1a7b44961362f56e4f2cd524feb87e9069?s=96&d=mm&r=g\",\"caption\":\"dmcsrbija.com@gmail.com\"},\"sameAs\":[\"https:\\\/\\\/dmcsrb.com\"],\"url\":\"https:\\\/\\\/dmcsrb.com\\\/en\\\/author\\\/dmcsrbija-comgmail-com\\\/\"}]}<\/script>\n<!-- \/ Yoast SEO plugin. -->","yoast_head_json":{"title":"Ni\u0161i\u0107: Bi\u0107u ponosna kad se usvoji odluka o uvo\u0111enju sedmo\u010dasovnog radnog vremena - dmcsrb.com","robots":{"index":"index","follow":"follow","max-snippet":"max-snippet:-1","max-image-preview":"max-image-preview:large","max-video-preview":"max-video-preview:-1"},"canonical":"https:\/\/dmcsrb.com\/en\/ekonomija\/nisic-bicu-ponosna-kad-se-usvoji-odluka-o-uvodjenju-sedmocasovnog-radnog-vremena\/","og_locale":"en_GB","og_type":"article","og_title":"Ni\u0161i\u0107: Bi\u0107u ponosna kad se usvoji odluka o uvo\u0111enju sedmo\u010dasovnog radnog vremena - dmcsrb.com","og_description":"Praksa po osnovu evropske direktive je pokazala da, ako kao kolege radimo isti broj radnih sati, imam pravo da pitam poslodavca kolika iznosi va\u0161a zarada, izjavila je ministarka rada, zapo\u0161ljavanja i socijalnog dijaloga Naida Ni\u0161i\u0107 gostuju\u0107i na TV Adria.","og_url":"https:\/\/dmcsrb.com\/en\/ekonomija\/nisic-bicu-ponosna-kad-se-usvoji-odluka-o-uvodjenju-sedmocasovnog-radnog-vremena\/","og_site_name":"dmcsrb.com","article_published_time":"2025-12-02T22:08:00+00:00","og_image":[{"width":800,"height":532,"url":"https:\/\/dmcsrb.com\/wp-content\/uploads\/2026\/01\/nisic.jpg","type":"image\/jpeg"}],"author":"dmcsrbija.com@gmail.com","twitter_card":"summary_large_image","twitter_misc":{"Written by":"dmcsrbija.com@gmail.com","Estimated reading time":"2 minutes"},"schema":{"@context":"https:\/\/schema.org","@graph":[{"@type":"Article","@id":"https:\/\/dmcsrb.com\/ekonomija\/nisic-bicu-ponosna-kad-se-usvoji-odluka-o-uvodjenju-sedmocasovnog-radnog-vremena\/#article","isPartOf":{"@id":"https:\/\/dmcsrb.com\/ekonomija\/nisic-bicu-ponosna-kad-se-usvoji-odluka-o-uvodjenju-sedmocasovnog-radnog-vremena\/"},"author":{"name":"dmcsrbija.com@gmail.com","@id":"https:\/\/dmcsrb.com\/#\/schema\/person\/5c39170f12db1b8b457732d0b5c854e2"},"headline":"Ni\u0161i\u0107: Bi\u0107u ponosna kad se usvoji odluka o uvo\u0111enju sedmo\u010dasovnog radnog vremena","datePublished":"2025-12-02T22:08:00+00:00","mainEntityOfPage":{"@id":"https:\/\/dmcsrb.com\/ekonomija\/nisic-bicu-ponosna-kad-se-usvoji-odluka-o-uvodjenju-sedmocasovnog-radnog-vremena\/"},"wordCount":404,"commentCount":0,"image":{"@id":"https:\/\/dmcsrb.com\/ekonomija\/nisic-bicu-ponosna-kad-se-usvoji-odluka-o-uvodjenju-sedmocasovnog-radnog-vremena\/#primaryimage"},"thumbnailUrl":"https:\/\/dmcsrb.com\/wp-content\/uploads\/2026\/01\/nisic.jpg","keywords":["Naida Ni\u0161i\u0107","Sedmo\u010dasovno radno vrijeme"],"articleSection":["Ekonomija"],"inLanguage":"en-GB","potentialAction":[{"@type":"CommentAction","name":"Comment","target":["https:\/\/dmcsrb.com\/ekonomija\/nisic-bicu-ponosna-kad-se-usvoji-odluka-o-uvodjenju-sedmocasovnog-radnog-vremena\/#respond"]}]},{"@type":"WebPage","@id":"https:\/\/dmcsrb.com\/ekonomija\/nisic-bicu-ponosna-kad-se-usvoji-odluka-o-uvodjenju-sedmocasovnog-radnog-vremena\/","url":"https:\/\/dmcsrb.com\/ekonomija\/nisic-bicu-ponosna-kad-se-usvoji-odluka-o-uvodjenju-sedmocasovnog-radnog-vremena\/","name":"Ni\u0161i\u0107: Bi\u0107u ponosna kad se usvoji odluka o uvo\u0111enju sedmo\u010dasovnog radnog vremena - dmcsrb.com","isPartOf":{"@id":"https:\/\/dmcsrb.com\/#website"},"primaryImageOfPage":{"@id":"https:\/\/dmcsrb.com\/ekonomija\/nisic-bicu-ponosna-kad-se-usvoji-odluka-o-uvodjenju-sedmocasovnog-radnog-vremena\/#primaryimage"},"image":{"@id":"https:\/\/dmcsrb.com\/ekonomija\/nisic-bicu-ponosna-kad-se-usvoji-odluka-o-uvodjenju-sedmocasovnog-radnog-vremena\/#primaryimage"},"thumbnailUrl":"https:\/\/dmcsrb.com\/wp-content\/uploads\/2026\/01\/nisic.jpg","datePublished":"2025-12-02T22:08:00+00:00","author":{"@id":"https:\/\/dmcsrb.com\/#\/schema\/person\/5c39170f12db1b8b457732d0b5c854e2"},"breadcrumb":{"@id":"https:\/\/dmcsrb.com\/ekonomija\/nisic-bicu-ponosna-kad-se-usvoji-odluka-o-uvodjenju-sedmocasovnog-radnog-vremena\/#breadcrumb"},"inLanguage":"en-GB","potentialAction":[{"@type":"ReadAction","target":["https:\/\/dmcsrb.com\/ekonomija\/nisic-bicu-ponosna-kad-se-usvoji-odluka-o-uvodjenju-sedmocasovnog-radnog-vremena\/"]}]},{"@type":"ImageObject","inLanguage":"en-GB","@id":"https:\/\/dmcsrb.com\/ekonomija\/nisic-bicu-ponosna-kad-se-usvoji-odluka-o-uvodjenju-sedmocasovnog-radnog-vremena\/#primaryimage","url":"https:\/\/dmcsrb.com\/wp-content\/uploads\/2026\/01\/nisic.jpg","contentUrl":"https:\/\/dmcsrb.com\/wp-content\/uploads\/2026\/01\/nisic.jpg","width":800,"height":532},{"@type":"BreadcrumbList","@id":"https:\/\/dmcsrb.com\/ekonomija\/nisic-bicu-ponosna-kad-se-usvoji-odluka-o-uvodjenju-sedmocasovnog-radnog-vremena\/#breadcrumb","itemListElement":[{"@type":"ListItem","position":1,"name":"Home","item":"https:\/\/dmcsrb.com\/"},{"@type":"ListItem","position":2,"name":"Ni\u0161i\u0107: Bi\u0107u ponosna kad se usvoji odluka o uvo\u0111enju sedmo\u010dasovnog radnog vremena"}]},{"@type":"WebSite","@id":"https:\/\/dmcsrb.com\/#website","url":"https:\/\/dmcsrb.com\/","name":"dmcsrb.com","description":"","potentialAction":[{"@type":"SearchAction","target":{"@type":"EntryPoint","urlTemplate":"https:\/\/dmcsrb.com\/?s={search_term_string}"},"query-input":{"@type":"PropertyValueSpecification","valueRequired":true,"valueName":"search_term_string"}}],"inLanguage":"en-GB"},{"@type":"Person","@id":"https:\/\/dmcsrb.com\/#\/schema\/person\/5c39170f12db1b8b457732d0b5c854e2","name":"dmcsrbija.com@gmail.com","image":{"@type":"ImageObject","inLanguage":"en-GB","@id":"https:\/\/secure.gravatar.com\/avatar\/68592660ad6347fad0fb587f8d5d8f1a7b44961362f56e4f2cd524feb87e9069?s=96&d=mm&r=g","url":"https:\/\/secure.gravatar.com\/avatar\/68592660ad6347fad0fb587f8d5d8f1a7b44961362f56e4f2cd524feb87e9069?s=96&d=mm&r=g","contentUrl":"https:\/\/secure.gravatar.com\/avatar\/68592660ad6347fad0fb587f8d5d8f1a7b44961362f56e4f2cd524feb87e9069?s=96&d=mm&r=g","caption":"dmcsrbija.com@gmail.com"},"sameAs":["https:\/\/dmcsrb.com"],"url":"https:\/\/dmcsrb.com\/en\/author\/dmcsrbija-comgmail-com\/"}]}},"_links":{"self":[{"href":"https:\/\/dmcsrb.com\/en\/wp-json\/wp\/v2\/posts\/909321","targetHints":{"allow":["GET"]}}],"collection":[{"href":"https:\/\/dmcsrb.com\/en\/wp-json\/wp\/v2\/posts"}],"about":[{"href":"https:\/\/dmcsrb.com\/en\/wp-json\/wp\/v2\/types\/post"}],"author":[{"embeddable":true,"href":"https:\/\/dmcsrb.com\/en\/wp-json\/wp\/v2\/users\/1"}],"replies":[{"embeddable":true,"href":"https:\/\/dmcsrb.com\/en\/wp-json\/wp\/v2\/comments?post=909321"}],"version-history":[{"count":0,"href":"https:\/\/dmcsrb.com\/en\/wp-json\/wp\/v2\/posts\/909321\/revisions"}],"wp:featuredmedia":[{"embeddable":true,"href":"https:\/\/dmcsrb.com\/en\/wp-json\/wp\/v2\/media\/909322"}],"wp:attachment":[{"href":"https:\/\/dmcsrb.com\/en\/wp-json\/wp\/v2\/media?parent=909321"}],"wp:term":[{"taxonomy":"category","embeddable":true,"href":"https:\/\/dmcsrb.com\/en\/wp-json\/wp\/v2\/categories?post=909321"},{"taxonomy":"post_tag","embeddable":true,"href":"https:\/\/dmcsrb.com\/en\/wp-json\/wp\/v2\/tags?post=909321"},{"taxonomy":"naslovna","embeddable":true,"href":"https:\/\/dmcsrb.com\/en\/wp-json\/wp\/v2\/naslovna?post=909321"}],"curies":[{"name":"wp","href":"https:\/\/api.w.org\/{rel}","templated":true}]}}