{"id":909304,"date":"2025-12-03T09:15:00","date_gmt":"2025-12-03T08:15:00","guid":{"rendered":"https:\/\/dmcsrb.com\/uncategorized\/farid-mvp-novembra-u-evroligi\/"},"modified":"2025-12-03T09:15:00","modified_gmt":"2025-12-03T08:15:00","slug":"farid-mvp-novembra-u-evroligi","status":"publish","type":"post","link":"https:\/\/dmcsrb.com\/en\/sport\/farid-mvp-novembra-u-evroligi\/","title":{"rendered":"Farid MVP novembra u Evroligi"},"content":{"rendered":"<p>Farid je u novembru prosje\u010dno bilje\u017eio 13,5 poena, uz 64,5 posto \u0161uta iz igre, 7,5 skokova, od \u010dega 4 u napadu, te dvije bolade po utakmici.<\/p>\n\n\n\n<p>PAO je u pretposljednjem mjesecu u godini ostvario \u010detiri pobjede u isto toliko me\u010deva.<\/p>\n\n\n\n<p>\u201eNisam znao \u0161ta da o\u010dekujem, a onda sam se na\u0161ao na terenu \u2013 ne samo da igram, nego i da po\u010dinjem me\u010deve \u2013 i da zna\u010dajno doprinosim timu\u201c, rekao je u podkastu EuroLeague &amp; Friends: MVP Talk.<\/p>\n\n\n\n<p>&#8220;Hemija je jednostavno postojala od prvog dana. Osje\u0107ao sam se kao da sam ovdje ve\u0107 godinama&#8221;.<\/p>\n\n\n\n<p>Farid je postao osmi igra\u010d Panatinaikosa koji je osvojio ovu nagradu, pridru\u017eiv\u0161i se nizu zvijezda me\u0111u kojima su Jaka Lakovi\u010d (februar 2005), Majk Batist (novembar 2006), Ramunas Siskauskas (april 2007), Dimitris Dijamantidis (decembar 2010, mart\u2013april 2012, april 2013), Kris Singlton (mart 2017), Nik Kalates (mart 2019) i Kendrik Nan (april 2024, februar 2025).<\/p>\n\n\n\n<p>&#8220;trener Ataman i ja smo se prvi put sreli na terenu\u201c, rekao je Farid. \u201eDo\u0161ao sam na trening onako svoj \u2014 raspolo\u017een, nasmijan, pun energije. Ka\u017eem mu: \u2018Hej, treneru, kako ste? Drago mi je \u0161to se kona\u010dno upoznajemo.\u2019 A on mi ka\u017ee: \u2018Vau, odmah osje\u0107am tvoju energiju.\u2019 Spojili smo se u tom trenutku&#8221;. <\/p>\n\n\n\n<p>Nagrada za MVP-a mjeseca dodjeljuje se ve\u0107 20 sezona, a dobitnika bira Euroleague Basketball na osnovu njegovih igara i uspjeha tima tokom tog perioda. Novembarska nagrada obuhvatila je me\u010deve od 9. do 13. kola.<\/p>","protected":false},"excerpt":{"rendered":"<p>Ko\u0161arka\u0161 Panatinaikosa Kenet Farid progla\u0161en je za najkorisnijeg igra\u010da (MVP) Evrolige za mjesec novembar, saop\u0161teno je na sajtu elitnog takmi\u010denja.<\/p>","protected":false},"author":1,"featured_media":909305,"comment_status":"open","ping_status":"open","sticky":false,"template":"","format":"standard","meta":{"_acf_changed":false,"footnotes":""},"categories":[148],"tags":[668,671],"naslovna":[],"class_list":["post-909304","post","type-post","status-publish","format-standard","has-post-thumbnail","hentry","category-sport","tag-evroliga","tag-panatinaikos"],"acf":[],"yoast_head":"<!-- This site is optimized with the Yoast SEO plugin v27.4 - https:\/\/yoast.com\/product\/yoast-seo-wordpress\/ -->\n<title>Farid MVP novembra u Evroligi - dmcsrb.com<\/title>\n<meta name=\"robots\" content=\"index, follow, max-snippet:-1, max-image-preview:large, max-video-preview:-1\" \/>\n<link rel=\"canonical\" href=\"https:\/\/dmcsrb.com\/en\/sport\/farid-mvp-novembra-u-evroligi\/\" \/>\n<meta property=\"og:locale\" content=\"en_GB\" \/>\n<meta property=\"og:type\" content=\"article\" \/>\n<meta property=\"og:title\" content=\"Farid MVP novembra u Evroligi - dmcsrb.com\" \/>\n<meta property=\"og:description\" content=\"Ko\u0161arka\u0161 Panatinaikosa Kenet Farid progla\u0161en je za najkorisnijeg igra\u010da (MVP) Evrolige za mjesec novembar, saop\u0161teno je na sajtu elitnog takmi\u010denja.\" \/>\n<meta property=\"og:url\" content=\"https:\/\/dmcsrb.com\/en\/sport\/farid-mvp-novembra-u-evroligi\/\" \/>\n<meta property=\"og:site_name\" content=\"dmcsrb.com\" \/>\n<meta property=\"article:published_time\" content=\"2025-12-03T08:15:00+00:00\" \/>\n<meta property=\"og:image\" content=\"https:\/\/dmcsrb.com\/wp-content\/uploads\/2026\/01\/Kenet-Farid-Euroleague.webp\" \/>\n\t<meta property=\"og:image:width\" content=\"1920\" \/>\n\t<meta property=\"og:image:height\" content=\"1080\" \/>\n\t<meta property=\"og:image:type\" content=\"image\/webp\" \/>\n<meta name=\"author\" content=\"dmcsrbija.com@gmail.com\" \/>\n<meta name=\"twitter:card\" content=\"summary_large_image\" \/>\n<meta name=\"twitter:label1\" content=\"Written by\" \/>\n\t<meta name=\"twitter:data1\" content=\"dmcsrbija.com@gmail.com\" \/>\n\t<meta name=\"twitter:label2\" content=\"Estimated reading time\" \/>\n\t<meta name=\"twitter:data2\" content=\"1 minute\" \/>\n<script type=\"application\/ld+json\" class=\"yoast-schema-graph\">{\"@context\":\"https:\\\/\\\/schema.org\",\"@graph\":[{\"@type\":\"Article\",\"@id\":\"https:\\\/\\\/dmcsrb.com\\\/sport\\\/farid-mvp-novembra-u-evroligi\\\/#article\",\"isPartOf\":{\"@id\":\"https:\\\/\\\/dmcsrb.com\\\/sport\\\/farid-mvp-novembra-u-evroligi\\\/\"},\"author\":{\"name\":\"dmcsrbija.com@gmail.com\",\"@id\":\"https:\\\/\\\/dmcsrb.com\\\/#\\\/schema\\\/person\\\/5c39170f12db1b8b457732d0b5c854e2\"},\"headline\":\"Farid MVP novembra u Evroligi\",\"datePublished\":\"2025-12-03T08:15:00+00:00\",\"mainEntityOfPage\":{\"@id\":\"https:\\\/\\\/dmcsrb.com\\\/sport\\\/farid-mvp-novembra-u-evroligi\\\/\"},\"wordCount\":238,\"commentCount\":0,\"image\":{\"@id\":\"https:\\\/\\\/dmcsrb.com\\\/sport\\\/farid-mvp-novembra-u-evroligi\\\/#primaryimage\"},\"thumbnailUrl\":\"https:\\\/\\\/dmcsrb.com\\\/wp-content\\\/uploads\\\/2026\\\/01\\\/Kenet-Farid-Euroleague.webp\",\"keywords\":[\"Evroliga\",\"Panatinaikos\"],\"articleSection\":[\"Sport\"],\"inLanguage\":\"en-GB\",\"potentialAction\":[{\"@type\":\"CommentAction\",\"name\":\"Comment\",\"target\":[\"https:\\\/\\\/dmcsrb.com\\\/sport\\\/farid-mvp-novembra-u-evroligi\\\/#respond\"]}]},{\"@type\":\"WebPage\",\"@id\":\"https:\\\/\\\/dmcsrb.com\\\/sport\\\/farid-mvp-novembra-u-evroligi\\\/\",\"url\":\"https:\\\/\\\/dmcsrb.com\\\/sport\\\/farid-mvp-novembra-u-evroligi\\\/\",\"name\":\"Farid MVP novembra u Evroligi - dmcsrb.com\",\"isPartOf\":{\"@id\":\"https:\\\/\\\/dmcsrb.com\\\/#website\"},\"primaryImageOfPage\":{\"@id\":\"https:\\\/\\\/dmcsrb.com\\\/sport\\\/farid-mvp-novembra-u-evroligi\\\/#primaryimage\"},\"image\":{\"@id\":\"https:\\\/\\\/dmcsrb.com\\\/sport\\\/farid-mvp-novembra-u-evroligi\\\/#primaryimage\"},\"thumbnailUrl\":\"https:\\\/\\\/dmcsrb.com\\\/wp-content\\\/uploads\\\/2026\\\/01\\\/Kenet-Farid-Euroleague.webp\",\"datePublished\":\"2025-12-03T08:15:00+00:00\",\"author\":{\"@id\":\"https:\\\/\\\/dmcsrb.com\\\/#\\\/schema\\\/person\\\/5c39170f12db1b8b457732d0b5c854e2\"},\"breadcrumb\":{\"@id\":\"https:\\\/\\\/dmcsrb.com\\\/sport\\\/farid-mvp-novembra-u-evroligi\\\/#breadcrumb\"},\"inLanguage\":\"en-GB\",\"potentialAction\":[{\"@type\":\"ReadAction\",\"target\":[\"https:\\\/\\\/dmcsrb.com\\\/sport\\\/farid-mvp-novembra-u-evroligi\\\/\"]}]},{\"@type\":\"ImageObject\",\"inLanguage\":\"en-GB\",\"@id\":\"https:\\\/\\\/dmcsrb.com\\\/sport\\\/farid-mvp-novembra-u-evroligi\\\/#primaryimage\",\"url\":\"https:\\\/\\\/dmcsrb.com\\\/wp-content\\\/uploads\\\/2026\\\/01\\\/Kenet-Farid-Euroleague.webp\",\"contentUrl\":\"https:\\\/\\\/dmcsrb.com\\\/wp-content\\\/uploads\\\/2026\\\/01\\\/Kenet-Farid-Euroleague.webp\",\"width\":1920,\"height\":1080},{\"@type\":\"BreadcrumbList\",\"@id\":\"https:\\\/\\\/dmcsrb.com\\\/sport\\\/farid-mvp-novembra-u-evroligi\\\/#breadcrumb\",\"itemListElement\":[{\"@type\":\"ListItem\",\"position\":1,\"name\":\"Home\",\"item\":\"https:\\\/\\\/dmcsrb.com\\\/\"},{\"@type\":\"ListItem\",\"position\":2,\"name\":\"Farid MVP novembra u Evroligi\"}]},{\"@type\":\"WebSite\",\"@id\":\"https:\\\/\\\/dmcsrb.com\\\/#website\",\"url\":\"https:\\\/\\\/dmcsrb.com\\\/\",\"name\":\"dmcsrb.com\",\"description\":\"\",\"potentialAction\":[{\"@type\":\"SearchAction\",\"target\":{\"@type\":\"EntryPoint\",\"urlTemplate\":\"https:\\\/\\\/dmcsrb.com\\\/?s={search_term_string}\"},\"query-input\":{\"@type\":\"PropertyValueSpecification\",\"valueRequired\":true,\"valueName\":\"search_term_string\"}}],\"inLanguage\":\"en-GB\"},{\"@type\":\"Person\",\"@id\":\"https:\\\/\\\/dmcsrb.com\\\/#\\\/schema\\\/person\\\/5c39170f12db1b8b457732d0b5c854e2\",\"name\":\"dmcsrbija.com@gmail.com\",\"image\":{\"@type\":\"ImageObject\",\"inLanguage\":\"en-GB\",\"@id\":\"https:\\\/\\\/secure.gravatar.com\\\/avatar\\\/68592660ad6347fad0fb587f8d5d8f1a7b44961362f56e4f2cd524feb87e9069?s=96&d=mm&r=g\",\"url\":\"https:\\\/\\\/secure.gravatar.com\\\/avatar\\\/68592660ad6347fad0fb587f8d5d8f1a7b44961362f56e4f2cd524feb87e9069?s=96&d=mm&r=g\",\"contentUrl\":\"https:\\\/\\\/secure.gravatar.com\\\/avatar\\\/68592660ad6347fad0fb587f8d5d8f1a7b44961362f56e4f2cd524feb87e9069?s=96&d=mm&r=g\",\"caption\":\"dmcsrbija.com@gmail.com\"},\"sameAs\":[\"https:\\\/\\\/dmcsrb.com\"],\"url\":\"https:\\\/\\\/dmcsrb.com\\\/en\\\/author\\\/dmcsrbija-comgmail-com\\\/\"}]}<\/script>\n<!-- \/ Yoast SEO plugin. -->","yoast_head_json":{"title":"Farid MVP novembra u Evroligi - dmcsrb.com","robots":{"index":"index","follow":"follow","max-snippet":"max-snippet:-1","max-image-preview":"max-image-preview:large","max-video-preview":"max-video-preview:-1"},"canonical":"https:\/\/dmcsrb.com\/en\/sport\/farid-mvp-novembra-u-evroligi\/","og_locale":"en_GB","og_type":"article","og_title":"Farid MVP novembra u Evroligi - dmcsrb.com","og_description":"Ko\u0161arka\u0161 Panatinaikosa Kenet Farid progla\u0161en je za najkorisnijeg igra\u010da (MVP) Evrolige za mjesec novembar, saop\u0161teno je na sajtu elitnog takmi\u010denja.","og_url":"https:\/\/dmcsrb.com\/en\/sport\/farid-mvp-novembra-u-evroligi\/","og_site_name":"dmcsrb.com","article_published_time":"2025-12-03T08:15:00+00:00","og_image":[{"width":1920,"height":1080,"url":"https:\/\/dmcsrb.com\/wp-content\/uploads\/2026\/01\/Kenet-Farid-Euroleague.webp","type":"image\/webp"}],"author":"dmcsrbija.com@gmail.com","twitter_card":"summary_large_image","twitter_misc":{"Written by":"dmcsrbija.com@gmail.com","Estimated reading time":"1 minute"},"schema":{"@context":"https:\/\/schema.org","@graph":[{"@type":"Article","@id":"https:\/\/dmcsrb.com\/sport\/farid-mvp-novembra-u-evroligi\/#article","isPartOf":{"@id":"https:\/\/dmcsrb.com\/sport\/farid-mvp-novembra-u-evroligi\/"},"author":{"name":"dmcsrbija.com@gmail.com","@id":"https:\/\/dmcsrb.com\/#\/schema\/person\/5c39170f12db1b8b457732d0b5c854e2"},"headline":"Farid MVP novembra u Evroligi","datePublished":"2025-12-03T08:15:00+00:00","mainEntityOfPage":{"@id":"https:\/\/dmcsrb.com\/sport\/farid-mvp-novembra-u-evroligi\/"},"wordCount":238,"commentCount":0,"image":{"@id":"https:\/\/dmcsrb.com\/sport\/farid-mvp-novembra-u-evroligi\/#primaryimage"},"thumbnailUrl":"https:\/\/dmcsrb.com\/wp-content\/uploads\/2026\/01\/Kenet-Farid-Euroleague.webp","keywords":["Evroliga","Panatinaikos"],"articleSection":["Sport"],"inLanguage":"en-GB","potentialAction":[{"@type":"CommentAction","name":"Comment","target":["https:\/\/dmcsrb.com\/sport\/farid-mvp-novembra-u-evroligi\/#respond"]}]},{"@type":"WebPage","@id":"https:\/\/dmcsrb.com\/sport\/farid-mvp-novembra-u-evroligi\/","url":"https:\/\/dmcsrb.com\/sport\/farid-mvp-novembra-u-evroligi\/","name":"Farid MVP novembra u Evroligi - dmcsrb.com","isPartOf":{"@id":"https:\/\/dmcsrb.com\/#website"},"primaryImageOfPage":{"@id":"https:\/\/dmcsrb.com\/sport\/farid-mvp-novembra-u-evroligi\/#primaryimage"},"image":{"@id":"https:\/\/dmcsrb.com\/sport\/farid-mvp-novembra-u-evroligi\/#primaryimage"},"thumbnailUrl":"https:\/\/dmcsrb.com\/wp-content\/uploads\/2026\/01\/Kenet-Farid-Euroleague.webp","datePublished":"2025-12-03T08:15:00+00:00","author":{"@id":"https:\/\/dmcsrb.com\/#\/schema\/person\/5c39170f12db1b8b457732d0b5c854e2"},"breadcrumb":{"@id":"https:\/\/dmcsrb.com\/sport\/farid-mvp-novembra-u-evroligi\/#breadcrumb"},"inLanguage":"en-GB","potentialAction":[{"@type":"ReadAction","target":["https:\/\/dmcsrb.com\/sport\/farid-mvp-novembra-u-evroligi\/"]}]},{"@type":"ImageObject","inLanguage":"en-GB","@id":"https:\/\/dmcsrb.com\/sport\/farid-mvp-novembra-u-evroligi\/#primaryimage","url":"https:\/\/dmcsrb.com\/wp-content\/uploads\/2026\/01\/Kenet-Farid-Euroleague.webp","contentUrl":"https:\/\/dmcsrb.com\/wp-content\/uploads\/2026\/01\/Kenet-Farid-Euroleague.webp","width":1920,"height":1080},{"@type":"BreadcrumbList","@id":"https:\/\/dmcsrb.com\/sport\/farid-mvp-novembra-u-evroligi\/#breadcrumb","itemListElement":[{"@type":"ListItem","position":1,"name":"Home","item":"https:\/\/dmcsrb.com\/"},{"@type":"ListItem","position":2,"name":"Farid MVP novembra u Evroligi"}]},{"@type":"WebSite","@id":"https:\/\/dmcsrb.com\/#website","url":"https:\/\/dmcsrb.com\/","name":"dmcsrb.com","description":"","potentialAction":[{"@type":"SearchAction","target":{"@type":"EntryPoint","urlTemplate":"https:\/\/dmcsrb.com\/?s={search_term_string}"},"query-input":{"@type":"PropertyValueSpecification","valueRequired":true,"valueName":"search_term_string"}}],"inLanguage":"en-GB"},{"@type":"Person","@id":"https:\/\/dmcsrb.com\/#\/schema\/person\/5c39170f12db1b8b457732d0b5c854e2","name":"dmcsrbija.com@gmail.com","image":{"@type":"ImageObject","inLanguage":"en-GB","@id":"https:\/\/secure.gravatar.com\/avatar\/68592660ad6347fad0fb587f8d5d8f1a7b44961362f56e4f2cd524feb87e9069?s=96&d=mm&r=g","url":"https:\/\/secure.gravatar.com\/avatar\/68592660ad6347fad0fb587f8d5d8f1a7b44961362f56e4f2cd524feb87e9069?s=96&d=mm&r=g","contentUrl":"https:\/\/secure.gravatar.com\/avatar\/68592660ad6347fad0fb587f8d5d8f1a7b44961362f56e4f2cd524feb87e9069?s=96&d=mm&r=g","caption":"dmcsrbija.com@gmail.com"},"sameAs":["https:\/\/dmcsrb.com"],"url":"https:\/\/dmcsrb.com\/en\/author\/dmcsrbija-comgmail-com\/"}]}},"_links":{"self":[{"href":"https:\/\/dmcsrb.com\/en\/wp-json\/wp\/v2\/posts\/909304","targetHints":{"allow":["GET"]}}],"collection":[{"href":"https:\/\/dmcsrb.com\/en\/wp-json\/wp\/v2\/posts"}],"about":[{"href":"https:\/\/dmcsrb.com\/en\/wp-json\/wp\/v2\/types\/post"}],"author":[{"embeddable":true,"href":"https:\/\/dmcsrb.com\/en\/wp-json\/wp\/v2\/users\/1"}],"replies":[{"embeddable":true,"href":"https:\/\/dmcsrb.com\/en\/wp-json\/wp\/v2\/comments?post=909304"}],"version-history":[{"count":0,"href":"https:\/\/dmcsrb.com\/en\/wp-json\/wp\/v2\/posts\/909304\/revisions"}],"wp:featuredmedia":[{"embeddable":true,"href":"https:\/\/dmcsrb.com\/en\/wp-json\/wp\/v2\/media\/909305"}],"wp:attachment":[{"href":"https:\/\/dmcsrb.com\/en\/wp-json\/wp\/v2\/media?parent=909304"}],"wp:term":[{"taxonomy":"category","embeddable":true,"href":"https:\/\/dmcsrb.com\/en\/wp-json\/wp\/v2\/categories?post=909304"},{"taxonomy":"post_tag","embeddable":true,"href":"https:\/\/dmcsrb.com\/en\/wp-json\/wp\/v2\/tags?post=909304"},{"taxonomy":"naslovna","embeddable":true,"href":"https:\/\/dmcsrb.com\/en\/wp-json\/wp\/v2\/naslovna?post=909304"}],"curies":[{"name":"wp","href":"https:\/\/api.w.org\/{rel}","templated":true}]}}