{"id":909258,"date":"2025-12-02T18:42:00","date_gmt":"2025-12-02T17:42:00","guid":{"rendered":"https:\/\/dmcsrb.com\/uncategorized\/amcham-generalna-skupstina-usvojila-plan-za-2026-i-izabrala-tri-nova-clana-upravnog-odbora\/"},"modified":"2025-12-02T18:42:00","modified_gmt":"2025-12-02T17:42:00","slug":"amcham-generalna-skupstina-usvojila-plan-za-2026-i-izabrala-tri-nova-clana-upravnog-odbora","status":"publish","type":"post","link":"https:\/\/dmcsrb.com\/en\/drustvo\/amcham-generalna-skupstina-usvojila-plan-za-2026-i-izabrala-tri-nova-clana-upravnog-odbora\/","title":{"rendered":"AmCham Generalna Skup\u0161tina usvojila plan za 2026. i izabrala tri nova \u010dlana Upravnog odbora"},"content":{"rendered":"<p>Plan za narednu godinu se fokusira na dalji doprinos unapre\u0111enju poslovnog ambijenta u Crnoj Gori, kroz sna\u017enija partnerstva sa donosiocima odluka, promociju dobrih me\u0111unarodnih poslovnih praksi i podr\u0161ku procesu evropskih integracija zemlje, sa posebnim akcentom na razmjeni znanja i iskustava sa partnerskim komorama i mre\u017eom AmCham-ova u Evropi.<\/p>\n\n\n\n<p>&#8220;To je logi\u010dan slijed nakon presti\u017ene konferencije koju smo ove godine organizovali i njome otvorili temu Crna Gora na putu ka EU. Tom prilikom smo otvorili va\u017ena pitanja, a sada je trenutak da ta pitanja preto\u010dimo u konkretne aktivnosti. Sa ponosom mogu da ka\u017eem da smo sada u procesu dogovaranja zajedni\u010dkih projekata sa AmCham EU i nekoliko partnerskih komora, koji \u0107e se realizovati tokom naredne godine. Fokus tih aktivnosti bi\u0107e na razmjeni znanja i iskustava u oblastima koje su klju\u010dne za na\u0161u ekonomiju i na\u0161 put ka Evropskoj uniji, od vladavine prava i ja\u010danja institucija, preko digitalne transformacije, do unapre\u0111enja investicione klime. Vjerujem da \u0107emo kroz ta partnerstva donijeti dodatnu vrijednost ne samo na\u0161im \u010dlanicama, ve\u0107 i \u0161irem dru\u0161tvu&#8221;, kazala je predsjednica upravnog odbora, Sanja \u0106alasan.<\/p>\n\n\n\n<p>Odr\u017eavanje ovakve konferencije, dodala je \u0106alasan, pozicioniralo je Crnu Goru, zahvaljuju\u0107i naporima Ameri\u010dke privredne komore, u samo sredi\u0161te evropske poslovne mre\u017ee i tokom konferencije okupili smo predstavnike 30 zemalja koji svakodnevno sara\u0111uju sa investitorima, vladama i me\u0111unarodnim institucijama.<\/p>\n\n\n\n<p>Na taj na\u010din smo stavili akcenat na me\u0111unarodnu promociju i uspostavljanju kontakata, ali i dugoro\u010dno pove\u0107ali \u0161ansu za investicione prilike. Zato je, ponovila je predsjednica, uloga Ameri\u010dke Privredne Komore jedinstvena, jer predstavlja most izme\u0111u vlada i privrede, Evrope i Sjedinjenih Dr\u017eava, izme\u0111u investitora i prilika.<\/p>\n\n\n\n<p>&#8220;Misija Ameri\u010dke privredne komore je jasna: stvaranje prilika za \u010dlanice i za poslovnu zajednicu u cjelini. Kroz projekte koje realizujemo, dijalog sa donosiocima odluka, povezivanje kompanija i razmjenu dobrih praksi, mi zajedni\u010dki gradimo bolje, stabilnije i predvidivije poslovno okru\u017eenje u Crnoj Gori&#8221;, poru\u010dila je predsjednica i dodala da \u0107e tome AmCham i u narednoj godini biti sna\u017eno i dosljedno posve\u0107en.<\/p>\n\n\n\n<p>Ameri\u010dka privredna komora \u017eeli da bude platforma za stvaranje prilika za kompanije koje posluju u Crnoj Gori, i da svojim jedinstvenim poslovnim pristupom i modelom, da jedinstven doprinos izgradnji konkurentnijeg i predvidivijeg poslovnog okru\u017eenja, ali i dru\u0161tva u cjelini.<\/p>\n\n\n\n<p>Ameri\u010dka privredna komora trenutno broji 93 \u010dlana i predstavlja najpresti\u017eniju me\u0111unarodnu poslovnu zajednicu u zemlji.<\/p>","protected":false},"excerpt":{"rendered":"<p>Generalna skup\u0161tina Ameri\u010dke privredne komore u Crnoj Gori usvojila je Plan rada za 2026. godinu i izabrala nove \u010dlanove Upravnog odbora, Nemanju Markovi\u0107a (Adriatic Bank) i Svetlanu Vuksanovi\u0107 (Philip Morris Montenegro), i reizabrala Neboj\u0161u \u0160\u0107eki\u0107a (Sava osiguranje) na redovnoj sjednici koja je odr\u017eana danas u hotelu Hilton.<\/p>","protected":false},"author":1,"featured_media":909259,"comment_status":"open","ping_status":"open","sticky":false,"template":"","format":"standard","meta":{"_acf_changed":false,"footnotes":""},"categories":[2],"tags":[601,602],"naslovna":[],"class_list":["post-909258","post","type-post","status-publish","format-standard","has-post-thumbnail","hentry","category-drustvo","tag-amcham","tag-privredna-komora"],"acf":[],"yoast_head":"<!-- This site is optimized with the Yoast SEO plugin v27.4 - https:\/\/yoast.com\/product\/yoast-seo-wordpress\/ -->\n<title>AmCham Generalna Skup\u0161tina usvojila plan za 2026. i izabrala tri nova \u010dlana Upravnog odbora - dmcsrb.com<\/title>\n<meta name=\"robots\" content=\"index, follow, max-snippet:-1, max-image-preview:large, max-video-preview:-1\" \/>\n<link rel=\"canonical\" href=\"https:\/\/dmcsrb.com\/en\/drustvo\/amcham-generalna-skupstina-usvojila-plan-za-2026-i-izabrala-tri-nova-clana-upravnog-odbora\/\" \/>\n<meta property=\"og:locale\" content=\"en_GB\" \/>\n<meta property=\"og:type\" content=\"article\" \/>\n<meta property=\"og:title\" content=\"AmCham Generalna Skup\u0161tina usvojila plan za 2026. i izabrala tri nova \u010dlana Upravnog odbora - dmcsrb.com\" \/>\n<meta property=\"og:description\" content=\"Generalna skup\u0161tina Ameri\u010dke privredne komore u Crnoj Gori usvojila je Plan rada za 2026. godinu i izabrala nove \u010dlanove Upravnog odbora, Nemanju Markovi\u0107a (Adriatic Bank) i Svetlanu Vuksanovi\u0107 (Philip Morris Montenegro), i reizabrala Neboj\u0161u \u0160\u0107eki\u0107a (Sava osiguranje) na redovnoj sjednici koja je odr\u017eana danas u hotelu Hilton.\" \/>\n<meta property=\"og:url\" content=\"https:\/\/dmcsrb.com\/en\/drustvo\/amcham-generalna-skupstina-usvojila-plan-za-2026-i-izabrala-tri-nova-clana-upravnog-odbora\/\" \/>\n<meta property=\"og:site_name\" content=\"dmcsrb.com\" \/>\n<meta property=\"article:published_time\" content=\"2025-12-02T17:42:00+00:00\" \/>\n<meta property=\"og:image\" content=\"https:\/\/dmcsrb.com\/wp-content\/uploads\/2026\/01\/DA_600x900.jpg\" \/>\n\t<meta property=\"og:image:width\" content=\"900\" \/>\n\t<meta property=\"og:image:height\" content=\"600\" \/>\n\t<meta property=\"og:image:type\" content=\"image\/jpeg\" \/>\n<meta name=\"author\" content=\"dmcsrbija.com@gmail.com\" \/>\n<meta name=\"twitter:card\" content=\"summary_large_image\" \/>\n<meta name=\"twitter:label1\" content=\"Written by\" \/>\n\t<meta name=\"twitter:data1\" content=\"dmcsrbija.com@gmail.com\" \/>\n\t<meta name=\"twitter:label2\" content=\"Estimated reading time\" \/>\n\t<meta name=\"twitter:data2\" content=\"2 minutes\" \/>\n<script type=\"application\/ld+json\" class=\"yoast-schema-graph\">{\"@context\":\"https:\\\/\\\/schema.org\",\"@graph\":[{\"@type\":\"Article\",\"@id\":\"https:\\\/\\\/dmcsrb.com\\\/drustvo\\\/amcham-generalna-skupstina-usvojila-plan-za-2026-i-izabrala-tri-nova-clana-upravnog-odbora\\\/#article\",\"isPartOf\":{\"@id\":\"https:\\\/\\\/dmcsrb.com\\\/drustvo\\\/amcham-generalna-skupstina-usvojila-plan-za-2026-i-izabrala-tri-nova-clana-upravnog-odbora\\\/\"},\"author\":{\"name\":\"dmcsrbija.com@gmail.com\",\"@id\":\"https:\\\/\\\/dmcsrb.com\\\/#\\\/schema\\\/person\\\/5c39170f12db1b8b457732d0b5c854e2\"},\"headline\":\"AmCham Generalna Skup\u0161tina usvojila plan za 2026. i izabrala tri nova \u010dlana Upravnog odbora\",\"datePublished\":\"2025-12-02T17:42:00+00:00\",\"mainEntityOfPage\":{\"@id\":\"https:\\\/\\\/dmcsrb.com\\\/drustvo\\\/amcham-generalna-skupstina-usvojila-plan-za-2026-i-izabrala-tri-nova-clana-upravnog-odbora\\\/\"},\"wordCount\":428,\"commentCount\":0,\"image\":{\"@id\":\"https:\\\/\\\/dmcsrb.com\\\/drustvo\\\/amcham-generalna-skupstina-usvojila-plan-za-2026-i-izabrala-tri-nova-clana-upravnog-odbora\\\/#primaryimage\"},\"thumbnailUrl\":\"https:\\\/\\\/dmcsrb.com\\\/wp-content\\\/uploads\\\/2026\\\/01\\\/DA_600x900.jpg\",\"keywords\":[\"AmCham\",\"Privredna komora\"],\"articleSection\":[\"Dru\u0161tvo\"],\"inLanguage\":\"en-GB\",\"potentialAction\":[{\"@type\":\"CommentAction\",\"name\":\"Comment\",\"target\":[\"https:\\\/\\\/dmcsrb.com\\\/drustvo\\\/amcham-generalna-skupstina-usvojila-plan-za-2026-i-izabrala-tri-nova-clana-upravnog-odbora\\\/#respond\"]}]},{\"@type\":\"WebPage\",\"@id\":\"https:\\\/\\\/dmcsrb.com\\\/drustvo\\\/amcham-generalna-skupstina-usvojila-plan-za-2026-i-izabrala-tri-nova-clana-upravnog-odbora\\\/\",\"url\":\"https:\\\/\\\/dmcsrb.com\\\/drustvo\\\/amcham-generalna-skupstina-usvojila-plan-za-2026-i-izabrala-tri-nova-clana-upravnog-odbora\\\/\",\"name\":\"AmCham Generalna Skup\u0161tina usvojila plan za 2026. i izabrala tri nova \u010dlana Upravnog odbora - dmcsrb.com\",\"isPartOf\":{\"@id\":\"https:\\\/\\\/dmcsrb.com\\\/#website\"},\"primaryImageOfPage\":{\"@id\":\"https:\\\/\\\/dmcsrb.com\\\/drustvo\\\/amcham-generalna-skupstina-usvojila-plan-za-2026-i-izabrala-tri-nova-clana-upravnog-odbora\\\/#primaryimage\"},\"image\":{\"@id\":\"https:\\\/\\\/dmcsrb.com\\\/drustvo\\\/amcham-generalna-skupstina-usvojila-plan-za-2026-i-izabrala-tri-nova-clana-upravnog-odbora\\\/#primaryimage\"},\"thumbnailUrl\":\"https:\\\/\\\/dmcsrb.com\\\/wp-content\\\/uploads\\\/2026\\\/01\\\/DA_600x900.jpg\",\"datePublished\":\"2025-12-02T17:42:00+00:00\",\"author\":{\"@id\":\"https:\\\/\\\/dmcsrb.com\\\/#\\\/schema\\\/person\\\/5c39170f12db1b8b457732d0b5c854e2\"},\"breadcrumb\":{\"@id\":\"https:\\\/\\\/dmcsrb.com\\\/drustvo\\\/amcham-generalna-skupstina-usvojila-plan-za-2026-i-izabrala-tri-nova-clana-upravnog-odbora\\\/#breadcrumb\"},\"inLanguage\":\"en-GB\",\"potentialAction\":[{\"@type\":\"ReadAction\",\"target\":[\"https:\\\/\\\/dmcsrb.com\\\/drustvo\\\/amcham-generalna-skupstina-usvojila-plan-za-2026-i-izabrala-tri-nova-clana-upravnog-odbora\\\/\"]}]},{\"@type\":\"ImageObject\",\"inLanguage\":\"en-GB\",\"@id\":\"https:\\\/\\\/dmcsrb.com\\\/drustvo\\\/amcham-generalna-skupstina-usvojila-plan-za-2026-i-izabrala-tri-nova-clana-upravnog-odbora\\\/#primaryimage\",\"url\":\"https:\\\/\\\/dmcsrb.com\\\/wp-content\\\/uploads\\\/2026\\\/01\\\/DA_600x900.jpg\",\"contentUrl\":\"https:\\\/\\\/dmcsrb.com\\\/wp-content\\\/uploads\\\/2026\\\/01\\\/DA_600x900.jpg\",\"width\":900,\"height\":600},{\"@type\":\"BreadcrumbList\",\"@id\":\"https:\\\/\\\/dmcsrb.com\\\/drustvo\\\/amcham-generalna-skupstina-usvojila-plan-za-2026-i-izabrala-tri-nova-clana-upravnog-odbora\\\/#breadcrumb\",\"itemListElement\":[{\"@type\":\"ListItem\",\"position\":1,\"name\":\"Home\",\"item\":\"https:\\\/\\\/dmcsrb.com\\\/\"},{\"@type\":\"ListItem\",\"position\":2,\"name\":\"AmCham Generalna Skup\u0161tina usvojila plan za 2026. i izabrala tri nova \u010dlana Upravnog odbora\"}]},{\"@type\":\"WebSite\",\"@id\":\"https:\\\/\\\/dmcsrb.com\\\/#website\",\"url\":\"https:\\\/\\\/dmcsrb.com\\\/\",\"name\":\"dmcsrb.com\",\"description\":\"\",\"potentialAction\":[{\"@type\":\"SearchAction\",\"target\":{\"@type\":\"EntryPoint\",\"urlTemplate\":\"https:\\\/\\\/dmcsrb.com\\\/?s={search_term_string}\"},\"query-input\":{\"@type\":\"PropertyValueSpecification\",\"valueRequired\":true,\"valueName\":\"search_term_string\"}}],\"inLanguage\":\"en-GB\"},{\"@type\":\"Person\",\"@id\":\"https:\\\/\\\/dmcsrb.com\\\/#\\\/schema\\\/person\\\/5c39170f12db1b8b457732d0b5c854e2\",\"name\":\"dmcsrbija.com@gmail.com\",\"image\":{\"@type\":\"ImageObject\",\"inLanguage\":\"en-GB\",\"@id\":\"https:\\\/\\\/secure.gravatar.com\\\/avatar\\\/68592660ad6347fad0fb587f8d5d8f1a7b44961362f56e4f2cd524feb87e9069?s=96&d=mm&r=g\",\"url\":\"https:\\\/\\\/secure.gravatar.com\\\/avatar\\\/68592660ad6347fad0fb587f8d5d8f1a7b44961362f56e4f2cd524feb87e9069?s=96&d=mm&r=g\",\"contentUrl\":\"https:\\\/\\\/secure.gravatar.com\\\/avatar\\\/68592660ad6347fad0fb587f8d5d8f1a7b44961362f56e4f2cd524feb87e9069?s=96&d=mm&r=g\",\"caption\":\"dmcsrbija.com@gmail.com\"},\"sameAs\":[\"https:\\\/\\\/dmcsrb.com\"],\"url\":\"https:\\\/\\\/dmcsrb.com\\\/en\\\/author\\\/dmcsrbija-comgmail-com\\\/\"}]}<\/script>\n<!-- \/ Yoast SEO plugin. -->","yoast_head_json":{"title":"AmCham Generalna Skup\u0161tina usvojila plan za 2026. i izabrala tri nova \u010dlana Upravnog odbora - dmcsrb.com","robots":{"index":"index","follow":"follow","max-snippet":"max-snippet:-1","max-image-preview":"max-image-preview:large","max-video-preview":"max-video-preview:-1"},"canonical":"https:\/\/dmcsrb.com\/en\/drustvo\/amcham-generalna-skupstina-usvojila-plan-za-2026-i-izabrala-tri-nova-clana-upravnog-odbora\/","og_locale":"en_GB","og_type":"article","og_title":"AmCham Generalna Skup\u0161tina usvojila plan za 2026. i izabrala tri nova \u010dlana Upravnog odbora - dmcsrb.com","og_description":"Generalna skup\u0161tina Ameri\u010dke privredne komore u Crnoj Gori usvojila je Plan rada za 2026. godinu i izabrala nove \u010dlanove Upravnog odbora, Nemanju Markovi\u0107a (Adriatic Bank) i Svetlanu Vuksanovi\u0107 (Philip Morris Montenegro), i reizabrala Neboj\u0161u \u0160\u0107eki\u0107a (Sava osiguranje) na redovnoj sjednici koja je odr\u017eana danas u hotelu Hilton.","og_url":"https:\/\/dmcsrb.com\/en\/drustvo\/amcham-generalna-skupstina-usvojila-plan-za-2026-i-izabrala-tri-nova-clana-upravnog-odbora\/","og_site_name":"dmcsrb.com","article_published_time":"2025-12-02T17:42:00+00:00","og_image":[{"width":900,"height":600,"url":"https:\/\/dmcsrb.com\/wp-content\/uploads\/2026\/01\/DA_600x900.jpg","type":"image\/jpeg"}],"author":"dmcsrbija.com@gmail.com","twitter_card":"summary_large_image","twitter_misc":{"Written by":"dmcsrbija.com@gmail.com","Estimated reading time":"2 minutes"},"schema":{"@context":"https:\/\/schema.org","@graph":[{"@type":"Article","@id":"https:\/\/dmcsrb.com\/drustvo\/amcham-generalna-skupstina-usvojila-plan-za-2026-i-izabrala-tri-nova-clana-upravnog-odbora\/#article","isPartOf":{"@id":"https:\/\/dmcsrb.com\/drustvo\/amcham-generalna-skupstina-usvojila-plan-za-2026-i-izabrala-tri-nova-clana-upravnog-odbora\/"},"author":{"name":"dmcsrbija.com@gmail.com","@id":"https:\/\/dmcsrb.com\/#\/schema\/person\/5c39170f12db1b8b457732d0b5c854e2"},"headline":"AmCham Generalna Skup\u0161tina usvojila plan za 2026. i izabrala tri nova \u010dlana Upravnog odbora","datePublished":"2025-12-02T17:42:00+00:00","mainEntityOfPage":{"@id":"https:\/\/dmcsrb.com\/drustvo\/amcham-generalna-skupstina-usvojila-plan-za-2026-i-izabrala-tri-nova-clana-upravnog-odbora\/"},"wordCount":428,"commentCount":0,"image":{"@id":"https:\/\/dmcsrb.com\/drustvo\/amcham-generalna-skupstina-usvojila-plan-za-2026-i-izabrala-tri-nova-clana-upravnog-odbora\/#primaryimage"},"thumbnailUrl":"https:\/\/dmcsrb.com\/wp-content\/uploads\/2026\/01\/DA_600x900.jpg","keywords":["AmCham","Privredna komora"],"articleSection":["Dru\u0161tvo"],"inLanguage":"en-GB","potentialAction":[{"@type":"CommentAction","name":"Comment","target":["https:\/\/dmcsrb.com\/drustvo\/amcham-generalna-skupstina-usvojila-plan-za-2026-i-izabrala-tri-nova-clana-upravnog-odbora\/#respond"]}]},{"@type":"WebPage","@id":"https:\/\/dmcsrb.com\/drustvo\/amcham-generalna-skupstina-usvojila-plan-za-2026-i-izabrala-tri-nova-clana-upravnog-odbora\/","url":"https:\/\/dmcsrb.com\/drustvo\/amcham-generalna-skupstina-usvojila-plan-za-2026-i-izabrala-tri-nova-clana-upravnog-odbora\/","name":"AmCham Generalna Skup\u0161tina usvojila plan za 2026. i izabrala tri nova \u010dlana Upravnog odbora - dmcsrb.com","isPartOf":{"@id":"https:\/\/dmcsrb.com\/#website"},"primaryImageOfPage":{"@id":"https:\/\/dmcsrb.com\/drustvo\/amcham-generalna-skupstina-usvojila-plan-za-2026-i-izabrala-tri-nova-clana-upravnog-odbora\/#primaryimage"},"image":{"@id":"https:\/\/dmcsrb.com\/drustvo\/amcham-generalna-skupstina-usvojila-plan-za-2026-i-izabrala-tri-nova-clana-upravnog-odbora\/#primaryimage"},"thumbnailUrl":"https:\/\/dmcsrb.com\/wp-content\/uploads\/2026\/01\/DA_600x900.jpg","datePublished":"2025-12-02T17:42:00+00:00","author":{"@id":"https:\/\/dmcsrb.com\/#\/schema\/person\/5c39170f12db1b8b457732d0b5c854e2"},"breadcrumb":{"@id":"https:\/\/dmcsrb.com\/drustvo\/amcham-generalna-skupstina-usvojila-plan-za-2026-i-izabrala-tri-nova-clana-upravnog-odbora\/#breadcrumb"},"inLanguage":"en-GB","potentialAction":[{"@type":"ReadAction","target":["https:\/\/dmcsrb.com\/drustvo\/amcham-generalna-skupstina-usvojila-plan-za-2026-i-izabrala-tri-nova-clana-upravnog-odbora\/"]}]},{"@type":"ImageObject","inLanguage":"en-GB","@id":"https:\/\/dmcsrb.com\/drustvo\/amcham-generalna-skupstina-usvojila-plan-za-2026-i-izabrala-tri-nova-clana-upravnog-odbora\/#primaryimage","url":"https:\/\/dmcsrb.com\/wp-content\/uploads\/2026\/01\/DA_600x900.jpg","contentUrl":"https:\/\/dmcsrb.com\/wp-content\/uploads\/2026\/01\/DA_600x900.jpg","width":900,"height":600},{"@type":"BreadcrumbList","@id":"https:\/\/dmcsrb.com\/drustvo\/amcham-generalna-skupstina-usvojila-plan-za-2026-i-izabrala-tri-nova-clana-upravnog-odbora\/#breadcrumb","itemListElement":[{"@type":"ListItem","position":1,"name":"Home","item":"https:\/\/dmcsrb.com\/"},{"@type":"ListItem","position":2,"name":"AmCham Generalna Skup\u0161tina usvojila plan za 2026. i izabrala tri nova \u010dlana Upravnog odbora"}]},{"@type":"WebSite","@id":"https:\/\/dmcsrb.com\/#website","url":"https:\/\/dmcsrb.com\/","name":"dmcsrb.com","description":"","potentialAction":[{"@type":"SearchAction","target":{"@type":"EntryPoint","urlTemplate":"https:\/\/dmcsrb.com\/?s={search_term_string}"},"query-input":{"@type":"PropertyValueSpecification","valueRequired":true,"valueName":"search_term_string"}}],"inLanguage":"en-GB"},{"@type":"Person","@id":"https:\/\/dmcsrb.com\/#\/schema\/person\/5c39170f12db1b8b457732d0b5c854e2","name":"dmcsrbija.com@gmail.com","image":{"@type":"ImageObject","inLanguage":"en-GB","@id":"https:\/\/secure.gravatar.com\/avatar\/68592660ad6347fad0fb587f8d5d8f1a7b44961362f56e4f2cd524feb87e9069?s=96&d=mm&r=g","url":"https:\/\/secure.gravatar.com\/avatar\/68592660ad6347fad0fb587f8d5d8f1a7b44961362f56e4f2cd524feb87e9069?s=96&d=mm&r=g","contentUrl":"https:\/\/secure.gravatar.com\/avatar\/68592660ad6347fad0fb587f8d5d8f1a7b44961362f56e4f2cd524feb87e9069?s=96&d=mm&r=g","caption":"dmcsrbija.com@gmail.com"},"sameAs":["https:\/\/dmcsrb.com"],"url":"https:\/\/dmcsrb.com\/en\/author\/dmcsrbija-comgmail-com\/"}]}},"_links":{"self":[{"href":"https:\/\/dmcsrb.com\/en\/wp-json\/wp\/v2\/posts\/909258","targetHints":{"allow":["GET"]}}],"collection":[{"href":"https:\/\/dmcsrb.com\/en\/wp-json\/wp\/v2\/posts"}],"about":[{"href":"https:\/\/dmcsrb.com\/en\/wp-json\/wp\/v2\/types\/post"}],"author":[{"embeddable":true,"href":"https:\/\/dmcsrb.com\/en\/wp-json\/wp\/v2\/users\/1"}],"replies":[{"embeddable":true,"href":"https:\/\/dmcsrb.com\/en\/wp-json\/wp\/v2\/comments?post=909258"}],"version-history":[{"count":0,"href":"https:\/\/dmcsrb.com\/en\/wp-json\/wp\/v2\/posts\/909258\/revisions"}],"wp:featuredmedia":[{"embeddable":true,"href":"https:\/\/dmcsrb.com\/en\/wp-json\/wp\/v2\/media\/909259"}],"wp:attachment":[{"href":"https:\/\/dmcsrb.com\/en\/wp-json\/wp\/v2\/media?parent=909258"}],"wp:term":[{"taxonomy":"category","embeddable":true,"href":"https:\/\/dmcsrb.com\/en\/wp-json\/wp\/v2\/categories?post=909258"},{"taxonomy":"post_tag","embeddable":true,"href":"https:\/\/dmcsrb.com\/en\/wp-json\/wp\/v2\/tags?post=909258"},{"taxonomy":"naslovna","embeddable":true,"href":"https:\/\/dmcsrb.com\/en\/wp-json\/wp\/v2\/naslovna?post=909258"}],"curies":[{"name":"wp","href":"https:\/\/api.w.org\/{rel}","templated":true}]}}