{"id":909242,"date":"2025-12-02T16:16:54","date_gmt":"2025-12-02T15:16:54","guid":{"rendered":"https:\/\/dmcsrb.com\/uncategorized\/irska-zeli-zavrsetak-pregovora-eu-sa-crnom-gorom-do-kraja-2026\/"},"modified":"2025-12-02T16:16:54","modified_gmt":"2025-12-02T15:16:54","slug":"irska-zeli-zavrsetak-pregovora-eu-sa-crnom-gorom-do-kraja-2026","status":"publish","type":"post","link":"https:\/\/dmcsrb.com\/en\/politika\/irska-zeli-zavrsetak-pregovora-eu-sa-crnom-gorom-do-kraja-2026\/","title":{"rendered":"Irska \u017eeli zavr\u0161etak pregovora EU sa Crnom Gorom do kraja 2026."},"content":{"rendered":"<p>Pored napretka u vezi sa sljede\u0107im bud\u017eetom EU, zavr\u0161etak pregovora sa Crnom Gorom \u201ebio bi dobro obavljen posao\u201c, rekao je Birn u podkastu Instituta za me\u0111unarodne i evropske poslove, dablinskog tink-tenka.<\/p>\n\n\n\n<p>Crna Gora je u ofanzivi \u0161arma kako bi ubrzala svoje \u010dlanstvo u EU. Blumberg je ranije izvijestio da nacija sa ne\u0161to vi\u0161e od 600.000 stanovnika \u017eeli da se pridru\u017ei EU do 2028. godine i da zvani\u010dno po\u010dne da koristi euro.<\/p>\n\n\n\n<p>Iako je kandidatura Podgorice bila u fokusu Birnovih komentara, on se zalagao za napredovanje u pregovorima sa svim zemljama kandidatima za EU, sugeri\u0161u\u0107i da bi \u017eelio da \u201eAlbaniju odvede dalje i dovede je u situaciju u kojoj bi bila godinu dana kasnije\u201c.<\/p>\n\n\n\n<p>Nakon \u0161to se dansko predsjedavanje Savjetom zavr\u0161i krajem 2025. godine, Kopenhagen \u0107e predati uzde Kipru za prvu polovinu 2026. Nakon toga, novi trio preuzima vlast: prvo Irska pa Litvanija, a zatim Gr\u010dka.<\/p>\n\n\n\n<p>Ministar vanjskih poslova Njema\u010dke Johan Vadeful kazao je ranije u Podgorici kako postoje realni izgledi da Crna Gora ostvari svoj strate\u0161ki cilj \u2013 punopravno \u010dlanstvo u Evropskoj uniji do 2028. godine.<\/p>\n\n\n\n<p>Poru\u010dio je da su najnoviji nalazi Evropske komisije ohrabruju\u0107i, te da postoje realni izgledi da Crna Gora to i ostvari. Ministar je naglasio da Njema\u010dka ima jasan interes da oja\u010da povjerenje u proces pro\u0161irenja EU na zemlje Zapadnog Balkana, isti\u010du\u0107i Crnu Goru kao najnaprednijeg kandidata i primjer konstruktivnog pristupa evropskim vrijednostima.<\/p>\n\n\n\n<p>Premijer Milojko Spaji\u0107 kazao je 19. novembra nakon sastanka sa komesarkom EU za pro\u0161irenje Martom Kos da se to\u010dak reformi ubrzava kako bi se na\u0161i ambiciozni ciljevi ostvarili.<\/p>\n\n\n\n<p>&#8220;Crna Gora ne kalkuli\u0161e kada je u pitanju evropska integracija i sa punim pravom o\u010dekujemo fer tretman u odnosu na ono \u0161to je svrha ovog procesa &#8211; punopravno \u010dlanstvo. Na tu temu odr\u017eali smo vrlo konstruktivan sastanak sa komesarkom za pro\u0161irenje Martom Kos. Za ne\u0161to manje od mjesec dana vra\u0107amo se u Brisel na Me\u0111uvladinu konferenciju da, kao \u0161to smo i obe\u0107ali, zatvorimo vi\u0161e pregovara\u010dkih poglavlja i jo\u0161 odlu\u010dnije nastavimo u pravcu ostvarenja cilja. A 2026. bi\u0107e godina velikih odluka &#8211; EU, Crna Gora je spremna&#8221;, rekao je Spaji\u0107.<\/p>\n\n\n\n<p>Crna Gora je ispunila sve uslove i za zatvaranje Poglavlja 31 (spoljna, bezbjednosna i odbrambena politika) ali je ranije odluka o tome odlo\u017eena jer je to tra\u017eila Hrvatska.<\/p>","protected":false},"excerpt":{"rendered":"<p>Ministar za Evropu i odbranu Irske Tomas Birn rekao je da bi volio da se pregovori o pro\u0161irenju Evropske unije (EU) sa Crnom Gorom zavr\u0161e do kraja predsjedavanja njegove zemlje Savjetom u drugoj polovini 2026.<\/p>","protected":false},"author":1,"featured_media":909243,"comment_status":"open","ping_status":"open","sticky":false,"template":"","format":"standard","meta":{"_acf_changed":false,"footnotes":""},"categories":[12],"tags":[584,10],"naslovna":[],"class_list":["post-909242","post","type-post","status-publish","format-standard","has-post-thumbnail","hentry","category-politika","tag-cg","tag-eu"],"acf":[],"yoast_head":"<!-- This site is optimized with the Yoast SEO plugin v27.4 - https:\/\/yoast.com\/product\/yoast-seo-wordpress\/ -->\n<title>Irska \u017eeli zavr\u0161etak pregovora EU sa Crnom Gorom do kraja 2026. - dmcsrb.com<\/title>\n<meta name=\"robots\" content=\"index, follow, max-snippet:-1, max-image-preview:large, max-video-preview:-1\" \/>\n<link rel=\"canonical\" href=\"https:\/\/dmcsrb.com\/en\/politika\/irska-zeli-zavrsetak-pregovora-eu-sa-crnom-gorom-do-kraja-2026\/\" \/>\n<meta property=\"og:locale\" content=\"en_GB\" \/>\n<meta property=\"og:type\" content=\"article\" \/>\n<meta property=\"og:title\" content=\"Irska \u017eeli zavr\u0161etak pregovora EU sa Crnom Gorom do kraja 2026. - dmcsrb.com\" \/>\n<meta property=\"og:description\" content=\"Ministar za Evropu i odbranu Irske Tomas Birn rekao je da bi volio da se pregovori o pro\u0161irenju Evropske unije (EU) sa Crnom Gorom zavr\u0161e do kraja predsjedavanja njegove zemlje Savjetom u drugoj polovini 2026.\" \/>\n<meta property=\"og:url\" content=\"https:\/\/dmcsrb.com\/en\/politika\/irska-zeli-zavrsetak-pregovora-eu-sa-crnom-gorom-do-kraja-2026\/\" \/>\n<meta property=\"og:site_name\" content=\"dmcsrb.com\" \/>\n<meta property=\"article:published_time\" content=\"2025-12-02T15:16:54+00:00\" \/>\n<meta property=\"og:image\" content=\"https:\/\/dmcsrb.com\/wp-content\/uploads\/2026\/01\/22053417804696_584x900.jpg\" \/>\n\t<meta property=\"og:image:width\" content=\"900\" \/>\n\t<meta property=\"og:image:height\" content=\"584\" \/>\n\t<meta property=\"og:image:type\" content=\"image\/jpeg\" \/>\n<meta name=\"author\" content=\"dmcsrbija.com@gmail.com\" \/>\n<meta name=\"twitter:card\" content=\"summary_large_image\" \/>\n<meta name=\"twitter:label1\" content=\"Written by\" \/>\n\t<meta name=\"twitter:data1\" content=\"dmcsrbija.com@gmail.com\" \/>\n\t<meta name=\"twitter:label2\" content=\"Estimated reading time\" \/>\n\t<meta name=\"twitter:data2\" content=\"2 minutes\" \/>\n<script type=\"application\/ld+json\" class=\"yoast-schema-graph\">{\"@context\":\"https:\\\/\\\/schema.org\",\"@graph\":[{\"@type\":\"Article\",\"@id\":\"https:\\\/\\\/dmcsrb.com\\\/politika\\\/irska-zeli-zavrsetak-pregovora-eu-sa-crnom-gorom-do-kraja-2026\\\/#article\",\"isPartOf\":{\"@id\":\"https:\\\/\\\/dmcsrb.com\\\/politika\\\/irska-zeli-zavrsetak-pregovora-eu-sa-crnom-gorom-do-kraja-2026\\\/\"},\"author\":{\"name\":\"dmcsrbija.com@gmail.com\",\"@id\":\"https:\\\/\\\/dmcsrb.com\\\/#\\\/schema\\\/person\\\/5c39170f12db1b8b457732d0b5c854e2\"},\"headline\":\"Irska \u017eeli zavr\u0161etak pregovora EU sa Crnom Gorom do kraja 2026.\",\"datePublished\":\"2025-12-02T15:16:54+00:00\",\"mainEntityOfPage\":{\"@id\":\"https:\\\/\\\/dmcsrb.com\\\/politika\\\/irska-zeli-zavrsetak-pregovora-eu-sa-crnom-gorom-do-kraja-2026\\\/\"},\"wordCount\":413,\"commentCount\":0,\"image\":{\"@id\":\"https:\\\/\\\/dmcsrb.com\\\/politika\\\/irska-zeli-zavrsetak-pregovora-eu-sa-crnom-gorom-do-kraja-2026\\\/#primaryimage\"},\"thumbnailUrl\":\"https:\\\/\\\/dmcsrb.com\\\/wp-content\\\/uploads\\\/2026\\\/01\\\/22053417804696_584x900.jpg\",\"keywords\":[\"CG\",\"EU\"],\"articleSection\":[\"Politika\"],\"inLanguage\":\"en-GB\",\"potentialAction\":[{\"@type\":\"CommentAction\",\"name\":\"Comment\",\"target\":[\"https:\\\/\\\/dmcsrb.com\\\/politika\\\/irska-zeli-zavrsetak-pregovora-eu-sa-crnom-gorom-do-kraja-2026\\\/#respond\"]}]},{\"@type\":\"WebPage\",\"@id\":\"https:\\\/\\\/dmcsrb.com\\\/politika\\\/irska-zeli-zavrsetak-pregovora-eu-sa-crnom-gorom-do-kraja-2026\\\/\",\"url\":\"https:\\\/\\\/dmcsrb.com\\\/politika\\\/irska-zeli-zavrsetak-pregovora-eu-sa-crnom-gorom-do-kraja-2026\\\/\",\"name\":\"Irska \u017eeli zavr\u0161etak pregovora EU sa Crnom Gorom do kraja 2026. - dmcsrb.com\",\"isPartOf\":{\"@id\":\"https:\\\/\\\/dmcsrb.com\\\/#website\"},\"primaryImageOfPage\":{\"@id\":\"https:\\\/\\\/dmcsrb.com\\\/politika\\\/irska-zeli-zavrsetak-pregovora-eu-sa-crnom-gorom-do-kraja-2026\\\/#primaryimage\"},\"image\":{\"@id\":\"https:\\\/\\\/dmcsrb.com\\\/politika\\\/irska-zeli-zavrsetak-pregovora-eu-sa-crnom-gorom-do-kraja-2026\\\/#primaryimage\"},\"thumbnailUrl\":\"https:\\\/\\\/dmcsrb.com\\\/wp-content\\\/uploads\\\/2026\\\/01\\\/22053417804696_584x900.jpg\",\"datePublished\":\"2025-12-02T15:16:54+00:00\",\"author\":{\"@id\":\"https:\\\/\\\/dmcsrb.com\\\/#\\\/schema\\\/person\\\/5c39170f12db1b8b457732d0b5c854e2\"},\"breadcrumb\":{\"@id\":\"https:\\\/\\\/dmcsrb.com\\\/politika\\\/irska-zeli-zavrsetak-pregovora-eu-sa-crnom-gorom-do-kraja-2026\\\/#breadcrumb\"},\"inLanguage\":\"en-GB\",\"potentialAction\":[{\"@type\":\"ReadAction\",\"target\":[\"https:\\\/\\\/dmcsrb.com\\\/politika\\\/irska-zeli-zavrsetak-pregovora-eu-sa-crnom-gorom-do-kraja-2026\\\/\"]}]},{\"@type\":\"ImageObject\",\"inLanguage\":\"en-GB\",\"@id\":\"https:\\\/\\\/dmcsrb.com\\\/politika\\\/irska-zeli-zavrsetak-pregovora-eu-sa-crnom-gorom-do-kraja-2026\\\/#primaryimage\",\"url\":\"https:\\\/\\\/dmcsrb.com\\\/wp-content\\\/uploads\\\/2026\\\/01\\\/22053417804696_584x900.jpg\",\"contentUrl\":\"https:\\\/\\\/dmcsrb.com\\\/wp-content\\\/uploads\\\/2026\\\/01\\\/22053417804696_584x900.jpg\",\"width\":900,\"height\":584},{\"@type\":\"BreadcrumbList\",\"@id\":\"https:\\\/\\\/dmcsrb.com\\\/politika\\\/irska-zeli-zavrsetak-pregovora-eu-sa-crnom-gorom-do-kraja-2026\\\/#breadcrumb\",\"itemListElement\":[{\"@type\":\"ListItem\",\"position\":1,\"name\":\"Home\",\"item\":\"https:\\\/\\\/dmcsrb.com\\\/\"},{\"@type\":\"ListItem\",\"position\":2,\"name\":\"Irska \u017eeli zavr\u0161etak pregovora EU sa Crnom Gorom do kraja 2026.\"}]},{\"@type\":\"WebSite\",\"@id\":\"https:\\\/\\\/dmcsrb.com\\\/#website\",\"url\":\"https:\\\/\\\/dmcsrb.com\\\/\",\"name\":\"dmcsrb.com\",\"description\":\"\",\"potentialAction\":[{\"@type\":\"SearchAction\",\"target\":{\"@type\":\"EntryPoint\",\"urlTemplate\":\"https:\\\/\\\/dmcsrb.com\\\/?s={search_term_string}\"},\"query-input\":{\"@type\":\"PropertyValueSpecification\",\"valueRequired\":true,\"valueName\":\"search_term_string\"}}],\"inLanguage\":\"en-GB\"},{\"@type\":\"Person\",\"@id\":\"https:\\\/\\\/dmcsrb.com\\\/#\\\/schema\\\/person\\\/5c39170f12db1b8b457732d0b5c854e2\",\"name\":\"dmcsrbija.com@gmail.com\",\"image\":{\"@type\":\"ImageObject\",\"inLanguage\":\"en-GB\",\"@id\":\"https:\\\/\\\/secure.gravatar.com\\\/avatar\\\/68592660ad6347fad0fb587f8d5d8f1a7b44961362f56e4f2cd524feb87e9069?s=96&d=mm&r=g\",\"url\":\"https:\\\/\\\/secure.gravatar.com\\\/avatar\\\/68592660ad6347fad0fb587f8d5d8f1a7b44961362f56e4f2cd524feb87e9069?s=96&d=mm&r=g\",\"contentUrl\":\"https:\\\/\\\/secure.gravatar.com\\\/avatar\\\/68592660ad6347fad0fb587f8d5d8f1a7b44961362f56e4f2cd524feb87e9069?s=96&d=mm&r=g\",\"caption\":\"dmcsrbija.com@gmail.com\"},\"sameAs\":[\"https:\\\/\\\/dmcsrb.com\"],\"url\":\"https:\\\/\\\/dmcsrb.com\\\/en\\\/author\\\/dmcsrbija-comgmail-com\\\/\"}]}<\/script>\n<!-- \/ Yoast SEO plugin. -->","yoast_head_json":{"title":"Irska \u017eeli zavr\u0161etak pregovora EU sa Crnom Gorom do kraja 2026. - dmcsrb.com","robots":{"index":"index","follow":"follow","max-snippet":"max-snippet:-1","max-image-preview":"max-image-preview:large","max-video-preview":"max-video-preview:-1"},"canonical":"https:\/\/dmcsrb.com\/en\/politika\/irska-zeli-zavrsetak-pregovora-eu-sa-crnom-gorom-do-kraja-2026\/","og_locale":"en_GB","og_type":"article","og_title":"Irska \u017eeli zavr\u0161etak pregovora EU sa Crnom Gorom do kraja 2026. - dmcsrb.com","og_description":"Ministar za Evropu i odbranu Irske Tomas Birn rekao je da bi volio da se pregovori o pro\u0161irenju Evropske unije (EU) sa Crnom Gorom zavr\u0161e do kraja predsjedavanja njegove zemlje Savjetom u drugoj polovini 2026.","og_url":"https:\/\/dmcsrb.com\/en\/politika\/irska-zeli-zavrsetak-pregovora-eu-sa-crnom-gorom-do-kraja-2026\/","og_site_name":"dmcsrb.com","article_published_time":"2025-12-02T15:16:54+00:00","og_image":[{"width":900,"height":584,"url":"https:\/\/dmcsrb.com\/wp-content\/uploads\/2026\/01\/22053417804696_584x900.jpg","type":"image\/jpeg"}],"author":"dmcsrbija.com@gmail.com","twitter_card":"summary_large_image","twitter_misc":{"Written by":"dmcsrbija.com@gmail.com","Estimated reading time":"2 minutes"},"schema":{"@context":"https:\/\/schema.org","@graph":[{"@type":"Article","@id":"https:\/\/dmcsrb.com\/politika\/irska-zeli-zavrsetak-pregovora-eu-sa-crnom-gorom-do-kraja-2026\/#article","isPartOf":{"@id":"https:\/\/dmcsrb.com\/politika\/irska-zeli-zavrsetak-pregovora-eu-sa-crnom-gorom-do-kraja-2026\/"},"author":{"name":"dmcsrbija.com@gmail.com","@id":"https:\/\/dmcsrb.com\/#\/schema\/person\/5c39170f12db1b8b457732d0b5c854e2"},"headline":"Irska \u017eeli zavr\u0161etak pregovora EU sa Crnom Gorom do kraja 2026.","datePublished":"2025-12-02T15:16:54+00:00","mainEntityOfPage":{"@id":"https:\/\/dmcsrb.com\/politika\/irska-zeli-zavrsetak-pregovora-eu-sa-crnom-gorom-do-kraja-2026\/"},"wordCount":413,"commentCount":0,"image":{"@id":"https:\/\/dmcsrb.com\/politika\/irska-zeli-zavrsetak-pregovora-eu-sa-crnom-gorom-do-kraja-2026\/#primaryimage"},"thumbnailUrl":"https:\/\/dmcsrb.com\/wp-content\/uploads\/2026\/01\/22053417804696_584x900.jpg","keywords":["CG","EU"],"articleSection":["Politika"],"inLanguage":"en-GB","potentialAction":[{"@type":"CommentAction","name":"Comment","target":["https:\/\/dmcsrb.com\/politika\/irska-zeli-zavrsetak-pregovora-eu-sa-crnom-gorom-do-kraja-2026\/#respond"]}]},{"@type":"WebPage","@id":"https:\/\/dmcsrb.com\/politika\/irska-zeli-zavrsetak-pregovora-eu-sa-crnom-gorom-do-kraja-2026\/","url":"https:\/\/dmcsrb.com\/politika\/irska-zeli-zavrsetak-pregovora-eu-sa-crnom-gorom-do-kraja-2026\/","name":"Irska \u017eeli zavr\u0161etak pregovora EU sa Crnom Gorom do kraja 2026. - dmcsrb.com","isPartOf":{"@id":"https:\/\/dmcsrb.com\/#website"},"primaryImageOfPage":{"@id":"https:\/\/dmcsrb.com\/politika\/irska-zeli-zavrsetak-pregovora-eu-sa-crnom-gorom-do-kraja-2026\/#primaryimage"},"image":{"@id":"https:\/\/dmcsrb.com\/politika\/irska-zeli-zavrsetak-pregovora-eu-sa-crnom-gorom-do-kraja-2026\/#primaryimage"},"thumbnailUrl":"https:\/\/dmcsrb.com\/wp-content\/uploads\/2026\/01\/22053417804696_584x900.jpg","datePublished":"2025-12-02T15:16:54+00:00","author":{"@id":"https:\/\/dmcsrb.com\/#\/schema\/person\/5c39170f12db1b8b457732d0b5c854e2"},"breadcrumb":{"@id":"https:\/\/dmcsrb.com\/politika\/irska-zeli-zavrsetak-pregovora-eu-sa-crnom-gorom-do-kraja-2026\/#breadcrumb"},"inLanguage":"en-GB","potentialAction":[{"@type":"ReadAction","target":["https:\/\/dmcsrb.com\/politika\/irska-zeli-zavrsetak-pregovora-eu-sa-crnom-gorom-do-kraja-2026\/"]}]},{"@type":"ImageObject","inLanguage":"en-GB","@id":"https:\/\/dmcsrb.com\/politika\/irska-zeli-zavrsetak-pregovora-eu-sa-crnom-gorom-do-kraja-2026\/#primaryimage","url":"https:\/\/dmcsrb.com\/wp-content\/uploads\/2026\/01\/22053417804696_584x900.jpg","contentUrl":"https:\/\/dmcsrb.com\/wp-content\/uploads\/2026\/01\/22053417804696_584x900.jpg","width":900,"height":584},{"@type":"BreadcrumbList","@id":"https:\/\/dmcsrb.com\/politika\/irska-zeli-zavrsetak-pregovora-eu-sa-crnom-gorom-do-kraja-2026\/#breadcrumb","itemListElement":[{"@type":"ListItem","position":1,"name":"Home","item":"https:\/\/dmcsrb.com\/"},{"@type":"ListItem","position":2,"name":"Irska \u017eeli zavr\u0161etak pregovora EU sa Crnom Gorom do kraja 2026."}]},{"@type":"WebSite","@id":"https:\/\/dmcsrb.com\/#website","url":"https:\/\/dmcsrb.com\/","name":"dmcsrb.com","description":"","potentialAction":[{"@type":"SearchAction","target":{"@type":"EntryPoint","urlTemplate":"https:\/\/dmcsrb.com\/?s={search_term_string}"},"query-input":{"@type":"PropertyValueSpecification","valueRequired":true,"valueName":"search_term_string"}}],"inLanguage":"en-GB"},{"@type":"Person","@id":"https:\/\/dmcsrb.com\/#\/schema\/person\/5c39170f12db1b8b457732d0b5c854e2","name":"dmcsrbija.com@gmail.com","image":{"@type":"ImageObject","inLanguage":"en-GB","@id":"https:\/\/secure.gravatar.com\/avatar\/68592660ad6347fad0fb587f8d5d8f1a7b44961362f56e4f2cd524feb87e9069?s=96&d=mm&r=g","url":"https:\/\/secure.gravatar.com\/avatar\/68592660ad6347fad0fb587f8d5d8f1a7b44961362f56e4f2cd524feb87e9069?s=96&d=mm&r=g","contentUrl":"https:\/\/secure.gravatar.com\/avatar\/68592660ad6347fad0fb587f8d5d8f1a7b44961362f56e4f2cd524feb87e9069?s=96&d=mm&r=g","caption":"dmcsrbija.com@gmail.com"},"sameAs":["https:\/\/dmcsrb.com"],"url":"https:\/\/dmcsrb.com\/en\/author\/dmcsrbija-comgmail-com\/"}]}},"_links":{"self":[{"href":"https:\/\/dmcsrb.com\/en\/wp-json\/wp\/v2\/posts\/909242","targetHints":{"allow":["GET"]}}],"collection":[{"href":"https:\/\/dmcsrb.com\/en\/wp-json\/wp\/v2\/posts"}],"about":[{"href":"https:\/\/dmcsrb.com\/en\/wp-json\/wp\/v2\/types\/post"}],"author":[{"embeddable":true,"href":"https:\/\/dmcsrb.com\/en\/wp-json\/wp\/v2\/users\/1"}],"replies":[{"embeddable":true,"href":"https:\/\/dmcsrb.com\/en\/wp-json\/wp\/v2\/comments?post=909242"}],"version-history":[{"count":0,"href":"https:\/\/dmcsrb.com\/en\/wp-json\/wp\/v2\/posts\/909242\/revisions"}],"wp:featuredmedia":[{"embeddable":true,"href":"https:\/\/dmcsrb.com\/en\/wp-json\/wp\/v2\/media\/909243"}],"wp:attachment":[{"href":"https:\/\/dmcsrb.com\/en\/wp-json\/wp\/v2\/media?parent=909242"}],"wp:term":[{"taxonomy":"category","embeddable":true,"href":"https:\/\/dmcsrb.com\/en\/wp-json\/wp\/v2\/categories?post=909242"},{"taxonomy":"post_tag","embeddable":true,"href":"https:\/\/dmcsrb.com\/en\/wp-json\/wp\/v2\/tags?post=909242"},{"taxonomy":"naslovna","embeddable":true,"href":"https:\/\/dmcsrb.com\/en\/wp-json\/wp\/v2\/naslovna?post=909242"}],"curies":[{"name":"wp","href":"https:\/\/api.w.org\/{rel}","templated":true}]}}