{"id":909236,"date":"2025-12-02T19:21:00","date_gmt":"2025-12-02T18:21:00","guid":{"rendered":"https:\/\/dmcsrb.com\/uncategorized\/cgo-javni-servis-pod-teretom-politike-i-krsenja-zakona\/"},"modified":"2025-12-02T19:21:00","modified_gmt":"2025-12-02T18:21:00","slug":"cgo-javni-servis-pod-teretom-politike-i-krsenja-zakona","status":"publish","type":"post","link":"https:\/\/dmcsrb.com\/en\/drustvo\/cgo-javni-servis-pod-teretom-politike-i-krsenja-zakona\/","title":{"rendered":"CGO: Javni servis pod teretom politike i kr\u0161enja zakona"},"content":{"rendered":"<p><\/p>\n\n\n\n<p><\/p>\n\n\n\n<p><\/p>\n\n\n\n<p>Da bi se to promijenilo neophodno je da se promijeni odnos politi\u010dara prema javnom servisu, kao i da aktuelni generalni direktor da ostavku kako bi ta ku\u0107a, bez hipoteke koju nose kontroverze njgovog izbora, nastavila da se razvija, centralna je poruka panela \u201eKako osna\u017eiti nezavisnost RTCG-a?\u201d na konferenciji \u201eKo ima mo\u0107 nad RTCG i kome ona treba da pripada?\u201c , koju je organizovao Centar za gra\u0111ansko obrazovanje (CGO) u okviru projekta \u201eMediji za demokratiju: ja\u010danje nezavisnosti RTCG-a za budu\u0107nost Crne Gore\u201d koji se sprovodi uz podr\u0161ku Vlade Kraljevine Holandije.<\/p>\n\n\n\n<p><strong>Janko Ljumovi\u0107<\/strong>, \u010dlan Savjeta Radio i televizije Crne Gore (RTCG), istakao je da profesionalci s iskustvom i karijerom sve \u010de\u0161\u0107e bivaju izlo\u017eeni razli\u010ditim pritiscima, \u0161to stvara gotovo pani\u010dne situacije.<\/p>\n\n\n\n<p>\u201eU RTCG-u gotovo da ne postoji unutra\u0161nji dijalog, a sporna pitanja sve \u010de\u0161\u0107e se premje\u0161taju u javni prostor. Odgovori onih koji bi trebali reagovati \u010desto su projektovani da stvaraju pogre\u0161nu sliku savr\u0161enstva. Primjer je i nedavna smjena urednice koja je potom dobila regionalnu nagradu za svoj rad. To jasno pokazuje stvarno stanje u instituciji\u201c, kazao je Ljumovi\u0107.<\/p>\n\n\n\n<p>On je naglasio da klju\u010dni problem izvje\u0161tavanja, kako sam RTCG konstatuje, jeste odsustvo strategije za\u0161tite \u017eivotne sredine, dru\u0161tvene odgovornosti i upravljanja. \u201eRadno okru\u017eenje i organizaciona kultura direktno oblikuju kvalitet izvje\u0161tavanja. Kako takva kultura mo\u017ee rezultirati kvalitetnim sadr\u017eajem i dozvoliti brutalno postupanje prema zaposlenima?\u201c upitao je Ljumovi\u0107.<\/p>\n\n\n\n<p>Podsjetio je da RTCG po\u010diva na ljudima, profesionalcima i profesionalnim standardima, koji omogu\u0107avaju zaposlenima da iska\u017eu svoj puni potencijal.<\/p>\n\n\n\n<p>\u201ePromtno reagovanje u nekim slu\u010dajevima, a zanemarivanje drugih, stvara ambijent u kojem se standardi kr\u0161e, a dijalog i kreativna rasprava unutar menad\u017ementa izostaju. Novinar je slobodan, ali ima urednika, direktora i Savjet i svi ovi filteri koji, ako nijesu slobodni, kroz matricu uticaja \u2013 ideolo\u0161kih, politi\u010dkih ili crkvenih -ograni\u010davaju prava autora. Jedan zakon ne mo\u017ee sve normirati. Organizaciona struktura i mehanizmi menad\u017ementa, koji pripadaju pro\u0161lim vremenima, s autoritetima i nosiocima funkcija koji se pona\u0161aju nadmo\u0107no prema zaposlenima, uveliko oblikuju me\u0111uljudske odnose i kvalitet rada u RTCG-u\u201c, kazao je Ljumovi\u0107, poru\u010duju\u0107i da \u0107e budu\u0107e sna\u017eenje javnog servisa zavisiti od li\u010dnosti generalnog direktora, odnosno od njegove snage i kredibilita da se odupre politi\u010dkim i vezanim pritiscima.<\/p>\n\n\n\n<p><strong>Marijana Camovi\u0107 Veli\u010dkovi\u0107<\/strong>, \u010dlanica Savjeta Radio i televizije Crne Gore (RTCG), ocijenila je da je odnos dr\u017eave prema gra\u0111anima Crne Gore trenutno duboko nepravedan, isti\u010du\u0107i primjer javnog servisa i nezakonite odluke.<\/p>\n\n\n\n<p>\u201eJavni servis je institucija koja je oteta od gra\u0111ana, prije svega kroz nezakonite odluke o izboru generalnog direktora\u201c, pojasnila je ona.<\/p>\n\n\n\n<p>Podsjetila je i da istorija javnog servisa u Crnoj Gori nikada nije bila naro\u010dito uspje\u0161na, ali da je aktuelni period posebno problemati\u010dan. Prema njenim rije\u010dima, rije\u010d je o \u201emra\u010dnom\u201c trenutku, jer je pozicija generalnog direktora nezakonita.<\/p>\n\n\n\n<p>\u201ePrethodni generalni direktori su, kakvi god bili, makar bili zakonito izabrani. Ovoga puta to nije slu\u010daj. Aktuelni generalni direktor ve\u0107 pet godina obavlja funkciju bez zakonitog mandata, a ipak ima one koji na to gledaju blagonaklono i \u010dak mu tap\u0161u\u201c, kazala je ona.<\/p>\n\n\n\n<p>Govore\u0107i o razmjerama (ne)odgovornosti, podsjetila je da RTCG raspola\u017ee izuzetno velikim bud\u017eetom koji obezbje\u0111uje dr\u017eava. \u201cBud\u017eet RTCG ve\u0107i je od bud\u017eeta \u010dak 16 crnogorskih op\u0161tina, a njime se gotovo pet godina upravlja nezakonito. U ovakvom odnosu snaga svi trpe \u2013 trpe gra\u0111ani, trpe zapo\u0161ljeni u RTCG-u i trpi objektivno javno informisanje\u201c, poru\u010dila je Camovi\u0107 Veli\u010dkovi\u0107. ilustruju\u0107i to kroz neke od primjera negativnih uticaja i zloupotreba.<\/p>\n\n\n\n<p>Na upit \u0161to vidi kao put ka ja\u010danju RTCG-a ona je bila decidna da to mora biti promjena odnosa Skup\u0161tine prema izboru \u010dlanova Savjeta RTCG, odnosno da taj izbor mora biti bez partijskih optere\u0107anja, a da \u0107e prvi test uslijediti na prolje\u0107e prilikom izbora novih \u010dlanova.<\/p>\n\n\n\n<p><strong>Sabrija Vuli\u0107,<\/strong>&nbsp;vi\u0161edecenijski novinar RTCG-a, ukazao je da je trenutna atmosfera u javnom servisu ozbiljno naru\u0161ena.<\/p>\n\n\n\n<p>\u201eMe\u0111uljudski odnosi su poreme\u0107eni, a me\u0111u zaposlenima vlada strah, jer svaka, pa i najbenignija reakcija, posebno prema direktoru, mo\u017ee rezultirati promjenom radnog mjesta. Zakon o radu se \u010desto ne po\u0161tuje, a ljudi sa iskustvom bivaju raspore\u0111eni na pozicije koje ne odgovaraju njihovim kvalifikacijama. Uslovi za zapo\u0161ljavanje se spu\u0161taju kada su godine kao kriterijum, dok nekvalifikovane osobe bivaju postavljene na klju\u010dna radna mjesta kroz vrlo sofisticirane procese\u201c, rekao je Vuli\u0107.<\/p>\n\n\n\n<p>On se osvrnuo i na konkretne primjere pritisaka i smjena bez osnova.<\/p>\n\n\n\n<p>\u201ePrije dva dana RTCG je dobila me\u0111unarodnu nagradu za dokumentarni program, a urednica je smijenjena prije pet dana jer nije postupala po nare\u0111enju. Ovo je samo jedan od mnogobrojnih primjera u kojima je svako slobodno mi\u0161ljenje u javnom servisu o\u0161tro ka\u017enjavano. Ako progovorite, slijedi proces ubje\u0111ivanja, ponude i otkaz. Mnogi kolege su ve\u0107 dobili otkaze, a u nekim slu\u010dajevima radnici su pokrenuli sporove i dobili prvostepene presude, \u0161to zna\u010di da otkazi nisu bili pravno valjani. Saop\u0161tenja sindikalnih organa nisu dostupna javnosti, a sve \u0161to rukovodstvu ne odgovara jednostavno se sakriva\u201c, kazao je Vuli\u0107.<\/p>\n\n\n\n<p>Vuli\u0107 je istakao da digitalna transparentnost, propisana zakonom, prakti\u010dno ne postoji.<\/p>\n\n\n\n<p>\u201eNa portalu bi trebalo da budu putni nalozi, izvje\u0161taji i sistematizacija, ali posljednja sistematizacija je iz 2017. godine. Od tada su napravljene stotine izmjena radnih mjesta i opisa poslova, a niko, pa \u010dak ni pravna slu\u017eba RTCG-a, nema jasan uvid u njih. Posljedica je da kolege i koleginice vode sudske sporove i tra\u017ee te informacije, ali ih ne mogu dobiti jer digitalne sistematizacije nema\u201c, zaklju\u010dio je Vuli\u0107<\/p>\n\n\n\n<p><strong>Olivera Nikoli\u0107<\/strong>, izvr\u0161na direktorka Instituta za medije Crne Gore (IMCG), je prvo \u010destitala Mili Vuk\u010devi\u0107, dobitnici nagrade \u201eSr\u0111an Aleksi\u0107\u201c za dokumentarni film Brat, koji tematizuje mra\u010dne doga\u0111aje ratnih 90-ih, izra\u017eavaju\u0107i razo\u010daranje \u0161to ova informacija nije dobila prostor na Javnom servisu.<\/p>\n\n\n\n<p>Govore\u0107i o odnosu prema zapo\u0161ljenima u RTCG-u, istakla je da im se iskreno divi i sna\u017eno podr\u017eava aktivnosti sindikata.<\/p>\n\n\n\n<p>\u201eNa \u010delu RTCG-a nalazi se osoba koja ne pokazuje odgovornost prema dr\u017eavi, jer ne po\u0161tuje odluke njenih institucija. Generalni direktor u tim postupcima nije usamljen, jer ima podr\u0161ku dijela Savjeta koji djeluje poslu\u0161no i bez kriti\u010dkog otklona\u201c, kazala je ona.<\/p>\n\n\n\n<p>Kada je rije\u010d o ure\u0111iva\u010dkoj politici RTCG-a, Nikoli\u0107 je ocijenila da RTCG sve vi\u0161e doprinosi produbljivanju podjela u ve\u0107 duboko polarizovanom crnogorskom dru\u0161tvu.<\/p>\n\n\n\n<p>\u201eSve \u010de\u0161\u0107e imam utisak da RTCG dodatno proizvodi podjele, umjesto da doprinosi njihovom prevazila\u017eenju\u201c, poru\u010dila je ona.<\/p>\n\n\n\n<p>Upozorila je i na izostanak jasne granice prema istorijskom revizionizmu, uz konkretne primjere iz programa.<\/p>\n\n\n\n<p>\u201eImamo situaciju u kojoj mladi novinar u studiju postavlja pitanje da li je Pavle \u0110uri\u0161i\u0107 ratni zlo\u010dinac, a potom se lik Pavla Bulatovi\u0107a uvodi u javni diskurs bez adekvatnog konteksta i bez jasnog ukazivanja na njegovu odgovornost tokom devedesetih\u201c, istakla je Nikoli\u0107, dodaju\u0107i i da to prolazi bez utvr\u0111ivanja profesionalne odgovornosti.<\/p>\n\n\n\n<p>Prema njenim rije\u010dima, RTCG o tim temama izvje\u0161tava bez potrebnog istorijskog i dru\u0161tvenog okvira, \u010dime se relativizuju \u010dinjenice i odgovornost. Ocijenila je i da RTCG-ov \u201eperfidan\u201c pristup obra\u010dunu s antifa\u0161isti\u010dkim naslje\u0111em dodatno naru\u0161ava ulogu Javnog servisa kao prostora objektivnog i odgovornog informisanja.<\/p>\n\n\n\n<p>Prvi korak u adekvatnom adresiranju ovakve situacije vidi u \u201eostavci generalnog direktora RTCG-a, kako bi ovaj medij bez hipoteke njegovih kontroverznih izbora\u201c.<\/p>","protected":false},"excerpt":{"rendered":"<p>Aktuelni na\u010din vo\u0111enja i ure\u0111ivanja javnog servisa doprinosi produbljivanju dru\u0161tvenih podjela, relativizaciji istorijskih \u010dinjenica i potkopavanju antifa\u0161isti\u010dkog naslje\u0111a, zbog \u010dega \u0161tetu trpe gra\u0111ani i gra\u0111anke, zapo\u0161ljeni u RTCG-u i pravo javnosti na objektivno, odgovorno i profesionalno informisanje.<\/p>","protected":false},"author":1,"featured_media":909237,"comment_status":"open","ping_status":"open","sticky":false,"template":"","format":"standard","meta":{"_acf_changed":false,"footnotes":""},"categories":[2],"tags":[596,502],"naslovna":[],"class_list":["post-909236","post","type-post","status-publish","format-standard","has-post-thumbnail","hentry","category-drustvo","tag-cgo","tag-javni-servis"],"acf":[],"yoast_head":"<!-- This site is optimized with the Yoast SEO plugin v27.0 - https:\/\/yoast.com\/product\/yoast-seo-wordpress\/ -->\n<title>CGO: Javni servis pod teretom politike i kr\u0161enja zakona - dmcsrb.com<\/title>\n<meta name=\"robots\" content=\"index, follow, max-snippet:-1, max-image-preview:large, max-video-preview:-1\" \/>\n<link rel=\"canonical\" href=\"https:\/\/dmcsrb.com\/en\/drustvo\/cgo-javni-servis-pod-teretom-politike-i-krsenja-zakona\/\" \/>\n<meta property=\"og:locale\" content=\"en_GB\" \/>\n<meta property=\"og:type\" content=\"article\" \/>\n<meta property=\"og:title\" content=\"CGO: Javni servis pod teretom politike i kr\u0161enja zakona - dmcsrb.com\" \/>\n<meta property=\"og:description\" content=\"Aktuelni na\u010din vo\u0111enja i ure\u0111ivanja javnog servisa doprinosi produbljivanju dru\u0161tvenih podjela, relativizaciji istorijskih \u010dinjenica i potkopavanju antifa\u0161isti\u010dkog naslje\u0111a, zbog \u010dega \u0161tetu trpe gra\u0111ani i gra\u0111anke, zapo\u0161ljeni u RTCG-u i pravo javnosti na objektivno, odgovorno i profesionalno informisanje.\" \/>\n<meta property=\"og:url\" content=\"https:\/\/dmcsrb.com\/en\/drustvo\/cgo-javni-servis-pod-teretom-politike-i-krsenja-zakona\/\" \/>\n<meta property=\"og:site_name\" content=\"dmcsrb.com\" \/>\n<meta property=\"article:published_time\" content=\"2025-12-02T18:21:00+00:00\" \/>\n<meta property=\"og:image\" content=\"https:\/\/dmcsrb.com\/wp-content\/uploads\/2026\/01\/CGO1.jpg\" \/>\n\t<meta property=\"og:image:width\" content=\"1000\" \/>\n\t<meta property=\"og:image:height\" content=\"555\" \/>\n\t<meta property=\"og:image:type\" content=\"image\/jpeg\" \/>\n<meta name=\"author\" content=\"dmcsrbija.com@gmail.com\" \/>\n<meta name=\"twitter:card\" content=\"summary_large_image\" \/>\n<meta name=\"twitter:label1\" content=\"Written by\" \/>\n\t<meta name=\"twitter:data1\" content=\"dmcsrbija.com@gmail.com\" \/>\n\t<meta name=\"twitter:label2\" content=\"Estimated reading time\" \/>\n\t<meta name=\"twitter:data2\" content=\"6 minutes\" \/>\n<script type=\"application\/ld+json\" class=\"yoast-schema-graph\">{\"@context\":\"https:\/\/schema.org\",\"@graph\":[{\"@type\":\"Article\",\"@id\":\"https:\/\/dmcsrb.com\/drustvo\/cgo-javni-servis-pod-teretom-politike-i-krsenja-zakona\/#article\",\"isPartOf\":{\"@id\":\"https:\/\/dmcsrb.com\/drustvo\/cgo-javni-servis-pod-teretom-politike-i-krsenja-zakona\/\"},\"author\":{\"name\":\"dmcsrbija.com@gmail.com\",\"@id\":\"https:\/\/dmcsrb.com\/#\/schema\/person\/5c39170f12db1b8b457732d0b5c854e2\"},\"headline\":\"CGO: Javni servis pod teretom politike i kr\u0161enja zakona\",\"datePublished\":\"2025-12-02T18:21:00+00:00\",\"mainEntityOfPage\":{\"@id\":\"https:\/\/dmcsrb.com\/drustvo\/cgo-javni-servis-pod-teretom-politike-i-krsenja-zakona\/\"},\"wordCount\":1278,\"commentCount\":0,\"image\":{\"@id\":\"https:\/\/dmcsrb.com\/drustvo\/cgo-javni-servis-pod-teretom-politike-i-krsenja-zakona\/#primaryimage\"},\"thumbnailUrl\":\"https:\/\/dmcsrb.com\/wp-content\/uploads\/2026\/01\/CGO1.jpg\",\"keywords\":[\"CGO\",\"javni servis\"],\"articleSection\":[\"Dru\u0161tvo\"],\"inLanguage\":\"en-GB\",\"potentialAction\":[{\"@type\":\"CommentAction\",\"name\":\"Comment\",\"target\":[\"https:\/\/dmcsrb.com\/drustvo\/cgo-javni-servis-pod-teretom-politike-i-krsenja-zakona\/#respond\"]}]},{\"@type\":\"WebPage\",\"@id\":\"https:\/\/dmcsrb.com\/drustvo\/cgo-javni-servis-pod-teretom-politike-i-krsenja-zakona\/\",\"url\":\"https:\/\/dmcsrb.com\/drustvo\/cgo-javni-servis-pod-teretom-politike-i-krsenja-zakona\/\",\"name\":\"CGO: Javni servis pod teretom politike i kr\u0161enja zakona - dmcsrb.com\",\"isPartOf\":{\"@id\":\"https:\/\/dmcsrb.com\/#website\"},\"primaryImageOfPage\":{\"@id\":\"https:\/\/dmcsrb.com\/drustvo\/cgo-javni-servis-pod-teretom-politike-i-krsenja-zakona\/#primaryimage\"},\"image\":{\"@id\":\"https:\/\/dmcsrb.com\/drustvo\/cgo-javni-servis-pod-teretom-politike-i-krsenja-zakona\/#primaryimage\"},\"thumbnailUrl\":\"https:\/\/dmcsrb.com\/wp-content\/uploads\/2026\/01\/CGO1.jpg\",\"datePublished\":\"2025-12-02T18:21:00+00:00\",\"author\":{\"@id\":\"https:\/\/dmcsrb.com\/#\/schema\/person\/5c39170f12db1b8b457732d0b5c854e2\"},\"breadcrumb\":{\"@id\":\"https:\/\/dmcsrb.com\/drustvo\/cgo-javni-servis-pod-teretom-politike-i-krsenja-zakona\/#breadcrumb\"},\"inLanguage\":\"en-GB\",\"potentialAction\":[{\"@type\":\"ReadAction\",\"target\":[\"https:\/\/dmcsrb.com\/drustvo\/cgo-javni-servis-pod-teretom-politike-i-krsenja-zakona\/\"]}]},{\"@type\":\"ImageObject\",\"inLanguage\":\"en-GB\",\"@id\":\"https:\/\/dmcsrb.com\/drustvo\/cgo-javni-servis-pod-teretom-politike-i-krsenja-zakona\/#primaryimage\",\"url\":\"https:\/\/dmcsrb.com\/wp-content\/uploads\/2026\/01\/CGO1.jpg\",\"contentUrl\":\"https:\/\/dmcsrb.com\/wp-content\/uploads\/2026\/01\/CGO1.jpg\",\"width\":1000,\"height\":555},{\"@type\":\"BreadcrumbList\",\"@id\":\"https:\/\/dmcsrb.com\/drustvo\/cgo-javni-servis-pod-teretom-politike-i-krsenja-zakona\/#breadcrumb\",\"itemListElement\":[{\"@type\":\"ListItem\",\"position\":1,\"name\":\"Home\",\"item\":\"https:\/\/dmcsrb.com\/\"},{\"@type\":\"ListItem\",\"position\":2,\"name\":\"CGO: Javni servis pod teretom politike i kr\u0161enja zakona\"}]},{\"@type\":\"WebSite\",\"@id\":\"https:\/\/dmcsrb.com\/#website\",\"url\":\"https:\/\/dmcsrb.com\/\",\"name\":\"dmcsrb.com\",\"description\":\"\",\"potentialAction\":[{\"@type\":\"SearchAction\",\"target\":{\"@type\":\"EntryPoint\",\"urlTemplate\":\"https:\/\/dmcsrb.com\/?s={search_term_string}\"},\"query-input\":{\"@type\":\"PropertyValueSpecification\",\"valueRequired\":true,\"valueName\":\"search_term_string\"}}],\"inLanguage\":\"en-GB\"},{\"@type\":\"Person\",\"@id\":\"https:\/\/dmcsrb.com\/#\/schema\/person\/5c39170f12db1b8b457732d0b5c854e2\",\"name\":\"dmcsrbija.com@gmail.com\",\"image\":{\"@type\":\"ImageObject\",\"inLanguage\":\"en-GB\",\"@id\":\"https:\/\/dmcsrb.com\/#\/schema\/person\/image\/\",\"url\":\"https:\/\/secure.gravatar.com\/avatar\/68592660ad6347fad0fb587f8d5d8f1a7b44961362f56e4f2cd524feb87e9069?s=96&d=mm&r=g\",\"contentUrl\":\"https:\/\/secure.gravatar.com\/avatar\/68592660ad6347fad0fb587f8d5d8f1a7b44961362f56e4f2cd524feb87e9069?s=96&d=mm&r=g\",\"caption\":\"dmcsrbija.com@gmail.com\"},\"sameAs\":[\"https:\/\/dmcsrb.com\"],\"url\":\"https:\/\/dmcsrb.com\/en\/author\/dmcsrbija-comgmail-com\/\"}]}<\/script>\n<!-- \/ Yoast SEO plugin. -->","yoast_head_json":{"title":"CGO: Javni servis pod teretom politike i kr\u0161enja zakona - dmcsrb.com","robots":{"index":"index","follow":"follow","max-snippet":"max-snippet:-1","max-image-preview":"max-image-preview:large","max-video-preview":"max-video-preview:-1"},"canonical":"https:\/\/dmcsrb.com\/en\/drustvo\/cgo-javni-servis-pod-teretom-politike-i-krsenja-zakona\/","og_locale":"en_GB","og_type":"article","og_title":"CGO: Javni servis pod teretom politike i kr\u0161enja zakona - dmcsrb.com","og_description":"Aktuelni na\u010din vo\u0111enja i ure\u0111ivanja javnog servisa doprinosi produbljivanju dru\u0161tvenih podjela, relativizaciji istorijskih \u010dinjenica i potkopavanju antifa\u0161isti\u010dkog naslje\u0111a, zbog \u010dega \u0161tetu trpe gra\u0111ani i gra\u0111anke, zapo\u0161ljeni u RTCG-u i pravo javnosti na objektivno, odgovorno i profesionalno informisanje.","og_url":"https:\/\/dmcsrb.com\/en\/drustvo\/cgo-javni-servis-pod-teretom-politike-i-krsenja-zakona\/","og_site_name":"dmcsrb.com","article_published_time":"2025-12-02T18:21:00+00:00","og_image":[{"width":1000,"height":555,"url":"https:\/\/dmcsrb.com\/wp-content\/uploads\/2026\/01\/CGO1.jpg","type":"image\/jpeg"}],"author":"dmcsrbija.com@gmail.com","twitter_card":"summary_large_image","twitter_misc":{"Written by":"dmcsrbija.com@gmail.com","Estimated reading time":"6 minutes"},"schema":{"@context":"https:\/\/schema.org","@graph":[{"@type":"Article","@id":"https:\/\/dmcsrb.com\/drustvo\/cgo-javni-servis-pod-teretom-politike-i-krsenja-zakona\/#article","isPartOf":{"@id":"https:\/\/dmcsrb.com\/drustvo\/cgo-javni-servis-pod-teretom-politike-i-krsenja-zakona\/"},"author":{"name":"dmcsrbija.com@gmail.com","@id":"https:\/\/dmcsrb.com\/#\/schema\/person\/5c39170f12db1b8b457732d0b5c854e2"},"headline":"CGO: Javni servis pod teretom politike i kr\u0161enja zakona","datePublished":"2025-12-02T18:21:00+00:00","mainEntityOfPage":{"@id":"https:\/\/dmcsrb.com\/drustvo\/cgo-javni-servis-pod-teretom-politike-i-krsenja-zakona\/"},"wordCount":1278,"commentCount":0,"image":{"@id":"https:\/\/dmcsrb.com\/drustvo\/cgo-javni-servis-pod-teretom-politike-i-krsenja-zakona\/#primaryimage"},"thumbnailUrl":"https:\/\/dmcsrb.com\/wp-content\/uploads\/2026\/01\/CGO1.jpg","keywords":["CGO","javni servis"],"articleSection":["Dru\u0161tvo"],"inLanguage":"en-GB","potentialAction":[{"@type":"CommentAction","name":"Comment","target":["https:\/\/dmcsrb.com\/drustvo\/cgo-javni-servis-pod-teretom-politike-i-krsenja-zakona\/#respond"]}]},{"@type":"WebPage","@id":"https:\/\/dmcsrb.com\/drustvo\/cgo-javni-servis-pod-teretom-politike-i-krsenja-zakona\/","url":"https:\/\/dmcsrb.com\/drustvo\/cgo-javni-servis-pod-teretom-politike-i-krsenja-zakona\/","name":"CGO: Javni servis pod teretom politike i kr\u0161enja zakona - dmcsrb.com","isPartOf":{"@id":"https:\/\/dmcsrb.com\/#website"},"primaryImageOfPage":{"@id":"https:\/\/dmcsrb.com\/drustvo\/cgo-javni-servis-pod-teretom-politike-i-krsenja-zakona\/#primaryimage"},"image":{"@id":"https:\/\/dmcsrb.com\/drustvo\/cgo-javni-servis-pod-teretom-politike-i-krsenja-zakona\/#primaryimage"},"thumbnailUrl":"https:\/\/dmcsrb.com\/wp-content\/uploads\/2026\/01\/CGO1.jpg","datePublished":"2025-12-02T18:21:00+00:00","author":{"@id":"https:\/\/dmcsrb.com\/#\/schema\/person\/5c39170f12db1b8b457732d0b5c854e2"},"breadcrumb":{"@id":"https:\/\/dmcsrb.com\/drustvo\/cgo-javni-servis-pod-teretom-politike-i-krsenja-zakona\/#breadcrumb"},"inLanguage":"en-GB","potentialAction":[{"@type":"ReadAction","target":["https:\/\/dmcsrb.com\/drustvo\/cgo-javni-servis-pod-teretom-politike-i-krsenja-zakona\/"]}]},{"@type":"ImageObject","inLanguage":"en-GB","@id":"https:\/\/dmcsrb.com\/drustvo\/cgo-javni-servis-pod-teretom-politike-i-krsenja-zakona\/#primaryimage","url":"https:\/\/dmcsrb.com\/wp-content\/uploads\/2026\/01\/CGO1.jpg","contentUrl":"https:\/\/dmcsrb.com\/wp-content\/uploads\/2026\/01\/CGO1.jpg","width":1000,"height":555},{"@type":"BreadcrumbList","@id":"https:\/\/dmcsrb.com\/drustvo\/cgo-javni-servis-pod-teretom-politike-i-krsenja-zakona\/#breadcrumb","itemListElement":[{"@type":"ListItem","position":1,"name":"Home","item":"https:\/\/dmcsrb.com\/"},{"@type":"ListItem","position":2,"name":"CGO: Javni servis pod teretom politike i kr\u0161enja zakona"}]},{"@type":"WebSite","@id":"https:\/\/dmcsrb.com\/#website","url":"https:\/\/dmcsrb.com\/","name":"dmcsrb.com","description":"","potentialAction":[{"@type":"SearchAction","target":{"@type":"EntryPoint","urlTemplate":"https:\/\/dmcsrb.com\/?s={search_term_string}"},"query-input":{"@type":"PropertyValueSpecification","valueRequired":true,"valueName":"search_term_string"}}],"inLanguage":"en-GB"},{"@type":"Person","@id":"https:\/\/dmcsrb.com\/#\/schema\/person\/5c39170f12db1b8b457732d0b5c854e2","name":"dmcsrbija.com@gmail.com","image":{"@type":"ImageObject","inLanguage":"en-GB","@id":"https:\/\/dmcsrb.com\/#\/schema\/person\/image\/","url":"https:\/\/secure.gravatar.com\/avatar\/68592660ad6347fad0fb587f8d5d8f1a7b44961362f56e4f2cd524feb87e9069?s=96&d=mm&r=g","contentUrl":"https:\/\/secure.gravatar.com\/avatar\/68592660ad6347fad0fb587f8d5d8f1a7b44961362f56e4f2cd524feb87e9069?s=96&d=mm&r=g","caption":"dmcsrbija.com@gmail.com"},"sameAs":["https:\/\/dmcsrb.com"],"url":"https:\/\/dmcsrb.com\/en\/author\/dmcsrbija-comgmail-com\/"}]}},"_links":{"self":[{"href":"https:\/\/dmcsrb.com\/en\/wp-json\/wp\/v2\/posts\/909236","targetHints":{"allow":["GET"]}}],"collection":[{"href":"https:\/\/dmcsrb.com\/en\/wp-json\/wp\/v2\/posts"}],"about":[{"href":"https:\/\/dmcsrb.com\/en\/wp-json\/wp\/v2\/types\/post"}],"author":[{"embeddable":true,"href":"https:\/\/dmcsrb.com\/en\/wp-json\/wp\/v2\/users\/1"}],"replies":[{"embeddable":true,"href":"https:\/\/dmcsrb.com\/en\/wp-json\/wp\/v2\/comments?post=909236"}],"version-history":[{"count":0,"href":"https:\/\/dmcsrb.com\/en\/wp-json\/wp\/v2\/posts\/909236\/revisions"}],"wp:featuredmedia":[{"embeddable":true,"href":"https:\/\/dmcsrb.com\/en\/wp-json\/wp\/v2\/media\/909237"}],"wp:attachment":[{"href":"https:\/\/dmcsrb.com\/en\/wp-json\/wp\/v2\/media?parent=909236"}],"wp:term":[{"taxonomy":"category","embeddable":true,"href":"https:\/\/dmcsrb.com\/en\/wp-json\/wp\/v2\/categories?post=909236"},{"taxonomy":"post_tag","embeddable":true,"href":"https:\/\/dmcsrb.com\/en\/wp-json\/wp\/v2\/tags?post=909236"},{"taxonomy":"naslovna","embeddable":true,"href":"https:\/\/dmcsrb.com\/en\/wp-json\/wp\/v2\/naslovna?post=909236"}],"curies":[{"name":"wp","href":"https:\/\/api.w.org\/{rel}","templated":true}]}}