{"id":909198,"date":"2025-12-02T14:12:00","date_gmt":"2025-12-02T13:12:00","guid":{"rendered":"https:\/\/dmcsrb.com\/uncategorized\/tuzilastvo-podiglo-optuznicu-protiv-cetiri-osobe-zbog-razbojnistva-u-podgorici\/"},"modified":"2025-12-02T14:12:00","modified_gmt":"2025-12-02T13:12:00","slug":"tuzilastvo-podiglo-optuznicu-protiv-cetiri-osobe-zbog-razbojnistva-u-podgorici","status":"publish","type":"post","link":"https:\/\/dmcsrb.com\/en\/hronika\/tuzilastvo-podiglo-optuznicu-protiv-cetiri-osobe-zbog-razbojnistva-u-podgorici\/","title":{"rendered":"Tu\u017eila\u0161tvo podiglo optu\u017enicu protiv \u010detiri osobe zbog razbojni\u0161tva u Podgorici"},"content":{"rendered":"<p><\/p>\n\n\n\n<p>&#8220;Optu\u017enicom se okrivljenim licima L.B., F.I., A.Z. i A.T., stavlja na teret da su dana 08.03.2025.godine u stanu koji je koristila o\u0161te\u0107ana E.C. u Podgorici, u grupi, upotrebom sile oduzeli tu\u0111u pokretnu stvari u namjeri da njenim prisvajanjem sebi pribave protivpravnu imovinsku korist u vrijednosti od 2.446,00 eura i pri tome sa umi\u0161ljajem o\u0161te\u0107enoj E.C. nanijeli te\u0161ku tjelesnu povredu&#8221;, saop\u0161teno je iz tu\u017eila\u0161tva.<\/p>\n\n\n\n<p>Tako\u0111e, optu\u017enicom je u odnosu na lice L.B. predlo\u017eeno produ\u017eenje pritvora, dok je u odnosu na lica F.I., A.Z. i A.T. predlo\u017eeno su\u0111enje u odsustvu i odre\u0111ivanje pritvora.<\/p>","protected":false},"excerpt":{"rendered":"<p>Iz Vi\u0161eg dr\u017eavnog tu\u017eila\u0161tva u Podgorici saop\u0161teno je da nakon sprovedene istrage podignuta optu\u017enica protiv L.B, F.I, A.Z. i A.T. zbog krivi\u010dnog djela razbojni\u0161tvo, a optu\u017enica je dostavljena Vi\u0161em sudu u Podgorici na postupanje.<\/p>","protected":false},"author":1,"featured_media":909199,"comment_status":"open","ping_status":"open","sticky":false,"template":"","format":"standard","meta":{"_acf_changed":false,"footnotes":""},"categories":[17],"tags":[95,31,536],"naslovna":[],"class_list":["post-909198","post","type-post","status-publish","format-standard","has-post-thumbnail","hentry","category-hronika","tag-crna-gora","tag-podgorica","tag-vise-drzavno-tuzilastvo"],"acf":[],"yoast_head":"<!-- This site is optimized with the Yoast SEO plugin v27.4 - https:\/\/yoast.com\/product\/yoast-seo-wordpress\/ -->\n<title>Tu\u017eila\u0161tvo podiglo optu\u017enicu protiv \u010detiri osobe zbog razbojni\u0161tva u Podgorici - dmcsrb.com<\/title>\n<meta name=\"robots\" content=\"index, follow, max-snippet:-1, max-image-preview:large, max-video-preview:-1\" \/>\n<link rel=\"canonical\" href=\"https:\/\/dmcsrb.com\/en\/hronika\/tuzilastvo-podiglo-optuznicu-protiv-cetiri-osobe-zbog-razbojnistva-u-podgorici\/\" \/>\n<meta property=\"og:locale\" content=\"en_GB\" \/>\n<meta property=\"og:type\" content=\"article\" \/>\n<meta property=\"og:title\" content=\"Tu\u017eila\u0161tvo podiglo optu\u017enicu protiv \u010detiri osobe zbog razbojni\u0161tva u Podgorici - dmcsrb.com\" \/>\n<meta property=\"og:description\" content=\"Iz Vi\u0161eg dr\u017eavnog tu\u017eila\u0161tva u Podgorici saop\u0161teno je da nakon sprovedene istrage podignuta optu\u017enica protiv L.B, F.I, A.Z. i A.T. zbog krivi\u010dnog djela razbojni\u0161tvo, a optu\u017enica je dostavljena Vi\u0161em sudu u Podgorici na postupanje.\" \/>\n<meta property=\"og:url\" content=\"https:\/\/dmcsrb.com\/en\/hronika\/tuzilastvo-podiglo-optuznicu-protiv-cetiri-osobe-zbog-razbojnistva-u-podgorici\/\" \/>\n<meta property=\"og:site_name\" content=\"dmcsrb.com\" \/>\n<meta property=\"article:published_time\" content=\"2025-12-02T13:12:00+00:00\" \/>\n<meta property=\"og:image\" content=\"https:\/\/dmcsrb.com\/wp-content\/uploads\/2026\/01\/tuzilastvo.jpg\" \/>\n\t<meta property=\"og:image:width\" content=\"886\" \/>\n\t<meta property=\"og:image:height\" content=\"484\" \/>\n\t<meta property=\"og:image:type\" content=\"image\/jpeg\" \/>\n<meta name=\"author\" content=\"dmcsrbija.com@gmail.com\" \/>\n<meta name=\"twitter:card\" content=\"summary_large_image\" \/>\n<meta name=\"twitter:label1\" content=\"Written by\" \/>\n\t<meta name=\"twitter:data1\" content=\"dmcsrbija.com@gmail.com\" \/>\n\t<meta name=\"twitter:label2\" content=\"Estimated reading time\" \/>\n\t<meta name=\"twitter:data2\" content=\"1 minute\" \/>\n<script type=\"application\/ld+json\" class=\"yoast-schema-graph\">{\"@context\":\"https:\\\/\\\/schema.org\",\"@graph\":[{\"@type\":\"Article\",\"@id\":\"https:\\\/\\\/dmcsrb.com\\\/hronika\\\/tuzilastvo-podiglo-optuznicu-protiv-cetiri-osobe-zbog-razbojnistva-u-podgorici\\\/#article\",\"isPartOf\":{\"@id\":\"https:\\\/\\\/dmcsrb.com\\\/hronika\\\/tuzilastvo-podiglo-optuznicu-protiv-cetiri-osobe-zbog-razbojnistva-u-podgorici\\\/\"},\"author\":{\"name\":\"dmcsrbija.com@gmail.com\",\"@id\":\"https:\\\/\\\/dmcsrb.com\\\/#\\\/schema\\\/person\\\/5c39170f12db1b8b457732d0b5c854e2\"},\"headline\":\"Tu\u017eila\u0161tvo podiglo optu\u017enicu protiv \u010detiri osobe zbog razbojni\u0161tva u Podgorici\",\"datePublished\":\"2025-12-02T13:12:00+00:00\",\"mainEntityOfPage\":{\"@id\":\"https:\\\/\\\/dmcsrb.com\\\/hronika\\\/tuzilastvo-podiglo-optuznicu-protiv-cetiri-osobe-zbog-razbojnistva-u-podgorici\\\/\"},\"wordCount\":132,\"commentCount\":0,\"image\":{\"@id\":\"https:\\\/\\\/dmcsrb.com\\\/hronika\\\/tuzilastvo-podiglo-optuznicu-protiv-cetiri-osobe-zbog-razbojnistva-u-podgorici\\\/#primaryimage\"},\"thumbnailUrl\":\"https:\\\/\\\/dmcsrb.com\\\/wp-content\\\/uploads\\\/2026\\\/01\\\/tuzilastvo.jpg\",\"keywords\":[\"Crna Gora\",\"Podgorica\",\"vise drzavno tuzilastvo\"],\"articleSection\":[\"Hronika\"],\"inLanguage\":\"en-GB\",\"potentialAction\":[{\"@type\":\"CommentAction\",\"name\":\"Comment\",\"target\":[\"https:\\\/\\\/dmcsrb.com\\\/hronika\\\/tuzilastvo-podiglo-optuznicu-protiv-cetiri-osobe-zbog-razbojnistva-u-podgorici\\\/#respond\"]}]},{\"@type\":\"WebPage\",\"@id\":\"https:\\\/\\\/dmcsrb.com\\\/hronika\\\/tuzilastvo-podiglo-optuznicu-protiv-cetiri-osobe-zbog-razbojnistva-u-podgorici\\\/\",\"url\":\"https:\\\/\\\/dmcsrb.com\\\/hronika\\\/tuzilastvo-podiglo-optuznicu-protiv-cetiri-osobe-zbog-razbojnistva-u-podgorici\\\/\",\"name\":\"Tu\u017eila\u0161tvo podiglo optu\u017enicu protiv \u010detiri osobe zbog razbojni\u0161tva u Podgorici - dmcsrb.com\",\"isPartOf\":{\"@id\":\"https:\\\/\\\/dmcsrb.com\\\/#website\"},\"primaryImageOfPage\":{\"@id\":\"https:\\\/\\\/dmcsrb.com\\\/hronika\\\/tuzilastvo-podiglo-optuznicu-protiv-cetiri-osobe-zbog-razbojnistva-u-podgorici\\\/#primaryimage\"},\"image\":{\"@id\":\"https:\\\/\\\/dmcsrb.com\\\/hronika\\\/tuzilastvo-podiglo-optuznicu-protiv-cetiri-osobe-zbog-razbojnistva-u-podgorici\\\/#primaryimage\"},\"thumbnailUrl\":\"https:\\\/\\\/dmcsrb.com\\\/wp-content\\\/uploads\\\/2026\\\/01\\\/tuzilastvo.jpg\",\"datePublished\":\"2025-12-02T13:12:00+00:00\",\"author\":{\"@id\":\"https:\\\/\\\/dmcsrb.com\\\/#\\\/schema\\\/person\\\/5c39170f12db1b8b457732d0b5c854e2\"},\"breadcrumb\":{\"@id\":\"https:\\\/\\\/dmcsrb.com\\\/hronika\\\/tuzilastvo-podiglo-optuznicu-protiv-cetiri-osobe-zbog-razbojnistva-u-podgorici\\\/#breadcrumb\"},\"inLanguage\":\"en-GB\",\"potentialAction\":[{\"@type\":\"ReadAction\",\"target\":[\"https:\\\/\\\/dmcsrb.com\\\/hronika\\\/tuzilastvo-podiglo-optuznicu-protiv-cetiri-osobe-zbog-razbojnistva-u-podgorici\\\/\"]}]},{\"@type\":\"ImageObject\",\"inLanguage\":\"en-GB\",\"@id\":\"https:\\\/\\\/dmcsrb.com\\\/hronika\\\/tuzilastvo-podiglo-optuznicu-protiv-cetiri-osobe-zbog-razbojnistva-u-podgorici\\\/#primaryimage\",\"url\":\"https:\\\/\\\/dmcsrb.com\\\/wp-content\\\/uploads\\\/2026\\\/01\\\/tuzilastvo.jpg\",\"contentUrl\":\"https:\\\/\\\/dmcsrb.com\\\/wp-content\\\/uploads\\\/2026\\\/01\\\/tuzilastvo.jpg\",\"width\":886,\"height\":484},{\"@type\":\"BreadcrumbList\",\"@id\":\"https:\\\/\\\/dmcsrb.com\\\/hronika\\\/tuzilastvo-podiglo-optuznicu-protiv-cetiri-osobe-zbog-razbojnistva-u-podgorici\\\/#breadcrumb\",\"itemListElement\":[{\"@type\":\"ListItem\",\"position\":1,\"name\":\"Home\",\"item\":\"https:\\\/\\\/dmcsrb.com\\\/\"},{\"@type\":\"ListItem\",\"position\":2,\"name\":\"Tu\u017eila\u0161tvo podiglo optu\u017enicu protiv \u010detiri osobe zbog razbojni\u0161tva u Podgorici\"}]},{\"@type\":\"WebSite\",\"@id\":\"https:\\\/\\\/dmcsrb.com\\\/#website\",\"url\":\"https:\\\/\\\/dmcsrb.com\\\/\",\"name\":\"dmcsrb.com\",\"description\":\"\",\"potentialAction\":[{\"@type\":\"SearchAction\",\"target\":{\"@type\":\"EntryPoint\",\"urlTemplate\":\"https:\\\/\\\/dmcsrb.com\\\/?s={search_term_string}\"},\"query-input\":{\"@type\":\"PropertyValueSpecification\",\"valueRequired\":true,\"valueName\":\"search_term_string\"}}],\"inLanguage\":\"en-GB\"},{\"@type\":\"Person\",\"@id\":\"https:\\\/\\\/dmcsrb.com\\\/#\\\/schema\\\/person\\\/5c39170f12db1b8b457732d0b5c854e2\",\"name\":\"dmcsrbija.com@gmail.com\",\"image\":{\"@type\":\"ImageObject\",\"inLanguage\":\"en-GB\",\"@id\":\"https:\\\/\\\/secure.gravatar.com\\\/avatar\\\/68592660ad6347fad0fb587f8d5d8f1a7b44961362f56e4f2cd524feb87e9069?s=96&d=mm&r=g\",\"url\":\"https:\\\/\\\/secure.gravatar.com\\\/avatar\\\/68592660ad6347fad0fb587f8d5d8f1a7b44961362f56e4f2cd524feb87e9069?s=96&d=mm&r=g\",\"contentUrl\":\"https:\\\/\\\/secure.gravatar.com\\\/avatar\\\/68592660ad6347fad0fb587f8d5d8f1a7b44961362f56e4f2cd524feb87e9069?s=96&d=mm&r=g\",\"caption\":\"dmcsrbija.com@gmail.com\"},\"sameAs\":[\"https:\\\/\\\/dmcsrb.com\"],\"url\":\"https:\\\/\\\/dmcsrb.com\\\/en\\\/author\\\/dmcsrbija-comgmail-com\\\/\"}]}<\/script>\n<!-- \/ Yoast SEO plugin. -->","yoast_head_json":{"title":"Tu\u017eila\u0161tvo podiglo optu\u017enicu protiv \u010detiri osobe zbog razbojni\u0161tva u Podgorici - dmcsrb.com","robots":{"index":"index","follow":"follow","max-snippet":"max-snippet:-1","max-image-preview":"max-image-preview:large","max-video-preview":"max-video-preview:-1"},"canonical":"https:\/\/dmcsrb.com\/en\/hronika\/tuzilastvo-podiglo-optuznicu-protiv-cetiri-osobe-zbog-razbojnistva-u-podgorici\/","og_locale":"en_GB","og_type":"article","og_title":"Tu\u017eila\u0161tvo podiglo optu\u017enicu protiv \u010detiri osobe zbog razbojni\u0161tva u Podgorici - dmcsrb.com","og_description":"Iz Vi\u0161eg dr\u017eavnog tu\u017eila\u0161tva u Podgorici saop\u0161teno je da nakon sprovedene istrage podignuta optu\u017enica protiv L.B, F.I, A.Z. i A.T. zbog krivi\u010dnog djela razbojni\u0161tvo, a optu\u017enica je dostavljena Vi\u0161em sudu u Podgorici na postupanje.","og_url":"https:\/\/dmcsrb.com\/en\/hronika\/tuzilastvo-podiglo-optuznicu-protiv-cetiri-osobe-zbog-razbojnistva-u-podgorici\/","og_site_name":"dmcsrb.com","article_published_time":"2025-12-02T13:12:00+00:00","og_image":[{"width":886,"height":484,"url":"https:\/\/dmcsrb.com\/wp-content\/uploads\/2026\/01\/tuzilastvo.jpg","type":"image\/jpeg"}],"author":"dmcsrbija.com@gmail.com","twitter_card":"summary_large_image","twitter_misc":{"Written by":"dmcsrbija.com@gmail.com","Estimated reading time":"1 minute"},"schema":{"@context":"https:\/\/schema.org","@graph":[{"@type":"Article","@id":"https:\/\/dmcsrb.com\/hronika\/tuzilastvo-podiglo-optuznicu-protiv-cetiri-osobe-zbog-razbojnistva-u-podgorici\/#article","isPartOf":{"@id":"https:\/\/dmcsrb.com\/hronika\/tuzilastvo-podiglo-optuznicu-protiv-cetiri-osobe-zbog-razbojnistva-u-podgorici\/"},"author":{"name":"dmcsrbija.com@gmail.com","@id":"https:\/\/dmcsrb.com\/#\/schema\/person\/5c39170f12db1b8b457732d0b5c854e2"},"headline":"Tu\u017eila\u0161tvo podiglo optu\u017enicu protiv \u010detiri osobe zbog razbojni\u0161tva u Podgorici","datePublished":"2025-12-02T13:12:00+00:00","mainEntityOfPage":{"@id":"https:\/\/dmcsrb.com\/hronika\/tuzilastvo-podiglo-optuznicu-protiv-cetiri-osobe-zbog-razbojnistva-u-podgorici\/"},"wordCount":132,"commentCount":0,"image":{"@id":"https:\/\/dmcsrb.com\/hronika\/tuzilastvo-podiglo-optuznicu-protiv-cetiri-osobe-zbog-razbojnistva-u-podgorici\/#primaryimage"},"thumbnailUrl":"https:\/\/dmcsrb.com\/wp-content\/uploads\/2026\/01\/tuzilastvo.jpg","keywords":["Crna Gora","Podgorica","vise drzavno tuzilastvo"],"articleSection":["Hronika"],"inLanguage":"en-GB","potentialAction":[{"@type":"CommentAction","name":"Comment","target":["https:\/\/dmcsrb.com\/hronika\/tuzilastvo-podiglo-optuznicu-protiv-cetiri-osobe-zbog-razbojnistva-u-podgorici\/#respond"]}]},{"@type":"WebPage","@id":"https:\/\/dmcsrb.com\/hronika\/tuzilastvo-podiglo-optuznicu-protiv-cetiri-osobe-zbog-razbojnistva-u-podgorici\/","url":"https:\/\/dmcsrb.com\/hronika\/tuzilastvo-podiglo-optuznicu-protiv-cetiri-osobe-zbog-razbojnistva-u-podgorici\/","name":"Tu\u017eila\u0161tvo podiglo optu\u017enicu protiv \u010detiri osobe zbog razbojni\u0161tva u Podgorici - dmcsrb.com","isPartOf":{"@id":"https:\/\/dmcsrb.com\/#website"},"primaryImageOfPage":{"@id":"https:\/\/dmcsrb.com\/hronika\/tuzilastvo-podiglo-optuznicu-protiv-cetiri-osobe-zbog-razbojnistva-u-podgorici\/#primaryimage"},"image":{"@id":"https:\/\/dmcsrb.com\/hronika\/tuzilastvo-podiglo-optuznicu-protiv-cetiri-osobe-zbog-razbojnistva-u-podgorici\/#primaryimage"},"thumbnailUrl":"https:\/\/dmcsrb.com\/wp-content\/uploads\/2026\/01\/tuzilastvo.jpg","datePublished":"2025-12-02T13:12:00+00:00","author":{"@id":"https:\/\/dmcsrb.com\/#\/schema\/person\/5c39170f12db1b8b457732d0b5c854e2"},"breadcrumb":{"@id":"https:\/\/dmcsrb.com\/hronika\/tuzilastvo-podiglo-optuznicu-protiv-cetiri-osobe-zbog-razbojnistva-u-podgorici\/#breadcrumb"},"inLanguage":"en-GB","potentialAction":[{"@type":"ReadAction","target":["https:\/\/dmcsrb.com\/hronika\/tuzilastvo-podiglo-optuznicu-protiv-cetiri-osobe-zbog-razbojnistva-u-podgorici\/"]}]},{"@type":"ImageObject","inLanguage":"en-GB","@id":"https:\/\/dmcsrb.com\/hronika\/tuzilastvo-podiglo-optuznicu-protiv-cetiri-osobe-zbog-razbojnistva-u-podgorici\/#primaryimage","url":"https:\/\/dmcsrb.com\/wp-content\/uploads\/2026\/01\/tuzilastvo.jpg","contentUrl":"https:\/\/dmcsrb.com\/wp-content\/uploads\/2026\/01\/tuzilastvo.jpg","width":886,"height":484},{"@type":"BreadcrumbList","@id":"https:\/\/dmcsrb.com\/hronika\/tuzilastvo-podiglo-optuznicu-protiv-cetiri-osobe-zbog-razbojnistva-u-podgorici\/#breadcrumb","itemListElement":[{"@type":"ListItem","position":1,"name":"Home","item":"https:\/\/dmcsrb.com\/"},{"@type":"ListItem","position":2,"name":"Tu\u017eila\u0161tvo podiglo optu\u017enicu protiv \u010detiri osobe zbog razbojni\u0161tva u Podgorici"}]},{"@type":"WebSite","@id":"https:\/\/dmcsrb.com\/#website","url":"https:\/\/dmcsrb.com\/","name":"dmcsrb.com","description":"","potentialAction":[{"@type":"SearchAction","target":{"@type":"EntryPoint","urlTemplate":"https:\/\/dmcsrb.com\/?s={search_term_string}"},"query-input":{"@type":"PropertyValueSpecification","valueRequired":true,"valueName":"search_term_string"}}],"inLanguage":"en-GB"},{"@type":"Person","@id":"https:\/\/dmcsrb.com\/#\/schema\/person\/5c39170f12db1b8b457732d0b5c854e2","name":"dmcsrbija.com@gmail.com","image":{"@type":"ImageObject","inLanguage":"en-GB","@id":"https:\/\/secure.gravatar.com\/avatar\/68592660ad6347fad0fb587f8d5d8f1a7b44961362f56e4f2cd524feb87e9069?s=96&d=mm&r=g","url":"https:\/\/secure.gravatar.com\/avatar\/68592660ad6347fad0fb587f8d5d8f1a7b44961362f56e4f2cd524feb87e9069?s=96&d=mm&r=g","contentUrl":"https:\/\/secure.gravatar.com\/avatar\/68592660ad6347fad0fb587f8d5d8f1a7b44961362f56e4f2cd524feb87e9069?s=96&d=mm&r=g","caption":"dmcsrbija.com@gmail.com"},"sameAs":["https:\/\/dmcsrb.com"],"url":"https:\/\/dmcsrb.com\/en\/author\/dmcsrbija-comgmail-com\/"}]}},"_links":{"self":[{"href":"https:\/\/dmcsrb.com\/en\/wp-json\/wp\/v2\/posts\/909198","targetHints":{"allow":["GET"]}}],"collection":[{"href":"https:\/\/dmcsrb.com\/en\/wp-json\/wp\/v2\/posts"}],"about":[{"href":"https:\/\/dmcsrb.com\/en\/wp-json\/wp\/v2\/types\/post"}],"author":[{"embeddable":true,"href":"https:\/\/dmcsrb.com\/en\/wp-json\/wp\/v2\/users\/1"}],"replies":[{"embeddable":true,"href":"https:\/\/dmcsrb.com\/en\/wp-json\/wp\/v2\/comments?post=909198"}],"version-history":[{"count":0,"href":"https:\/\/dmcsrb.com\/en\/wp-json\/wp\/v2\/posts\/909198\/revisions"}],"wp:featuredmedia":[{"embeddable":true,"href":"https:\/\/dmcsrb.com\/en\/wp-json\/wp\/v2\/media\/909199"}],"wp:attachment":[{"href":"https:\/\/dmcsrb.com\/en\/wp-json\/wp\/v2\/media?parent=909198"}],"wp:term":[{"taxonomy":"category","embeddable":true,"href":"https:\/\/dmcsrb.com\/en\/wp-json\/wp\/v2\/categories?post=909198"},{"taxonomy":"post_tag","embeddable":true,"href":"https:\/\/dmcsrb.com\/en\/wp-json\/wp\/v2\/tags?post=909198"},{"taxonomy":"naslovna","embeddable":true,"href":"https:\/\/dmcsrb.com\/en\/wp-json\/wp\/v2\/naslovna?post=909198"}],"curies":[{"name":"wp","href":"https:\/\/api.w.org\/{rel}","templated":true}]}}