{"id":909136,"date":"2025-12-02T11:00:00","date_gmt":"2025-12-02T10:00:00","guid":{"rendered":"https:\/\/dmcsrb.com\/uncategorized\/djurickovic-trojanski-konji-na-celu-kolone-deset-dana-galopa-unazad\/"},"modified":"2025-12-02T11:00:00","modified_gmt":"2025-12-02T10:00:00","slug":"djurickovic-trojanski-konji-na-celu-kolone-deset-dana-galopa-unazad","status":"publish","type":"post","link":"https:\/\/dmcsrb.com\/en\/politika\/djurickovic-trojanski-konji-na-celu-kolone-deset-dana-galopa-unazad\/","title":{"rendered":"\u0110uri\u010dkovi\u0107: Trojanski konji na \u010delu kolone &#8211; deset dana galopa unazad\u00a0 \u00a0 \u00a0 \u00a0"},"content":{"rendered":"<p><\/p>\n\n\n\n<p>Koji dan ranije, komesarka Marta Kos izjavila je da Crna Gora \u201enije ruski trojanski konj, ali da postoje uticaji\u201c. Nakon poruka komesarke Kos i ambasadora Satlera, neminovno se name\u0107u pitanja: \u201eImaju li na\u0161i konji ime?\u201c i \u201eSmije li se to ime izgovoriti\u201c, upitao je \u0110uri\u010dkovi\u0107.<\/p>\n\n\n\n<p>&#8221;A kada ve\u0107 govorimo o konjima, red je da se osvrnemo i na krdo. Krdo karakteri\u0161e visok nivo dru\u0161tvene povezanosti. Konji su izrazito socijalne \u017eivotinje i oslanjaju se na grupu radi za\u0161tite, sigurnosti i socijalne interakcije (\u010ditaj: \u010duvanja pozicija i fotelja). Krdo ima jasnu hijerarhiju, \u010dlanovi zauzimaju odre\u0111enu poziciju u dru\u0161tvenom poretku, \u0161to smanjuje konflikte i \u010dini grupu stabilnijom (\u010ditaj: za\u0161tita li\u010dnih interesa)&#8221;, kazao je \u0110uri\u010dkovi\u0107.<\/p>\n\n\n\n<p>Svaka sli\u010dnost opisa \u201ekrda\u201c s vladaju\u0107om ve\u0107inom i \u201ekonja\u201c s ruskim trojanskim konjima u toj ve\u0107ini, namjerna je, ocijenio je \u0110uri\u010dkovi\u0107.<\/p>\n\n\n\n<p>U toj utrci, koji su konji (trojanski) istr\u010dali na pol-poziciju krda (vladaju\u0107e ve\u0107ine), jasno se vidi u ovom desetodnevnom pregledu:<\/p>\n\n\n\n<p>20.11.2025&nbsp;&nbsp;<\/p>\n\n\n\n<p>\u201eKada pri\u010damo o crvenim zastavicama ili crvenim kartonima, govorimo o polarizaciji. Zna\u010di, ne \u017eelimo da vidimo identitetska pitanja, ne \u017eelimo da vidimo podijeljenost dru\u0161tva. Posebno kada govorimo o Crnoj Gori. Fokus ne treba da bude na stvarima koje nas razdvajaju, nego na stvarima koje nas dr\u017ee ujedinjenima. Tu \u017eelim da vidim odre\u0111eni napredak i svaka dalja polarizacija dru\u0161tva bila bi crvena zastavica.\u201c &#8211; ambasador EU u Crnoj Gori, Satler.&nbsp;<\/p>\n\n\n\n<p>PO\u010cETAK TRKE 20.11.2025<\/p>\n\n\n\n<p>Predsjednik Op\u0161tine Pljevlja, Dario Vrane\u0161, odlu\u010dio je da bojkotuje Dan op\u0161tine na \u010dijem je \u010delu, te nije prisustvovao sve\u010danoj sjednici Skup\u0161tine op\u0161tine. Na dru\u0161tvenim mre\u017eama objasnio je da ne \u017eeli da \u201eslavi podjele\u201c i da je 20. novembar \u201enajtragi\u010dniji dan 20. vijeka\u201c. Ina\u010de, Pljevlja su 20. novembra 1945. godine oslobo\u0111ena od fa\u0161isti\u010dkog okupatora.<\/p>\n\n\n\n<p>22.11.2025<\/p>\n\n\n\n<p>Predsjednik Op\u0161tine Pljevlja najavio je sve\u010danu akademiju povodom 107 godina od \u201eujedinjenja Srbije i Crne Gore\u201c &#8211; datuma koji zvani\u010dna istorija i ve\u0107inski dio Crne Gore tretiraju kao \u010din nasilnog brisanja dr\u017eavnopravnog subjektiviteta. Izjava Vrane\u0161a je otvoreni poku\u0161aj normalizacije nasilne aneksije i direktan udar na temelje Crne Gore.<\/p>\n\n\n\n<p>22.11.2025<\/p>\n\n\n\n<p>Mitropolit Joanikije ponovo je, u ve\u0107 ustaljenom ritmu, lansirao temu obnove kapele na Lov\u0107enu, jednu od najopasnijih i najpolarizuju\u0107ih tema u Crnoj Gori. Predsjednik Op\u0161tine Nik\u0161i\u0107, Marko Kova\u010devi\u0107, pridru\u017eio se porukom da je \u201eobnova kapele njihov zavjet\u201c.<\/p>\n\n\n\n<p>23.11.2025<\/p>\n\n\n\n<p>Poslanici SNP-a oti\u0161li su korak dalje: poku\u0161ali su da ozvani\u010de istorijski revizionizam u Skup\u0161tini i da nasilnu aneksiju iz 1918. preimenuju u \u201eujedinjenje\u201c. To je politi\u010dki proma\u0161aj, civilizacijski pad i direktan doprinos podjelama.<\/p>\n\n\n\n<p>24.11.2025<\/p>\n\n\n\n<p>Na prijedlog gradona\u010delnika Podgorice, Sa\u0161e Mujovi\u0107a, a po instrukcijama Crkve Srbije, u Skup\u0161tini Glavnog grada usvojena je Odluka o podizanju spomen-obilje\u017eja \u201ebratskoj slozi, su\u017eivotu i me\u0111uvjerskom skladu pravoslavne i islamske zajednice\u201c, sa sve likom Amfilohija Radovi\u0107a.<\/p>\n\n\n\n<p>Protiv ove inicijative jasno su se izjasnili najvi\u0161i predstavnici Islamske zajednice u Crnoj Gori, dio pravoslavnih vjernika, a sama inicijativa je i u lokalnom parlamentu izazvala tenzije i podjele.<\/p>\n\n\n\n<p>27.11.2025<\/p>\n\n\n\n<p>Emitovana je dokumentarno-informativna emisija \u201eSrebrenica \u2013 anatomija obmane\u201c na televiziji Adria. Sadr\u017eaj emisije grubo iskrivljuje istinu, otvoreno negira \u010dinjenicu da je u Srebrenici po\u010dinjen genocid, te plasira niz neta\u010dnih informacija i obmana o ovom zlo\u010dinu, \u010dime se on relativizuje i su\u0161tinski prekraja.<\/p>\n\n\n\n<p>1.12.2025<\/p>\n\n\n\n<p>Mini-ciklus, od Satlerove poruke do danas, zaokru\u017eio je Dario Vrane\u0161. Na najavljenoj sve\u010danoj akademiji povodom dana \u201eujedinjenja\u201c, poslate su poruke kojima se podriva teritorijalni integritet Crne Gore, vr\u0161i istorijski revizionizam i naru\u0161ava me\u0111uvjerski mir u gradu. Skup je zavr\u0161en porukom koja se ti\u010de i regionalnih odnosa: \u201eNeka bude amin. Bo\u017ee daj. Dogodine u Prizrenu.\u201c<\/p>\n\n\n\n<p>&#8221;U me\u0111uvremenu, vladaju\u0107a ve\u0107ina u Skup\u0161tini jo\u0161 jednom je pokazala da EU integracije nijesu njihov prioritet ni cilj, ve\u0107 paravan. Izbor samo jednog \u201epodobnog\u201c kandidata za Ustavni sud jo\u0161 jedan je poku\u0161aj stavljanja najvi\u0161e sudske instance pod politi\u010dku kontrolu. Cilj je jasan: otvoriti put ka neustavnim izmjenama, produbljivanju identitetskih sukoba i daljem pot\u010dinjavanju institucija&#8221;, ocijenio je \u0110uri\u010dkovi\u0107.<\/p>\n\n\n\n<p>Sve pomenuto nije slu\u010dajnost, ve\u0107 paralelni proces. To je jedna ista agenda, jedan isti rukopis, jedna ista matrica stvaranja podjela kao politi\u010dkog alata i matrica dr\u017eanja Crne Gore zaglavljenom u blatu \u201esrpskog sveta\u201c, kazao je \u0110uri\u010dkovi\u0107.<\/p>\n\n\n\n<p>&#8221;Razbijanje aktuelne vladaju\u0107e ve\u0107ine, politi\u010dka izolacija i marginalizacija trojanskih konja jedini je put koji vodi ka punopravnom \u010dlanstvu Crne Gore u EU&#8221;, zaklju\u010duje \u0110uri\u010dkovi\u0107.<\/p>","protected":false},"excerpt":{"rendered":"<p>Nedavna poruka ambasadora Satlera da \u201eEvropska unija ne \u017eeli da u Crnoj Gori vidi identitetska pitanja i podjele\u201c bila je jasna, precizna i nedvosmislena. Uprkos tome ili mo\u017eda upravo zbog toga predstavnici vladaju\u0107e ve\u0107ine nastavili su da rade sve suprotno od onoga \u0161to je Brisel poru\u010dio. Ne samo da ignori\u0161u evropske preporuke, nego otvoreno ispituju dokle mogu da idu u destabilizaciji dru\u0161tva, reviziji istorije i sabota\u017ei evropskog puta Crne Gore, saop\u0161tio je na fejsbuku me\u0111unarodni sekretar SD-a i predstavnik Evropskog saveza Milo\u0161 \u0110uri\u010dkovi\u0107.<\/p>","protected":false},"author":1,"featured_media":909137,"comment_status":"open","ping_status":"open","sticky":false,"template":"","format":"standard","meta":{"_acf_changed":false,"footnotes":""},"categories":[12],"tags":[425],"naslovna":[],"class_list":["post-909136","post","type-post","status-publish","format-standard","has-post-thumbnail","hentry","category-politika","tag-milos-djurickovic"],"acf":[],"yoast_head":"<!-- This site is optimized with the Yoast SEO plugin v27.0 - https:\/\/yoast.com\/product\/yoast-seo-wordpress\/ -->\n<title>\u0110uri\u010dkovi\u0107: Trojanski konji na \u010delu kolone - deset dana galopa unazad\u00a0 \u00a0 \u00a0 \u00a0 - dmcsrb.com<\/title>\n<meta name=\"robots\" content=\"index, follow, max-snippet:-1, max-image-preview:large, max-video-preview:-1\" \/>\n<link rel=\"canonical\" href=\"https:\/\/dmcsrb.com\/en\/politika\/djurickovic-trojanski-konji-na-celu-kolone-deset-dana-galopa-unazad\/\" \/>\n<meta property=\"og:locale\" content=\"en_GB\" \/>\n<meta property=\"og:type\" content=\"article\" \/>\n<meta property=\"og:title\" content=\"\u0110uri\u010dkovi\u0107: Trojanski konji na \u010delu kolone - deset dana galopa unazad\u00a0 \u00a0 \u00a0 \u00a0 - dmcsrb.com\" \/>\n<meta property=\"og:description\" content=\"Nedavna poruka ambasadora Satlera da \u201eEvropska unija ne \u017eeli da u Crnoj Gori vidi identitetska pitanja i podjele\u201c bila je jasna, precizna i nedvosmislena. Uprkos tome ili mo\u017eda upravo zbog toga predstavnici vladaju\u0107e ve\u0107ine nastavili su da rade sve suprotno od onoga \u0161to je Brisel poru\u010dio. Ne samo da ignori\u0161u evropske preporuke, nego otvoreno ispituju dokle mogu da idu u destabilizaciji dru\u0161tva, reviziji istorije i sabota\u017ei evropskog puta Crne Gore, saop\u0161tio je na fejsbuku me\u0111unarodni sekretar SD-a i predstavnik Evropskog saveza Milo\u0161 \u0110uri\u010dkovi\u0107.\" \/>\n<meta property=\"og:url\" content=\"https:\/\/dmcsrb.com\/en\/politika\/djurickovic-trojanski-konji-na-celu-kolone-deset-dana-galopa-unazad\/\" \/>\n<meta property=\"og:site_name\" content=\"dmcsrb.com\" \/>\n<meta property=\"article:published_time\" content=\"2025-12-02T10:00:00+00:00\" \/>\n<meta property=\"og:image\" content=\"https:\/\/dmcsrb.com\/wp-content\/uploads\/2026\/01\/DJurickovic1.jpg\" \/>\n\t<meta property=\"og:image:width\" content=\"882\" \/>\n\t<meta property=\"og:image:height\" content=\"448\" \/>\n\t<meta property=\"og:image:type\" content=\"image\/jpeg\" \/>\n<meta name=\"author\" content=\"dmcsrbija.com@gmail.com\" \/>\n<meta name=\"twitter:card\" content=\"summary_large_image\" \/>\n<meta name=\"twitter:label1\" content=\"Written by\" \/>\n\t<meta name=\"twitter:data1\" content=\"dmcsrbija.com@gmail.com\" \/>\n\t<meta name=\"twitter:label2\" content=\"Estimated reading time\" \/>\n\t<meta name=\"twitter:data2\" content=\"4 minutes\" \/>\n<script type=\"application\/ld+json\" class=\"yoast-schema-graph\">{\"@context\":\"https:\/\/schema.org\",\"@graph\":[{\"@type\":\"Article\",\"@id\":\"https:\/\/dmcsrb.com\/politika\/djurickovic-trojanski-konji-na-celu-kolone-deset-dana-galopa-unazad\/#article\",\"isPartOf\":{\"@id\":\"https:\/\/dmcsrb.com\/politika\/djurickovic-trojanski-konji-na-celu-kolone-deset-dana-galopa-unazad\/\"},\"author\":{\"name\":\"dmcsrbija.com@gmail.com\",\"@id\":\"https:\/\/dmcsrb.com\/#\/schema\/person\/5c39170f12db1b8b457732d0b5c854e2\"},\"headline\":\"\u0110uri\u010dkovi\u0107: Trojanski konji na \u010delu kolone &#8211; deset dana galopa unazad\u00a0 \u00a0 \u00a0 \u00a0\",\"datePublished\":\"2025-12-02T10:00:00+00:00\",\"mainEntityOfPage\":{\"@id\":\"https:\/\/dmcsrb.com\/politika\/djurickovic-trojanski-konji-na-celu-kolone-deset-dana-galopa-unazad\/\"},\"wordCount\":778,\"commentCount\":0,\"image\":{\"@id\":\"https:\/\/dmcsrb.com\/politika\/djurickovic-trojanski-konji-na-celu-kolone-deset-dana-galopa-unazad\/#primaryimage\"},\"thumbnailUrl\":\"https:\/\/dmcsrb.com\/wp-content\/uploads\/2026\/01\/DJurickovic1.jpg\",\"keywords\":[\"Milo\u0161 \u0110uri\u010dkovi\u0107\"],\"articleSection\":[\"Politika\"],\"inLanguage\":\"en-GB\",\"potentialAction\":[{\"@type\":\"CommentAction\",\"name\":\"Comment\",\"target\":[\"https:\/\/dmcsrb.com\/politika\/djurickovic-trojanski-konji-na-celu-kolone-deset-dana-galopa-unazad\/#respond\"]}]},{\"@type\":\"WebPage\",\"@id\":\"https:\/\/dmcsrb.com\/politika\/djurickovic-trojanski-konji-na-celu-kolone-deset-dana-galopa-unazad\/\",\"url\":\"https:\/\/dmcsrb.com\/politika\/djurickovic-trojanski-konji-na-celu-kolone-deset-dana-galopa-unazad\/\",\"name\":\"\u0110uri\u010dkovi\u0107: Trojanski konji na \u010delu kolone - deset dana galopa unazad\u00a0 \u00a0 \u00a0 \u00a0 - dmcsrb.com\",\"isPartOf\":{\"@id\":\"https:\/\/dmcsrb.com\/#website\"},\"primaryImageOfPage\":{\"@id\":\"https:\/\/dmcsrb.com\/politika\/djurickovic-trojanski-konji-na-celu-kolone-deset-dana-galopa-unazad\/#primaryimage\"},\"image\":{\"@id\":\"https:\/\/dmcsrb.com\/politika\/djurickovic-trojanski-konji-na-celu-kolone-deset-dana-galopa-unazad\/#primaryimage\"},\"thumbnailUrl\":\"https:\/\/dmcsrb.com\/wp-content\/uploads\/2026\/01\/DJurickovic1.jpg\",\"datePublished\":\"2025-12-02T10:00:00+00:00\",\"author\":{\"@id\":\"https:\/\/dmcsrb.com\/#\/schema\/person\/5c39170f12db1b8b457732d0b5c854e2\"},\"breadcrumb\":{\"@id\":\"https:\/\/dmcsrb.com\/politika\/djurickovic-trojanski-konji-na-celu-kolone-deset-dana-galopa-unazad\/#breadcrumb\"},\"inLanguage\":\"en-GB\",\"potentialAction\":[{\"@type\":\"ReadAction\",\"target\":[\"https:\/\/dmcsrb.com\/politika\/djurickovic-trojanski-konji-na-celu-kolone-deset-dana-galopa-unazad\/\"]}]},{\"@type\":\"ImageObject\",\"inLanguage\":\"en-GB\",\"@id\":\"https:\/\/dmcsrb.com\/politika\/djurickovic-trojanski-konji-na-celu-kolone-deset-dana-galopa-unazad\/#primaryimage\",\"url\":\"https:\/\/dmcsrb.com\/wp-content\/uploads\/2026\/01\/DJurickovic1.jpg\",\"contentUrl\":\"https:\/\/dmcsrb.com\/wp-content\/uploads\/2026\/01\/DJurickovic1.jpg\",\"width\":882,\"height\":448},{\"@type\":\"BreadcrumbList\",\"@id\":\"https:\/\/dmcsrb.com\/politika\/djurickovic-trojanski-konji-na-celu-kolone-deset-dana-galopa-unazad\/#breadcrumb\",\"itemListElement\":[{\"@type\":\"ListItem\",\"position\":1,\"name\":\"Home\",\"item\":\"https:\/\/dmcsrb.com\/\"},{\"@type\":\"ListItem\",\"position\":2,\"name\":\"\u0110uri\u010dkovi\u0107: Trojanski konji na \u010delu kolone &#8211; deset dana galopa unazad\u00a0 \u00a0 \u00a0 \u00a0\"}]},{\"@type\":\"WebSite\",\"@id\":\"https:\/\/dmcsrb.com\/#website\",\"url\":\"https:\/\/dmcsrb.com\/\",\"name\":\"dmcsrb.com\",\"description\":\"\",\"potentialAction\":[{\"@type\":\"SearchAction\",\"target\":{\"@type\":\"EntryPoint\",\"urlTemplate\":\"https:\/\/dmcsrb.com\/?s={search_term_string}\"},\"query-input\":{\"@type\":\"PropertyValueSpecification\",\"valueRequired\":true,\"valueName\":\"search_term_string\"}}],\"inLanguage\":\"en-GB\"},{\"@type\":\"Person\",\"@id\":\"https:\/\/dmcsrb.com\/#\/schema\/person\/5c39170f12db1b8b457732d0b5c854e2\",\"name\":\"dmcsrbija.com@gmail.com\",\"image\":{\"@type\":\"ImageObject\",\"inLanguage\":\"en-GB\",\"@id\":\"https:\/\/dmcsrb.com\/#\/schema\/person\/image\/\",\"url\":\"https:\/\/secure.gravatar.com\/avatar\/68592660ad6347fad0fb587f8d5d8f1a7b44961362f56e4f2cd524feb87e9069?s=96&d=mm&r=g\",\"contentUrl\":\"https:\/\/secure.gravatar.com\/avatar\/68592660ad6347fad0fb587f8d5d8f1a7b44961362f56e4f2cd524feb87e9069?s=96&d=mm&r=g\",\"caption\":\"dmcsrbija.com@gmail.com\"},\"sameAs\":[\"https:\/\/dmcsrb.com\"],\"url\":\"https:\/\/dmcsrb.com\/en\/author\/dmcsrbija-comgmail-com\/\"}]}<\/script>\n<!-- \/ Yoast SEO plugin. -->","yoast_head_json":{"title":"\u0110uri\u010dkovi\u0107: Trojanski konji na \u010delu kolone - deset dana galopa unazad\u00a0 \u00a0 \u00a0 \u00a0 - dmcsrb.com","robots":{"index":"index","follow":"follow","max-snippet":"max-snippet:-1","max-image-preview":"max-image-preview:large","max-video-preview":"max-video-preview:-1"},"canonical":"https:\/\/dmcsrb.com\/en\/politika\/djurickovic-trojanski-konji-na-celu-kolone-deset-dana-galopa-unazad\/","og_locale":"en_GB","og_type":"article","og_title":"\u0110uri\u010dkovi\u0107: Trojanski konji na \u010delu kolone - deset dana galopa unazad\u00a0 \u00a0 \u00a0 \u00a0 - dmcsrb.com","og_description":"Nedavna poruka ambasadora Satlera da \u201eEvropska unija ne \u017eeli da u Crnoj Gori vidi identitetska pitanja i podjele\u201c bila je jasna, precizna i nedvosmislena. Uprkos tome ili mo\u017eda upravo zbog toga predstavnici vladaju\u0107e ve\u0107ine nastavili su da rade sve suprotno od onoga \u0161to je Brisel poru\u010dio. Ne samo da ignori\u0161u evropske preporuke, nego otvoreno ispituju dokle mogu da idu u destabilizaciji dru\u0161tva, reviziji istorije i sabota\u017ei evropskog puta Crne Gore, saop\u0161tio je na fejsbuku me\u0111unarodni sekretar SD-a i predstavnik Evropskog saveza Milo\u0161 \u0110uri\u010dkovi\u0107.","og_url":"https:\/\/dmcsrb.com\/en\/politika\/djurickovic-trojanski-konji-na-celu-kolone-deset-dana-galopa-unazad\/","og_site_name":"dmcsrb.com","article_published_time":"2025-12-02T10:00:00+00:00","og_image":[{"width":882,"height":448,"url":"https:\/\/dmcsrb.com\/wp-content\/uploads\/2026\/01\/DJurickovic1.jpg","type":"image\/jpeg"}],"author":"dmcsrbija.com@gmail.com","twitter_card":"summary_large_image","twitter_misc":{"Written by":"dmcsrbija.com@gmail.com","Estimated reading time":"4 minutes"},"schema":{"@context":"https:\/\/schema.org","@graph":[{"@type":"Article","@id":"https:\/\/dmcsrb.com\/politika\/djurickovic-trojanski-konji-na-celu-kolone-deset-dana-galopa-unazad\/#article","isPartOf":{"@id":"https:\/\/dmcsrb.com\/politika\/djurickovic-trojanski-konji-na-celu-kolone-deset-dana-galopa-unazad\/"},"author":{"name":"dmcsrbija.com@gmail.com","@id":"https:\/\/dmcsrb.com\/#\/schema\/person\/5c39170f12db1b8b457732d0b5c854e2"},"headline":"\u0110uri\u010dkovi\u0107: Trojanski konji na \u010delu kolone &#8211; deset dana galopa unazad\u00a0 \u00a0 \u00a0 \u00a0","datePublished":"2025-12-02T10:00:00+00:00","mainEntityOfPage":{"@id":"https:\/\/dmcsrb.com\/politika\/djurickovic-trojanski-konji-na-celu-kolone-deset-dana-galopa-unazad\/"},"wordCount":778,"commentCount":0,"image":{"@id":"https:\/\/dmcsrb.com\/politika\/djurickovic-trojanski-konji-na-celu-kolone-deset-dana-galopa-unazad\/#primaryimage"},"thumbnailUrl":"https:\/\/dmcsrb.com\/wp-content\/uploads\/2026\/01\/DJurickovic1.jpg","keywords":["Milo\u0161 \u0110uri\u010dkovi\u0107"],"articleSection":["Politika"],"inLanguage":"en-GB","potentialAction":[{"@type":"CommentAction","name":"Comment","target":["https:\/\/dmcsrb.com\/politika\/djurickovic-trojanski-konji-na-celu-kolone-deset-dana-galopa-unazad\/#respond"]}]},{"@type":"WebPage","@id":"https:\/\/dmcsrb.com\/politika\/djurickovic-trojanski-konji-na-celu-kolone-deset-dana-galopa-unazad\/","url":"https:\/\/dmcsrb.com\/politika\/djurickovic-trojanski-konji-na-celu-kolone-deset-dana-galopa-unazad\/","name":"\u0110uri\u010dkovi\u0107: Trojanski konji na \u010delu kolone - deset dana galopa unazad\u00a0 \u00a0 \u00a0 \u00a0 - dmcsrb.com","isPartOf":{"@id":"https:\/\/dmcsrb.com\/#website"},"primaryImageOfPage":{"@id":"https:\/\/dmcsrb.com\/politika\/djurickovic-trojanski-konji-na-celu-kolone-deset-dana-galopa-unazad\/#primaryimage"},"image":{"@id":"https:\/\/dmcsrb.com\/politika\/djurickovic-trojanski-konji-na-celu-kolone-deset-dana-galopa-unazad\/#primaryimage"},"thumbnailUrl":"https:\/\/dmcsrb.com\/wp-content\/uploads\/2026\/01\/DJurickovic1.jpg","datePublished":"2025-12-02T10:00:00+00:00","author":{"@id":"https:\/\/dmcsrb.com\/#\/schema\/person\/5c39170f12db1b8b457732d0b5c854e2"},"breadcrumb":{"@id":"https:\/\/dmcsrb.com\/politika\/djurickovic-trojanski-konji-na-celu-kolone-deset-dana-galopa-unazad\/#breadcrumb"},"inLanguage":"en-GB","potentialAction":[{"@type":"ReadAction","target":["https:\/\/dmcsrb.com\/politika\/djurickovic-trojanski-konji-na-celu-kolone-deset-dana-galopa-unazad\/"]}]},{"@type":"ImageObject","inLanguage":"en-GB","@id":"https:\/\/dmcsrb.com\/politika\/djurickovic-trojanski-konji-na-celu-kolone-deset-dana-galopa-unazad\/#primaryimage","url":"https:\/\/dmcsrb.com\/wp-content\/uploads\/2026\/01\/DJurickovic1.jpg","contentUrl":"https:\/\/dmcsrb.com\/wp-content\/uploads\/2026\/01\/DJurickovic1.jpg","width":882,"height":448},{"@type":"BreadcrumbList","@id":"https:\/\/dmcsrb.com\/politika\/djurickovic-trojanski-konji-na-celu-kolone-deset-dana-galopa-unazad\/#breadcrumb","itemListElement":[{"@type":"ListItem","position":1,"name":"Home","item":"https:\/\/dmcsrb.com\/"},{"@type":"ListItem","position":2,"name":"\u0110uri\u010dkovi\u0107: Trojanski konji na \u010delu kolone &#8211; deset dana galopa unazad\u00a0 \u00a0 \u00a0 \u00a0"}]},{"@type":"WebSite","@id":"https:\/\/dmcsrb.com\/#website","url":"https:\/\/dmcsrb.com\/","name":"dmcsrb.com","description":"","potentialAction":[{"@type":"SearchAction","target":{"@type":"EntryPoint","urlTemplate":"https:\/\/dmcsrb.com\/?s={search_term_string}"},"query-input":{"@type":"PropertyValueSpecification","valueRequired":true,"valueName":"search_term_string"}}],"inLanguage":"en-GB"},{"@type":"Person","@id":"https:\/\/dmcsrb.com\/#\/schema\/person\/5c39170f12db1b8b457732d0b5c854e2","name":"dmcsrbija.com@gmail.com","image":{"@type":"ImageObject","inLanguage":"en-GB","@id":"https:\/\/dmcsrb.com\/#\/schema\/person\/image\/","url":"https:\/\/secure.gravatar.com\/avatar\/68592660ad6347fad0fb587f8d5d8f1a7b44961362f56e4f2cd524feb87e9069?s=96&d=mm&r=g","contentUrl":"https:\/\/secure.gravatar.com\/avatar\/68592660ad6347fad0fb587f8d5d8f1a7b44961362f56e4f2cd524feb87e9069?s=96&d=mm&r=g","caption":"dmcsrbija.com@gmail.com"},"sameAs":["https:\/\/dmcsrb.com"],"url":"https:\/\/dmcsrb.com\/en\/author\/dmcsrbija-comgmail-com\/"}]}},"_links":{"self":[{"href":"https:\/\/dmcsrb.com\/en\/wp-json\/wp\/v2\/posts\/909136","targetHints":{"allow":["GET"]}}],"collection":[{"href":"https:\/\/dmcsrb.com\/en\/wp-json\/wp\/v2\/posts"}],"about":[{"href":"https:\/\/dmcsrb.com\/en\/wp-json\/wp\/v2\/types\/post"}],"author":[{"embeddable":true,"href":"https:\/\/dmcsrb.com\/en\/wp-json\/wp\/v2\/users\/1"}],"replies":[{"embeddable":true,"href":"https:\/\/dmcsrb.com\/en\/wp-json\/wp\/v2\/comments?post=909136"}],"version-history":[{"count":0,"href":"https:\/\/dmcsrb.com\/en\/wp-json\/wp\/v2\/posts\/909136\/revisions"}],"wp:featuredmedia":[{"embeddable":true,"href":"https:\/\/dmcsrb.com\/en\/wp-json\/wp\/v2\/media\/909137"}],"wp:attachment":[{"href":"https:\/\/dmcsrb.com\/en\/wp-json\/wp\/v2\/media?parent=909136"}],"wp:term":[{"taxonomy":"category","embeddable":true,"href":"https:\/\/dmcsrb.com\/en\/wp-json\/wp\/v2\/categories?post=909136"},{"taxonomy":"post_tag","embeddable":true,"href":"https:\/\/dmcsrb.com\/en\/wp-json\/wp\/v2\/tags?post=909136"},{"taxonomy":"naslovna","embeddable":true,"href":"https:\/\/dmcsrb.com\/en\/wp-json\/wp\/v2\/naslovna?post=909136"}],"curies":[{"name":"wp","href":"https:\/\/api.w.org\/{rel}","templated":true}]}}