{"id":909040,"date":"2025-12-01T20:30:00","date_gmt":"2025-12-01T19:30:00","guid":{"rendered":"https:\/\/dmcsrb.com\/uncategorized\/vjestacko-osnjezavanje-uskoro-na-zabljaku-u-kolasinu-i-ove-sezone-ce-gledati-u-nebo\/"},"modified":"2025-12-01T20:30:00","modified_gmt":"2025-12-01T19:30:00","slug":"vjestacko-osnjezavanje-uskoro-na-zabljaku-u-kolasinu-i-ove-sezone-ce-gledati-u-nebo","status":"publish","type":"post","link":"https:\/\/dmcsrb.com\/en\/ekonomija\/vjestacko-osnjezavanje-uskoro-na-zabljaku-u-kolasinu-i-ove-sezone-ce-gledati-u-nebo\/","title":{"rendered":"Vje\u0161ta\u010dko osnje\u017eavanje uskoro na \u017dabljaku, u Kola\u0161inu i ove sezone \u0107e gledati u nebo"},"content":{"rendered":"<p><\/p>\n\n\n\n<p>Blagojevi\u0107 je navela da su preduzeli sve mjere za vje\u0161ta\u010dko osnje\u017eavanje i ove godine \u0107e ga imati na \u017dabljaku na Plavoj stazi.<\/p>\n\n\n\n<p>&#8220;To svakako nije garancija uspje\u0161ne sezone, ali je dobar znak. Staze su spremne, remontovane su \u017ei\u010dare i optimisti smo da \u0107e sezona biti uspje\u0161na, jer smo uradili sve \u0161to smo mogli. \u0160to se ti\u010de Kola\u0161ina vodosnabdijevanje koje je bilo uslov za realizaciju projekta osnje\u017eavanja nije rije\u0161en, ali uspjeli smo da uradimo hidrotehni\u010dki projekat, radimo zajedno sa op\u0161tinom na idejnom rje\u0161enju i ako sve bude kako smo planirali i obezbijedimo finasije, ima\u0107emo tu mogu\u0107nost sljede\u0107e sezone&#8221;, kazala je Blagojevi\u0107.<\/p>\n\n\n\n<p>Predsjednik Op\u0161tine Kola\u0161in Petko Baki\u0107, je naglasio da \u0107e morati da gledaju u nebo i ove godine.<\/p>\n\n\n\n<p>&#8220;Do\u0161lo je do nekih sporih koraka i nepromi\u0161ljenih odluka. Na Ski centru Kola\u0161in 1450 i 1600 realizuju se investicije kroz ekonomsko dr\u017eavljanstvo i bilo je planirano da taj dio dobije zna\u010dajne koli\u010dine vode i za hotele i za skijali\u0161ta. Stopiranjem tog projekta zaustavljen je razvoj grada. Pro\u0161le godine smo dobili izvo\u0111a\u010da radova ali on je polovinom godine obavijestio da ne mo\u017ee vi\u0161e ni\u0161ta da radi, jer su gra\u0111ani koji \u017eive u blizini rijeke Ljevaje sa kojeg je trebalo da do\u0111e voda zaustavili radove. Mi smo uradili sve \u0161to smo mogli da taj proces odblokiramo, ali ni\u0161ta nije urodilo plodom&#8221;, naveo je Baki\u0107.<\/p>\n\n\n\n<p>U septembru je, kako je kazao, izvo\u0111a\u010d raskinuo ugovor o \u010demu Op\u0161tina nije ni obavije\u0161tena i vratili su se na po\u010detak. Kola\u0161in ima problema sa infrastruktrom, planirano je, kako je kazao i postrojenje za otpadne vode idu\u0107e godine, ali svi su ti projekti povezani.<\/p>\n\n\n\n<p>Marinko Puri\u0107, direktor skijali\u0161ta &#8220;Savin kuk&#8221; na \u017dabljaku je kazao da su pripreme za sezonu obavljene adekvatno. Imali su i novac od dr\u017eave za osnje\u017eavanje i uspjeli su da obezbijede taj sistem i samo se \u010dekaju ure\u0111aji koji \u0107e sti\u0107i do 15. decembra.<\/p>\n\n\n\n<p>&#8220;Ne znam da li smo rije\u0161ili svu sezonu na \u017dabljaku sa ovim potezom, mi nemamo kapacitet za onoliko ljudi koliko nam dolazi. Ima\u0107emo taj sistem samo na jednoj maloj stazi i to je samo da spasimo dio sezone. Ne mo\u017ee se odr\u017eati sezona i biti ekonomski isplativa na vje\u0161ta\u010dkom osnje\u017eavanju, ali ono mo\u017ee biti od pomo\u0107i&#8221;, naglasio je Puri\u0107.<\/p>\n\n\n\n<p>\u0160to se ti\u010de stanja \u017ei\u010dare Puri\u0107 isti\u010de da su instalacije stare preko 35 godina i odr\u017eavanje je vrlo te\u0161ko sa dosta improvizacija, jer je te\u0161ko na\u0107i orginalne djelove.<\/p>\n\n\n\n<p>&#8220;Prikupljeni su svi papiri i atesti i ima\u0107emo 100 odsto sigurnosti za korisnike. Svake godine se od dr\u017eave tra\u017ei vi\u0161e ulaganja, ali ni u ovom bud\u017eetu nas nema, a mi nismo u stanju da sami finansiramo modernizaciju \u017ei\u010dare, a sigurno je da nam je potrebna&#8221;, istakao je Puri\u0107.<\/p>\n\n\n\n<p>Turizmolog Petar Golubovi\u0107, ocjenjuje da \u0107e sudbina i ove sezone direktno zavisiti od vremenskih prilika. Bez sistema za osnje\u017eavanje u dana\u0161njem momentu se ski ponuda svodi na amaterizam.<\/p>\n\n\n\n<p>&#8220;Pozitivan je pomak \u0161to \u0107e biti ta dva topa i osnje\u017eeno 600 metara staze na \u017dabljaku. Ako pogledamo period od decembra do ferbuara kada se o\u010dekuje najvi\u0161e prometa, \u017dabljak u tom period ima svega 14 odsto turisti\u010dkog prometa, odnosno no\u0107enja u kolektivnom smje\u0161taju, a u ljetnjim mjesecima je dominantan i atraktivniji. S druge strane Kola\u0161in je predstavljen kao zimski centar, a podaci govore da je zimi 28 odsto no\u0107enja u kolektivnom smje\u0161taju. Kopaonik ili Jahorina u tom periodu ostvaruju 55 do 70 odsto ukupno ostvarenih no\u0107enja tokom godine, \u0161to zna\u010di da su se oni profilisali kao zimski centri. Oni zahvaljuju\u0107i ovim sistemima produ\u017eavaju sezonu i privla\u010de korisnike mnogih zimskih aktivnosti. Tako da to dovoljno govori koliko je to zna\u010dajno&#8221; isti\u010de Golubovi\u0107.<\/p>","protected":false},"excerpt":{"rendered":"<p>Olivera Blagojevi\u0107 ispred Ministarstva turizma istakla je u emisiji RTCG &#8220;Naglas&#8221; da \u0107e vje\u0161ta\u010dkog osnje\u017eavanja biti na \u017eablja\u010dkom skijali\u0161tu ove sezone na Plavoj stazi. \u0160to se ti\u010de Kola\u0161ina nijesu uspjeli da taj sistem ugrade, jer je zaustavljen projekat vodosnabdijevanja skijali\u0161ta, te o\u010dekuje da to bude spremno za narednu zimsku sezonu. Predsjednik Op\u0161tine Kola\u0161in Petko Baki\u0107 nagla\u0161ava da su u poslu obezbje\u0111ivanja vodosnabdijevanja za skijali\u0161ta vra\u0107eni na po\u010detak, jer je izvo\u0111a\u010d raskinuo ugovor. Turizmolog Petar Golubovi\u0107 ocjenjuje da \u0107e zimska sezona i ove godine zavisiti od vremenskih prilika \u0161to svakako nije dobro.<\/p>","protected":false},"author":1,"featured_media":909041,"comment_status":"open","ping_status":"open","sticky":false,"template":"","format":"standard","meta":{"_acf_changed":false,"footnotes":""},"categories":[27],"tags":[289,290,291,292,293],"naslovna":[],"class_list":["post-909040","post","type-post","status-publish","format-standard","has-post-thumbnail","hentry","category-ekonomija","tag-kolasin-2","tag-nebo","tag-ova-sezona","tag-vjestacko-osnjezavanje","tag-zabljak-2"],"acf":[],"yoast_head":"<!-- This site is optimized with the Yoast SEO plugin v27.4 - https:\/\/yoast.com\/product\/yoast-seo-wordpress\/ -->\n<title>Vje\u0161ta\u010dko osnje\u017eavanje uskoro na \u017dabljaku, u Kola\u0161inu i ove sezone \u0107e gledati u nebo - dmcsrb.com<\/title>\n<meta name=\"robots\" content=\"index, follow, max-snippet:-1, max-image-preview:large, max-video-preview:-1\" \/>\n<link rel=\"canonical\" href=\"https:\/\/dmcsrb.com\/en\/ekonomija\/vjestacko-osnjezavanje-uskoro-na-zabljaku-u-kolasinu-i-ove-sezone-ce-gledati-u-nebo\/\" \/>\n<meta property=\"og:locale\" content=\"en_GB\" \/>\n<meta property=\"og:type\" content=\"article\" \/>\n<meta property=\"og:title\" content=\"Vje\u0161ta\u010dko osnje\u017eavanje uskoro na \u017dabljaku, u Kola\u0161inu i ove sezone \u0107e gledati u nebo - dmcsrb.com\" \/>\n<meta property=\"og:description\" content=\"Olivera Blagojevi\u0107 ispred Ministarstva turizma istakla je u emisiji RTCG &quot;Naglas&quot; da \u0107e vje\u0161ta\u010dkog osnje\u017eavanja biti na \u017eablja\u010dkom skijali\u0161tu ove sezone na Plavoj stazi. \u0160to se ti\u010de Kola\u0161ina nijesu uspjeli da taj sistem ugrade, jer je zaustavljen projekat vodosnabdijevanja skijali\u0161ta, te o\u010dekuje da to bude spremno za narednu zimsku sezonu. Predsjednik Op\u0161tine Kola\u0161in Petko Baki\u0107 nagla\u0161ava da su u poslu obezbje\u0111ivanja vodosnabdijevanja za skijali\u0161ta vra\u0107eni na po\u010detak, jer je izvo\u0111a\u010d raskinuo ugovor. Turizmolog Petar Golubovi\u0107 ocjenjuje da \u0107e zimska sezona i ove godine zavisiti od vremenskih prilika \u0161to svakako nije dobro.\" \/>\n<meta property=\"og:url\" content=\"https:\/\/dmcsrb.com\/en\/ekonomija\/vjestacko-osnjezavanje-uskoro-na-zabljaku-u-kolasinu-i-ove-sezone-ce-gledati-u-nebo\/\" \/>\n<meta property=\"og:site_name\" content=\"dmcsrb.com\" \/>\n<meta property=\"article:published_time\" content=\"2025-12-01T19:30:00+00:00\" \/>\n<meta property=\"og:image\" content=\"https:\/\/dmcsrb.com\/wp-content\/uploads\/2026\/01\/7e8aaa43-faad-4919-b256-6c77c3e08cb2.jpg\" \/>\n\t<meta property=\"og:image:width\" content=\"604\" \/>\n\t<meta property=\"og:image:height\" content=\"330\" \/>\n\t<meta property=\"og:image:type\" content=\"image\/jpeg\" \/>\n<meta name=\"author\" content=\"dmcsrbija.com@gmail.com\" \/>\n<meta name=\"twitter:card\" content=\"summary_large_image\" \/>\n<meta name=\"twitter:label1\" content=\"Written by\" \/>\n\t<meta name=\"twitter:data1\" content=\"dmcsrbija.com@gmail.com\" \/>\n\t<meta name=\"twitter:label2\" content=\"Estimated reading time\" \/>\n\t<meta name=\"twitter:data2\" content=\"3 minutes\" \/>\n<script type=\"application\/ld+json\" class=\"yoast-schema-graph\">{\"@context\":\"https:\\\/\\\/schema.org\",\"@graph\":[{\"@type\":\"Article\",\"@id\":\"https:\\\/\\\/dmcsrb.com\\\/ekonomija\\\/vjestacko-osnjezavanje-uskoro-na-zabljaku-u-kolasinu-i-ove-sezone-ce-gledati-u-nebo\\\/#article\",\"isPartOf\":{\"@id\":\"https:\\\/\\\/dmcsrb.com\\\/ekonomija\\\/vjestacko-osnjezavanje-uskoro-na-zabljaku-u-kolasinu-i-ove-sezone-ce-gledati-u-nebo\\\/\"},\"author\":{\"name\":\"dmcsrbija.com@gmail.com\",\"@id\":\"https:\\\/\\\/dmcsrb.com\\\/#\\\/schema\\\/person\\\/5c39170f12db1b8b457732d0b5c854e2\"},\"headline\":\"Vje\u0161ta\u010dko osnje\u017eavanje uskoro na \u017dabljaku, u Kola\u0161inu i ove sezone \u0107e gledati u nebo\",\"datePublished\":\"2025-12-01T19:30:00+00:00\",\"mainEntityOfPage\":{\"@id\":\"https:\\\/\\\/dmcsrb.com\\\/ekonomija\\\/vjestacko-osnjezavanje-uskoro-na-zabljaku-u-kolasinu-i-ove-sezone-ce-gledati-u-nebo\\\/\"},\"wordCount\":683,\"commentCount\":0,\"image\":{\"@id\":\"https:\\\/\\\/dmcsrb.com\\\/ekonomija\\\/vjestacko-osnjezavanje-uskoro-na-zabljaku-u-kolasinu-i-ove-sezone-ce-gledati-u-nebo\\\/#primaryimage\"},\"thumbnailUrl\":\"https:\\\/\\\/dmcsrb.com\\\/wp-content\\\/uploads\\\/2026\\\/01\\\/7e8aaa43-faad-4919-b256-6c77c3e08cb2.jpg\",\"keywords\":[\"kOLA\u0160IN\",\"Nebo\",\"Ova sezona\",\"vje\u0161ta\u010dko osnje\u017eavanje\",\"\u017eabljak\"],\"articleSection\":[\"Ekonomija\"],\"inLanguage\":\"en-GB\",\"potentialAction\":[{\"@type\":\"CommentAction\",\"name\":\"Comment\",\"target\":[\"https:\\\/\\\/dmcsrb.com\\\/ekonomija\\\/vjestacko-osnjezavanje-uskoro-na-zabljaku-u-kolasinu-i-ove-sezone-ce-gledati-u-nebo\\\/#respond\"]}]},{\"@type\":\"WebPage\",\"@id\":\"https:\\\/\\\/dmcsrb.com\\\/ekonomija\\\/vjestacko-osnjezavanje-uskoro-na-zabljaku-u-kolasinu-i-ove-sezone-ce-gledati-u-nebo\\\/\",\"url\":\"https:\\\/\\\/dmcsrb.com\\\/ekonomija\\\/vjestacko-osnjezavanje-uskoro-na-zabljaku-u-kolasinu-i-ove-sezone-ce-gledati-u-nebo\\\/\",\"name\":\"Vje\u0161ta\u010dko osnje\u017eavanje uskoro na \u017dabljaku, u Kola\u0161inu i ove sezone \u0107e gledati u nebo - dmcsrb.com\",\"isPartOf\":{\"@id\":\"https:\\\/\\\/dmcsrb.com\\\/#website\"},\"primaryImageOfPage\":{\"@id\":\"https:\\\/\\\/dmcsrb.com\\\/ekonomija\\\/vjestacko-osnjezavanje-uskoro-na-zabljaku-u-kolasinu-i-ove-sezone-ce-gledati-u-nebo\\\/#primaryimage\"},\"image\":{\"@id\":\"https:\\\/\\\/dmcsrb.com\\\/ekonomija\\\/vjestacko-osnjezavanje-uskoro-na-zabljaku-u-kolasinu-i-ove-sezone-ce-gledati-u-nebo\\\/#primaryimage\"},\"thumbnailUrl\":\"https:\\\/\\\/dmcsrb.com\\\/wp-content\\\/uploads\\\/2026\\\/01\\\/7e8aaa43-faad-4919-b256-6c77c3e08cb2.jpg\",\"datePublished\":\"2025-12-01T19:30:00+00:00\",\"author\":{\"@id\":\"https:\\\/\\\/dmcsrb.com\\\/#\\\/schema\\\/person\\\/5c39170f12db1b8b457732d0b5c854e2\"},\"breadcrumb\":{\"@id\":\"https:\\\/\\\/dmcsrb.com\\\/ekonomija\\\/vjestacko-osnjezavanje-uskoro-na-zabljaku-u-kolasinu-i-ove-sezone-ce-gledati-u-nebo\\\/#breadcrumb\"},\"inLanguage\":\"en-GB\",\"potentialAction\":[{\"@type\":\"ReadAction\",\"target\":[\"https:\\\/\\\/dmcsrb.com\\\/ekonomija\\\/vjestacko-osnjezavanje-uskoro-na-zabljaku-u-kolasinu-i-ove-sezone-ce-gledati-u-nebo\\\/\"]}]},{\"@type\":\"ImageObject\",\"inLanguage\":\"en-GB\",\"@id\":\"https:\\\/\\\/dmcsrb.com\\\/ekonomija\\\/vjestacko-osnjezavanje-uskoro-na-zabljaku-u-kolasinu-i-ove-sezone-ce-gledati-u-nebo\\\/#primaryimage\",\"url\":\"https:\\\/\\\/dmcsrb.com\\\/wp-content\\\/uploads\\\/2026\\\/01\\\/7e8aaa43-faad-4919-b256-6c77c3e08cb2.jpg\",\"contentUrl\":\"https:\\\/\\\/dmcsrb.com\\\/wp-content\\\/uploads\\\/2026\\\/01\\\/7e8aaa43-faad-4919-b256-6c77c3e08cb2.jpg\",\"width\":604,\"height\":330},{\"@type\":\"BreadcrumbList\",\"@id\":\"https:\\\/\\\/dmcsrb.com\\\/ekonomija\\\/vjestacko-osnjezavanje-uskoro-na-zabljaku-u-kolasinu-i-ove-sezone-ce-gledati-u-nebo\\\/#breadcrumb\",\"itemListElement\":[{\"@type\":\"ListItem\",\"position\":1,\"name\":\"Home\",\"item\":\"https:\\\/\\\/dmcsrb.com\\\/\"},{\"@type\":\"ListItem\",\"position\":2,\"name\":\"Vje\u0161ta\u010dko osnje\u017eavanje uskoro na \u017dabljaku, u Kola\u0161inu i ove sezone \u0107e gledati u nebo\"}]},{\"@type\":\"WebSite\",\"@id\":\"https:\\\/\\\/dmcsrb.com\\\/#website\",\"url\":\"https:\\\/\\\/dmcsrb.com\\\/\",\"name\":\"dmcsrb.com\",\"description\":\"\",\"potentialAction\":[{\"@type\":\"SearchAction\",\"target\":{\"@type\":\"EntryPoint\",\"urlTemplate\":\"https:\\\/\\\/dmcsrb.com\\\/?s={search_term_string}\"},\"query-input\":{\"@type\":\"PropertyValueSpecification\",\"valueRequired\":true,\"valueName\":\"search_term_string\"}}],\"inLanguage\":\"en-GB\"},{\"@type\":\"Person\",\"@id\":\"https:\\\/\\\/dmcsrb.com\\\/#\\\/schema\\\/person\\\/5c39170f12db1b8b457732d0b5c854e2\",\"name\":\"dmcsrbija.com@gmail.com\",\"image\":{\"@type\":\"ImageObject\",\"inLanguage\":\"en-GB\",\"@id\":\"https:\\\/\\\/secure.gravatar.com\\\/avatar\\\/68592660ad6347fad0fb587f8d5d8f1a7b44961362f56e4f2cd524feb87e9069?s=96&d=mm&r=g\",\"url\":\"https:\\\/\\\/secure.gravatar.com\\\/avatar\\\/68592660ad6347fad0fb587f8d5d8f1a7b44961362f56e4f2cd524feb87e9069?s=96&d=mm&r=g\",\"contentUrl\":\"https:\\\/\\\/secure.gravatar.com\\\/avatar\\\/68592660ad6347fad0fb587f8d5d8f1a7b44961362f56e4f2cd524feb87e9069?s=96&d=mm&r=g\",\"caption\":\"dmcsrbija.com@gmail.com\"},\"sameAs\":[\"https:\\\/\\\/dmcsrb.com\"],\"url\":\"https:\\\/\\\/dmcsrb.com\\\/en\\\/author\\\/dmcsrbija-comgmail-com\\\/\"}]}<\/script>\n<!-- \/ Yoast SEO plugin. -->","yoast_head_json":{"title":"Vje\u0161ta\u010dko osnje\u017eavanje uskoro na \u017dabljaku, u Kola\u0161inu i ove sezone \u0107e gledati u nebo - dmcsrb.com","robots":{"index":"index","follow":"follow","max-snippet":"max-snippet:-1","max-image-preview":"max-image-preview:large","max-video-preview":"max-video-preview:-1"},"canonical":"https:\/\/dmcsrb.com\/en\/ekonomija\/vjestacko-osnjezavanje-uskoro-na-zabljaku-u-kolasinu-i-ove-sezone-ce-gledati-u-nebo\/","og_locale":"en_GB","og_type":"article","og_title":"Vje\u0161ta\u010dko osnje\u017eavanje uskoro na \u017dabljaku, u Kola\u0161inu i ove sezone \u0107e gledati u nebo - dmcsrb.com","og_description":"Olivera Blagojevi\u0107 ispred Ministarstva turizma istakla je u emisiji RTCG \"Naglas\" da \u0107e vje\u0161ta\u010dkog osnje\u017eavanja biti na \u017eablja\u010dkom skijali\u0161tu ove sezone na Plavoj stazi. \u0160to se ti\u010de Kola\u0161ina nijesu uspjeli da taj sistem ugrade, jer je zaustavljen projekat vodosnabdijevanja skijali\u0161ta, te o\u010dekuje da to bude spremno za narednu zimsku sezonu. Predsjednik Op\u0161tine Kola\u0161in Petko Baki\u0107 nagla\u0161ava da su u poslu obezbje\u0111ivanja vodosnabdijevanja za skijali\u0161ta vra\u0107eni na po\u010detak, jer je izvo\u0111a\u010d raskinuo ugovor. Turizmolog Petar Golubovi\u0107 ocjenjuje da \u0107e zimska sezona i ove godine zavisiti od vremenskih prilika \u0161to svakako nije dobro.","og_url":"https:\/\/dmcsrb.com\/en\/ekonomija\/vjestacko-osnjezavanje-uskoro-na-zabljaku-u-kolasinu-i-ove-sezone-ce-gledati-u-nebo\/","og_site_name":"dmcsrb.com","article_published_time":"2025-12-01T19:30:00+00:00","og_image":[{"width":604,"height":330,"url":"https:\/\/dmcsrb.com\/wp-content\/uploads\/2026\/01\/7e8aaa43-faad-4919-b256-6c77c3e08cb2.jpg","type":"image\/jpeg"}],"author":"dmcsrbija.com@gmail.com","twitter_card":"summary_large_image","twitter_misc":{"Written by":"dmcsrbija.com@gmail.com","Estimated reading time":"3 minutes"},"schema":{"@context":"https:\/\/schema.org","@graph":[{"@type":"Article","@id":"https:\/\/dmcsrb.com\/ekonomija\/vjestacko-osnjezavanje-uskoro-na-zabljaku-u-kolasinu-i-ove-sezone-ce-gledati-u-nebo\/#article","isPartOf":{"@id":"https:\/\/dmcsrb.com\/ekonomija\/vjestacko-osnjezavanje-uskoro-na-zabljaku-u-kolasinu-i-ove-sezone-ce-gledati-u-nebo\/"},"author":{"name":"dmcsrbija.com@gmail.com","@id":"https:\/\/dmcsrb.com\/#\/schema\/person\/5c39170f12db1b8b457732d0b5c854e2"},"headline":"Vje\u0161ta\u010dko osnje\u017eavanje uskoro na \u017dabljaku, u Kola\u0161inu i ove sezone \u0107e gledati u nebo","datePublished":"2025-12-01T19:30:00+00:00","mainEntityOfPage":{"@id":"https:\/\/dmcsrb.com\/ekonomija\/vjestacko-osnjezavanje-uskoro-na-zabljaku-u-kolasinu-i-ove-sezone-ce-gledati-u-nebo\/"},"wordCount":683,"commentCount":0,"image":{"@id":"https:\/\/dmcsrb.com\/ekonomija\/vjestacko-osnjezavanje-uskoro-na-zabljaku-u-kolasinu-i-ove-sezone-ce-gledati-u-nebo\/#primaryimage"},"thumbnailUrl":"https:\/\/dmcsrb.com\/wp-content\/uploads\/2026\/01\/7e8aaa43-faad-4919-b256-6c77c3e08cb2.jpg","keywords":["kOLA\u0160IN","Nebo","Ova sezona","vje\u0161ta\u010dko osnje\u017eavanje","\u017eabljak"],"articleSection":["Ekonomija"],"inLanguage":"en-GB","potentialAction":[{"@type":"CommentAction","name":"Comment","target":["https:\/\/dmcsrb.com\/ekonomija\/vjestacko-osnjezavanje-uskoro-na-zabljaku-u-kolasinu-i-ove-sezone-ce-gledati-u-nebo\/#respond"]}]},{"@type":"WebPage","@id":"https:\/\/dmcsrb.com\/ekonomija\/vjestacko-osnjezavanje-uskoro-na-zabljaku-u-kolasinu-i-ove-sezone-ce-gledati-u-nebo\/","url":"https:\/\/dmcsrb.com\/ekonomija\/vjestacko-osnjezavanje-uskoro-na-zabljaku-u-kolasinu-i-ove-sezone-ce-gledati-u-nebo\/","name":"Vje\u0161ta\u010dko osnje\u017eavanje uskoro na \u017dabljaku, u Kola\u0161inu i ove sezone \u0107e gledati u nebo - dmcsrb.com","isPartOf":{"@id":"https:\/\/dmcsrb.com\/#website"},"primaryImageOfPage":{"@id":"https:\/\/dmcsrb.com\/ekonomija\/vjestacko-osnjezavanje-uskoro-na-zabljaku-u-kolasinu-i-ove-sezone-ce-gledati-u-nebo\/#primaryimage"},"image":{"@id":"https:\/\/dmcsrb.com\/ekonomija\/vjestacko-osnjezavanje-uskoro-na-zabljaku-u-kolasinu-i-ove-sezone-ce-gledati-u-nebo\/#primaryimage"},"thumbnailUrl":"https:\/\/dmcsrb.com\/wp-content\/uploads\/2026\/01\/7e8aaa43-faad-4919-b256-6c77c3e08cb2.jpg","datePublished":"2025-12-01T19:30:00+00:00","author":{"@id":"https:\/\/dmcsrb.com\/#\/schema\/person\/5c39170f12db1b8b457732d0b5c854e2"},"breadcrumb":{"@id":"https:\/\/dmcsrb.com\/ekonomija\/vjestacko-osnjezavanje-uskoro-na-zabljaku-u-kolasinu-i-ove-sezone-ce-gledati-u-nebo\/#breadcrumb"},"inLanguage":"en-GB","potentialAction":[{"@type":"ReadAction","target":["https:\/\/dmcsrb.com\/ekonomija\/vjestacko-osnjezavanje-uskoro-na-zabljaku-u-kolasinu-i-ove-sezone-ce-gledati-u-nebo\/"]}]},{"@type":"ImageObject","inLanguage":"en-GB","@id":"https:\/\/dmcsrb.com\/ekonomija\/vjestacko-osnjezavanje-uskoro-na-zabljaku-u-kolasinu-i-ove-sezone-ce-gledati-u-nebo\/#primaryimage","url":"https:\/\/dmcsrb.com\/wp-content\/uploads\/2026\/01\/7e8aaa43-faad-4919-b256-6c77c3e08cb2.jpg","contentUrl":"https:\/\/dmcsrb.com\/wp-content\/uploads\/2026\/01\/7e8aaa43-faad-4919-b256-6c77c3e08cb2.jpg","width":604,"height":330},{"@type":"BreadcrumbList","@id":"https:\/\/dmcsrb.com\/ekonomija\/vjestacko-osnjezavanje-uskoro-na-zabljaku-u-kolasinu-i-ove-sezone-ce-gledati-u-nebo\/#breadcrumb","itemListElement":[{"@type":"ListItem","position":1,"name":"Home","item":"https:\/\/dmcsrb.com\/"},{"@type":"ListItem","position":2,"name":"Vje\u0161ta\u010dko osnje\u017eavanje uskoro na \u017dabljaku, u Kola\u0161inu i ove sezone \u0107e gledati u nebo"}]},{"@type":"WebSite","@id":"https:\/\/dmcsrb.com\/#website","url":"https:\/\/dmcsrb.com\/","name":"dmcsrb.com","description":"","potentialAction":[{"@type":"SearchAction","target":{"@type":"EntryPoint","urlTemplate":"https:\/\/dmcsrb.com\/?s={search_term_string}"},"query-input":{"@type":"PropertyValueSpecification","valueRequired":true,"valueName":"search_term_string"}}],"inLanguage":"en-GB"},{"@type":"Person","@id":"https:\/\/dmcsrb.com\/#\/schema\/person\/5c39170f12db1b8b457732d0b5c854e2","name":"dmcsrbija.com@gmail.com","image":{"@type":"ImageObject","inLanguage":"en-GB","@id":"https:\/\/secure.gravatar.com\/avatar\/68592660ad6347fad0fb587f8d5d8f1a7b44961362f56e4f2cd524feb87e9069?s=96&d=mm&r=g","url":"https:\/\/secure.gravatar.com\/avatar\/68592660ad6347fad0fb587f8d5d8f1a7b44961362f56e4f2cd524feb87e9069?s=96&d=mm&r=g","contentUrl":"https:\/\/secure.gravatar.com\/avatar\/68592660ad6347fad0fb587f8d5d8f1a7b44961362f56e4f2cd524feb87e9069?s=96&d=mm&r=g","caption":"dmcsrbija.com@gmail.com"},"sameAs":["https:\/\/dmcsrb.com"],"url":"https:\/\/dmcsrb.com\/en\/author\/dmcsrbija-comgmail-com\/"}]}},"_links":{"self":[{"href":"https:\/\/dmcsrb.com\/en\/wp-json\/wp\/v2\/posts\/909040","targetHints":{"allow":["GET"]}}],"collection":[{"href":"https:\/\/dmcsrb.com\/en\/wp-json\/wp\/v2\/posts"}],"about":[{"href":"https:\/\/dmcsrb.com\/en\/wp-json\/wp\/v2\/types\/post"}],"author":[{"embeddable":true,"href":"https:\/\/dmcsrb.com\/en\/wp-json\/wp\/v2\/users\/1"}],"replies":[{"embeddable":true,"href":"https:\/\/dmcsrb.com\/en\/wp-json\/wp\/v2\/comments?post=909040"}],"version-history":[{"count":0,"href":"https:\/\/dmcsrb.com\/en\/wp-json\/wp\/v2\/posts\/909040\/revisions"}],"wp:featuredmedia":[{"embeddable":true,"href":"https:\/\/dmcsrb.com\/en\/wp-json\/wp\/v2\/media\/909041"}],"wp:attachment":[{"href":"https:\/\/dmcsrb.com\/en\/wp-json\/wp\/v2\/media?parent=909040"}],"wp:term":[{"taxonomy":"category","embeddable":true,"href":"https:\/\/dmcsrb.com\/en\/wp-json\/wp\/v2\/categories?post=909040"},{"taxonomy":"post_tag","embeddable":true,"href":"https:\/\/dmcsrb.com\/en\/wp-json\/wp\/v2\/tags?post=909040"},{"taxonomy":"naslovna","embeddable":true,"href":"https:\/\/dmcsrb.com\/en\/wp-json\/wp\/v2\/naslovna?post=909040"}],"curies":[{"name":"wp","href":"https:\/\/api.w.org\/{rel}","templated":true}]}}