{"id":908946,"date":"2025-12-01T14:58:00","date_gmt":"2025-12-01T13:58:00","guid":{"rendered":"https:\/\/dmcsrb.com\/uncategorized\/pnp-nezavisna-odbornica-radonjic-postala-dio-scekicevog-pokreta\/"},"modified":"2025-12-01T14:58:00","modified_gmt":"2025-12-01T13:58:00","slug":"pnp-nezavisna-odbornica-radonjic-postala-dio-scekicevog-pokreta","status":"publish","type":"post","link":"https:\/\/dmcsrb.com\/en\/politika\/pnp-nezavisna-odbornica-radonjic-postala-dio-scekicevog-pokreta\/","title":{"rendered":"PNP: Nezavisna odbornica Radonji\u0107 postala dio \u0160\u0107eki\u0107evog pokreta"},"content":{"rendered":"<p><\/p>\n\n\n\n<p>\u201cOvaj \u010din predstavlja potvrdu da su na\u0161e politike usmjerene ka istinskim interesima gra\u0111ana i stvaranju pravednijeg, sigurnijeg i stabilnijeg dru\u0161tva. Odbornica Radonji\u0107 je koautorka vi\u0161e nau\u010dnih radova, posebno iz oblasti ljudskih prava, rodne ravnopravnosti u bezbjednosnom sektoru i ranjivosti dru\u0161tvenih grupa u savremenim bezbjednosnim izazovima\u201d, navodi se u saop\u0161tenju.<\/p>\n\n\n\n<p>Kako su kazali, Radonjic je specijalista bezbjednosti i kriminalistike, magistrantkinja kriminologije na Fakultetu kriminalistike, kriminologije i sigurnosnih studija Univerziteta u Sarajevu, kao i magistrantkinja krivi\u010dno-pravosudnog smjera na Univerzitetu Mediteran.<\/p>\n\n\n\n<p>\u201cNjeno u\u010de\u0161\u0107e na Me\u0111unarodnoj konferenciji \u201c\u017dene, mir i bezbjednost\u201c u Sarajevu privuklo je zna\u010dajnu pa\u017enju stru\u010dne javnosti zahvaljuju\u0107i sveobuhvatnoj analizi uloge \u017eena u bezbjednosnoj arhitekturi Zapadnog Balkana. Na ovoj zna\u010dajnoj me\u0111unarodnoj konferenciji bila je jedina u\u010desnica iz Crne Gore, \u0161to dodatno potvr\u0111uje stru\u010dni kredibilitet i prepoznatljivost njenog rada. Tako\u0111e, na CFS me\u0111unarodnoj kriminalisti\u010dkoj konferenciji u organizaciji Univerzitetau Sarajevu i Fakulteta za kriminalistiku, kriminologiju i sigurnosne studije, koautorski je u\u010destvovala na temu hibridnih prijetnji, daju\u0107i doprinos razvoju savremenih pristupa bezbjednosnim politikama u digitalnom dobu\u201d, naveli su iz PNP.<\/p>\n\n\n\n<p>Prema njihovim rije\u010dima, Pokret narodnog povjerenja izra\u017eava zadovoljstvo i ponos \u0161to \u0107e, kako isti\u010du, ovako stru\u010dna, posve\u0107ena i dru\u0161tveno odgovorna osoba ubudu\u0107e djelovati u okviru njihovog politi\u010dkog djelovanja, uvjereni da \u0107e njen doprinos biti od izuzetnog zna\u010daja za lokalnu zajednicu i \u0161ire dru\u0161tvene procese.<\/p>\n\n\n\n<p>\u201cNapominjemo da sada imamo odbornike u sedam op\u0161tina: Beranama, Pljevljima, Mojkovcu, Zeti \u2014 gdje na\u0161i odbornici \u010dine dio lokalne vlasti \u2014 kao i od danas u Danilovgradu. Tako\u0111e imamo odbornike i u Bijelom Polju i Plavu\u201d, zaklju\u010dili su.<\/p>","protected":false},"excerpt":{"rendered":"<p>Pokret narodnog povjerenja obavje\u0161tava javnost da je nezavisna odbornica\u00a0Jelena Radonji\u0107\u00a0iz Danilovgrada, prepoznav\u0161i ispravne principe, vrijednosti i politi\u010dko zalaganje na\u0161eg pokreta, donijela odluku da ubudu\u0107e u lokalnom parlamentu u Danilovgradu nastupa ispred Pokreta narodnog povjerenja, saop\u0161teno je iz tog pokreta.<\/p>","protected":false},"author":1,"featured_media":908947,"comment_status":"open","ping_status":"open","sticky":false,"template":"","format":"standard","meta":{"_acf_changed":false,"footnotes":""},"categories":[12],"tags":[159,160,161],"naslovna":[],"class_list":["post-908946","post","type-post","status-publish","format-standard","has-post-thumbnail","hentry","category-politika","tag-danilovgrad","tag-jelena-radonjic","tag-pnp"],"acf":[],"yoast_head":"<!-- This site is optimized with the Yoast SEO plugin v27.4 - https:\/\/yoast.com\/product\/yoast-seo-wordpress\/ -->\n<title>PNP: Nezavisna odbornica Radonji\u0107 postala dio \u0160\u0107eki\u0107evog pokreta - dmcsrb.com<\/title>\n<meta name=\"robots\" content=\"index, follow, max-snippet:-1, max-image-preview:large, max-video-preview:-1\" \/>\n<link rel=\"canonical\" href=\"https:\/\/dmcsrb.com\/en\/politika\/pnp-nezavisna-odbornica-radonjic-postala-dio-scekicevog-pokreta\/\" \/>\n<meta property=\"og:locale\" content=\"en_GB\" \/>\n<meta property=\"og:type\" content=\"article\" \/>\n<meta property=\"og:title\" content=\"PNP: Nezavisna odbornica Radonji\u0107 postala dio \u0160\u0107eki\u0107evog pokreta - dmcsrb.com\" \/>\n<meta property=\"og:description\" content=\"Pokret narodnog povjerenja obavje\u0161tava javnost da je nezavisna odbornica\u00a0Jelena Radonji\u0107\u00a0iz Danilovgrada, prepoznav\u0161i ispravne principe, vrijednosti i politi\u010dko zalaganje na\u0161eg pokreta, donijela odluku da ubudu\u0107e u lokalnom parlamentu u Danilovgradu nastupa ispred Pokreta narodnog povjerenja, saop\u0161teno je iz tog pokreta.\" \/>\n<meta property=\"og:url\" content=\"https:\/\/dmcsrb.com\/en\/politika\/pnp-nezavisna-odbornica-radonjic-postala-dio-scekicevog-pokreta\/\" \/>\n<meta property=\"og:site_name\" content=\"dmcsrb.com\" \/>\n<meta property=\"article:published_time\" content=\"2025-12-01T13:58:00+00:00\" \/>\n<meta property=\"og:image\" content=\"https:\/\/dmcsrb.com\/wp-content\/uploads\/2026\/01\/IMG_2756-e1764603701580.jpeg\" \/>\n\t<meta property=\"og:image:width\" content=\"1080\" \/>\n\t<meta property=\"og:image:height\" content=\"700\" \/>\n\t<meta property=\"og:image:type\" content=\"image\/jpeg\" \/>\n<meta name=\"author\" content=\"dmcsrbija.com@gmail.com\" \/>\n<meta name=\"twitter:card\" content=\"summary_large_image\" \/>\n<meta name=\"twitter:label1\" content=\"Written by\" \/>\n\t<meta name=\"twitter:data1\" content=\"dmcsrbija.com@gmail.com\" \/>\n\t<meta name=\"twitter:label2\" content=\"Estimated reading time\" \/>\n\t<meta name=\"twitter:data2\" content=\"1 minute\" \/>\n<script type=\"application\/ld+json\" class=\"yoast-schema-graph\">{\"@context\":\"https:\\\/\\\/schema.org\",\"@graph\":[{\"@type\":\"Article\",\"@id\":\"https:\\\/\\\/dmcsrb.com\\\/politika\\\/pnp-nezavisna-odbornica-radonjic-postala-dio-scekicevog-pokreta\\\/#article\",\"isPartOf\":{\"@id\":\"https:\\\/\\\/dmcsrb.com\\\/politika\\\/pnp-nezavisna-odbornica-radonjic-postala-dio-scekicevog-pokreta\\\/\"},\"author\":{\"name\":\"dmcsrbija.com@gmail.com\",\"@id\":\"https:\\\/\\\/dmcsrb.com\\\/#\\\/schema\\\/person\\\/5c39170f12db1b8b457732d0b5c854e2\"},\"headline\":\"PNP: Nezavisna odbornica Radonji\u0107 postala dio \u0160\u0107eki\u0107evog pokreta\",\"datePublished\":\"2025-12-01T13:58:00+00:00\",\"mainEntityOfPage\":{\"@id\":\"https:\\\/\\\/dmcsrb.com\\\/politika\\\/pnp-nezavisna-odbornica-radonjic-postala-dio-scekicevog-pokreta\\\/\"},\"wordCount\":293,\"commentCount\":0,\"image\":{\"@id\":\"https:\\\/\\\/dmcsrb.com\\\/politika\\\/pnp-nezavisna-odbornica-radonjic-postala-dio-scekicevog-pokreta\\\/#primaryimage\"},\"thumbnailUrl\":\"https:\\\/\\\/dmcsrb.com\\\/wp-content\\\/uploads\\\/2026\\\/01\\\/IMG_2756-e1764603701580.jpeg\",\"keywords\":[\"Danilovgrad\",\"Jelena Radonji\u0107\",\"PNP\"],\"articleSection\":[\"Politika\"],\"inLanguage\":\"en-GB\",\"potentialAction\":[{\"@type\":\"CommentAction\",\"name\":\"Comment\",\"target\":[\"https:\\\/\\\/dmcsrb.com\\\/politika\\\/pnp-nezavisna-odbornica-radonjic-postala-dio-scekicevog-pokreta\\\/#respond\"]}]},{\"@type\":\"WebPage\",\"@id\":\"https:\\\/\\\/dmcsrb.com\\\/politika\\\/pnp-nezavisna-odbornica-radonjic-postala-dio-scekicevog-pokreta\\\/\",\"url\":\"https:\\\/\\\/dmcsrb.com\\\/politika\\\/pnp-nezavisna-odbornica-radonjic-postala-dio-scekicevog-pokreta\\\/\",\"name\":\"PNP: Nezavisna odbornica Radonji\u0107 postala dio \u0160\u0107eki\u0107evog pokreta - dmcsrb.com\",\"isPartOf\":{\"@id\":\"https:\\\/\\\/dmcsrb.com\\\/#website\"},\"primaryImageOfPage\":{\"@id\":\"https:\\\/\\\/dmcsrb.com\\\/politika\\\/pnp-nezavisna-odbornica-radonjic-postala-dio-scekicevog-pokreta\\\/#primaryimage\"},\"image\":{\"@id\":\"https:\\\/\\\/dmcsrb.com\\\/politika\\\/pnp-nezavisna-odbornica-radonjic-postala-dio-scekicevog-pokreta\\\/#primaryimage\"},\"thumbnailUrl\":\"https:\\\/\\\/dmcsrb.com\\\/wp-content\\\/uploads\\\/2026\\\/01\\\/IMG_2756-e1764603701580.jpeg\",\"datePublished\":\"2025-12-01T13:58:00+00:00\",\"author\":{\"@id\":\"https:\\\/\\\/dmcsrb.com\\\/#\\\/schema\\\/person\\\/5c39170f12db1b8b457732d0b5c854e2\"},\"breadcrumb\":{\"@id\":\"https:\\\/\\\/dmcsrb.com\\\/politika\\\/pnp-nezavisna-odbornica-radonjic-postala-dio-scekicevog-pokreta\\\/#breadcrumb\"},\"inLanguage\":\"en-GB\",\"potentialAction\":[{\"@type\":\"ReadAction\",\"target\":[\"https:\\\/\\\/dmcsrb.com\\\/politika\\\/pnp-nezavisna-odbornica-radonjic-postala-dio-scekicevog-pokreta\\\/\"]}]},{\"@type\":\"ImageObject\",\"inLanguage\":\"en-GB\",\"@id\":\"https:\\\/\\\/dmcsrb.com\\\/politika\\\/pnp-nezavisna-odbornica-radonjic-postala-dio-scekicevog-pokreta\\\/#primaryimage\",\"url\":\"https:\\\/\\\/dmcsrb.com\\\/wp-content\\\/uploads\\\/2026\\\/01\\\/IMG_2756-e1764603701580.jpeg\",\"contentUrl\":\"https:\\\/\\\/dmcsrb.com\\\/wp-content\\\/uploads\\\/2026\\\/01\\\/IMG_2756-e1764603701580.jpeg\",\"width\":1080,\"height\":700},{\"@type\":\"BreadcrumbList\",\"@id\":\"https:\\\/\\\/dmcsrb.com\\\/politika\\\/pnp-nezavisna-odbornica-radonjic-postala-dio-scekicevog-pokreta\\\/#breadcrumb\",\"itemListElement\":[{\"@type\":\"ListItem\",\"position\":1,\"name\":\"Home\",\"item\":\"https:\\\/\\\/dmcsrb.com\\\/\"},{\"@type\":\"ListItem\",\"position\":2,\"name\":\"PNP: Nezavisna odbornica Radonji\u0107 postala dio \u0160\u0107eki\u0107evog pokreta\"}]},{\"@type\":\"WebSite\",\"@id\":\"https:\\\/\\\/dmcsrb.com\\\/#website\",\"url\":\"https:\\\/\\\/dmcsrb.com\\\/\",\"name\":\"dmcsrb.com\",\"description\":\"\",\"potentialAction\":[{\"@type\":\"SearchAction\",\"target\":{\"@type\":\"EntryPoint\",\"urlTemplate\":\"https:\\\/\\\/dmcsrb.com\\\/?s={search_term_string}\"},\"query-input\":{\"@type\":\"PropertyValueSpecification\",\"valueRequired\":true,\"valueName\":\"search_term_string\"}}],\"inLanguage\":\"en-GB\"},{\"@type\":\"Person\",\"@id\":\"https:\\\/\\\/dmcsrb.com\\\/#\\\/schema\\\/person\\\/5c39170f12db1b8b457732d0b5c854e2\",\"name\":\"dmcsrbija.com@gmail.com\",\"image\":{\"@type\":\"ImageObject\",\"inLanguage\":\"en-GB\",\"@id\":\"https:\\\/\\\/secure.gravatar.com\\\/avatar\\\/68592660ad6347fad0fb587f8d5d8f1a7b44961362f56e4f2cd524feb87e9069?s=96&d=mm&r=g\",\"url\":\"https:\\\/\\\/secure.gravatar.com\\\/avatar\\\/68592660ad6347fad0fb587f8d5d8f1a7b44961362f56e4f2cd524feb87e9069?s=96&d=mm&r=g\",\"contentUrl\":\"https:\\\/\\\/secure.gravatar.com\\\/avatar\\\/68592660ad6347fad0fb587f8d5d8f1a7b44961362f56e4f2cd524feb87e9069?s=96&d=mm&r=g\",\"caption\":\"dmcsrbija.com@gmail.com\"},\"sameAs\":[\"https:\\\/\\\/dmcsrb.com\"],\"url\":\"https:\\\/\\\/dmcsrb.com\\\/en\\\/author\\\/dmcsrbija-comgmail-com\\\/\"}]}<\/script>\n<!-- \/ Yoast SEO plugin. -->","yoast_head_json":{"title":"PNP: Nezavisna odbornica Radonji\u0107 postala dio \u0160\u0107eki\u0107evog pokreta - dmcsrb.com","robots":{"index":"index","follow":"follow","max-snippet":"max-snippet:-1","max-image-preview":"max-image-preview:large","max-video-preview":"max-video-preview:-1"},"canonical":"https:\/\/dmcsrb.com\/en\/politika\/pnp-nezavisna-odbornica-radonjic-postala-dio-scekicevog-pokreta\/","og_locale":"en_GB","og_type":"article","og_title":"PNP: Nezavisna odbornica Radonji\u0107 postala dio \u0160\u0107eki\u0107evog pokreta - dmcsrb.com","og_description":"Pokret narodnog povjerenja obavje\u0161tava javnost da je nezavisna odbornica\u00a0Jelena Radonji\u0107\u00a0iz Danilovgrada, prepoznav\u0161i ispravne principe, vrijednosti i politi\u010dko zalaganje na\u0161eg pokreta, donijela odluku da ubudu\u0107e u lokalnom parlamentu u Danilovgradu nastupa ispred Pokreta narodnog povjerenja, saop\u0161teno je iz tog pokreta.","og_url":"https:\/\/dmcsrb.com\/en\/politika\/pnp-nezavisna-odbornica-radonjic-postala-dio-scekicevog-pokreta\/","og_site_name":"dmcsrb.com","article_published_time":"2025-12-01T13:58:00+00:00","og_image":[{"width":1080,"height":700,"url":"https:\/\/dmcsrb.com\/wp-content\/uploads\/2026\/01\/IMG_2756-e1764603701580.jpeg","type":"image\/jpeg"}],"author":"dmcsrbija.com@gmail.com","twitter_card":"summary_large_image","twitter_misc":{"Written by":"dmcsrbija.com@gmail.com","Estimated reading time":"1 minute"},"schema":{"@context":"https:\/\/schema.org","@graph":[{"@type":"Article","@id":"https:\/\/dmcsrb.com\/politika\/pnp-nezavisna-odbornica-radonjic-postala-dio-scekicevog-pokreta\/#article","isPartOf":{"@id":"https:\/\/dmcsrb.com\/politika\/pnp-nezavisna-odbornica-radonjic-postala-dio-scekicevog-pokreta\/"},"author":{"name":"dmcsrbija.com@gmail.com","@id":"https:\/\/dmcsrb.com\/#\/schema\/person\/5c39170f12db1b8b457732d0b5c854e2"},"headline":"PNP: Nezavisna odbornica Radonji\u0107 postala dio \u0160\u0107eki\u0107evog pokreta","datePublished":"2025-12-01T13:58:00+00:00","mainEntityOfPage":{"@id":"https:\/\/dmcsrb.com\/politika\/pnp-nezavisna-odbornica-radonjic-postala-dio-scekicevog-pokreta\/"},"wordCount":293,"commentCount":0,"image":{"@id":"https:\/\/dmcsrb.com\/politika\/pnp-nezavisna-odbornica-radonjic-postala-dio-scekicevog-pokreta\/#primaryimage"},"thumbnailUrl":"https:\/\/dmcsrb.com\/wp-content\/uploads\/2026\/01\/IMG_2756-e1764603701580.jpeg","keywords":["Danilovgrad","Jelena Radonji\u0107","PNP"],"articleSection":["Politika"],"inLanguage":"en-GB","potentialAction":[{"@type":"CommentAction","name":"Comment","target":["https:\/\/dmcsrb.com\/politika\/pnp-nezavisna-odbornica-radonjic-postala-dio-scekicevog-pokreta\/#respond"]}]},{"@type":"WebPage","@id":"https:\/\/dmcsrb.com\/politika\/pnp-nezavisna-odbornica-radonjic-postala-dio-scekicevog-pokreta\/","url":"https:\/\/dmcsrb.com\/politika\/pnp-nezavisna-odbornica-radonjic-postala-dio-scekicevog-pokreta\/","name":"PNP: Nezavisna odbornica Radonji\u0107 postala dio \u0160\u0107eki\u0107evog pokreta - dmcsrb.com","isPartOf":{"@id":"https:\/\/dmcsrb.com\/#website"},"primaryImageOfPage":{"@id":"https:\/\/dmcsrb.com\/politika\/pnp-nezavisna-odbornica-radonjic-postala-dio-scekicevog-pokreta\/#primaryimage"},"image":{"@id":"https:\/\/dmcsrb.com\/politika\/pnp-nezavisna-odbornica-radonjic-postala-dio-scekicevog-pokreta\/#primaryimage"},"thumbnailUrl":"https:\/\/dmcsrb.com\/wp-content\/uploads\/2026\/01\/IMG_2756-e1764603701580.jpeg","datePublished":"2025-12-01T13:58:00+00:00","author":{"@id":"https:\/\/dmcsrb.com\/#\/schema\/person\/5c39170f12db1b8b457732d0b5c854e2"},"breadcrumb":{"@id":"https:\/\/dmcsrb.com\/politika\/pnp-nezavisna-odbornica-radonjic-postala-dio-scekicevog-pokreta\/#breadcrumb"},"inLanguage":"en-GB","potentialAction":[{"@type":"ReadAction","target":["https:\/\/dmcsrb.com\/politika\/pnp-nezavisna-odbornica-radonjic-postala-dio-scekicevog-pokreta\/"]}]},{"@type":"ImageObject","inLanguage":"en-GB","@id":"https:\/\/dmcsrb.com\/politika\/pnp-nezavisna-odbornica-radonjic-postala-dio-scekicevog-pokreta\/#primaryimage","url":"https:\/\/dmcsrb.com\/wp-content\/uploads\/2026\/01\/IMG_2756-e1764603701580.jpeg","contentUrl":"https:\/\/dmcsrb.com\/wp-content\/uploads\/2026\/01\/IMG_2756-e1764603701580.jpeg","width":1080,"height":700},{"@type":"BreadcrumbList","@id":"https:\/\/dmcsrb.com\/politika\/pnp-nezavisna-odbornica-radonjic-postala-dio-scekicevog-pokreta\/#breadcrumb","itemListElement":[{"@type":"ListItem","position":1,"name":"Home","item":"https:\/\/dmcsrb.com\/"},{"@type":"ListItem","position":2,"name":"PNP: Nezavisna odbornica Radonji\u0107 postala dio \u0160\u0107eki\u0107evog pokreta"}]},{"@type":"WebSite","@id":"https:\/\/dmcsrb.com\/#website","url":"https:\/\/dmcsrb.com\/","name":"dmcsrb.com","description":"","potentialAction":[{"@type":"SearchAction","target":{"@type":"EntryPoint","urlTemplate":"https:\/\/dmcsrb.com\/?s={search_term_string}"},"query-input":{"@type":"PropertyValueSpecification","valueRequired":true,"valueName":"search_term_string"}}],"inLanguage":"en-GB"},{"@type":"Person","@id":"https:\/\/dmcsrb.com\/#\/schema\/person\/5c39170f12db1b8b457732d0b5c854e2","name":"dmcsrbija.com@gmail.com","image":{"@type":"ImageObject","inLanguage":"en-GB","@id":"https:\/\/secure.gravatar.com\/avatar\/68592660ad6347fad0fb587f8d5d8f1a7b44961362f56e4f2cd524feb87e9069?s=96&d=mm&r=g","url":"https:\/\/secure.gravatar.com\/avatar\/68592660ad6347fad0fb587f8d5d8f1a7b44961362f56e4f2cd524feb87e9069?s=96&d=mm&r=g","contentUrl":"https:\/\/secure.gravatar.com\/avatar\/68592660ad6347fad0fb587f8d5d8f1a7b44961362f56e4f2cd524feb87e9069?s=96&d=mm&r=g","caption":"dmcsrbija.com@gmail.com"},"sameAs":["https:\/\/dmcsrb.com"],"url":"https:\/\/dmcsrb.com\/en\/author\/dmcsrbija-comgmail-com\/"}]}},"_links":{"self":[{"href":"https:\/\/dmcsrb.com\/en\/wp-json\/wp\/v2\/posts\/908946","targetHints":{"allow":["GET"]}}],"collection":[{"href":"https:\/\/dmcsrb.com\/en\/wp-json\/wp\/v2\/posts"}],"about":[{"href":"https:\/\/dmcsrb.com\/en\/wp-json\/wp\/v2\/types\/post"}],"author":[{"embeddable":true,"href":"https:\/\/dmcsrb.com\/en\/wp-json\/wp\/v2\/users\/1"}],"replies":[{"embeddable":true,"href":"https:\/\/dmcsrb.com\/en\/wp-json\/wp\/v2\/comments?post=908946"}],"version-history":[{"count":0,"href":"https:\/\/dmcsrb.com\/en\/wp-json\/wp\/v2\/posts\/908946\/revisions"}],"wp:featuredmedia":[{"embeddable":true,"href":"https:\/\/dmcsrb.com\/en\/wp-json\/wp\/v2\/media\/908947"}],"wp:attachment":[{"href":"https:\/\/dmcsrb.com\/en\/wp-json\/wp\/v2\/media?parent=908946"}],"wp:term":[{"taxonomy":"category","embeddable":true,"href":"https:\/\/dmcsrb.com\/en\/wp-json\/wp\/v2\/categories?post=908946"},{"taxonomy":"post_tag","embeddable":true,"href":"https:\/\/dmcsrb.com\/en\/wp-json\/wp\/v2\/tags?post=908946"},{"taxonomy":"naslovna","embeddable":true,"href":"https:\/\/dmcsrb.com\/en\/wp-json\/wp\/v2\/naslovna?post=908946"}],"curies":[{"name":"wp","href":"https:\/\/api.w.org\/{rel}","templated":true}]}}