{"id":908944,"date":"2025-12-01T15:40:00","date_gmt":"2025-12-01T14:40:00","guid":{"rendered":"https:\/\/dmcsrb.com\/uncategorized\/delegacija-niksica-u-kemnicu-znacajan-doprinos-umrezavanju-sa-evropskim-gradovima-kulture\/"},"modified":"2025-12-01T15:40:00","modified_gmt":"2025-12-01T14:40:00","slug":"delegacija-niksica-u-kemnicu-znacajan-doprinos-umrezavanju-sa-evropskim-gradovima-kulture","status":"publish","type":"post","link":"https:\/\/dmcsrb.com\/en\/kultura\/delegacija-niksica-u-kemnicu-znacajan-doprinos-umrezavanju-sa-evropskim-gradovima-kulture\/","title":{"rendered":"Delegacija Nik\u0161i\u0107a u Kemnicu: Zna\u010dajan doprinos umre\u017eavanju sa evropskim gradovima kulture"},"content":{"rendered":"<p><\/p>\n\n\n\n<p>Ovaj njema\u010dki grad, smje\u0161ten u Saksoniji, tokom cijele 2025. godine bio je, kako se navodi u saop\u0161tenju Kancelarije Nik\u0161i\u0107 EPK, u fokusu evropske kulturne javnosti, predstavljaju\u0107i se pod sloganom \u201eC the Unseen\u201d, koji nagla\u0161ava otkrivanje skrivenih i manje vidljivih vrijednosti zajednice, kulture i industrijske ba\u0161tine.<\/p>\n\n\n\n<p>U ime Nik\u0161i\u0107a \u2013 Evropske prijestonice kulture za 2030. godinu, ceremoniji zatvaranja prisustvovali su outreach menad\u017eer Aljo\u0161a Matovi\u0107 i menad\u017eerka za me\u0111unarodnu saradnju Lucija Strunja\u0161.<\/p>\n\n\n\n<p>\u201cCentralna sve\u010danost odr\u017eana je u Muzeju industrije, a predstavnici Kancelarije Nik\u0161i\u0107 EPK 2030 prisustvovali su i Evropskoj paradi rudara, kao i Maker Adventu \u2013 radionicama koje okupljaju inovatore, zanatlije i kreativce. Nakon toga uslijedio je zvani\u010dni prijem kod gradona\u010delnika Kemnica, Svena \u0160ulcea, koji je ugostio predstavnike evropskih gradova i zahvalio partnerima iz cijele Evrope na doprinosu i prisustvu tokom EPK godine. Program zatvaranja zavr\u0161en je velikom open-air zabavom u centru grada, ispred poznatog Karl-Marx-Spomenika, gdje su se okupili gra\u0111ani, umjetnici i me\u0111unarodni gosti\u201d, saop\u0161teno je iz Kancelarije Nik\u0161i\u0107 EPK.<\/p>\n\n\n\n<figure class=\"wp-block-image\"><img decoding=\"async\" src=\"https:\/\/www.cdm.me\/wp-content\/uploads\/2025\/12\/0-02-05-403feb676f8591fad9f61b659412b946f9af093262ac3273c25c949467fcdb26_5aa59d12bf8bb747.jpg\" alt=\"\" class=\"wp-image-2504998\"\/><figcaption class=\"wp-element-caption\">foto: Nik\u0161i\u0107 2030 \u2013 Evropska prestonica kulture<\/figcaption><\/figure>\n\n\n\n<p>U\u010de\u0161\u0107e Nik\u0161i\u0107a na ovakvim doga\u0111ajima predstavlja, kako je poja\u0161njeno u saop\u0161tenju, zna\u010dajan doprinos ja\u010danju me\u0111unarodne saradnje i umre\u017eavanju sa evropskim gradovima kulture, \u0161to je jedan od klju\u010dnih ciljeva programa Nik\u0161i\u0107 EPK 2030.<\/p>\n\n\n\n<p>\u201cGradovi doma\u0107ini tradicionalno pozivaju sve \u010dlanove \u2018ECoC porodice\u2019, \u010dime je Nik\u0161i\u0107 imao priliku da uspostavi kontakte i razmijeni iskustva sa brojnim evropskim partnerima koji su nosili ili \u0107e nositi presti\u017enu titulu Evropske prijestonice kulture\u201d, zaklju\u010dak je saop\u0161tenja Kancelarije Nik\u0161i\u0107 EPK.<\/p>","protected":false},"excerpt":{"rendered":"<p>Delegacija Nik\u0161i\u0107a prethodna tri dana prisustvovala je sve\u010danoj ceremoniji zatvaranja Evropske prijestonice kulture Kemnic 2025.<\/p>","protected":false},"author":1,"featured_media":908945,"comment_status":"open","ping_status":"open","sticky":false,"template":"","format":"standard","meta":{"_acf_changed":false,"footnotes":""},"categories":[50],"tags":[157],"naslovna":[],"class_list":["post-908944","post","type-post","status-publish","format-standard","has-post-thumbnail","hentry","category-kultura","tag-kemnic"],"acf":[],"yoast_head":"<!-- This site is optimized with the Yoast SEO plugin v27.4 - https:\/\/yoast.com\/product\/yoast-seo-wordpress\/ -->\n<title>Delegacija Nik\u0161i\u0107a u Kemnicu: Zna\u010dajan doprinos umre\u017eavanju sa evropskim gradovima kulture - dmcsrb.com<\/title>\n<meta name=\"robots\" content=\"index, follow, max-snippet:-1, max-image-preview:large, max-video-preview:-1\" \/>\n<link rel=\"canonical\" href=\"https:\/\/dmcsrb.com\/en\/kultura\/delegacija-niksica-u-kemnicu-znacajan-doprinos-umrezavanju-sa-evropskim-gradovima-kulture\/\" \/>\n<meta property=\"og:locale\" content=\"en_GB\" \/>\n<meta property=\"og:type\" content=\"article\" \/>\n<meta property=\"og:title\" content=\"Delegacija Nik\u0161i\u0107a u Kemnicu: Zna\u010dajan doprinos umre\u017eavanju sa evropskim gradovima kulture - dmcsrb.com\" \/>\n<meta property=\"og:description\" content=\"Delegacija Nik\u0161i\u0107a prethodna tri dana prisustvovala je sve\u010danoj ceremoniji zatvaranja Evropske prijestonice kulture Kemnic 2025.\" \/>\n<meta property=\"og:url\" content=\"https:\/\/dmcsrb.com\/en\/kultura\/delegacija-niksica-u-kemnicu-znacajan-doprinos-umrezavanju-sa-evropskim-gradovima-kulture\/\" \/>\n<meta property=\"og:site_name\" content=\"dmcsrb.com\" \/>\n<meta property=\"article:published_time\" content=\"2025-12-01T14:40:00+00:00\" \/>\n<meta property=\"og:image\" content=\"https:\/\/dmcsrb.com\/wp-content\/uploads\/2026\/01\/0-02-05-52861bcc848a86081ff832261e48e11f7e441c4ceeeecdd2802b76da0eda7ff9_a2d0a8aebf6e5f2e-1000x555-1.jpg\" \/>\n\t<meta property=\"og:image:width\" content=\"1000\" \/>\n\t<meta property=\"og:image:height\" content=\"555\" \/>\n\t<meta property=\"og:image:type\" content=\"image\/jpeg\" \/>\n<meta name=\"author\" content=\"dmcsrbija.com@gmail.com\" \/>\n<meta name=\"twitter:card\" content=\"summary_large_image\" \/>\n<meta name=\"twitter:label1\" content=\"Written by\" \/>\n\t<meta name=\"twitter:data1\" content=\"dmcsrbija.com@gmail.com\" \/>\n\t<meta name=\"twitter:label2\" content=\"Estimated reading time\" \/>\n\t<meta name=\"twitter:data2\" content=\"1 minute\" \/>\n<script type=\"application\/ld+json\" class=\"yoast-schema-graph\">{\"@context\":\"https:\\\/\\\/schema.org\",\"@graph\":[{\"@type\":\"Article\",\"@id\":\"https:\\\/\\\/dmcsrb.com\\\/kultura\\\/delegacija-niksica-u-kemnicu-znacajan-doprinos-umrezavanju-sa-evropskim-gradovima-kulture\\\/#article\",\"isPartOf\":{\"@id\":\"https:\\\/\\\/dmcsrb.com\\\/kultura\\\/delegacija-niksica-u-kemnicu-znacajan-doprinos-umrezavanju-sa-evropskim-gradovima-kulture\\\/\"},\"author\":{\"name\":\"dmcsrbija.com@gmail.com\",\"@id\":\"https:\\\/\\\/dmcsrb.com\\\/#\\\/schema\\\/person\\\/5c39170f12db1b8b457732d0b5c854e2\"},\"headline\":\"Delegacija Nik\u0161i\u0107a u Kemnicu: Zna\u010dajan doprinos umre\u017eavanju sa evropskim gradovima kulture\",\"datePublished\":\"2025-12-01T14:40:00+00:00\",\"mainEntityOfPage\":{\"@id\":\"https:\\\/\\\/dmcsrb.com\\\/kultura\\\/delegacija-niksica-u-kemnicu-znacajan-doprinos-umrezavanju-sa-evropskim-gradovima-kulture\\\/\"},\"wordCount\":288,\"commentCount\":0,\"image\":{\"@id\":\"https:\\\/\\\/dmcsrb.com\\\/kultura\\\/delegacija-niksica-u-kemnicu-znacajan-doprinos-umrezavanju-sa-evropskim-gradovima-kulture\\\/#primaryimage\"},\"thumbnailUrl\":\"https:\\\/\\\/dmcsrb.com\\\/wp-content\\\/uploads\\\/2026\\\/01\\\/0-02-05-52861bcc848a86081ff832261e48e11f7e441c4ceeeecdd2802b76da0eda7ff9_a2d0a8aebf6e5f2e-1000x555-1.jpg\",\"keywords\":[\"Kemnic\"],\"articleSection\":[\"Kultura\"],\"inLanguage\":\"en-GB\",\"potentialAction\":[{\"@type\":\"CommentAction\",\"name\":\"Comment\",\"target\":[\"https:\\\/\\\/dmcsrb.com\\\/kultura\\\/delegacija-niksica-u-kemnicu-znacajan-doprinos-umrezavanju-sa-evropskim-gradovima-kulture\\\/#respond\"]}]},{\"@type\":\"WebPage\",\"@id\":\"https:\\\/\\\/dmcsrb.com\\\/kultura\\\/delegacija-niksica-u-kemnicu-znacajan-doprinos-umrezavanju-sa-evropskim-gradovima-kulture\\\/\",\"url\":\"https:\\\/\\\/dmcsrb.com\\\/kultura\\\/delegacija-niksica-u-kemnicu-znacajan-doprinos-umrezavanju-sa-evropskim-gradovima-kulture\\\/\",\"name\":\"Delegacija Nik\u0161i\u0107a u Kemnicu: Zna\u010dajan doprinos umre\u017eavanju sa evropskim gradovima kulture - dmcsrb.com\",\"isPartOf\":{\"@id\":\"https:\\\/\\\/dmcsrb.com\\\/#website\"},\"primaryImageOfPage\":{\"@id\":\"https:\\\/\\\/dmcsrb.com\\\/kultura\\\/delegacija-niksica-u-kemnicu-znacajan-doprinos-umrezavanju-sa-evropskim-gradovima-kulture\\\/#primaryimage\"},\"image\":{\"@id\":\"https:\\\/\\\/dmcsrb.com\\\/kultura\\\/delegacija-niksica-u-kemnicu-znacajan-doprinos-umrezavanju-sa-evropskim-gradovima-kulture\\\/#primaryimage\"},\"thumbnailUrl\":\"https:\\\/\\\/dmcsrb.com\\\/wp-content\\\/uploads\\\/2026\\\/01\\\/0-02-05-52861bcc848a86081ff832261e48e11f7e441c4ceeeecdd2802b76da0eda7ff9_a2d0a8aebf6e5f2e-1000x555-1.jpg\",\"datePublished\":\"2025-12-01T14:40:00+00:00\",\"author\":{\"@id\":\"https:\\\/\\\/dmcsrb.com\\\/#\\\/schema\\\/person\\\/5c39170f12db1b8b457732d0b5c854e2\"},\"breadcrumb\":{\"@id\":\"https:\\\/\\\/dmcsrb.com\\\/kultura\\\/delegacija-niksica-u-kemnicu-znacajan-doprinos-umrezavanju-sa-evropskim-gradovima-kulture\\\/#breadcrumb\"},\"inLanguage\":\"en-GB\",\"potentialAction\":[{\"@type\":\"ReadAction\",\"target\":[\"https:\\\/\\\/dmcsrb.com\\\/kultura\\\/delegacija-niksica-u-kemnicu-znacajan-doprinos-umrezavanju-sa-evropskim-gradovima-kulture\\\/\"]}]},{\"@type\":\"ImageObject\",\"inLanguage\":\"en-GB\",\"@id\":\"https:\\\/\\\/dmcsrb.com\\\/kultura\\\/delegacija-niksica-u-kemnicu-znacajan-doprinos-umrezavanju-sa-evropskim-gradovima-kulture\\\/#primaryimage\",\"url\":\"https:\\\/\\\/dmcsrb.com\\\/wp-content\\\/uploads\\\/2026\\\/01\\\/0-02-05-52861bcc848a86081ff832261e48e11f7e441c4ceeeecdd2802b76da0eda7ff9_a2d0a8aebf6e5f2e-1000x555-1.jpg\",\"contentUrl\":\"https:\\\/\\\/dmcsrb.com\\\/wp-content\\\/uploads\\\/2026\\\/01\\\/0-02-05-52861bcc848a86081ff832261e48e11f7e441c4ceeeecdd2802b76da0eda7ff9_a2d0a8aebf6e5f2e-1000x555-1.jpg\",\"width\":1000,\"height\":555},{\"@type\":\"BreadcrumbList\",\"@id\":\"https:\\\/\\\/dmcsrb.com\\\/kultura\\\/delegacija-niksica-u-kemnicu-znacajan-doprinos-umrezavanju-sa-evropskim-gradovima-kulture\\\/#breadcrumb\",\"itemListElement\":[{\"@type\":\"ListItem\",\"position\":1,\"name\":\"Home\",\"item\":\"https:\\\/\\\/dmcsrb.com\\\/\"},{\"@type\":\"ListItem\",\"position\":2,\"name\":\"Delegacija Nik\u0161i\u0107a u Kemnicu: Zna\u010dajan doprinos umre\u017eavanju sa evropskim gradovima kulture\"}]},{\"@type\":\"WebSite\",\"@id\":\"https:\\\/\\\/dmcsrb.com\\\/#website\",\"url\":\"https:\\\/\\\/dmcsrb.com\\\/\",\"name\":\"dmcsrb.com\",\"description\":\"\",\"potentialAction\":[{\"@type\":\"SearchAction\",\"target\":{\"@type\":\"EntryPoint\",\"urlTemplate\":\"https:\\\/\\\/dmcsrb.com\\\/?s={search_term_string}\"},\"query-input\":{\"@type\":\"PropertyValueSpecification\",\"valueRequired\":true,\"valueName\":\"search_term_string\"}}],\"inLanguage\":\"en-GB\"},{\"@type\":\"Person\",\"@id\":\"https:\\\/\\\/dmcsrb.com\\\/#\\\/schema\\\/person\\\/5c39170f12db1b8b457732d0b5c854e2\",\"name\":\"dmcsrbija.com@gmail.com\",\"image\":{\"@type\":\"ImageObject\",\"inLanguage\":\"en-GB\",\"@id\":\"https:\\\/\\\/secure.gravatar.com\\\/avatar\\\/68592660ad6347fad0fb587f8d5d8f1a7b44961362f56e4f2cd524feb87e9069?s=96&d=mm&r=g\",\"url\":\"https:\\\/\\\/secure.gravatar.com\\\/avatar\\\/68592660ad6347fad0fb587f8d5d8f1a7b44961362f56e4f2cd524feb87e9069?s=96&d=mm&r=g\",\"contentUrl\":\"https:\\\/\\\/secure.gravatar.com\\\/avatar\\\/68592660ad6347fad0fb587f8d5d8f1a7b44961362f56e4f2cd524feb87e9069?s=96&d=mm&r=g\",\"caption\":\"dmcsrbija.com@gmail.com\"},\"sameAs\":[\"https:\\\/\\\/dmcsrb.com\"],\"url\":\"https:\\\/\\\/dmcsrb.com\\\/en\\\/author\\\/dmcsrbija-comgmail-com\\\/\"}]}<\/script>\n<!-- \/ Yoast SEO plugin. -->","yoast_head_json":{"title":"Delegacija Nik\u0161i\u0107a u Kemnicu: Zna\u010dajan doprinos umre\u017eavanju sa evropskim gradovima kulture - dmcsrb.com","robots":{"index":"index","follow":"follow","max-snippet":"max-snippet:-1","max-image-preview":"max-image-preview:large","max-video-preview":"max-video-preview:-1"},"canonical":"https:\/\/dmcsrb.com\/en\/kultura\/delegacija-niksica-u-kemnicu-znacajan-doprinos-umrezavanju-sa-evropskim-gradovima-kulture\/","og_locale":"en_GB","og_type":"article","og_title":"Delegacija Nik\u0161i\u0107a u Kemnicu: Zna\u010dajan doprinos umre\u017eavanju sa evropskim gradovima kulture - dmcsrb.com","og_description":"Delegacija Nik\u0161i\u0107a prethodna tri dana prisustvovala je sve\u010danoj ceremoniji zatvaranja Evropske prijestonice kulture Kemnic 2025.","og_url":"https:\/\/dmcsrb.com\/en\/kultura\/delegacija-niksica-u-kemnicu-znacajan-doprinos-umrezavanju-sa-evropskim-gradovima-kulture\/","og_site_name":"dmcsrb.com","article_published_time":"2025-12-01T14:40:00+00:00","og_image":[{"width":1000,"height":555,"url":"https:\/\/dmcsrb.com\/wp-content\/uploads\/2026\/01\/0-02-05-52861bcc848a86081ff832261e48e11f7e441c4ceeeecdd2802b76da0eda7ff9_a2d0a8aebf6e5f2e-1000x555-1.jpg","type":"image\/jpeg"}],"author":"dmcsrbija.com@gmail.com","twitter_card":"summary_large_image","twitter_misc":{"Written by":"dmcsrbija.com@gmail.com","Estimated reading time":"1 minute"},"schema":{"@context":"https:\/\/schema.org","@graph":[{"@type":"Article","@id":"https:\/\/dmcsrb.com\/kultura\/delegacija-niksica-u-kemnicu-znacajan-doprinos-umrezavanju-sa-evropskim-gradovima-kulture\/#article","isPartOf":{"@id":"https:\/\/dmcsrb.com\/kultura\/delegacija-niksica-u-kemnicu-znacajan-doprinos-umrezavanju-sa-evropskim-gradovima-kulture\/"},"author":{"name":"dmcsrbija.com@gmail.com","@id":"https:\/\/dmcsrb.com\/#\/schema\/person\/5c39170f12db1b8b457732d0b5c854e2"},"headline":"Delegacija Nik\u0161i\u0107a u Kemnicu: Zna\u010dajan doprinos umre\u017eavanju sa evropskim gradovima kulture","datePublished":"2025-12-01T14:40:00+00:00","mainEntityOfPage":{"@id":"https:\/\/dmcsrb.com\/kultura\/delegacija-niksica-u-kemnicu-znacajan-doprinos-umrezavanju-sa-evropskim-gradovima-kulture\/"},"wordCount":288,"commentCount":0,"image":{"@id":"https:\/\/dmcsrb.com\/kultura\/delegacija-niksica-u-kemnicu-znacajan-doprinos-umrezavanju-sa-evropskim-gradovima-kulture\/#primaryimage"},"thumbnailUrl":"https:\/\/dmcsrb.com\/wp-content\/uploads\/2026\/01\/0-02-05-52861bcc848a86081ff832261e48e11f7e441c4ceeeecdd2802b76da0eda7ff9_a2d0a8aebf6e5f2e-1000x555-1.jpg","keywords":["Kemnic"],"articleSection":["Kultura"],"inLanguage":"en-GB","potentialAction":[{"@type":"CommentAction","name":"Comment","target":["https:\/\/dmcsrb.com\/kultura\/delegacija-niksica-u-kemnicu-znacajan-doprinos-umrezavanju-sa-evropskim-gradovima-kulture\/#respond"]}]},{"@type":"WebPage","@id":"https:\/\/dmcsrb.com\/kultura\/delegacija-niksica-u-kemnicu-znacajan-doprinos-umrezavanju-sa-evropskim-gradovima-kulture\/","url":"https:\/\/dmcsrb.com\/kultura\/delegacija-niksica-u-kemnicu-znacajan-doprinos-umrezavanju-sa-evropskim-gradovima-kulture\/","name":"Delegacija Nik\u0161i\u0107a u Kemnicu: Zna\u010dajan doprinos umre\u017eavanju sa evropskim gradovima kulture - dmcsrb.com","isPartOf":{"@id":"https:\/\/dmcsrb.com\/#website"},"primaryImageOfPage":{"@id":"https:\/\/dmcsrb.com\/kultura\/delegacija-niksica-u-kemnicu-znacajan-doprinos-umrezavanju-sa-evropskim-gradovima-kulture\/#primaryimage"},"image":{"@id":"https:\/\/dmcsrb.com\/kultura\/delegacija-niksica-u-kemnicu-znacajan-doprinos-umrezavanju-sa-evropskim-gradovima-kulture\/#primaryimage"},"thumbnailUrl":"https:\/\/dmcsrb.com\/wp-content\/uploads\/2026\/01\/0-02-05-52861bcc848a86081ff832261e48e11f7e441c4ceeeecdd2802b76da0eda7ff9_a2d0a8aebf6e5f2e-1000x555-1.jpg","datePublished":"2025-12-01T14:40:00+00:00","author":{"@id":"https:\/\/dmcsrb.com\/#\/schema\/person\/5c39170f12db1b8b457732d0b5c854e2"},"breadcrumb":{"@id":"https:\/\/dmcsrb.com\/kultura\/delegacija-niksica-u-kemnicu-znacajan-doprinos-umrezavanju-sa-evropskim-gradovima-kulture\/#breadcrumb"},"inLanguage":"en-GB","potentialAction":[{"@type":"ReadAction","target":["https:\/\/dmcsrb.com\/kultura\/delegacija-niksica-u-kemnicu-znacajan-doprinos-umrezavanju-sa-evropskim-gradovima-kulture\/"]}]},{"@type":"ImageObject","inLanguage":"en-GB","@id":"https:\/\/dmcsrb.com\/kultura\/delegacija-niksica-u-kemnicu-znacajan-doprinos-umrezavanju-sa-evropskim-gradovima-kulture\/#primaryimage","url":"https:\/\/dmcsrb.com\/wp-content\/uploads\/2026\/01\/0-02-05-52861bcc848a86081ff832261e48e11f7e441c4ceeeecdd2802b76da0eda7ff9_a2d0a8aebf6e5f2e-1000x555-1.jpg","contentUrl":"https:\/\/dmcsrb.com\/wp-content\/uploads\/2026\/01\/0-02-05-52861bcc848a86081ff832261e48e11f7e441c4ceeeecdd2802b76da0eda7ff9_a2d0a8aebf6e5f2e-1000x555-1.jpg","width":1000,"height":555},{"@type":"BreadcrumbList","@id":"https:\/\/dmcsrb.com\/kultura\/delegacija-niksica-u-kemnicu-znacajan-doprinos-umrezavanju-sa-evropskim-gradovima-kulture\/#breadcrumb","itemListElement":[{"@type":"ListItem","position":1,"name":"Home","item":"https:\/\/dmcsrb.com\/"},{"@type":"ListItem","position":2,"name":"Delegacija Nik\u0161i\u0107a u Kemnicu: Zna\u010dajan doprinos umre\u017eavanju sa evropskim gradovima kulture"}]},{"@type":"WebSite","@id":"https:\/\/dmcsrb.com\/#website","url":"https:\/\/dmcsrb.com\/","name":"dmcsrb.com","description":"","potentialAction":[{"@type":"SearchAction","target":{"@type":"EntryPoint","urlTemplate":"https:\/\/dmcsrb.com\/?s={search_term_string}"},"query-input":{"@type":"PropertyValueSpecification","valueRequired":true,"valueName":"search_term_string"}}],"inLanguage":"en-GB"},{"@type":"Person","@id":"https:\/\/dmcsrb.com\/#\/schema\/person\/5c39170f12db1b8b457732d0b5c854e2","name":"dmcsrbija.com@gmail.com","image":{"@type":"ImageObject","inLanguage":"en-GB","@id":"https:\/\/secure.gravatar.com\/avatar\/68592660ad6347fad0fb587f8d5d8f1a7b44961362f56e4f2cd524feb87e9069?s=96&d=mm&r=g","url":"https:\/\/secure.gravatar.com\/avatar\/68592660ad6347fad0fb587f8d5d8f1a7b44961362f56e4f2cd524feb87e9069?s=96&d=mm&r=g","contentUrl":"https:\/\/secure.gravatar.com\/avatar\/68592660ad6347fad0fb587f8d5d8f1a7b44961362f56e4f2cd524feb87e9069?s=96&d=mm&r=g","caption":"dmcsrbija.com@gmail.com"},"sameAs":["https:\/\/dmcsrb.com"],"url":"https:\/\/dmcsrb.com\/en\/author\/dmcsrbija-comgmail-com\/"}]}},"_links":{"self":[{"href":"https:\/\/dmcsrb.com\/en\/wp-json\/wp\/v2\/posts\/908944","targetHints":{"allow":["GET"]}}],"collection":[{"href":"https:\/\/dmcsrb.com\/en\/wp-json\/wp\/v2\/posts"}],"about":[{"href":"https:\/\/dmcsrb.com\/en\/wp-json\/wp\/v2\/types\/post"}],"author":[{"embeddable":true,"href":"https:\/\/dmcsrb.com\/en\/wp-json\/wp\/v2\/users\/1"}],"replies":[{"embeddable":true,"href":"https:\/\/dmcsrb.com\/en\/wp-json\/wp\/v2\/comments?post=908944"}],"version-history":[{"count":0,"href":"https:\/\/dmcsrb.com\/en\/wp-json\/wp\/v2\/posts\/908944\/revisions"}],"wp:featuredmedia":[{"embeddable":true,"href":"https:\/\/dmcsrb.com\/en\/wp-json\/wp\/v2\/media\/908945"}],"wp:attachment":[{"href":"https:\/\/dmcsrb.com\/en\/wp-json\/wp\/v2\/media?parent=908944"}],"wp:term":[{"taxonomy":"category","embeddable":true,"href":"https:\/\/dmcsrb.com\/en\/wp-json\/wp\/v2\/categories?post=908944"},{"taxonomy":"post_tag","embeddable":true,"href":"https:\/\/dmcsrb.com\/en\/wp-json\/wp\/v2\/tags?post=908944"},{"taxonomy":"naslovna","embeddable":true,"href":"https:\/\/dmcsrb.com\/en\/wp-json\/wp\/v2\/naslovna?post=908944"}],"curies":[{"name":"wp","href":"https:\/\/api.w.org\/{rel}","templated":true}]}}