{"id":908857,"date":"2025-12-01T10:46:00","date_gmt":"2025-12-01T09:46:00","guid":{"rendered":"https:\/\/dmcsrb.com\/uncategorized\/aneksije-1918-godine-nije-bilo\/"},"modified":"2025-12-01T10:46:00","modified_gmt":"2025-12-01T09:46:00","slug":"aneksije-1918-godine-nije-bilo","status":"publish","type":"post","link":"https:\/\/dmcsrb.com\/en\/politika\/aneksije-1918-godine-nije-bilo\/","title":{"rendered":"Aneksije 1918. godine nije bilo"},"content":{"rendered":"<p><strong><em>Pi\u0161e: Vojin Gruba\u010d<\/em><\/strong><\/p>\n\n\n\n<p><\/p>\n\n\n\n<p>Naime, nakon 1918. godine, Kraljevina SHS je bila podijeljena na sedam privremenih pokrajina: Srbiju (sa Sjevernom i Ju\u017enom Srbijom), Crnu Goru, Srem\u2013Ba\u010dku\u2013Baranju, Bosnu i Hercegovinu, Dalmaciju, Hrvatsku i Slavoniju i Sloveniju<\/p>\n\n\n\n<p>Iako su skup\u0161tine u Podgorici i Novom Sadu 1918. godine donijele odluke o prisajedinjenju Srbiji, te odluke nisu sprovedene kroz administrativnu strukturu novoformirane dr\u017eave. Umjesto uklju\u010divanja u pokrajinu Srbiju, navedene oblasti su oformljene kao posebne teritorijalne jedinice. Stoga se, u istorijskom i pravnom smislu, ne mo\u017ee govoriti o realizovanom: dobrovoljnom prisajedinjenju ili navodnoj aneksiji.<\/p>\n\n\n\n<p>Razlikovanje termina \u201eokupacija\u201c i \u201eaneksija\u201c dodatno poja\u0161njava primjer Bosne i Hercegovine koja je poslije 1978. godine, nakon tridesetogodi\u0161nje uprave Austrougarske formalno anektirana tek 1908. godine. Nasuprot tome, u slu\u010daju Crne Gore 1918. godine, administrativni postupci ne ukazuju na sli\u010dan proces.<\/p>\n\n\n\n<p>Politi\u010dke interpretacije koje su insistirale na tezi o \u201eaneksiji\u201c, bez potkrijepljenja faktima, stvarale su dugotrajne dru\u0161tvene tenzije. One i danas \u010desto imaju ideolo\u0161ku i politi\u010dku ulogu u javnom diskursu, s ciljem skretanja pa\u017enje sa strukturnih<\/p>\n\n\n\n<p>problema i ekonomske \u0161tete koju je Crna Gora pretrpjela u novijoj istoriji.<\/p>\n\n\n\n<p>Tridesetogodi\u0161nje dizanje tenzija o tzv. aneksiji Crne Gore od strane Srbije je bio paravan za temeljnu plja\u010dku dr\u017eave, gdje su kroz Crnu Goru tutnjeli kontejneri koakina, \u0161leperi cigareta, izno\u0161ene milijarde evra, a re\u017eirana medijska pra\u0161ina dizana oko \u201eaneksije 1918.\u201c, koje nije bilo. A i da jeste, ta pri\u010da je daleko od va\u017enosti i problema koje je napravio \u0110ukanovi\u0107ev re\u017eim tokom svoje tridesetogodi\u0161nje vladavine.<\/p>\n\n\n\n<p><strong><em>(Mi\u0161ljenja i stavovi autora kolumni nijesu nu\u017eno i stavovi redakcije Gradskog portala)<\/em><\/strong><\/p>","protected":false},"excerpt":{"rendered":"<p>Tvrdnje o navodnoj aneksiji Crne Gore od strane Srbije nakon 1918. godine, koje se ve\u0107 decenijama pojavljuju u politi\u010dkom i medijskom prostoru, nisu u saglasnosti sa istorijskim \u010dinjenicama o administrativnoj organizaciji Kraljevine Srba, Hrvata i Slovenaca. Prva podjela Kraljevine SHS na privremene pokrajine (1918.\u20131922.) jasno pokazuje da je Crna Gora postojala kao zasebna pokrajina, a ne kao dio pokrajine Srbije. Isto va\u017ei i za oblasti Srema, Ba\u010dke i Baranje.<\/p>","protected":false},"author":1,"featured_media":908858,"comment_status":"open","ping_status":"open","sticky":false,"template":"","format":"standard","meta":{"_acf_changed":false,"footnotes":""},"categories":[12],"tags":[68,69],"naslovna":[],"class_list":["post-908857","post","type-post","status-publish","format-standard","has-post-thumbnail","hentry","category-politika","tag-aneksija","tag-grubac"],"acf":[],"yoast_head":"<!-- This site is optimized with the Yoast SEO plugin v27.4 - https:\/\/yoast.com\/product\/yoast-seo-wordpress\/ -->\n<title>Aneksije 1918. godine nije bilo - dmcsrb.com<\/title>\n<meta name=\"robots\" content=\"index, follow, max-snippet:-1, max-image-preview:large, max-video-preview:-1\" \/>\n<link rel=\"canonical\" href=\"https:\/\/dmcsrb.com\/en\/politika\/aneksije-1918-godine-nije-bilo\/\" \/>\n<meta property=\"og:locale\" content=\"en_GB\" \/>\n<meta property=\"og:type\" content=\"article\" \/>\n<meta property=\"og:title\" content=\"Aneksije 1918. godine nije bilo - dmcsrb.com\" \/>\n<meta property=\"og:description\" content=\"Tvrdnje o navodnoj aneksiji Crne Gore od strane Srbije nakon 1918. godine, koje se ve\u0107 decenijama pojavljuju u politi\u010dkom i medijskom prostoru, nisu u saglasnosti sa istorijskim \u010dinjenicama o administrativnoj organizaciji Kraljevine Srba, Hrvata i Slovenaca. Prva podjela Kraljevine SHS na privremene pokrajine (1918.\u20131922.) jasno pokazuje da je Crna Gora postojala kao zasebna pokrajina, a ne kao dio pokrajine Srbije. Isto va\u017ei i za oblasti Srema, Ba\u010dke i Baranje.\" \/>\n<meta property=\"og:url\" content=\"https:\/\/dmcsrb.com\/en\/politika\/aneksije-1918-godine-nije-bilo\/\" \/>\n<meta property=\"og:site_name\" content=\"dmcsrb.com\" \/>\n<meta property=\"article:published_time\" content=\"2025-12-01T09:46:00+00:00\" \/>\n<meta property=\"og:image\" content=\"https:\/\/dmcsrb.com\/wp-content\/uploads\/2026\/01\/Vojin-Grubac-kolumna.jpg\" \/>\n\t<meta property=\"og:image:width\" content=\"882\" \/>\n\t<meta property=\"og:image:height\" content=\"622\" \/>\n\t<meta property=\"og:image:type\" content=\"image\/jpeg\" \/>\n<meta name=\"author\" content=\"dmcsrbija.com@gmail.com\" \/>\n<meta name=\"twitter:card\" content=\"summary_large_image\" \/>\n<meta name=\"twitter:label1\" content=\"Written by\" \/>\n\t<meta name=\"twitter:data1\" content=\"dmcsrbija.com@gmail.com\" \/>\n\t<meta name=\"twitter:label2\" content=\"Estimated reading time\" \/>\n\t<meta name=\"twitter:data2\" content=\"1 minute\" \/>\n<script type=\"application\/ld+json\" class=\"yoast-schema-graph\">{\"@context\":\"https:\\\/\\\/schema.org\",\"@graph\":[{\"@type\":\"Article\",\"@id\":\"https:\\\/\\\/dmcsrb.com\\\/politika\\\/aneksije-1918-godine-nije-bilo\\\/#article\",\"isPartOf\":{\"@id\":\"https:\\\/\\\/dmcsrb.com\\\/politika\\\/aneksije-1918-godine-nije-bilo\\\/\"},\"author\":{\"name\":\"dmcsrbija.com@gmail.com\",\"@id\":\"https:\\\/\\\/dmcsrb.com\\\/#\\\/schema\\\/person\\\/5c39170f12db1b8b457732d0b5c854e2\"},\"headline\":\"Aneksije 1918. godine nije bilo\",\"datePublished\":\"2025-12-01T09:46:00+00:00\",\"mainEntityOfPage\":{\"@id\":\"https:\\\/\\\/dmcsrb.com\\\/politika\\\/aneksije-1918-godine-nije-bilo\\\/\"},\"wordCount\":279,\"commentCount\":0,\"image\":{\"@id\":\"https:\\\/\\\/dmcsrb.com\\\/politika\\\/aneksije-1918-godine-nije-bilo\\\/#primaryimage\"},\"thumbnailUrl\":\"https:\\\/\\\/dmcsrb.com\\\/wp-content\\\/uploads\\\/2026\\\/01\\\/Vojin-Grubac-kolumna.jpg\",\"keywords\":[\"aneksija\",\"Gruba\u010d\"],\"articleSection\":[\"Politika\"],\"inLanguage\":\"en-GB\",\"potentialAction\":[{\"@type\":\"CommentAction\",\"name\":\"Comment\",\"target\":[\"https:\\\/\\\/dmcsrb.com\\\/politika\\\/aneksije-1918-godine-nije-bilo\\\/#respond\"]}]},{\"@type\":\"WebPage\",\"@id\":\"https:\\\/\\\/dmcsrb.com\\\/politika\\\/aneksije-1918-godine-nije-bilo\\\/\",\"url\":\"https:\\\/\\\/dmcsrb.com\\\/politika\\\/aneksije-1918-godine-nije-bilo\\\/\",\"name\":\"Aneksije 1918. godine nije bilo - dmcsrb.com\",\"isPartOf\":{\"@id\":\"https:\\\/\\\/dmcsrb.com\\\/#website\"},\"primaryImageOfPage\":{\"@id\":\"https:\\\/\\\/dmcsrb.com\\\/politika\\\/aneksije-1918-godine-nije-bilo\\\/#primaryimage\"},\"image\":{\"@id\":\"https:\\\/\\\/dmcsrb.com\\\/politika\\\/aneksije-1918-godine-nije-bilo\\\/#primaryimage\"},\"thumbnailUrl\":\"https:\\\/\\\/dmcsrb.com\\\/wp-content\\\/uploads\\\/2026\\\/01\\\/Vojin-Grubac-kolumna.jpg\",\"datePublished\":\"2025-12-01T09:46:00+00:00\",\"author\":{\"@id\":\"https:\\\/\\\/dmcsrb.com\\\/#\\\/schema\\\/person\\\/5c39170f12db1b8b457732d0b5c854e2\"},\"breadcrumb\":{\"@id\":\"https:\\\/\\\/dmcsrb.com\\\/politika\\\/aneksije-1918-godine-nije-bilo\\\/#breadcrumb\"},\"inLanguage\":\"en-GB\",\"potentialAction\":[{\"@type\":\"ReadAction\",\"target\":[\"https:\\\/\\\/dmcsrb.com\\\/politika\\\/aneksije-1918-godine-nije-bilo\\\/\"]}]},{\"@type\":\"ImageObject\",\"inLanguage\":\"en-GB\",\"@id\":\"https:\\\/\\\/dmcsrb.com\\\/politika\\\/aneksije-1918-godine-nije-bilo\\\/#primaryimage\",\"url\":\"https:\\\/\\\/dmcsrb.com\\\/wp-content\\\/uploads\\\/2026\\\/01\\\/Vojin-Grubac-kolumna.jpg\",\"contentUrl\":\"https:\\\/\\\/dmcsrb.com\\\/wp-content\\\/uploads\\\/2026\\\/01\\\/Vojin-Grubac-kolumna.jpg\",\"width\":882,\"height\":622},{\"@type\":\"BreadcrumbList\",\"@id\":\"https:\\\/\\\/dmcsrb.com\\\/politika\\\/aneksije-1918-godine-nije-bilo\\\/#breadcrumb\",\"itemListElement\":[{\"@type\":\"ListItem\",\"position\":1,\"name\":\"Home\",\"item\":\"https:\\\/\\\/dmcsrb.com\\\/\"},{\"@type\":\"ListItem\",\"position\":2,\"name\":\"Aneksije 1918. godine nije bilo\"}]},{\"@type\":\"WebSite\",\"@id\":\"https:\\\/\\\/dmcsrb.com\\\/#website\",\"url\":\"https:\\\/\\\/dmcsrb.com\\\/\",\"name\":\"dmcsrb.com\",\"description\":\"\",\"potentialAction\":[{\"@type\":\"SearchAction\",\"target\":{\"@type\":\"EntryPoint\",\"urlTemplate\":\"https:\\\/\\\/dmcsrb.com\\\/?s={search_term_string}\"},\"query-input\":{\"@type\":\"PropertyValueSpecification\",\"valueRequired\":true,\"valueName\":\"search_term_string\"}}],\"inLanguage\":\"en-GB\"},{\"@type\":\"Person\",\"@id\":\"https:\\\/\\\/dmcsrb.com\\\/#\\\/schema\\\/person\\\/5c39170f12db1b8b457732d0b5c854e2\",\"name\":\"dmcsrbija.com@gmail.com\",\"image\":{\"@type\":\"ImageObject\",\"inLanguage\":\"en-GB\",\"@id\":\"https:\\\/\\\/secure.gravatar.com\\\/avatar\\\/68592660ad6347fad0fb587f8d5d8f1a7b44961362f56e4f2cd524feb87e9069?s=96&d=mm&r=g\",\"url\":\"https:\\\/\\\/secure.gravatar.com\\\/avatar\\\/68592660ad6347fad0fb587f8d5d8f1a7b44961362f56e4f2cd524feb87e9069?s=96&d=mm&r=g\",\"contentUrl\":\"https:\\\/\\\/secure.gravatar.com\\\/avatar\\\/68592660ad6347fad0fb587f8d5d8f1a7b44961362f56e4f2cd524feb87e9069?s=96&d=mm&r=g\",\"caption\":\"dmcsrbija.com@gmail.com\"},\"sameAs\":[\"https:\\\/\\\/dmcsrb.com\"],\"url\":\"https:\\\/\\\/dmcsrb.com\\\/en\\\/author\\\/dmcsrbija-comgmail-com\\\/\"}]}<\/script>\n<!-- \/ Yoast SEO plugin. -->","yoast_head_json":{"title":"Aneksije 1918. godine nije bilo - dmcsrb.com","robots":{"index":"index","follow":"follow","max-snippet":"max-snippet:-1","max-image-preview":"max-image-preview:large","max-video-preview":"max-video-preview:-1"},"canonical":"https:\/\/dmcsrb.com\/en\/politika\/aneksije-1918-godine-nije-bilo\/","og_locale":"en_GB","og_type":"article","og_title":"Aneksije 1918. godine nije bilo - dmcsrb.com","og_description":"Tvrdnje o navodnoj aneksiji Crne Gore od strane Srbije nakon 1918. godine, koje se ve\u0107 decenijama pojavljuju u politi\u010dkom i medijskom prostoru, nisu u saglasnosti sa istorijskim \u010dinjenicama o administrativnoj organizaciji Kraljevine Srba, Hrvata i Slovenaca. Prva podjela Kraljevine SHS na privremene pokrajine (1918.\u20131922.) jasno pokazuje da je Crna Gora postojala kao zasebna pokrajina, a ne kao dio pokrajine Srbije. Isto va\u017ei i za oblasti Srema, Ba\u010dke i Baranje.","og_url":"https:\/\/dmcsrb.com\/en\/politika\/aneksije-1918-godine-nije-bilo\/","og_site_name":"dmcsrb.com","article_published_time":"2025-12-01T09:46:00+00:00","og_image":[{"width":882,"height":622,"url":"https:\/\/dmcsrb.com\/wp-content\/uploads\/2026\/01\/Vojin-Grubac-kolumna.jpg","type":"image\/jpeg"}],"author":"dmcsrbija.com@gmail.com","twitter_card":"summary_large_image","twitter_misc":{"Written by":"dmcsrbija.com@gmail.com","Estimated reading time":"1 minute"},"schema":{"@context":"https:\/\/schema.org","@graph":[{"@type":"Article","@id":"https:\/\/dmcsrb.com\/politika\/aneksije-1918-godine-nije-bilo\/#article","isPartOf":{"@id":"https:\/\/dmcsrb.com\/politika\/aneksije-1918-godine-nije-bilo\/"},"author":{"name":"dmcsrbija.com@gmail.com","@id":"https:\/\/dmcsrb.com\/#\/schema\/person\/5c39170f12db1b8b457732d0b5c854e2"},"headline":"Aneksije 1918. godine nije bilo","datePublished":"2025-12-01T09:46:00+00:00","mainEntityOfPage":{"@id":"https:\/\/dmcsrb.com\/politika\/aneksije-1918-godine-nije-bilo\/"},"wordCount":279,"commentCount":0,"image":{"@id":"https:\/\/dmcsrb.com\/politika\/aneksije-1918-godine-nije-bilo\/#primaryimage"},"thumbnailUrl":"https:\/\/dmcsrb.com\/wp-content\/uploads\/2026\/01\/Vojin-Grubac-kolumna.jpg","keywords":["aneksija","Gruba\u010d"],"articleSection":["Politika"],"inLanguage":"en-GB","potentialAction":[{"@type":"CommentAction","name":"Comment","target":["https:\/\/dmcsrb.com\/politika\/aneksije-1918-godine-nije-bilo\/#respond"]}]},{"@type":"WebPage","@id":"https:\/\/dmcsrb.com\/politika\/aneksije-1918-godine-nije-bilo\/","url":"https:\/\/dmcsrb.com\/politika\/aneksije-1918-godine-nije-bilo\/","name":"Aneksije 1918. godine nije bilo - dmcsrb.com","isPartOf":{"@id":"https:\/\/dmcsrb.com\/#website"},"primaryImageOfPage":{"@id":"https:\/\/dmcsrb.com\/politika\/aneksije-1918-godine-nije-bilo\/#primaryimage"},"image":{"@id":"https:\/\/dmcsrb.com\/politika\/aneksije-1918-godine-nije-bilo\/#primaryimage"},"thumbnailUrl":"https:\/\/dmcsrb.com\/wp-content\/uploads\/2026\/01\/Vojin-Grubac-kolumna.jpg","datePublished":"2025-12-01T09:46:00+00:00","author":{"@id":"https:\/\/dmcsrb.com\/#\/schema\/person\/5c39170f12db1b8b457732d0b5c854e2"},"breadcrumb":{"@id":"https:\/\/dmcsrb.com\/politika\/aneksije-1918-godine-nije-bilo\/#breadcrumb"},"inLanguage":"en-GB","potentialAction":[{"@type":"ReadAction","target":["https:\/\/dmcsrb.com\/politika\/aneksije-1918-godine-nije-bilo\/"]}]},{"@type":"ImageObject","inLanguage":"en-GB","@id":"https:\/\/dmcsrb.com\/politika\/aneksije-1918-godine-nije-bilo\/#primaryimage","url":"https:\/\/dmcsrb.com\/wp-content\/uploads\/2026\/01\/Vojin-Grubac-kolumna.jpg","contentUrl":"https:\/\/dmcsrb.com\/wp-content\/uploads\/2026\/01\/Vojin-Grubac-kolumna.jpg","width":882,"height":622},{"@type":"BreadcrumbList","@id":"https:\/\/dmcsrb.com\/politika\/aneksije-1918-godine-nije-bilo\/#breadcrumb","itemListElement":[{"@type":"ListItem","position":1,"name":"Home","item":"https:\/\/dmcsrb.com\/"},{"@type":"ListItem","position":2,"name":"Aneksije 1918. godine nije bilo"}]},{"@type":"WebSite","@id":"https:\/\/dmcsrb.com\/#website","url":"https:\/\/dmcsrb.com\/","name":"dmcsrb.com","description":"","potentialAction":[{"@type":"SearchAction","target":{"@type":"EntryPoint","urlTemplate":"https:\/\/dmcsrb.com\/?s={search_term_string}"},"query-input":{"@type":"PropertyValueSpecification","valueRequired":true,"valueName":"search_term_string"}}],"inLanguage":"en-GB"},{"@type":"Person","@id":"https:\/\/dmcsrb.com\/#\/schema\/person\/5c39170f12db1b8b457732d0b5c854e2","name":"dmcsrbija.com@gmail.com","image":{"@type":"ImageObject","inLanguage":"en-GB","@id":"https:\/\/secure.gravatar.com\/avatar\/68592660ad6347fad0fb587f8d5d8f1a7b44961362f56e4f2cd524feb87e9069?s=96&d=mm&r=g","url":"https:\/\/secure.gravatar.com\/avatar\/68592660ad6347fad0fb587f8d5d8f1a7b44961362f56e4f2cd524feb87e9069?s=96&d=mm&r=g","contentUrl":"https:\/\/secure.gravatar.com\/avatar\/68592660ad6347fad0fb587f8d5d8f1a7b44961362f56e4f2cd524feb87e9069?s=96&d=mm&r=g","caption":"dmcsrbija.com@gmail.com"},"sameAs":["https:\/\/dmcsrb.com"],"url":"https:\/\/dmcsrb.com\/en\/author\/dmcsrbija-comgmail-com\/"}]}},"_links":{"self":[{"href":"https:\/\/dmcsrb.com\/en\/wp-json\/wp\/v2\/posts\/908857","targetHints":{"allow":["GET"]}}],"collection":[{"href":"https:\/\/dmcsrb.com\/en\/wp-json\/wp\/v2\/posts"}],"about":[{"href":"https:\/\/dmcsrb.com\/en\/wp-json\/wp\/v2\/types\/post"}],"author":[{"embeddable":true,"href":"https:\/\/dmcsrb.com\/en\/wp-json\/wp\/v2\/users\/1"}],"replies":[{"embeddable":true,"href":"https:\/\/dmcsrb.com\/en\/wp-json\/wp\/v2\/comments?post=908857"}],"version-history":[{"count":0,"href":"https:\/\/dmcsrb.com\/en\/wp-json\/wp\/v2\/posts\/908857\/revisions"}],"wp:featuredmedia":[{"embeddable":true,"href":"https:\/\/dmcsrb.com\/en\/wp-json\/wp\/v2\/media\/908858"}],"wp:attachment":[{"href":"https:\/\/dmcsrb.com\/en\/wp-json\/wp\/v2\/media?parent=908857"}],"wp:term":[{"taxonomy":"category","embeddable":true,"href":"https:\/\/dmcsrb.com\/en\/wp-json\/wp\/v2\/categories?post=908857"},{"taxonomy":"post_tag","embeddable":true,"href":"https:\/\/dmcsrb.com\/en\/wp-json\/wp\/v2\/tags?post=908857"},{"taxonomy":"naslovna","embeddable":true,"href":"https:\/\/dmcsrb.com\/en\/wp-json\/wp\/v2\/naslovna?post=908857"}],"curies":[{"name":"wp","href":"https:\/\/api.w.org\/{rel}","templated":true}]}}