{"id":908851,"date":"2025-12-01T10:12:00","date_gmt":"2025-12-01T09:12:00","guid":{"rendered":"https:\/\/dmcsrb.com\/uncategorized\/krapovic-odao-pocast-ucesnicima-pljevaljske-bitke\/"},"modified":"2025-12-01T10:12:00","modified_gmt":"2025-12-01T09:12:00","slug":"krapovic-odao-pocast-ucesnicima-pljevaljske-bitke","status":"publish","type":"post","link":"https:\/\/dmcsrb.com\/en\/drustvo\/krapovic-odao-pocast-ucesnicima-pljevaljske-bitke\/","title":{"rendered":"Krapovi\u0107 odao po\u010dast u\u010desnicima Pljevaljske bitke"},"content":{"rendered":"<p><\/p>\n\n\n\n<p><\/p>\n\n\n\n<p>\u201eDanas se prisje\u0107amo juna\u010dke pro\u0161losti, ne da bismo je ponavljali, ve\u0107 da bismo joj ukazali du\u017eno po\u0161tovanje\u201c, poru\u010dio je ministar Krapovi\u0107.&nbsp;<\/p>\n\n\n\n<p>On je naglasio da je Pljevaljska bitka ostala duboko urezana u kolektivno pam\u0107enje, kao simbol \u017ertve i istrajnosti generacija koje su se borile za slobodu.<\/p>\n\n\n\n<p>Ministar je podsjetio da je 1941. godine, u trenucima kada je Evropa bila u tami, a savezni\u010dki frontovi u defanzivi, Crna Gora jasno pokazala da je otpor mogu\u0107 i neophodan.<\/p>\n\n\n\n<p>\u201eKolona besmrtnika koja je tada krenula ka Pljevljima \u2013 Lov\u0107enci, Durmitorci, Nik\u0161i\u0107ani, Kola\u0161inci, Primorci i mnogi drugi \u2013 dokazala je da je slobodarski duh ja\u010di od svakog neprijatelja\u201c, rekao je Krapovi\u0107.<\/p>\n\n\n\n<p>Govore\u0107i o istorijskom i moralnom naslje\u0111u antifa\u0161izma, ministar je naglasio da je antifa\u0161izam civilizacijska vrijednost duboko utkana u crnogorsku slobodarsku i vojnu tradiciju. Podvukao je da je Crna Gora dala ogroman doprinos pobjedi u Drugom svjetskom ratu, \u0161to potvr\u0111uje i \u010dinjenica da je veliki broj istaknutih oficira Narodnooslobodila\u010dke vojske i kasnije JNA poticao upravo sa ovih prostora.<\/p>\n\n\n\n<p>\u201ePo\u0161tuju\u0107i na\u0161e prethodnike i njihovu borbu, danas smo posve\u0107eni o\u010duvanju mira, stabilnosti i vrijednosti koje su gradile generacije prije nas. U skladu sa izazovima novog doba, Crna Gora ostaje pouzdan i odgovoran partner me\u0111unarodne zajednice\u201c, poru\u010dio je ministar odbrane.<\/p>\n\n\n\n<p>Krapovi\u0107 je podsjetio da su 13. jul i Pljevaljska bitka niti jednog istog istorijskog veza \u2013 borbe crnogorskog naroda za slobodu.&nbsp;<\/p>\n\n\n\n<p>\u201eNe sje\u0107ajmo ih se samo danas, ve\u0107 nastavimo da svakodnevno njegujemo naslje\u0111e njihovih djela. Slava im\u201c, zaklju\u010dio je ministar.<\/p>","protected":false},"excerpt":{"rendered":"<p>Ministar odbrane Dragan Krapovi\u0107, povodom obilje\u017eavanja godi\u0161njice Pljevaljske bitke, jedne od najsna\u017enijih i najtragi\u010dnijih epizoda u crnogorskoj i partizanskoj borbi tokom Drugog svjetskog rata, odaje po\u010dast u\u010desnicima bitke, isti\u010du\u0107i njihovu hrabrost, odlu\u010dnost i neprolazni doprinos slobodi Crne Gore i Evrope.<\/p>","protected":false},"author":1,"featured_media":908852,"comment_status":"open","ping_status":"open","sticky":false,"template":"","format":"standard","meta":{"_acf_changed":false,"footnotes":""},"categories":[2],"tags":[60,61,62],"naslovna":[],"class_list":["post-908851","post","type-post","status-publish","format-standard","has-post-thumbnail","hentry","category-drustvo","tag-dragan-krapovic","tag-mod","tag-pljavalsjka-bitka"],"acf":[],"yoast_head":"<!-- This site is optimized with the Yoast SEO plugin v27.4 - https:\/\/yoast.com\/product\/yoast-seo-wordpress\/ -->\n<title>Krapovi\u0107 odao po\u010dast u\u010desnicima Pljevaljske bitke - dmcsrb.com<\/title>\n<meta name=\"robots\" content=\"index, follow, max-snippet:-1, max-image-preview:large, max-video-preview:-1\" \/>\n<link rel=\"canonical\" href=\"https:\/\/dmcsrb.com\/en\/drustvo\/krapovic-odao-pocast-ucesnicima-pljevaljske-bitke\/\" \/>\n<meta property=\"og:locale\" content=\"en_GB\" \/>\n<meta property=\"og:type\" content=\"article\" \/>\n<meta property=\"og:title\" content=\"Krapovi\u0107 odao po\u010dast u\u010desnicima Pljevaljske bitke - dmcsrb.com\" \/>\n<meta property=\"og:description\" content=\"Ministar odbrane Dragan Krapovi\u0107, povodom obilje\u017eavanja godi\u0161njice Pljevaljske bitke, jedne od najsna\u017enijih i najtragi\u010dnijih epizoda u crnogorskoj i partizanskoj borbi tokom Drugog svjetskog rata, odaje po\u010dast u\u010desnicima bitke, isti\u010du\u0107i njihovu hrabrost, odlu\u010dnost i neprolazni doprinos slobodi Crne Gore i Evrope.\" \/>\n<meta property=\"og:url\" content=\"https:\/\/dmcsrb.com\/en\/drustvo\/krapovic-odao-pocast-ucesnicima-pljevaljske-bitke\/\" \/>\n<meta property=\"og:site_name\" content=\"dmcsrb.com\" \/>\n<meta property=\"article:published_time\" content=\"2025-12-01T09:12:00+00:00\" \/>\n<meta property=\"og:image\" content=\"https:\/\/dmcsrb.com\/wp-content\/uploads\/2026\/01\/krapo.jpg\" \/>\n\t<meta property=\"og:image:width\" content=\"954\" \/>\n\t<meta property=\"og:image:height\" content=\"640\" \/>\n\t<meta property=\"og:image:type\" content=\"image\/jpeg\" \/>\n<meta name=\"author\" content=\"dmcsrbija.com@gmail.com\" \/>\n<meta name=\"twitter:card\" content=\"summary_large_image\" \/>\n<meta name=\"twitter:label1\" content=\"Written by\" \/>\n\t<meta name=\"twitter:data1\" content=\"dmcsrbija.com@gmail.com\" \/>\n\t<meta name=\"twitter:label2\" content=\"Estimated reading time\" \/>\n\t<meta name=\"twitter:data2\" content=\"1 minute\" \/>\n<script type=\"application\/ld+json\" class=\"yoast-schema-graph\">{\"@context\":\"https:\\\/\\\/schema.org\",\"@graph\":[{\"@type\":\"Article\",\"@id\":\"https:\\\/\\\/dmcsrb.com\\\/drustvo\\\/krapovic-odao-pocast-ucesnicima-pljevaljske-bitke\\\/#article\",\"isPartOf\":{\"@id\":\"https:\\\/\\\/dmcsrb.com\\\/drustvo\\\/krapovic-odao-pocast-ucesnicima-pljevaljske-bitke\\\/\"},\"author\":{\"name\":\"dmcsrbija.com@gmail.com\",\"@id\":\"https:\\\/\\\/dmcsrb.com\\\/#\\\/schema\\\/person\\\/5c39170f12db1b8b457732d0b5c854e2\"},\"headline\":\"Krapovi\u0107 odao po\u010dast u\u010desnicima Pljevaljske bitke\",\"datePublished\":\"2025-12-01T09:12:00+00:00\",\"mainEntityOfPage\":{\"@id\":\"https:\\\/\\\/dmcsrb.com\\\/drustvo\\\/krapovic-odao-pocast-ucesnicima-pljevaljske-bitke\\\/\"},\"wordCount\":277,\"commentCount\":0,\"image\":{\"@id\":\"https:\\\/\\\/dmcsrb.com\\\/drustvo\\\/krapovic-odao-pocast-ucesnicima-pljevaljske-bitke\\\/#primaryimage\"},\"thumbnailUrl\":\"https:\\\/\\\/dmcsrb.com\\\/wp-content\\\/uploads\\\/2026\\\/01\\\/krapo.jpg\",\"keywords\":[\"Dragan Krapovi\u0107\",\"mod\",\"Pljavalsjka bitka\"],\"articleSection\":[\"Dru\u0161tvo\"],\"inLanguage\":\"en-GB\",\"potentialAction\":[{\"@type\":\"CommentAction\",\"name\":\"Comment\",\"target\":[\"https:\\\/\\\/dmcsrb.com\\\/drustvo\\\/krapovic-odao-pocast-ucesnicima-pljevaljske-bitke\\\/#respond\"]}]},{\"@type\":\"WebPage\",\"@id\":\"https:\\\/\\\/dmcsrb.com\\\/drustvo\\\/krapovic-odao-pocast-ucesnicima-pljevaljske-bitke\\\/\",\"url\":\"https:\\\/\\\/dmcsrb.com\\\/drustvo\\\/krapovic-odao-pocast-ucesnicima-pljevaljske-bitke\\\/\",\"name\":\"Krapovi\u0107 odao po\u010dast u\u010desnicima Pljevaljske bitke - dmcsrb.com\",\"isPartOf\":{\"@id\":\"https:\\\/\\\/dmcsrb.com\\\/#website\"},\"primaryImageOfPage\":{\"@id\":\"https:\\\/\\\/dmcsrb.com\\\/drustvo\\\/krapovic-odao-pocast-ucesnicima-pljevaljske-bitke\\\/#primaryimage\"},\"image\":{\"@id\":\"https:\\\/\\\/dmcsrb.com\\\/drustvo\\\/krapovic-odao-pocast-ucesnicima-pljevaljske-bitke\\\/#primaryimage\"},\"thumbnailUrl\":\"https:\\\/\\\/dmcsrb.com\\\/wp-content\\\/uploads\\\/2026\\\/01\\\/krapo.jpg\",\"datePublished\":\"2025-12-01T09:12:00+00:00\",\"author\":{\"@id\":\"https:\\\/\\\/dmcsrb.com\\\/#\\\/schema\\\/person\\\/5c39170f12db1b8b457732d0b5c854e2\"},\"breadcrumb\":{\"@id\":\"https:\\\/\\\/dmcsrb.com\\\/drustvo\\\/krapovic-odao-pocast-ucesnicima-pljevaljske-bitke\\\/#breadcrumb\"},\"inLanguage\":\"en-GB\",\"potentialAction\":[{\"@type\":\"ReadAction\",\"target\":[\"https:\\\/\\\/dmcsrb.com\\\/drustvo\\\/krapovic-odao-pocast-ucesnicima-pljevaljske-bitke\\\/\"]}]},{\"@type\":\"ImageObject\",\"inLanguage\":\"en-GB\",\"@id\":\"https:\\\/\\\/dmcsrb.com\\\/drustvo\\\/krapovic-odao-pocast-ucesnicima-pljevaljske-bitke\\\/#primaryimage\",\"url\":\"https:\\\/\\\/dmcsrb.com\\\/wp-content\\\/uploads\\\/2026\\\/01\\\/krapo.jpg\",\"contentUrl\":\"https:\\\/\\\/dmcsrb.com\\\/wp-content\\\/uploads\\\/2026\\\/01\\\/krapo.jpg\",\"width\":954,\"height\":640},{\"@type\":\"BreadcrumbList\",\"@id\":\"https:\\\/\\\/dmcsrb.com\\\/drustvo\\\/krapovic-odao-pocast-ucesnicima-pljevaljske-bitke\\\/#breadcrumb\",\"itemListElement\":[{\"@type\":\"ListItem\",\"position\":1,\"name\":\"Home\",\"item\":\"https:\\\/\\\/dmcsrb.com\\\/\"},{\"@type\":\"ListItem\",\"position\":2,\"name\":\"Krapovi\u0107 odao po\u010dast u\u010desnicima Pljevaljske bitke\"}]},{\"@type\":\"WebSite\",\"@id\":\"https:\\\/\\\/dmcsrb.com\\\/#website\",\"url\":\"https:\\\/\\\/dmcsrb.com\\\/\",\"name\":\"dmcsrb.com\",\"description\":\"\",\"potentialAction\":[{\"@type\":\"SearchAction\",\"target\":{\"@type\":\"EntryPoint\",\"urlTemplate\":\"https:\\\/\\\/dmcsrb.com\\\/?s={search_term_string}\"},\"query-input\":{\"@type\":\"PropertyValueSpecification\",\"valueRequired\":true,\"valueName\":\"search_term_string\"}}],\"inLanguage\":\"en-GB\"},{\"@type\":\"Person\",\"@id\":\"https:\\\/\\\/dmcsrb.com\\\/#\\\/schema\\\/person\\\/5c39170f12db1b8b457732d0b5c854e2\",\"name\":\"dmcsrbija.com@gmail.com\",\"image\":{\"@type\":\"ImageObject\",\"inLanguage\":\"en-GB\",\"@id\":\"https:\\\/\\\/secure.gravatar.com\\\/avatar\\\/68592660ad6347fad0fb587f8d5d8f1a7b44961362f56e4f2cd524feb87e9069?s=96&d=mm&r=g\",\"url\":\"https:\\\/\\\/secure.gravatar.com\\\/avatar\\\/68592660ad6347fad0fb587f8d5d8f1a7b44961362f56e4f2cd524feb87e9069?s=96&d=mm&r=g\",\"contentUrl\":\"https:\\\/\\\/secure.gravatar.com\\\/avatar\\\/68592660ad6347fad0fb587f8d5d8f1a7b44961362f56e4f2cd524feb87e9069?s=96&d=mm&r=g\",\"caption\":\"dmcsrbija.com@gmail.com\"},\"sameAs\":[\"https:\\\/\\\/dmcsrb.com\"],\"url\":\"https:\\\/\\\/dmcsrb.com\\\/en\\\/author\\\/dmcsrbija-comgmail-com\\\/\"}]}<\/script>\n<!-- \/ Yoast SEO plugin. -->","yoast_head_json":{"title":"Krapovi\u0107 odao po\u010dast u\u010desnicima Pljevaljske bitke - dmcsrb.com","robots":{"index":"index","follow":"follow","max-snippet":"max-snippet:-1","max-image-preview":"max-image-preview:large","max-video-preview":"max-video-preview:-1"},"canonical":"https:\/\/dmcsrb.com\/en\/drustvo\/krapovic-odao-pocast-ucesnicima-pljevaljske-bitke\/","og_locale":"en_GB","og_type":"article","og_title":"Krapovi\u0107 odao po\u010dast u\u010desnicima Pljevaljske bitke - dmcsrb.com","og_description":"Ministar odbrane Dragan Krapovi\u0107, povodom obilje\u017eavanja godi\u0161njice Pljevaljske bitke, jedne od najsna\u017enijih i najtragi\u010dnijih epizoda u crnogorskoj i partizanskoj borbi tokom Drugog svjetskog rata, odaje po\u010dast u\u010desnicima bitke, isti\u010du\u0107i njihovu hrabrost, odlu\u010dnost i neprolazni doprinos slobodi Crne Gore i Evrope.","og_url":"https:\/\/dmcsrb.com\/en\/drustvo\/krapovic-odao-pocast-ucesnicima-pljevaljske-bitke\/","og_site_name":"dmcsrb.com","article_published_time":"2025-12-01T09:12:00+00:00","og_image":[{"width":954,"height":640,"url":"https:\/\/dmcsrb.com\/wp-content\/uploads\/2026\/01\/krapo.jpg","type":"image\/jpeg"}],"author":"dmcsrbija.com@gmail.com","twitter_card":"summary_large_image","twitter_misc":{"Written by":"dmcsrbija.com@gmail.com","Estimated reading time":"1 minute"},"schema":{"@context":"https:\/\/schema.org","@graph":[{"@type":"Article","@id":"https:\/\/dmcsrb.com\/drustvo\/krapovic-odao-pocast-ucesnicima-pljevaljske-bitke\/#article","isPartOf":{"@id":"https:\/\/dmcsrb.com\/drustvo\/krapovic-odao-pocast-ucesnicima-pljevaljske-bitke\/"},"author":{"name":"dmcsrbija.com@gmail.com","@id":"https:\/\/dmcsrb.com\/#\/schema\/person\/5c39170f12db1b8b457732d0b5c854e2"},"headline":"Krapovi\u0107 odao po\u010dast u\u010desnicima Pljevaljske bitke","datePublished":"2025-12-01T09:12:00+00:00","mainEntityOfPage":{"@id":"https:\/\/dmcsrb.com\/drustvo\/krapovic-odao-pocast-ucesnicima-pljevaljske-bitke\/"},"wordCount":277,"commentCount":0,"image":{"@id":"https:\/\/dmcsrb.com\/drustvo\/krapovic-odao-pocast-ucesnicima-pljevaljske-bitke\/#primaryimage"},"thumbnailUrl":"https:\/\/dmcsrb.com\/wp-content\/uploads\/2026\/01\/krapo.jpg","keywords":["Dragan Krapovi\u0107","mod","Pljavalsjka bitka"],"articleSection":["Dru\u0161tvo"],"inLanguage":"en-GB","potentialAction":[{"@type":"CommentAction","name":"Comment","target":["https:\/\/dmcsrb.com\/drustvo\/krapovic-odao-pocast-ucesnicima-pljevaljske-bitke\/#respond"]}]},{"@type":"WebPage","@id":"https:\/\/dmcsrb.com\/drustvo\/krapovic-odao-pocast-ucesnicima-pljevaljske-bitke\/","url":"https:\/\/dmcsrb.com\/drustvo\/krapovic-odao-pocast-ucesnicima-pljevaljske-bitke\/","name":"Krapovi\u0107 odao po\u010dast u\u010desnicima Pljevaljske bitke - dmcsrb.com","isPartOf":{"@id":"https:\/\/dmcsrb.com\/#website"},"primaryImageOfPage":{"@id":"https:\/\/dmcsrb.com\/drustvo\/krapovic-odao-pocast-ucesnicima-pljevaljske-bitke\/#primaryimage"},"image":{"@id":"https:\/\/dmcsrb.com\/drustvo\/krapovic-odao-pocast-ucesnicima-pljevaljske-bitke\/#primaryimage"},"thumbnailUrl":"https:\/\/dmcsrb.com\/wp-content\/uploads\/2026\/01\/krapo.jpg","datePublished":"2025-12-01T09:12:00+00:00","author":{"@id":"https:\/\/dmcsrb.com\/#\/schema\/person\/5c39170f12db1b8b457732d0b5c854e2"},"breadcrumb":{"@id":"https:\/\/dmcsrb.com\/drustvo\/krapovic-odao-pocast-ucesnicima-pljevaljske-bitke\/#breadcrumb"},"inLanguage":"en-GB","potentialAction":[{"@type":"ReadAction","target":["https:\/\/dmcsrb.com\/drustvo\/krapovic-odao-pocast-ucesnicima-pljevaljske-bitke\/"]}]},{"@type":"ImageObject","inLanguage":"en-GB","@id":"https:\/\/dmcsrb.com\/drustvo\/krapovic-odao-pocast-ucesnicima-pljevaljske-bitke\/#primaryimage","url":"https:\/\/dmcsrb.com\/wp-content\/uploads\/2026\/01\/krapo.jpg","contentUrl":"https:\/\/dmcsrb.com\/wp-content\/uploads\/2026\/01\/krapo.jpg","width":954,"height":640},{"@type":"BreadcrumbList","@id":"https:\/\/dmcsrb.com\/drustvo\/krapovic-odao-pocast-ucesnicima-pljevaljske-bitke\/#breadcrumb","itemListElement":[{"@type":"ListItem","position":1,"name":"Home","item":"https:\/\/dmcsrb.com\/"},{"@type":"ListItem","position":2,"name":"Krapovi\u0107 odao po\u010dast u\u010desnicima Pljevaljske bitke"}]},{"@type":"WebSite","@id":"https:\/\/dmcsrb.com\/#website","url":"https:\/\/dmcsrb.com\/","name":"dmcsrb.com","description":"","potentialAction":[{"@type":"SearchAction","target":{"@type":"EntryPoint","urlTemplate":"https:\/\/dmcsrb.com\/?s={search_term_string}"},"query-input":{"@type":"PropertyValueSpecification","valueRequired":true,"valueName":"search_term_string"}}],"inLanguage":"en-GB"},{"@type":"Person","@id":"https:\/\/dmcsrb.com\/#\/schema\/person\/5c39170f12db1b8b457732d0b5c854e2","name":"dmcsrbija.com@gmail.com","image":{"@type":"ImageObject","inLanguage":"en-GB","@id":"https:\/\/secure.gravatar.com\/avatar\/68592660ad6347fad0fb587f8d5d8f1a7b44961362f56e4f2cd524feb87e9069?s=96&d=mm&r=g","url":"https:\/\/secure.gravatar.com\/avatar\/68592660ad6347fad0fb587f8d5d8f1a7b44961362f56e4f2cd524feb87e9069?s=96&d=mm&r=g","contentUrl":"https:\/\/secure.gravatar.com\/avatar\/68592660ad6347fad0fb587f8d5d8f1a7b44961362f56e4f2cd524feb87e9069?s=96&d=mm&r=g","caption":"dmcsrbija.com@gmail.com"},"sameAs":["https:\/\/dmcsrb.com"],"url":"https:\/\/dmcsrb.com\/en\/author\/dmcsrbija-comgmail-com\/"}]}},"_links":{"self":[{"href":"https:\/\/dmcsrb.com\/en\/wp-json\/wp\/v2\/posts\/908851","targetHints":{"allow":["GET"]}}],"collection":[{"href":"https:\/\/dmcsrb.com\/en\/wp-json\/wp\/v2\/posts"}],"about":[{"href":"https:\/\/dmcsrb.com\/en\/wp-json\/wp\/v2\/types\/post"}],"author":[{"embeddable":true,"href":"https:\/\/dmcsrb.com\/en\/wp-json\/wp\/v2\/users\/1"}],"replies":[{"embeddable":true,"href":"https:\/\/dmcsrb.com\/en\/wp-json\/wp\/v2\/comments?post=908851"}],"version-history":[{"count":0,"href":"https:\/\/dmcsrb.com\/en\/wp-json\/wp\/v2\/posts\/908851\/revisions"}],"wp:featuredmedia":[{"embeddable":true,"href":"https:\/\/dmcsrb.com\/en\/wp-json\/wp\/v2\/media\/908852"}],"wp:attachment":[{"href":"https:\/\/dmcsrb.com\/en\/wp-json\/wp\/v2\/media?parent=908851"}],"wp:term":[{"taxonomy":"category","embeddable":true,"href":"https:\/\/dmcsrb.com\/en\/wp-json\/wp\/v2\/categories?post=908851"},{"taxonomy":"post_tag","embeddable":true,"href":"https:\/\/dmcsrb.com\/en\/wp-json\/wp\/v2\/tags?post=908851"},{"taxonomy":"naslovna","embeddable":true,"href":"https:\/\/dmcsrb.com\/en\/wp-json\/wp\/v2\/naslovna?post=908851"}],"curies":[{"name":"wp","href":"https:\/\/api.w.org\/{rel}","templated":true}]}}