{"id":908847,"date":"2025-12-01T10:24:00","date_gmt":"2025-12-01T09:24:00","guid":{"rendered":"https:\/\/dmcsrb.com\/uncategorized\/savez-patriota-crne-gore-u-njemackoj-priznavanje-vozackih-dozvola-je-rezultat-rada-institucija\/"},"modified":"2025-12-01T10:24:00","modified_gmt":"2025-12-01T09:24:00","slug":"savez-patriota-crne-gore-u-njemackoj-priznavanje-vozackih-dozvola-je-rezultat-rada-institucija","status":"publish","type":"post","link":"https:\/\/dmcsrb.com\/en\/drustvo\/savez-patriota-crne-gore-u-njemackoj-priznavanje-vozackih-dozvola-je-rezultat-rada-institucija\/","title":{"rendered":"Savez patriota Crne Gore u Njema\u010dkoj: Priznavanje voza\u010dkih dozvola je rezultat rada institucija"},"content":{"rendered":"<p><br><\/p>\n\n\n\n<p>\u201eIz Saveza podsje\u0107aju da je rije\u010d o dugogodi\u0161njem i slo\u017eenom procesu u kojem su brojni akteri \u2014 od vi\u0161e ministarstava i diplomatsko-konzularnih predstavni\u0161tava do organizacija dijaspore \u2014 kontinuirano radili na postizanju me\u0111udr\u017eavnog sporazuma o me\u0111usobnom priznavanju voza\u010dkih dozvola.U javnosti se \u0161ire pogre\u0161ne interpretacije i politi\u010dka svojatanja jednog dugotrajnog i tehni\u010dki zahtjevnog procesa\u201c, nagla\u0161avaju iz Saveza.<\/p>\n\n\n\n<p>\u201ePotpisivanje Deklaracije nije automatsko priznavanje crnogorske voza\u010dke dozvole. Ona predstavlja prvi korak, a ne zavr\u0161etak procedure. Poslije nje slijedi dug administrativni, tehni\u010dki i bezbjednosni proces, u kojem Njema\u010dka primjenjuje stroge kriterijume \u2013 uklju\u010duju\u0107i stalno pra\u0107enje broja saobra\u0107ajnih nezgoda, stepena saobra\u0107ajne kulture, kao i uvida u to koliko su na\u0161i voza\u010di savjesni i po\u0161tuju propise\u201c, istakli su iz Saveza patriota.<\/p>\n\n\n\n<p><br>Njema\u010dka vlada je, navode, kako pi\u0161u mediji ve\u0107 spremna da 19. decembra potpi\u0161e Deklaraciju, nakon \u010dega \u0107e se i\u0107i u dalju proceduru.<\/p>\n\n\n\n<p>\u201eSada je, me\u0111utim, va\u017eno i da na\u0161a administracija uradi svoj dio posla, kako bi se proces okon\u010dao i kako bi na\u0161i gra\u0111ani u Njema\u010dkoj kona\u010dno dobili prakti\u010dnu korist, a ne samo naslove u medijima. Zbog toga je potpuno pogre\u0161no predstavljati ovaj trenutak kao kona\u010dnu pobjedu ili pripisivati zasluge jednoj politi\u010dkoj opciji. Ovaj proces se vodi godinama, uz rad vi\u0161e ministarstava, ekspertskih timova, diplomatskih kanala i organizacija dijaspore. Mnogi su u\u010destvovali, mnogi su urgirali i mnogi su radili \u2013 i niko nema pravo da sada sve te napore predstavi kao sopstvenu, usamljenju zaslugu. Na\u0161i gra\u0111ani koji pola\u017eu preskupe ispite sa stotine teorijskih pitanja, dodatnim \u010dasovima i dugim procedurama, znaju koliko je ova tema ozbiljna i koliko je preuveli\u010davanje opasno i neodgovorno.Savez patriota Crne Gore u Njema\u010dkoj uvijek djeluje odgovorno, bez politi\u010dkog marketinga i bez potrebe za prisvajanjem tu\u0111eg rada. Nastavi\u0107emo da insistiramo na ta\u010dnim informacijama, transparentnosti i realnom napretku, jer samo tako \u0161titimo interese na\u0161e zajednice u Njema\u010dkoj\u201c, naglasili su iz Saveza patriota u Njema\u010dkoj.<\/p>\n\n\n\n<p><\/p>","protected":false},"excerpt":{"rendered":"<p>Savez patriota Crne Gore u Njema\u010dkoj povodom medijskih napisa o procesu priznavanja crnogorskih voza\u010dkih dozvola u Njema\u010dkoj, reagovao je na, kako isti\u010du u saop\u0161tenju, poku\u0161aje Bo\u0161nja\u010dke stranke da sebi pripi\u0161e isklju\u010dive zasluge za napredak u ovom postupku.<\/p>","protected":false},"author":1,"featured_media":908848,"comment_status":"open","ping_status":"open","sticky":false,"template":"","format":"standard","meta":{"_acf_changed":false,"footnotes":""},"categories":[2],"tags":[58,59],"naslovna":[],"class_list":["post-908847","post","type-post","status-publish","format-standard","has-post-thumbnail","hentry","category-drustvo","tag-njemacka","tag-vozacka-dozvola"],"acf":[],"yoast_head":"<!-- This site is optimized with the Yoast SEO plugin v27.0 - https:\/\/yoast.com\/product\/yoast-seo-wordpress\/ -->\n<title>Savez patriota Crne Gore u Njema\u010dkoj: Priznavanje voza\u010dkih dozvola je rezultat rada institucija - dmcsrb.com<\/title>\n<meta name=\"robots\" content=\"index, follow, max-snippet:-1, max-image-preview:large, max-video-preview:-1\" \/>\n<link rel=\"canonical\" href=\"https:\/\/dmcsrb.com\/en\/drustvo\/savez-patriota-crne-gore-u-njemackoj-priznavanje-vozackih-dozvola-je-rezultat-rada-institucija\/\" \/>\n<meta property=\"og:locale\" content=\"en_GB\" \/>\n<meta property=\"og:type\" content=\"article\" \/>\n<meta property=\"og:title\" content=\"Savez patriota Crne Gore u Njema\u010dkoj: Priznavanje voza\u010dkih dozvola je rezultat rada institucija - dmcsrb.com\" \/>\n<meta property=\"og:description\" content=\"Savez patriota Crne Gore u Njema\u010dkoj povodom medijskih napisa o procesu priznavanja crnogorskih voza\u010dkih dozvola u Njema\u010dkoj, reagovao je na, kako isti\u010du u saop\u0161tenju, poku\u0161aje Bo\u0161nja\u010dke stranke da sebi pripi\u0161e isklju\u010dive zasluge za napredak u ovom postupku.\" \/>\n<meta property=\"og:url\" content=\"https:\/\/dmcsrb.com\/en\/drustvo\/savez-patriota-crne-gore-u-njemackoj-priznavanje-vozackih-dozvola-je-rezultat-rada-institucija\/\" \/>\n<meta property=\"og:site_name\" content=\"dmcsrb.com\" \/>\n<meta property=\"article:published_time\" content=\"2025-12-01T09:24:00+00:00\" \/>\n<meta property=\"og:image\" content=\"https:\/\/dmcsrb.com\/wp-content\/uploads\/2026\/01\/patriote.jpg\" \/>\n\t<meta property=\"og:image:width\" content=\"1060\" \/>\n\t<meta property=\"og:image:height\" content=\"1153\" \/>\n\t<meta property=\"og:image:type\" content=\"image\/jpeg\" \/>\n<meta name=\"author\" content=\"dmcsrbija.com@gmail.com\" \/>\n<meta name=\"twitter:card\" content=\"summary_large_image\" \/>\n<meta name=\"twitter:label1\" content=\"Written by\" \/>\n\t<meta name=\"twitter:data1\" content=\"dmcsrbija.com@gmail.com\" \/>\n\t<meta name=\"twitter:label2\" content=\"Estimated reading time\" \/>\n\t<meta name=\"twitter:data2\" content=\"2 minutes\" \/>\n<script type=\"application\/ld+json\" class=\"yoast-schema-graph\">{\"@context\":\"https:\/\/schema.org\",\"@graph\":[{\"@type\":\"Article\",\"@id\":\"https:\/\/dmcsrb.com\/drustvo\/savez-patriota-crne-gore-u-njemackoj-priznavanje-vozackih-dozvola-je-rezultat-rada-institucija\/#article\",\"isPartOf\":{\"@id\":\"https:\/\/dmcsrb.com\/drustvo\/savez-patriota-crne-gore-u-njemackoj-priznavanje-vozackih-dozvola-je-rezultat-rada-institucija\/\"},\"author\":{\"name\":\"dmcsrbija.com@gmail.com\",\"@id\":\"https:\/\/dmcsrb.com\/#\/schema\/person\/5c39170f12db1b8b457732d0b5c854e2\"},\"headline\":\"Savez patriota Crne Gore u Njema\u010dkoj: Priznavanje voza\u010dkih dozvola je rezultat rada institucija\",\"datePublished\":\"2025-12-01T09:24:00+00:00\",\"mainEntityOfPage\":{\"@id\":\"https:\/\/dmcsrb.com\/drustvo\/savez-patriota-crne-gore-u-njemackoj-priznavanje-vozackih-dozvola-je-rezultat-rada-institucija\/\"},\"wordCount\":367,\"commentCount\":0,\"image\":{\"@id\":\"https:\/\/dmcsrb.com\/drustvo\/savez-patriota-crne-gore-u-njemackoj-priznavanje-vozackih-dozvola-je-rezultat-rada-institucija\/#primaryimage\"},\"thumbnailUrl\":\"https:\/\/dmcsrb.com\/wp-content\/uploads\/2026\/01\/patriote.jpg\",\"keywords\":[\"Njema\u010dka\",\"Voza\u010dka dozvola\"],\"articleSection\":[\"Dru\u0161tvo\"],\"inLanguage\":\"en-GB\",\"potentialAction\":[{\"@type\":\"CommentAction\",\"name\":\"Comment\",\"target\":[\"https:\/\/dmcsrb.com\/drustvo\/savez-patriota-crne-gore-u-njemackoj-priznavanje-vozackih-dozvola-je-rezultat-rada-institucija\/#respond\"]}]},{\"@type\":\"WebPage\",\"@id\":\"https:\/\/dmcsrb.com\/drustvo\/savez-patriota-crne-gore-u-njemackoj-priznavanje-vozackih-dozvola-je-rezultat-rada-institucija\/\",\"url\":\"https:\/\/dmcsrb.com\/drustvo\/savez-patriota-crne-gore-u-njemackoj-priznavanje-vozackih-dozvola-je-rezultat-rada-institucija\/\",\"name\":\"Savez patriota Crne Gore u Njema\u010dkoj: Priznavanje voza\u010dkih dozvola je rezultat rada institucija - dmcsrb.com\",\"isPartOf\":{\"@id\":\"https:\/\/dmcsrb.com\/#website\"},\"primaryImageOfPage\":{\"@id\":\"https:\/\/dmcsrb.com\/drustvo\/savez-patriota-crne-gore-u-njemackoj-priznavanje-vozackih-dozvola-je-rezultat-rada-institucija\/#primaryimage\"},\"image\":{\"@id\":\"https:\/\/dmcsrb.com\/drustvo\/savez-patriota-crne-gore-u-njemackoj-priznavanje-vozackih-dozvola-je-rezultat-rada-institucija\/#primaryimage\"},\"thumbnailUrl\":\"https:\/\/dmcsrb.com\/wp-content\/uploads\/2026\/01\/patriote.jpg\",\"datePublished\":\"2025-12-01T09:24:00+00:00\",\"author\":{\"@id\":\"https:\/\/dmcsrb.com\/#\/schema\/person\/5c39170f12db1b8b457732d0b5c854e2\"},\"breadcrumb\":{\"@id\":\"https:\/\/dmcsrb.com\/drustvo\/savez-patriota-crne-gore-u-njemackoj-priznavanje-vozackih-dozvola-je-rezultat-rada-institucija\/#breadcrumb\"},\"inLanguage\":\"en-GB\",\"potentialAction\":[{\"@type\":\"ReadAction\",\"target\":[\"https:\/\/dmcsrb.com\/drustvo\/savez-patriota-crne-gore-u-njemackoj-priznavanje-vozackih-dozvola-je-rezultat-rada-institucija\/\"]}]},{\"@type\":\"ImageObject\",\"inLanguage\":\"en-GB\",\"@id\":\"https:\/\/dmcsrb.com\/drustvo\/savez-patriota-crne-gore-u-njemackoj-priznavanje-vozackih-dozvola-je-rezultat-rada-institucija\/#primaryimage\",\"url\":\"https:\/\/dmcsrb.com\/wp-content\/uploads\/2026\/01\/patriote.jpg\",\"contentUrl\":\"https:\/\/dmcsrb.com\/wp-content\/uploads\/2026\/01\/patriote.jpg\",\"width\":1060,\"height\":1153},{\"@type\":\"BreadcrumbList\",\"@id\":\"https:\/\/dmcsrb.com\/drustvo\/savez-patriota-crne-gore-u-njemackoj-priznavanje-vozackih-dozvola-je-rezultat-rada-institucija\/#breadcrumb\",\"itemListElement\":[{\"@type\":\"ListItem\",\"position\":1,\"name\":\"Home\",\"item\":\"https:\/\/dmcsrb.com\/\"},{\"@type\":\"ListItem\",\"position\":2,\"name\":\"Savez patriota Crne Gore u Njema\u010dkoj: Priznavanje voza\u010dkih dozvola je rezultat rada institucija\"}]},{\"@type\":\"WebSite\",\"@id\":\"https:\/\/dmcsrb.com\/#website\",\"url\":\"https:\/\/dmcsrb.com\/\",\"name\":\"dmcsrb.com\",\"description\":\"\",\"potentialAction\":[{\"@type\":\"SearchAction\",\"target\":{\"@type\":\"EntryPoint\",\"urlTemplate\":\"https:\/\/dmcsrb.com\/?s={search_term_string}\"},\"query-input\":{\"@type\":\"PropertyValueSpecification\",\"valueRequired\":true,\"valueName\":\"search_term_string\"}}],\"inLanguage\":\"en-GB\"},{\"@type\":\"Person\",\"@id\":\"https:\/\/dmcsrb.com\/#\/schema\/person\/5c39170f12db1b8b457732d0b5c854e2\",\"name\":\"dmcsrbija.com@gmail.com\",\"image\":{\"@type\":\"ImageObject\",\"inLanguage\":\"en-GB\",\"@id\":\"https:\/\/dmcsrb.com\/#\/schema\/person\/image\/\",\"url\":\"https:\/\/secure.gravatar.com\/avatar\/68592660ad6347fad0fb587f8d5d8f1a7b44961362f56e4f2cd524feb87e9069?s=96&d=mm&r=g\",\"contentUrl\":\"https:\/\/secure.gravatar.com\/avatar\/68592660ad6347fad0fb587f8d5d8f1a7b44961362f56e4f2cd524feb87e9069?s=96&d=mm&r=g\",\"caption\":\"dmcsrbija.com@gmail.com\"},\"sameAs\":[\"https:\/\/dmcsrb.com\"],\"url\":\"https:\/\/dmcsrb.com\/en\/author\/dmcsrbija-comgmail-com\/\"}]}<\/script>\n<!-- \/ Yoast SEO plugin. -->","yoast_head_json":{"title":"Savez patriota Crne Gore u Njema\u010dkoj: Priznavanje voza\u010dkih dozvola je rezultat rada institucija - dmcsrb.com","robots":{"index":"index","follow":"follow","max-snippet":"max-snippet:-1","max-image-preview":"max-image-preview:large","max-video-preview":"max-video-preview:-1"},"canonical":"https:\/\/dmcsrb.com\/en\/drustvo\/savez-patriota-crne-gore-u-njemackoj-priznavanje-vozackih-dozvola-je-rezultat-rada-institucija\/","og_locale":"en_GB","og_type":"article","og_title":"Savez patriota Crne Gore u Njema\u010dkoj: Priznavanje voza\u010dkih dozvola je rezultat rada institucija - dmcsrb.com","og_description":"Savez patriota Crne Gore u Njema\u010dkoj povodom medijskih napisa o procesu priznavanja crnogorskih voza\u010dkih dozvola u Njema\u010dkoj, reagovao je na, kako isti\u010du u saop\u0161tenju, poku\u0161aje Bo\u0161nja\u010dke stranke da sebi pripi\u0161e isklju\u010dive zasluge za napredak u ovom postupku.","og_url":"https:\/\/dmcsrb.com\/en\/drustvo\/savez-patriota-crne-gore-u-njemackoj-priznavanje-vozackih-dozvola-je-rezultat-rada-institucija\/","og_site_name":"dmcsrb.com","article_published_time":"2025-12-01T09:24:00+00:00","og_image":[{"width":1060,"height":1153,"url":"https:\/\/dmcsrb.com\/wp-content\/uploads\/2026\/01\/patriote.jpg","type":"image\/jpeg"}],"author":"dmcsrbija.com@gmail.com","twitter_card":"summary_large_image","twitter_misc":{"Written by":"dmcsrbija.com@gmail.com","Estimated reading time":"2 minutes"},"schema":{"@context":"https:\/\/schema.org","@graph":[{"@type":"Article","@id":"https:\/\/dmcsrb.com\/drustvo\/savez-patriota-crne-gore-u-njemackoj-priznavanje-vozackih-dozvola-je-rezultat-rada-institucija\/#article","isPartOf":{"@id":"https:\/\/dmcsrb.com\/drustvo\/savez-patriota-crne-gore-u-njemackoj-priznavanje-vozackih-dozvola-je-rezultat-rada-institucija\/"},"author":{"name":"dmcsrbija.com@gmail.com","@id":"https:\/\/dmcsrb.com\/#\/schema\/person\/5c39170f12db1b8b457732d0b5c854e2"},"headline":"Savez patriota Crne Gore u Njema\u010dkoj: Priznavanje voza\u010dkih dozvola je rezultat rada institucija","datePublished":"2025-12-01T09:24:00+00:00","mainEntityOfPage":{"@id":"https:\/\/dmcsrb.com\/drustvo\/savez-patriota-crne-gore-u-njemackoj-priznavanje-vozackih-dozvola-je-rezultat-rada-institucija\/"},"wordCount":367,"commentCount":0,"image":{"@id":"https:\/\/dmcsrb.com\/drustvo\/savez-patriota-crne-gore-u-njemackoj-priznavanje-vozackih-dozvola-je-rezultat-rada-institucija\/#primaryimage"},"thumbnailUrl":"https:\/\/dmcsrb.com\/wp-content\/uploads\/2026\/01\/patriote.jpg","keywords":["Njema\u010dka","Voza\u010dka dozvola"],"articleSection":["Dru\u0161tvo"],"inLanguage":"en-GB","potentialAction":[{"@type":"CommentAction","name":"Comment","target":["https:\/\/dmcsrb.com\/drustvo\/savez-patriota-crne-gore-u-njemackoj-priznavanje-vozackih-dozvola-je-rezultat-rada-institucija\/#respond"]}]},{"@type":"WebPage","@id":"https:\/\/dmcsrb.com\/drustvo\/savez-patriota-crne-gore-u-njemackoj-priznavanje-vozackih-dozvola-je-rezultat-rada-institucija\/","url":"https:\/\/dmcsrb.com\/drustvo\/savez-patriota-crne-gore-u-njemackoj-priznavanje-vozackih-dozvola-je-rezultat-rada-institucija\/","name":"Savez patriota Crne Gore u Njema\u010dkoj: Priznavanje voza\u010dkih dozvola je rezultat rada institucija - dmcsrb.com","isPartOf":{"@id":"https:\/\/dmcsrb.com\/#website"},"primaryImageOfPage":{"@id":"https:\/\/dmcsrb.com\/drustvo\/savez-patriota-crne-gore-u-njemackoj-priznavanje-vozackih-dozvola-je-rezultat-rada-institucija\/#primaryimage"},"image":{"@id":"https:\/\/dmcsrb.com\/drustvo\/savez-patriota-crne-gore-u-njemackoj-priznavanje-vozackih-dozvola-je-rezultat-rada-institucija\/#primaryimage"},"thumbnailUrl":"https:\/\/dmcsrb.com\/wp-content\/uploads\/2026\/01\/patriote.jpg","datePublished":"2025-12-01T09:24:00+00:00","author":{"@id":"https:\/\/dmcsrb.com\/#\/schema\/person\/5c39170f12db1b8b457732d0b5c854e2"},"breadcrumb":{"@id":"https:\/\/dmcsrb.com\/drustvo\/savez-patriota-crne-gore-u-njemackoj-priznavanje-vozackih-dozvola-je-rezultat-rada-institucija\/#breadcrumb"},"inLanguage":"en-GB","potentialAction":[{"@type":"ReadAction","target":["https:\/\/dmcsrb.com\/drustvo\/savez-patriota-crne-gore-u-njemackoj-priznavanje-vozackih-dozvola-je-rezultat-rada-institucija\/"]}]},{"@type":"ImageObject","inLanguage":"en-GB","@id":"https:\/\/dmcsrb.com\/drustvo\/savez-patriota-crne-gore-u-njemackoj-priznavanje-vozackih-dozvola-je-rezultat-rada-institucija\/#primaryimage","url":"https:\/\/dmcsrb.com\/wp-content\/uploads\/2026\/01\/patriote.jpg","contentUrl":"https:\/\/dmcsrb.com\/wp-content\/uploads\/2026\/01\/patriote.jpg","width":1060,"height":1153},{"@type":"BreadcrumbList","@id":"https:\/\/dmcsrb.com\/drustvo\/savez-patriota-crne-gore-u-njemackoj-priznavanje-vozackih-dozvola-je-rezultat-rada-institucija\/#breadcrumb","itemListElement":[{"@type":"ListItem","position":1,"name":"Home","item":"https:\/\/dmcsrb.com\/"},{"@type":"ListItem","position":2,"name":"Savez patriota Crne Gore u Njema\u010dkoj: Priznavanje voza\u010dkih dozvola je rezultat rada institucija"}]},{"@type":"WebSite","@id":"https:\/\/dmcsrb.com\/#website","url":"https:\/\/dmcsrb.com\/","name":"dmcsrb.com","description":"","potentialAction":[{"@type":"SearchAction","target":{"@type":"EntryPoint","urlTemplate":"https:\/\/dmcsrb.com\/?s={search_term_string}"},"query-input":{"@type":"PropertyValueSpecification","valueRequired":true,"valueName":"search_term_string"}}],"inLanguage":"en-GB"},{"@type":"Person","@id":"https:\/\/dmcsrb.com\/#\/schema\/person\/5c39170f12db1b8b457732d0b5c854e2","name":"dmcsrbija.com@gmail.com","image":{"@type":"ImageObject","inLanguage":"en-GB","@id":"https:\/\/dmcsrb.com\/#\/schema\/person\/image\/","url":"https:\/\/secure.gravatar.com\/avatar\/68592660ad6347fad0fb587f8d5d8f1a7b44961362f56e4f2cd524feb87e9069?s=96&d=mm&r=g","contentUrl":"https:\/\/secure.gravatar.com\/avatar\/68592660ad6347fad0fb587f8d5d8f1a7b44961362f56e4f2cd524feb87e9069?s=96&d=mm&r=g","caption":"dmcsrbija.com@gmail.com"},"sameAs":["https:\/\/dmcsrb.com"],"url":"https:\/\/dmcsrb.com\/en\/author\/dmcsrbija-comgmail-com\/"}]}},"_links":{"self":[{"href":"https:\/\/dmcsrb.com\/en\/wp-json\/wp\/v2\/posts\/908847","targetHints":{"allow":["GET"]}}],"collection":[{"href":"https:\/\/dmcsrb.com\/en\/wp-json\/wp\/v2\/posts"}],"about":[{"href":"https:\/\/dmcsrb.com\/en\/wp-json\/wp\/v2\/types\/post"}],"author":[{"embeddable":true,"href":"https:\/\/dmcsrb.com\/en\/wp-json\/wp\/v2\/users\/1"}],"replies":[{"embeddable":true,"href":"https:\/\/dmcsrb.com\/en\/wp-json\/wp\/v2\/comments?post=908847"}],"version-history":[{"count":0,"href":"https:\/\/dmcsrb.com\/en\/wp-json\/wp\/v2\/posts\/908847\/revisions"}],"wp:featuredmedia":[{"embeddable":true,"href":"https:\/\/dmcsrb.com\/en\/wp-json\/wp\/v2\/media\/908848"}],"wp:attachment":[{"href":"https:\/\/dmcsrb.com\/en\/wp-json\/wp\/v2\/media?parent=908847"}],"wp:term":[{"taxonomy":"category","embeddable":true,"href":"https:\/\/dmcsrb.com\/en\/wp-json\/wp\/v2\/categories?post=908847"},{"taxonomy":"post_tag","embeddable":true,"href":"https:\/\/dmcsrb.com\/en\/wp-json\/wp\/v2\/tags?post=908847"},{"taxonomy":"naslovna","embeddable":true,"href":"https:\/\/dmcsrb.com\/en\/wp-json\/wp\/v2\/naslovna?post=908847"}],"curies":[{"name":"wp","href":"https:\/\/api.w.org\/{rel}","templated":true}]}}