{"id":908831,"date":"2025-12-01T08:06:00","date_gmt":"2025-12-01T07:06:00","guid":{"rendered":"https:\/\/dmcsrb.com\/uncategorized\/sudjenje-u-toku-a-veljovic-napustio-crnu-goru\/"},"modified":"2025-12-01T08:06:00","modified_gmt":"2025-12-01T07:06:00","slug":"sudjenje-u-toku-a-veljovic-napustio-crnu-goru","status":"publish","type":"post","link":"https:\/\/dmcsrb.com\/en\/hronika\/sudjenje-u-toku-a-veljovic-napustio-crnu-goru\/","title":{"rendered":"Su\u0111enje u toku, a Veljovi\u0107 napustio Crnu Goru"},"content":{"rendered":"<p><\/p>\n\n\n\n<p><\/p>\n\n\n\n<p>Sa podgori\u010dkog aerodroma prvim jutarnjim letom uputio se ka Njema\u010dkoj radi lije\u010denja i zakazane operacije, saznaje &#8220;Dan&#8221; iz izvora bliskog Specijalnom dr\u017eavnom tu\u017eila\u0161tvu (SDT), koje biv\u0161eg direktora crnogorske policije optu\u017enicom tereti za stvaranja kriminalne organizacije, krijum\u010darenje, pranje novca i zloupotrebu slu\u017ebenog polo\u017eaja.<\/p>\n\n\n\n<p>Veljovi\u0107ev advokat Mihailo Volkov potvrdio je za &#8220;Dan&#8221; da je Vi\u0161i sud minulog petka njegovom branjeniku ukinuo mjeru ku\u0107nog pritvora, ali nije \u017eelio da saop\u0161ti vi\u0161e detalja, osim da mu je time omogu\u0107eno lije\u010denje u inostranstvu. Kako nezvani\u010dno saznajemo, Veljovi\u0107u je istim rje\u0161enjem odre\u0111eno obavezno povremeno javljanje Upravi policije.<\/p>\n\n\n\n<p>Vi\u0161i sud odlu\u010duje i o osloba\u0111aju\u0107oj presudi<\/p>\n\n\n\n<p>Veljovi\u0107 je hap\u0161en i u avgustu 2021. godine, nakon de\u0161avanja na Cetinju tokom ustoli\u010denja mitropolita Joanikija. Tu\u017eila\u0161tvo je teretilo Veljovi\u0107a za podsticanje na nasilne aktivnosti i organizovanje otpora policiji. Dva puta je oslobo\u0111en optu\u017ebe da je 5. septembra 2021. godine na Cetinju po\u010dinio krivi\u010dno djelo napad na slu\u017ebeno lice u vr\u0161enju slu\u017ebene du\u017enosti. Tu odluku donio je Osnovni sud na Cetinju. Predmet se po \u017ealbi tu\u017eila\u0161tva nalazi u Vi\u0161em sudu u Podgorici.<\/p>\n\n\n\n<p>Veljovi\u0107ev odlazak iz zemlje u jeku sudskog procesa protiv njega otvara niz pitanja i dilema. Njemu se sudi po optu\u017ebi da je bio pripadnik kriminalne organizacije koju je, kako tvrde iz SDT-a, formirao odbjegli Aleksandar Mrki\u0107, a koja se u du\u017eem vremenskom periodu bavila \u0161vercom cigareta. Uhap\u0161en je 24. jula 2023. godine, nakon \u010dega je u pritvoru proveo godinu dana, a potom mu je odre\u0111ena mjera ku\u0107nog pritvora.<\/p>\n\n\n\n<p>Veljovi\u0107 je u proteklom periodu imao ozbiljne zdravstvene probleme, pa je u maju 2024. hospitalizovan u Klini\u010dkom centru Crne Gore (KCCG), nakon \u0161to je njegovo zdravstveno stanje ocijenjeno kao &#8220;ozbiljno ugro\u017eeno&#8221;. Njegovi advokati ranije su ukazivali da mu sudska mjera zabrana napu\u0161tanja stana onemogu\u0107ava nastavak adekvatnog lije\u010denja i apelovali na sud da mu se omogu\u0107i lije\u010denje u inostranstvu.<\/p>\n\n\n\n<p><a href=\"https:\/\/dan.co.me\/vijesti\/hronika\/veljovic-izmedu-kucnog-pritvora-i-spuskih-resetaka-5312449\"><\/a><\/p>\n\n\n\n<p><a href=\"https:\/\/dan.co.me\/vijesti\/hronika\/veljovic-izmedu-kucnog-pritvora-i-spuskih-resetaka-5312449\"><\/a>Prema ranijim planovima, operacija je trebalo da bude obavljena u Istanbulu, ali je do\u0161lo do promjene i operativni zahvat bi trebalo da bude izveden u Njema\u010dkoj.<\/p>\n\n\n\n<p>SDT tereti Veljovi\u0107a da je posredstvom Skaj aplikacije 22. decembra 2020. godine obavijestio biznismena Aleksandra Mrki\u0107a da se sprema pretres jednog magacina gdje su skladi\u0161tene nelegalne cigarete i tako zloupotrijebio slu\u017ebeni polo\u017eaj.<\/p>\n\n\n\n<p>Prema optu\u017enici, on je organizatoru kriminalne organizacije putem kriptovane komunikacije saop\u0161tavao podatke pribavljene obavljanjem policijskih poslova, a koji se odnose na planiranje izvr\u0161enja dokazne radnje pretresanje od strane policije prema jednom \u010dlanu kriminalne organizacije, \u010dime mu je pribavljena korist u vidu raspolaganja podacima koje nije smio dobiti i stvaranja vremenskih i prostornih uslova da sakrije predmete krivi\u010dnog djela za koje se goni po slu\u017ebenoj du\u017enosti, kako ih policija ne bi prona\u0161la.<\/p>\n\n\n\n<p><\/p>","protected":false},"excerpt":{"rendered":"<p>Biv\u0161i direktor Uprave policije Veselin Veljovi\u0107, koji je tu funkciju obavljao u dva mandata, u subotu je, u ranim jutarnjim satima, napustio Crnu Goru.<\/p>","protected":false},"author":1,"featured_media":908832,"comment_status":"open","ping_status":"open","sticky":false,"template":"","format":"standard","meta":{"_acf_changed":false,"footnotes":""},"categories":[17],"tags":[35,36],"naslovna":[],"class_list":["post-908831","post","type-post","status-publish","format-standard","has-post-thumbnail","hentry","category-hronika","tag-lijecenje","tag-veselin-veljovic"],"acf":[],"yoast_head":"<!-- This site is optimized with the Yoast SEO plugin v27.4 - https:\/\/yoast.com\/product\/yoast-seo-wordpress\/ -->\n<title>Su\u0111enje u toku, a Veljovi\u0107 napustio Crnu Goru - dmcsrb.com<\/title>\n<meta name=\"robots\" content=\"index, follow, max-snippet:-1, max-image-preview:large, max-video-preview:-1\" \/>\n<link rel=\"canonical\" href=\"https:\/\/dmcsrb.com\/en\/hronika\/sudjenje-u-toku-a-veljovic-napustio-crnu-goru\/\" \/>\n<meta property=\"og:locale\" content=\"en_GB\" \/>\n<meta property=\"og:type\" content=\"article\" \/>\n<meta property=\"og:title\" content=\"Su\u0111enje u toku, a Veljovi\u0107 napustio Crnu Goru - dmcsrb.com\" \/>\n<meta property=\"og:description\" content=\"Biv\u0161i direktor Uprave policije Veselin Veljovi\u0107, koji je tu funkciju obavljao u dva mandata, u subotu je, u ranim jutarnjim satima, napustio Crnu Goru.\" \/>\n<meta property=\"og:url\" content=\"https:\/\/dmcsrb.com\/en\/hronika\/sudjenje-u-toku-a-veljovic-napustio-crnu-goru\/\" \/>\n<meta property=\"og:site_name\" content=\"dmcsrb.com\" \/>\n<meta property=\"article:published_time\" content=\"2025-12-01T07:06:00+00:00\" \/>\n<meta property=\"og:image\" content=\"https:\/\/dmcsrb.com\/wp-content\/uploads\/2026\/01\/Veljovic-1000x555-1.jpg\" \/>\n\t<meta property=\"og:image:width\" content=\"1000\" \/>\n\t<meta property=\"og:image:height\" content=\"555\" \/>\n\t<meta property=\"og:image:type\" content=\"image\/jpeg\" \/>\n<meta name=\"author\" content=\"dmcsrbija.com@gmail.com\" \/>\n<meta name=\"twitter:card\" content=\"summary_large_image\" \/>\n<meta name=\"twitter:label1\" content=\"Written by\" \/>\n\t<meta name=\"twitter:data1\" content=\"dmcsrbija.com@gmail.com\" \/>\n\t<meta name=\"twitter:label2\" content=\"Estimated reading time\" \/>\n\t<meta name=\"twitter:data2\" content=\"2 minutes\" \/>\n<script type=\"application\/ld+json\" class=\"yoast-schema-graph\">{\"@context\":\"https:\\\/\\\/schema.org\",\"@graph\":[{\"@type\":\"Article\",\"@id\":\"https:\\\/\\\/dmcsrb.com\\\/hronika\\\/sudjenje-u-toku-a-veljovic-napustio-crnu-goru\\\/#article\",\"isPartOf\":{\"@id\":\"https:\\\/\\\/dmcsrb.com\\\/hronika\\\/sudjenje-u-toku-a-veljovic-napustio-crnu-goru\\\/\"},\"author\":{\"name\":\"dmcsrbija.com@gmail.com\",\"@id\":\"https:\\\/\\\/dmcsrb.com\\\/#\\\/schema\\\/person\\\/5c39170f12db1b8b457732d0b5c854e2\"},\"headline\":\"Su\u0111enje u toku, a Veljovi\u0107 napustio Crnu Goru\",\"datePublished\":\"2025-12-01T07:06:00+00:00\",\"mainEntityOfPage\":{\"@id\":\"https:\\\/\\\/dmcsrb.com\\\/hronika\\\/sudjenje-u-toku-a-veljovic-napustio-crnu-goru\\\/\"},\"wordCount\":496,\"commentCount\":0,\"image\":{\"@id\":\"https:\\\/\\\/dmcsrb.com\\\/hronika\\\/sudjenje-u-toku-a-veljovic-napustio-crnu-goru\\\/#primaryimage\"},\"thumbnailUrl\":\"https:\\\/\\\/dmcsrb.com\\\/wp-content\\\/uploads\\\/2026\\\/01\\\/Veljovic-1000x555-1.jpg\",\"keywords\":[\"Lijecenje\",\"Veselin Veljovi\u0107\"],\"articleSection\":[\"Hronika\"],\"inLanguage\":\"en-GB\",\"potentialAction\":[{\"@type\":\"CommentAction\",\"name\":\"Comment\",\"target\":[\"https:\\\/\\\/dmcsrb.com\\\/hronika\\\/sudjenje-u-toku-a-veljovic-napustio-crnu-goru\\\/#respond\"]}]},{\"@type\":\"WebPage\",\"@id\":\"https:\\\/\\\/dmcsrb.com\\\/hronika\\\/sudjenje-u-toku-a-veljovic-napustio-crnu-goru\\\/\",\"url\":\"https:\\\/\\\/dmcsrb.com\\\/hronika\\\/sudjenje-u-toku-a-veljovic-napustio-crnu-goru\\\/\",\"name\":\"Su\u0111enje u toku, a Veljovi\u0107 napustio Crnu Goru - dmcsrb.com\",\"isPartOf\":{\"@id\":\"https:\\\/\\\/dmcsrb.com\\\/#website\"},\"primaryImageOfPage\":{\"@id\":\"https:\\\/\\\/dmcsrb.com\\\/hronika\\\/sudjenje-u-toku-a-veljovic-napustio-crnu-goru\\\/#primaryimage\"},\"image\":{\"@id\":\"https:\\\/\\\/dmcsrb.com\\\/hronika\\\/sudjenje-u-toku-a-veljovic-napustio-crnu-goru\\\/#primaryimage\"},\"thumbnailUrl\":\"https:\\\/\\\/dmcsrb.com\\\/wp-content\\\/uploads\\\/2026\\\/01\\\/Veljovic-1000x555-1.jpg\",\"datePublished\":\"2025-12-01T07:06:00+00:00\",\"author\":{\"@id\":\"https:\\\/\\\/dmcsrb.com\\\/#\\\/schema\\\/person\\\/5c39170f12db1b8b457732d0b5c854e2\"},\"breadcrumb\":{\"@id\":\"https:\\\/\\\/dmcsrb.com\\\/hronika\\\/sudjenje-u-toku-a-veljovic-napustio-crnu-goru\\\/#breadcrumb\"},\"inLanguage\":\"en-GB\",\"potentialAction\":[{\"@type\":\"ReadAction\",\"target\":[\"https:\\\/\\\/dmcsrb.com\\\/hronika\\\/sudjenje-u-toku-a-veljovic-napustio-crnu-goru\\\/\"]}]},{\"@type\":\"ImageObject\",\"inLanguage\":\"en-GB\",\"@id\":\"https:\\\/\\\/dmcsrb.com\\\/hronika\\\/sudjenje-u-toku-a-veljovic-napustio-crnu-goru\\\/#primaryimage\",\"url\":\"https:\\\/\\\/dmcsrb.com\\\/wp-content\\\/uploads\\\/2026\\\/01\\\/Veljovic-1000x555-1.jpg\",\"contentUrl\":\"https:\\\/\\\/dmcsrb.com\\\/wp-content\\\/uploads\\\/2026\\\/01\\\/Veljovic-1000x555-1.jpg\",\"width\":1000,\"height\":555},{\"@type\":\"BreadcrumbList\",\"@id\":\"https:\\\/\\\/dmcsrb.com\\\/hronika\\\/sudjenje-u-toku-a-veljovic-napustio-crnu-goru\\\/#breadcrumb\",\"itemListElement\":[{\"@type\":\"ListItem\",\"position\":1,\"name\":\"Home\",\"item\":\"https:\\\/\\\/dmcsrb.com\\\/\"},{\"@type\":\"ListItem\",\"position\":2,\"name\":\"Su\u0111enje u toku, a Veljovi\u0107 napustio Crnu Goru\"}]},{\"@type\":\"WebSite\",\"@id\":\"https:\\\/\\\/dmcsrb.com\\\/#website\",\"url\":\"https:\\\/\\\/dmcsrb.com\\\/\",\"name\":\"dmcsrb.com\",\"description\":\"\",\"potentialAction\":[{\"@type\":\"SearchAction\",\"target\":{\"@type\":\"EntryPoint\",\"urlTemplate\":\"https:\\\/\\\/dmcsrb.com\\\/?s={search_term_string}\"},\"query-input\":{\"@type\":\"PropertyValueSpecification\",\"valueRequired\":true,\"valueName\":\"search_term_string\"}}],\"inLanguage\":\"en-GB\"},{\"@type\":\"Person\",\"@id\":\"https:\\\/\\\/dmcsrb.com\\\/#\\\/schema\\\/person\\\/5c39170f12db1b8b457732d0b5c854e2\",\"name\":\"dmcsrbija.com@gmail.com\",\"image\":{\"@type\":\"ImageObject\",\"inLanguage\":\"en-GB\",\"@id\":\"https:\\\/\\\/secure.gravatar.com\\\/avatar\\\/68592660ad6347fad0fb587f8d5d8f1a7b44961362f56e4f2cd524feb87e9069?s=96&d=mm&r=g\",\"url\":\"https:\\\/\\\/secure.gravatar.com\\\/avatar\\\/68592660ad6347fad0fb587f8d5d8f1a7b44961362f56e4f2cd524feb87e9069?s=96&d=mm&r=g\",\"contentUrl\":\"https:\\\/\\\/secure.gravatar.com\\\/avatar\\\/68592660ad6347fad0fb587f8d5d8f1a7b44961362f56e4f2cd524feb87e9069?s=96&d=mm&r=g\",\"caption\":\"dmcsrbija.com@gmail.com\"},\"sameAs\":[\"https:\\\/\\\/dmcsrb.com\"],\"url\":\"https:\\\/\\\/dmcsrb.com\\\/en\\\/author\\\/dmcsrbija-comgmail-com\\\/\"}]}<\/script>\n<!-- \/ Yoast SEO plugin. -->","yoast_head_json":{"title":"Su\u0111enje u toku, a Veljovi\u0107 napustio Crnu Goru - dmcsrb.com","robots":{"index":"index","follow":"follow","max-snippet":"max-snippet:-1","max-image-preview":"max-image-preview:large","max-video-preview":"max-video-preview:-1"},"canonical":"https:\/\/dmcsrb.com\/en\/hronika\/sudjenje-u-toku-a-veljovic-napustio-crnu-goru\/","og_locale":"en_GB","og_type":"article","og_title":"Su\u0111enje u toku, a Veljovi\u0107 napustio Crnu Goru - dmcsrb.com","og_description":"Biv\u0161i direktor Uprave policije Veselin Veljovi\u0107, koji je tu funkciju obavljao u dva mandata, u subotu je, u ranim jutarnjim satima, napustio Crnu Goru.","og_url":"https:\/\/dmcsrb.com\/en\/hronika\/sudjenje-u-toku-a-veljovic-napustio-crnu-goru\/","og_site_name":"dmcsrb.com","article_published_time":"2025-12-01T07:06:00+00:00","og_image":[{"width":1000,"height":555,"url":"https:\/\/dmcsrb.com\/wp-content\/uploads\/2026\/01\/Veljovic-1000x555-1.jpg","type":"image\/jpeg"}],"author":"dmcsrbija.com@gmail.com","twitter_card":"summary_large_image","twitter_misc":{"Written by":"dmcsrbija.com@gmail.com","Estimated reading time":"2 minutes"},"schema":{"@context":"https:\/\/schema.org","@graph":[{"@type":"Article","@id":"https:\/\/dmcsrb.com\/hronika\/sudjenje-u-toku-a-veljovic-napustio-crnu-goru\/#article","isPartOf":{"@id":"https:\/\/dmcsrb.com\/hronika\/sudjenje-u-toku-a-veljovic-napustio-crnu-goru\/"},"author":{"name":"dmcsrbija.com@gmail.com","@id":"https:\/\/dmcsrb.com\/#\/schema\/person\/5c39170f12db1b8b457732d0b5c854e2"},"headline":"Su\u0111enje u toku, a Veljovi\u0107 napustio Crnu Goru","datePublished":"2025-12-01T07:06:00+00:00","mainEntityOfPage":{"@id":"https:\/\/dmcsrb.com\/hronika\/sudjenje-u-toku-a-veljovic-napustio-crnu-goru\/"},"wordCount":496,"commentCount":0,"image":{"@id":"https:\/\/dmcsrb.com\/hronika\/sudjenje-u-toku-a-veljovic-napustio-crnu-goru\/#primaryimage"},"thumbnailUrl":"https:\/\/dmcsrb.com\/wp-content\/uploads\/2026\/01\/Veljovic-1000x555-1.jpg","keywords":["Lijecenje","Veselin Veljovi\u0107"],"articleSection":["Hronika"],"inLanguage":"en-GB","potentialAction":[{"@type":"CommentAction","name":"Comment","target":["https:\/\/dmcsrb.com\/hronika\/sudjenje-u-toku-a-veljovic-napustio-crnu-goru\/#respond"]}]},{"@type":"WebPage","@id":"https:\/\/dmcsrb.com\/hronika\/sudjenje-u-toku-a-veljovic-napustio-crnu-goru\/","url":"https:\/\/dmcsrb.com\/hronika\/sudjenje-u-toku-a-veljovic-napustio-crnu-goru\/","name":"Su\u0111enje u toku, a Veljovi\u0107 napustio Crnu Goru - dmcsrb.com","isPartOf":{"@id":"https:\/\/dmcsrb.com\/#website"},"primaryImageOfPage":{"@id":"https:\/\/dmcsrb.com\/hronika\/sudjenje-u-toku-a-veljovic-napustio-crnu-goru\/#primaryimage"},"image":{"@id":"https:\/\/dmcsrb.com\/hronika\/sudjenje-u-toku-a-veljovic-napustio-crnu-goru\/#primaryimage"},"thumbnailUrl":"https:\/\/dmcsrb.com\/wp-content\/uploads\/2026\/01\/Veljovic-1000x555-1.jpg","datePublished":"2025-12-01T07:06:00+00:00","author":{"@id":"https:\/\/dmcsrb.com\/#\/schema\/person\/5c39170f12db1b8b457732d0b5c854e2"},"breadcrumb":{"@id":"https:\/\/dmcsrb.com\/hronika\/sudjenje-u-toku-a-veljovic-napustio-crnu-goru\/#breadcrumb"},"inLanguage":"en-GB","potentialAction":[{"@type":"ReadAction","target":["https:\/\/dmcsrb.com\/hronika\/sudjenje-u-toku-a-veljovic-napustio-crnu-goru\/"]}]},{"@type":"ImageObject","inLanguage":"en-GB","@id":"https:\/\/dmcsrb.com\/hronika\/sudjenje-u-toku-a-veljovic-napustio-crnu-goru\/#primaryimage","url":"https:\/\/dmcsrb.com\/wp-content\/uploads\/2026\/01\/Veljovic-1000x555-1.jpg","contentUrl":"https:\/\/dmcsrb.com\/wp-content\/uploads\/2026\/01\/Veljovic-1000x555-1.jpg","width":1000,"height":555},{"@type":"BreadcrumbList","@id":"https:\/\/dmcsrb.com\/hronika\/sudjenje-u-toku-a-veljovic-napustio-crnu-goru\/#breadcrumb","itemListElement":[{"@type":"ListItem","position":1,"name":"Home","item":"https:\/\/dmcsrb.com\/"},{"@type":"ListItem","position":2,"name":"Su\u0111enje u toku, a Veljovi\u0107 napustio Crnu Goru"}]},{"@type":"WebSite","@id":"https:\/\/dmcsrb.com\/#website","url":"https:\/\/dmcsrb.com\/","name":"dmcsrb.com","description":"","potentialAction":[{"@type":"SearchAction","target":{"@type":"EntryPoint","urlTemplate":"https:\/\/dmcsrb.com\/?s={search_term_string}"},"query-input":{"@type":"PropertyValueSpecification","valueRequired":true,"valueName":"search_term_string"}}],"inLanguage":"en-GB"},{"@type":"Person","@id":"https:\/\/dmcsrb.com\/#\/schema\/person\/5c39170f12db1b8b457732d0b5c854e2","name":"dmcsrbija.com@gmail.com","image":{"@type":"ImageObject","inLanguage":"en-GB","@id":"https:\/\/secure.gravatar.com\/avatar\/68592660ad6347fad0fb587f8d5d8f1a7b44961362f56e4f2cd524feb87e9069?s=96&d=mm&r=g","url":"https:\/\/secure.gravatar.com\/avatar\/68592660ad6347fad0fb587f8d5d8f1a7b44961362f56e4f2cd524feb87e9069?s=96&d=mm&r=g","contentUrl":"https:\/\/secure.gravatar.com\/avatar\/68592660ad6347fad0fb587f8d5d8f1a7b44961362f56e4f2cd524feb87e9069?s=96&d=mm&r=g","caption":"dmcsrbija.com@gmail.com"},"sameAs":["https:\/\/dmcsrb.com"],"url":"https:\/\/dmcsrb.com\/en\/author\/dmcsrbija-comgmail-com\/"}]}},"_links":{"self":[{"href":"https:\/\/dmcsrb.com\/en\/wp-json\/wp\/v2\/posts\/908831","targetHints":{"allow":["GET"]}}],"collection":[{"href":"https:\/\/dmcsrb.com\/en\/wp-json\/wp\/v2\/posts"}],"about":[{"href":"https:\/\/dmcsrb.com\/en\/wp-json\/wp\/v2\/types\/post"}],"author":[{"embeddable":true,"href":"https:\/\/dmcsrb.com\/en\/wp-json\/wp\/v2\/users\/1"}],"replies":[{"embeddable":true,"href":"https:\/\/dmcsrb.com\/en\/wp-json\/wp\/v2\/comments?post=908831"}],"version-history":[{"count":0,"href":"https:\/\/dmcsrb.com\/en\/wp-json\/wp\/v2\/posts\/908831\/revisions"}],"wp:featuredmedia":[{"embeddable":true,"href":"https:\/\/dmcsrb.com\/en\/wp-json\/wp\/v2\/media\/908832"}],"wp:attachment":[{"href":"https:\/\/dmcsrb.com\/en\/wp-json\/wp\/v2\/media?parent=908831"}],"wp:term":[{"taxonomy":"category","embeddable":true,"href":"https:\/\/dmcsrb.com\/en\/wp-json\/wp\/v2\/categories?post=908831"},{"taxonomy":"post_tag","embeddable":true,"href":"https:\/\/dmcsrb.com\/en\/wp-json\/wp\/v2\/tags?post=908831"},{"taxonomy":"naslovna","embeddable":true,"href":"https:\/\/dmcsrb.com\/en\/wp-json\/wp\/v2\/naslovna?post=908831"}],"curies":[{"name":"wp","href":"https:\/\/api.w.org\/{rel}","templated":true}]}}