{"id":908815,"date":"2025-12-01T06:40:00","date_gmt":"2025-12-01T05:40:00","guid":{"rendered":"https:\/\/dmcsrb.com\/uncategorized\/ivanovic-nova-vlada-ce-uvesti-crnu-goru-u-eu-ali-se-nece-razlikovati-od-aktuelne\/"},"modified":"2025-12-01T06:40:00","modified_gmt":"2025-12-01T05:40:00","slug":"ivanovic-nova-vlada-ce-uvesti-crnu-goru-u-eu-ali-se-nece-razlikovati-od-aktuelne","status":"publish","type":"post","link":"https:\/\/dmcsrb.com\/en\/politika\/ivanovic-nova-vlada-ce-uvesti-crnu-goru-u-eu-ali-se-nece-razlikovati-od-aktuelne\/","title":{"rendered":"Ivanovi\u0107: Nova vlada \u0107e uvesti Crnu Goru u EU, ali se ne\u0107e razlikovati od aktuelne"},"content":{"rendered":"<p><\/p>\n\n\n\n<p><\/p>\n\n\n\n<p><\/p>\n\n\n\n<p><\/p>\n\n\n\n<p>U intervjuu za Pobjedu, Ivanovi\u0107 ocenjuje da Crna Gora nije smanjila tempo reformi, te da je najbolji Izvje\u0161taj Evropske komisije do sada najjasniji dokaz da je zemlja ostala lider u regionu. Ipak, priznaje da ratifikacija pristupnog ugovora \u2013 posljednji korak pred \u010dlanstvo \u2013 zavisi od politi\u010dkih odluka svake pojedina\u010dne dr\u017eave \u010dlanice.<\/p>\n\n\n\n<p>\u201cProces je danas znatno kompleksniji nego tokom ranijih pro\u0161irenja. Pored tehni\u010dkog ispunjavanja kriterijuma, sve zavisi i od politi\u010dke volje dr\u017eava \u010dlanica\u201d, ka\u017ee Ivanovi\u0107.<\/p>\n\n\n\n<p>Nagla\u0161ava da \u0107e dinamiku ratifikacije neminovno oblikovati izborni ciklusi \u0161irom Evrope, te da su u ovom trenutku \u201cnezahvalne bilo kakve preciznije procjene\u201d.<\/p>\n\n\n\n<p>Ipak, uvjeren je da postoji \u0161iroka svijest o geopoliti\u010dkoj va\u017enosti pro\u0161irenja.<\/p>\n\n\n\n<p>\u201cNe o\u010dekujem ve\u0107a iznena\u0111enja u namjeri da Crna Gora postane \u010dlanica EU 2028. godine\u201d, istakao je.<\/p>\n\n\n\n<p>Na pitanje da li dr\u017eave poput Poljske, Estonije ili balti\u010dkih zemalja mogu imati rezerve zbog proruske retorike dijela crnogorske politi\u010dke scene, Ivanovi\u0107 odgovara da se takvi strahovi preuveli\u010davaju. Navodi da je iz tih zemalja dobijena \u201csna\u017ena i nedvosmislena podr\u0161ka\u201d, podsje\u0107aju\u0107i da je Letonija javno poru\u010dila da o\u010dekuje ulazak Crne Gore upravo 2028.<\/p>\n\n\n\n<p>Komentari\u0161u\u0107i ocjene da sada\u0161nja vlada ima kapacitet da zatvori poglavlja, ali ne i da obezbijedi \u010dlanstvo, Ivanovi\u0107 ka\u017ee da je rije\u010d o promijenjenom narativu onih koji su ranije tvrdili da \u0107e proces stagnirati.<\/p>\n\n\n\n<p>\u201cFormalno gledano, tvrdnja je ta\u010dna. Ali sasvim je izvjesno da naredna vlada \u2013 ona koja \u0107e do\u010dekati ulazak u EU \u2013 ne\u0107e biti bitno druga\u010dija od sada\u0161nje\u201d, poru\u010duje on.<\/p>\n\n\n\n<p>Ivanovi\u0107 navodi da je Poglavlje 31 spremno za zatvaranje ve\u0107 du\u017ee od godinu dana. Isti\u010de da se sa Hrvatskom razgovara konstruktivno i da su ostvareni mjerljivi pomaci. Na pitanje da li se kaje zbog usvajanja Rezolucije o Jasenovcu, odgovara da se dokument odnosi isklju\u010divo na pijetet prema nevino stradalima.<\/p>\n\n\n\n<p>Tvrdnje da PES nema kapacitet da se odupre koalicionim partnerima, Ivanovi\u0107 odbacuje kao \u201cnaivne poku\u0161aje izazivanja razdora\u201d.<\/p>\n\n\n\n<p>\u201cU prvom poluvremenu pri\u010dalo se da je premijer nadre\u0111en predsjedniku Skup\u0161tine; u drugom \u2013 da je obrnuto. Rezultat je isti: poku\u0161aj destabilizacije vlasti. \u0410li ti poku\u0161aji su osu\u0111eni na neuspjeh\u201d, ka\u017ee on.<\/p>\n\n\n\n<p>Iako vi\u0161e nije ministar vanjskih poslova, ka\u017ee da je njegov rad po su\u0161tini isti, te podsje\u0107a na brojne me\u0111unarodne aktivnosti u kojima je predstavljao vladu. Ponavlja da u vo\u0111enju spoljne politike nema neslaganja, jer je cijela Vlada ustavno zadu\u017eena za nju.<\/p>\n\n\n\n<p>Govore\u0107i o postavljanju spomenika Pavlu \u0110uri\u0161i\u0107u, Ivanovi\u0107 isti\u010de da je dr\u017eava reagovala promptno i zakonito.<\/p>\n\n\n\n<p>\u201cNije lako zadovoljiti sve senzibilitete, ali reakcija je bila brza i adekvatna\u201d, ka\u017ee on, dodaju\u0107i da sli\u010dni kontroverzni slu\u010dajevi postoje i u zemljama EU.<\/p>\n\n\n\n<p>Ivanovi\u0107 priznaje da se evropske prijestonice moraju jo\u0161 intenzivnije uklju\u010diti u zavr\u0161nu fazu integracija, ali tvrdi da su kontakti kontinuirani i da se ve\u0107 pripremaju veliki diplomatski doga\u0111aji \u2013 od predsjedavanja Berlinskim procesom do doma\u0107instva samita EU \u2013 Zapadni Balkan 2026.<\/p>\n\n\n\n<p>\u201cSve to bi\u0107e va\u017ena prilika da Crna Gora poka\u017ee da je spremna da bude prva naredna \u010dlanica Unije\u201d, zaklju\u010duje potpredsjednik Vlade.<\/p>","protected":false},"excerpt":{"rendered":"<p>Crna Gora ulazi u najosjetljiviju fazu evropskih integracija, a nova vlada \u2013 iako \u0107e, prema rije\u010dima potpredsjednika Vlade za vanjske i evropske poslove\u00a0Filipa Ivanovi\u0107a, zavr\u0161iti tehni\u010dki dio pregovora \u2013 ne\u0107e biti ona koja \u0107e zemlju formalno uvesti u EU. Taj posao \u010deka izvr\u0161nu vlast koja \u0107e biti formirana nakon izbora 2027. godine, ali Ivanovi\u0107 tvrdi da se njen sastav \u201cne\u0107e bitnije razlikovati od aktuelnog\u201d.<\/p>","protected":false},"author":1,"featured_media":908816,"comment_status":"open","ping_status":"open","sticky":false,"template":"","format":"standard","meta":{"_acf_changed":false,"footnotes":""},"categories":[12],"tags":[10,11,13],"naslovna":[],"class_list":["post-908815","post","type-post","status-publish","format-standard","has-post-thumbnail","hentry","category-politika","tag-eu","tag-filip-ivanovic-2","tag-vlada"],"acf":[],"yoast_head":"<!-- This site is optimized with the Yoast SEO plugin v27.4 - https:\/\/yoast.com\/product\/yoast-seo-wordpress\/ -->\n<title>Ivanovi\u0107: Nova vlada \u0107e uvesti Crnu Goru u EU, ali se ne\u0107e razlikovati od aktuelne - dmcsrb.com<\/title>\n<meta name=\"robots\" content=\"index, follow, max-snippet:-1, max-image-preview:large, max-video-preview:-1\" \/>\n<link rel=\"canonical\" href=\"https:\/\/dmcsrb.com\/en\/politika\/ivanovic-nova-vlada-ce-uvesti-crnu-goru-u-eu-ali-se-nece-razlikovati-od-aktuelne\/\" \/>\n<meta property=\"og:locale\" content=\"en_GB\" \/>\n<meta property=\"og:type\" content=\"article\" \/>\n<meta property=\"og:title\" content=\"Ivanovi\u0107: Nova vlada \u0107e uvesti Crnu Goru u EU, ali se ne\u0107e razlikovati od aktuelne - dmcsrb.com\" \/>\n<meta property=\"og:description\" content=\"Crna Gora ulazi u najosjetljiviju fazu evropskih integracija, a nova vlada \u2013 iako \u0107e, prema rije\u010dima potpredsjednika Vlade za vanjske i evropske poslove\u00a0Filipa Ivanovi\u0107a, zavr\u0161iti tehni\u010dki dio pregovora \u2013 ne\u0107e biti ona koja \u0107e zemlju formalno uvesti u EU. Taj posao \u010deka izvr\u0161nu vlast koja \u0107e biti formirana nakon izbora 2027. godine, ali Ivanovi\u0107 tvrdi da se njen sastav \u201cne\u0107e bitnije razlikovati od aktuelnog\u201d.\" \/>\n<meta property=\"og:url\" content=\"https:\/\/dmcsrb.com\/en\/politika\/ivanovic-nova-vlada-ce-uvesti-crnu-goru-u-eu-ali-se-nece-razlikovati-od-aktuelne\/\" \/>\n<meta property=\"og:site_name\" content=\"dmcsrb.com\" \/>\n<meta property=\"article:published_time\" content=\"2025-12-01T05:40:00+00:00\" \/>\n<meta property=\"og:image\" content=\"https:\/\/dmcsrb.com\/wp-content\/uploads\/2026\/01\/Filip-Ivanovic-ministar-foto-gov-me-768x5051-1.jpg\" \/>\n\t<meta property=\"og:image:width\" content=\"768\" \/>\n\t<meta property=\"og:image:height\" content=\"505\" \/>\n\t<meta property=\"og:image:type\" content=\"image\/jpeg\" \/>\n<meta name=\"author\" content=\"dmcsrbija.com@gmail.com\" \/>\n<meta name=\"twitter:card\" content=\"summary_large_image\" \/>\n<meta name=\"twitter:label1\" content=\"Written by\" \/>\n\t<meta name=\"twitter:data1\" content=\"dmcsrbija.com@gmail.com\" \/>\n\t<meta name=\"twitter:label2\" content=\"Estimated reading time\" \/>\n\t<meta name=\"twitter:data2\" content=\"3 minutes\" \/>\n<script type=\"application\/ld+json\" class=\"yoast-schema-graph\">{\"@context\":\"https:\\\/\\\/schema.org\",\"@graph\":[{\"@type\":\"Article\",\"@id\":\"https:\\\/\\\/dmcsrb.com\\\/politika\\\/ivanovic-nova-vlada-ce-uvesti-crnu-goru-u-eu-ali-se-nece-razlikovati-od-aktuelne\\\/#article\",\"isPartOf\":{\"@id\":\"https:\\\/\\\/dmcsrb.com\\\/politika\\\/ivanovic-nova-vlada-ce-uvesti-crnu-goru-u-eu-ali-se-nece-razlikovati-od-aktuelne\\\/\"},\"author\":{\"name\":\"dmcsrbija.com@gmail.com\",\"@id\":\"https:\\\/\\\/dmcsrb.com\\\/#\\\/schema\\\/person\\\/5c39170f12db1b8b457732d0b5c854e2\"},\"headline\":\"Ivanovi\u0107: Nova vlada \u0107e uvesti Crnu Goru u EU, ali se ne\u0107e razlikovati od aktuelne\",\"datePublished\":\"2025-12-01T05:40:00+00:00\",\"mainEntityOfPage\":{\"@id\":\"https:\\\/\\\/dmcsrb.com\\\/politika\\\/ivanovic-nova-vlada-ce-uvesti-crnu-goru-u-eu-ali-se-nece-razlikovati-od-aktuelne\\\/\"},\"wordCount\":565,\"commentCount\":0,\"image\":{\"@id\":\"https:\\\/\\\/dmcsrb.com\\\/politika\\\/ivanovic-nova-vlada-ce-uvesti-crnu-goru-u-eu-ali-se-nece-razlikovati-od-aktuelne\\\/#primaryimage\"},\"thumbnailUrl\":\"https:\\\/\\\/dmcsrb.com\\\/wp-content\\\/uploads\\\/2026\\\/01\\\/Filip-Ivanovic-ministar-foto-gov-me-768x5051-1.jpg\",\"keywords\":[\"EU\",\"Filip Ivanovi\u0107\",\"vlada\"],\"articleSection\":[\"Politika\"],\"inLanguage\":\"en-GB\",\"potentialAction\":[{\"@type\":\"CommentAction\",\"name\":\"Comment\",\"target\":[\"https:\\\/\\\/dmcsrb.com\\\/politika\\\/ivanovic-nova-vlada-ce-uvesti-crnu-goru-u-eu-ali-se-nece-razlikovati-od-aktuelne\\\/#respond\"]}]},{\"@type\":\"WebPage\",\"@id\":\"https:\\\/\\\/dmcsrb.com\\\/politika\\\/ivanovic-nova-vlada-ce-uvesti-crnu-goru-u-eu-ali-se-nece-razlikovati-od-aktuelne\\\/\",\"url\":\"https:\\\/\\\/dmcsrb.com\\\/politika\\\/ivanovic-nova-vlada-ce-uvesti-crnu-goru-u-eu-ali-se-nece-razlikovati-od-aktuelne\\\/\",\"name\":\"Ivanovi\u0107: Nova vlada \u0107e uvesti Crnu Goru u EU, ali se ne\u0107e razlikovati od aktuelne - dmcsrb.com\",\"isPartOf\":{\"@id\":\"https:\\\/\\\/dmcsrb.com\\\/#website\"},\"primaryImageOfPage\":{\"@id\":\"https:\\\/\\\/dmcsrb.com\\\/politika\\\/ivanovic-nova-vlada-ce-uvesti-crnu-goru-u-eu-ali-se-nece-razlikovati-od-aktuelne\\\/#primaryimage\"},\"image\":{\"@id\":\"https:\\\/\\\/dmcsrb.com\\\/politika\\\/ivanovic-nova-vlada-ce-uvesti-crnu-goru-u-eu-ali-se-nece-razlikovati-od-aktuelne\\\/#primaryimage\"},\"thumbnailUrl\":\"https:\\\/\\\/dmcsrb.com\\\/wp-content\\\/uploads\\\/2026\\\/01\\\/Filip-Ivanovic-ministar-foto-gov-me-768x5051-1.jpg\",\"datePublished\":\"2025-12-01T05:40:00+00:00\",\"author\":{\"@id\":\"https:\\\/\\\/dmcsrb.com\\\/#\\\/schema\\\/person\\\/5c39170f12db1b8b457732d0b5c854e2\"},\"breadcrumb\":{\"@id\":\"https:\\\/\\\/dmcsrb.com\\\/politika\\\/ivanovic-nova-vlada-ce-uvesti-crnu-goru-u-eu-ali-se-nece-razlikovati-od-aktuelne\\\/#breadcrumb\"},\"inLanguage\":\"en-GB\",\"potentialAction\":[{\"@type\":\"ReadAction\",\"target\":[\"https:\\\/\\\/dmcsrb.com\\\/politika\\\/ivanovic-nova-vlada-ce-uvesti-crnu-goru-u-eu-ali-se-nece-razlikovati-od-aktuelne\\\/\"]}]},{\"@type\":\"ImageObject\",\"inLanguage\":\"en-GB\",\"@id\":\"https:\\\/\\\/dmcsrb.com\\\/politika\\\/ivanovic-nova-vlada-ce-uvesti-crnu-goru-u-eu-ali-se-nece-razlikovati-od-aktuelne\\\/#primaryimage\",\"url\":\"https:\\\/\\\/dmcsrb.com\\\/wp-content\\\/uploads\\\/2026\\\/01\\\/Filip-Ivanovic-ministar-foto-gov-me-768x5051-1.jpg\",\"contentUrl\":\"https:\\\/\\\/dmcsrb.com\\\/wp-content\\\/uploads\\\/2026\\\/01\\\/Filip-Ivanovic-ministar-foto-gov-me-768x5051-1.jpg\",\"width\":768,\"height\":505},{\"@type\":\"BreadcrumbList\",\"@id\":\"https:\\\/\\\/dmcsrb.com\\\/politika\\\/ivanovic-nova-vlada-ce-uvesti-crnu-goru-u-eu-ali-se-nece-razlikovati-od-aktuelne\\\/#breadcrumb\",\"itemListElement\":[{\"@type\":\"ListItem\",\"position\":1,\"name\":\"Home\",\"item\":\"https:\\\/\\\/dmcsrb.com\\\/\"},{\"@type\":\"ListItem\",\"position\":2,\"name\":\"Ivanovi\u0107: Nova vlada \u0107e uvesti Crnu Goru u EU, ali se ne\u0107e razlikovati od aktuelne\"}]},{\"@type\":\"WebSite\",\"@id\":\"https:\\\/\\\/dmcsrb.com\\\/#website\",\"url\":\"https:\\\/\\\/dmcsrb.com\\\/\",\"name\":\"dmcsrb.com\",\"description\":\"\",\"potentialAction\":[{\"@type\":\"SearchAction\",\"target\":{\"@type\":\"EntryPoint\",\"urlTemplate\":\"https:\\\/\\\/dmcsrb.com\\\/?s={search_term_string}\"},\"query-input\":{\"@type\":\"PropertyValueSpecification\",\"valueRequired\":true,\"valueName\":\"search_term_string\"}}],\"inLanguage\":\"en-GB\"},{\"@type\":\"Person\",\"@id\":\"https:\\\/\\\/dmcsrb.com\\\/#\\\/schema\\\/person\\\/5c39170f12db1b8b457732d0b5c854e2\",\"name\":\"dmcsrbija.com@gmail.com\",\"image\":{\"@type\":\"ImageObject\",\"inLanguage\":\"en-GB\",\"@id\":\"https:\\\/\\\/secure.gravatar.com\\\/avatar\\\/68592660ad6347fad0fb587f8d5d8f1a7b44961362f56e4f2cd524feb87e9069?s=96&d=mm&r=g\",\"url\":\"https:\\\/\\\/secure.gravatar.com\\\/avatar\\\/68592660ad6347fad0fb587f8d5d8f1a7b44961362f56e4f2cd524feb87e9069?s=96&d=mm&r=g\",\"contentUrl\":\"https:\\\/\\\/secure.gravatar.com\\\/avatar\\\/68592660ad6347fad0fb587f8d5d8f1a7b44961362f56e4f2cd524feb87e9069?s=96&d=mm&r=g\",\"caption\":\"dmcsrbija.com@gmail.com\"},\"sameAs\":[\"https:\\\/\\\/dmcsrb.com\"],\"url\":\"https:\\\/\\\/dmcsrb.com\\\/en\\\/author\\\/dmcsrbija-comgmail-com\\\/\"}]}<\/script>\n<!-- \/ Yoast SEO plugin. -->","yoast_head_json":{"title":"Ivanovi\u0107: Nova vlada \u0107e uvesti Crnu Goru u EU, ali se ne\u0107e razlikovati od aktuelne - dmcsrb.com","robots":{"index":"index","follow":"follow","max-snippet":"max-snippet:-1","max-image-preview":"max-image-preview:large","max-video-preview":"max-video-preview:-1"},"canonical":"https:\/\/dmcsrb.com\/en\/politika\/ivanovic-nova-vlada-ce-uvesti-crnu-goru-u-eu-ali-se-nece-razlikovati-od-aktuelne\/","og_locale":"en_GB","og_type":"article","og_title":"Ivanovi\u0107: Nova vlada \u0107e uvesti Crnu Goru u EU, ali se ne\u0107e razlikovati od aktuelne - dmcsrb.com","og_description":"Crna Gora ulazi u najosjetljiviju fazu evropskih integracija, a nova vlada \u2013 iako \u0107e, prema rije\u010dima potpredsjednika Vlade za vanjske i evropske poslove\u00a0Filipa Ivanovi\u0107a, zavr\u0161iti tehni\u010dki dio pregovora \u2013 ne\u0107e biti ona koja \u0107e zemlju formalno uvesti u EU. Taj posao \u010deka izvr\u0161nu vlast koja \u0107e biti formirana nakon izbora 2027. godine, ali Ivanovi\u0107 tvrdi da se njen sastav \u201cne\u0107e bitnije razlikovati od aktuelnog\u201d.","og_url":"https:\/\/dmcsrb.com\/en\/politika\/ivanovic-nova-vlada-ce-uvesti-crnu-goru-u-eu-ali-se-nece-razlikovati-od-aktuelne\/","og_site_name":"dmcsrb.com","article_published_time":"2025-12-01T05:40:00+00:00","og_image":[{"width":768,"height":505,"url":"https:\/\/dmcsrb.com\/wp-content\/uploads\/2026\/01\/Filip-Ivanovic-ministar-foto-gov-me-768x5051-1.jpg","type":"image\/jpeg"}],"author":"dmcsrbija.com@gmail.com","twitter_card":"summary_large_image","twitter_misc":{"Written by":"dmcsrbija.com@gmail.com","Estimated reading time":"3 minutes"},"schema":{"@context":"https:\/\/schema.org","@graph":[{"@type":"Article","@id":"https:\/\/dmcsrb.com\/politika\/ivanovic-nova-vlada-ce-uvesti-crnu-goru-u-eu-ali-se-nece-razlikovati-od-aktuelne\/#article","isPartOf":{"@id":"https:\/\/dmcsrb.com\/politika\/ivanovic-nova-vlada-ce-uvesti-crnu-goru-u-eu-ali-se-nece-razlikovati-od-aktuelne\/"},"author":{"name":"dmcsrbija.com@gmail.com","@id":"https:\/\/dmcsrb.com\/#\/schema\/person\/5c39170f12db1b8b457732d0b5c854e2"},"headline":"Ivanovi\u0107: Nova vlada \u0107e uvesti Crnu Goru u EU, ali se ne\u0107e razlikovati od aktuelne","datePublished":"2025-12-01T05:40:00+00:00","mainEntityOfPage":{"@id":"https:\/\/dmcsrb.com\/politika\/ivanovic-nova-vlada-ce-uvesti-crnu-goru-u-eu-ali-se-nece-razlikovati-od-aktuelne\/"},"wordCount":565,"commentCount":0,"image":{"@id":"https:\/\/dmcsrb.com\/politika\/ivanovic-nova-vlada-ce-uvesti-crnu-goru-u-eu-ali-se-nece-razlikovati-od-aktuelne\/#primaryimage"},"thumbnailUrl":"https:\/\/dmcsrb.com\/wp-content\/uploads\/2026\/01\/Filip-Ivanovic-ministar-foto-gov-me-768x5051-1.jpg","keywords":["EU","Filip Ivanovi\u0107","vlada"],"articleSection":["Politika"],"inLanguage":"en-GB","potentialAction":[{"@type":"CommentAction","name":"Comment","target":["https:\/\/dmcsrb.com\/politika\/ivanovic-nova-vlada-ce-uvesti-crnu-goru-u-eu-ali-se-nece-razlikovati-od-aktuelne\/#respond"]}]},{"@type":"WebPage","@id":"https:\/\/dmcsrb.com\/politika\/ivanovic-nova-vlada-ce-uvesti-crnu-goru-u-eu-ali-se-nece-razlikovati-od-aktuelne\/","url":"https:\/\/dmcsrb.com\/politika\/ivanovic-nova-vlada-ce-uvesti-crnu-goru-u-eu-ali-se-nece-razlikovati-od-aktuelne\/","name":"Ivanovi\u0107: Nova vlada \u0107e uvesti Crnu Goru u EU, ali se ne\u0107e razlikovati od aktuelne - dmcsrb.com","isPartOf":{"@id":"https:\/\/dmcsrb.com\/#website"},"primaryImageOfPage":{"@id":"https:\/\/dmcsrb.com\/politika\/ivanovic-nova-vlada-ce-uvesti-crnu-goru-u-eu-ali-se-nece-razlikovati-od-aktuelne\/#primaryimage"},"image":{"@id":"https:\/\/dmcsrb.com\/politika\/ivanovic-nova-vlada-ce-uvesti-crnu-goru-u-eu-ali-se-nece-razlikovati-od-aktuelne\/#primaryimage"},"thumbnailUrl":"https:\/\/dmcsrb.com\/wp-content\/uploads\/2026\/01\/Filip-Ivanovic-ministar-foto-gov-me-768x5051-1.jpg","datePublished":"2025-12-01T05:40:00+00:00","author":{"@id":"https:\/\/dmcsrb.com\/#\/schema\/person\/5c39170f12db1b8b457732d0b5c854e2"},"breadcrumb":{"@id":"https:\/\/dmcsrb.com\/politika\/ivanovic-nova-vlada-ce-uvesti-crnu-goru-u-eu-ali-se-nece-razlikovati-od-aktuelne\/#breadcrumb"},"inLanguage":"en-GB","potentialAction":[{"@type":"ReadAction","target":["https:\/\/dmcsrb.com\/politika\/ivanovic-nova-vlada-ce-uvesti-crnu-goru-u-eu-ali-se-nece-razlikovati-od-aktuelne\/"]}]},{"@type":"ImageObject","inLanguage":"en-GB","@id":"https:\/\/dmcsrb.com\/politika\/ivanovic-nova-vlada-ce-uvesti-crnu-goru-u-eu-ali-se-nece-razlikovati-od-aktuelne\/#primaryimage","url":"https:\/\/dmcsrb.com\/wp-content\/uploads\/2026\/01\/Filip-Ivanovic-ministar-foto-gov-me-768x5051-1.jpg","contentUrl":"https:\/\/dmcsrb.com\/wp-content\/uploads\/2026\/01\/Filip-Ivanovic-ministar-foto-gov-me-768x5051-1.jpg","width":768,"height":505},{"@type":"BreadcrumbList","@id":"https:\/\/dmcsrb.com\/politika\/ivanovic-nova-vlada-ce-uvesti-crnu-goru-u-eu-ali-se-nece-razlikovati-od-aktuelne\/#breadcrumb","itemListElement":[{"@type":"ListItem","position":1,"name":"Home","item":"https:\/\/dmcsrb.com\/"},{"@type":"ListItem","position":2,"name":"Ivanovi\u0107: Nova vlada \u0107e uvesti Crnu Goru u EU, ali se ne\u0107e razlikovati od aktuelne"}]},{"@type":"WebSite","@id":"https:\/\/dmcsrb.com\/#website","url":"https:\/\/dmcsrb.com\/","name":"dmcsrb.com","description":"","potentialAction":[{"@type":"SearchAction","target":{"@type":"EntryPoint","urlTemplate":"https:\/\/dmcsrb.com\/?s={search_term_string}"},"query-input":{"@type":"PropertyValueSpecification","valueRequired":true,"valueName":"search_term_string"}}],"inLanguage":"en-GB"},{"@type":"Person","@id":"https:\/\/dmcsrb.com\/#\/schema\/person\/5c39170f12db1b8b457732d0b5c854e2","name":"dmcsrbija.com@gmail.com","image":{"@type":"ImageObject","inLanguage":"en-GB","@id":"https:\/\/secure.gravatar.com\/avatar\/68592660ad6347fad0fb587f8d5d8f1a7b44961362f56e4f2cd524feb87e9069?s=96&d=mm&r=g","url":"https:\/\/secure.gravatar.com\/avatar\/68592660ad6347fad0fb587f8d5d8f1a7b44961362f56e4f2cd524feb87e9069?s=96&d=mm&r=g","contentUrl":"https:\/\/secure.gravatar.com\/avatar\/68592660ad6347fad0fb587f8d5d8f1a7b44961362f56e4f2cd524feb87e9069?s=96&d=mm&r=g","caption":"dmcsrbija.com@gmail.com"},"sameAs":["https:\/\/dmcsrb.com"],"url":"https:\/\/dmcsrb.com\/en\/author\/dmcsrbija-comgmail-com\/"}]}},"_links":{"self":[{"href":"https:\/\/dmcsrb.com\/en\/wp-json\/wp\/v2\/posts\/908815","targetHints":{"allow":["GET"]}}],"collection":[{"href":"https:\/\/dmcsrb.com\/en\/wp-json\/wp\/v2\/posts"}],"about":[{"href":"https:\/\/dmcsrb.com\/en\/wp-json\/wp\/v2\/types\/post"}],"author":[{"embeddable":true,"href":"https:\/\/dmcsrb.com\/en\/wp-json\/wp\/v2\/users\/1"}],"replies":[{"embeddable":true,"href":"https:\/\/dmcsrb.com\/en\/wp-json\/wp\/v2\/comments?post=908815"}],"version-history":[{"count":0,"href":"https:\/\/dmcsrb.com\/en\/wp-json\/wp\/v2\/posts\/908815\/revisions"}],"wp:featuredmedia":[{"embeddable":true,"href":"https:\/\/dmcsrb.com\/en\/wp-json\/wp\/v2\/media\/908816"}],"wp:attachment":[{"href":"https:\/\/dmcsrb.com\/en\/wp-json\/wp\/v2\/media?parent=908815"}],"wp:term":[{"taxonomy":"category","embeddable":true,"href":"https:\/\/dmcsrb.com\/en\/wp-json\/wp\/v2\/categories?post=908815"},{"taxonomy":"post_tag","embeddable":true,"href":"https:\/\/dmcsrb.com\/en\/wp-json\/wp\/v2\/tags?post=908815"},{"taxonomy":"naslovna","embeddable":true,"href":"https:\/\/dmcsrb.com\/en\/wp-json\/wp\/v2\/naslovna?post=908815"}],"curies":[{"name":"wp","href":"https:\/\/api.w.org\/{rel}","templated":true}]}}