{"id":908798,"date":"2026-01-14T17:13:00","date_gmt":"2026-01-14T16:13:00","guid":{"rendered":"https:\/\/gradski.me\/?p=908798"},"modified":"2026-01-14T17:13:00","modified_gmt":"2026-01-14T16:13:00","slug":"preminuo-bivsi-predsjednik-kipra-jorgos-vasiliju","status":"publish","type":"post","link":"https:\/\/dmcsrb.com\/en\/svijet\/preminuo-bivsi-predsjednik-kipra-jorgos-vasiliju\/","title":{"rendered":"Preminuo biv\u0161i predsjednik Kipra Jorgos Vasiliju"},"content":{"rendered":"<p>Biv\u0161i predsjednik Kipra Jorgos Vasiliju preminuo je u 94. godini, saop\u0161tila je njegova supruga, Andrula Vasiliju.<\/p>\n\n\n\n<p>Vasiliju je hospitalizovan 6. januara u Op\u0161toj bolnici u Nikoziji zbog respiratorne infekcije, pi\u0161e list Katimerini.<\/p>\n\n\n\n<p>Kako navodi taj medij, Vasiliju \u0107e ostati upam\u0107en da je, kao kiparski predsjednik, aktivno promovisao rje\u0161enje kiparskog problema i pristupanje Kipra Evropskoj uniji.<\/p>\n\n\n\n<p>Ro\u0111en je 20. maja 1931. u Famagusti, koji se sada nalazi u turskom dijelu Kipra.<\/p>\n\n\n\n<p>Studirao je ekonomiju u \u017denevi, Be\u010du i Budimpe\u0161ti, gdje je doktorirao, a specijalizaciju iz marketinga i istra\u017eivanja tr\u017ei\u0161ta zavr\u0161io je u Londonu, penosi Tanjug.<\/p>\n\n\n\n<p>Prije ulaska u politiku, radio je kao ekonomista i istra\u017eiva\u010d tr\u017ei\u0161ta u Ujedinjenom Kraljevstvu, a 1962. godine osnovao je Istra\u017eiva\u010dki centar za Bliski istok (MERC), koji je postao najve\u0107a konsultantska organizacija u regionu.<\/p>\n\n\n\n<p>Vasiliju je izabran za predsjednika Kipra 21. februara 1988. i tu funkciju je obavljao do 1993. godine.<\/p>\n\n\n\n<p>Tokom njegove administracije osnovan je Univerzitet na Kipru, uveden je PDV i zakon o urbanisti\u010dkom planiranju, dodeljene su licence novim medijskim stanicama, a stranim investitorima omogu\u0107eno je ulaganje u zemlju.<\/p>","protected":false},"excerpt":{"rendered":"<p>Biv\u0161i predsjednik Kipra Jorgos Vasiliju preminuo je u 94. godini, saop\u0161tila je njegova supruga, Andrula Vasiliju.<\/p>","protected":false},"author":1,"featured_media":942684,"comment_status":"open","ping_status":"open","sticky":false,"template":"","format":"standard","meta":{"_acf_changed":false,"footnotes":""},"categories":[144],"tags":[15987,3595],"naslovna":[],"class_list":["post-908798","post","type-post","status-publish","format-standard","has-post-thumbnail","hentry","category-svijet","tag-jorgos-vasiliju","tag-kipar"],"acf":[],"yoast_head":"<!-- This site is optimized with the Yoast SEO plugin v27.4 - https:\/\/yoast.com\/product\/yoast-seo-wordpress\/ -->\n<title>Preminuo biv\u0161i predsjednik Kipra Jorgos Vasiliju - dmcsrb.com<\/title>\n<meta name=\"robots\" content=\"index, follow, max-snippet:-1, max-image-preview:large, max-video-preview:-1\" \/>\n<link rel=\"canonical\" href=\"https:\/\/dmcsrb.com\/en\/svijet\/preminuo-bivsi-predsjednik-kipra-jorgos-vasiliju\/\" \/>\n<meta property=\"og:locale\" content=\"en_GB\" \/>\n<meta property=\"og:type\" content=\"article\" \/>\n<meta property=\"og:title\" content=\"Preminuo biv\u0161i predsjednik Kipra Jorgos Vasiliju - dmcsrb.com\" \/>\n<meta property=\"og:description\" content=\"Biv\u0161i predsjednik Kipra Jorgos Vasiliju preminuo je u 94. godini, saop\u0161tila je njegova supruga, Andrula Vasiliju.\" \/>\n<meta property=\"og:url\" content=\"https:\/\/dmcsrb.com\/en\/svijet\/preminuo-bivsi-predsjednik-kipra-jorgos-vasiliju\/\" \/>\n<meta property=\"og:site_name\" content=\"dmcsrb.com\" \/>\n<meta property=\"article:published_time\" content=\"2026-01-14T16:13:00+00:00\" \/>\n<meta property=\"og:image\" content=\"https:\/\/dmcsrb.com\/wp-content\/uploads\/2026\/01\/kipar.webp\" \/>\n\t<meta property=\"og:image:width\" content=\"730\" \/>\n\t<meta property=\"og:image:height\" content=\"436\" \/>\n\t<meta property=\"og:image:type\" content=\"image\/webp\" \/>\n<meta name=\"author\" content=\"dmcsrbija.com@gmail.com\" \/>\n<meta name=\"twitter:card\" content=\"summary_large_image\" \/>\n<meta name=\"twitter:label1\" content=\"Written by\" \/>\n\t<meta name=\"twitter:data1\" content=\"dmcsrbija.com@gmail.com\" \/>\n\t<meta name=\"twitter:label2\" content=\"Estimated reading time\" \/>\n\t<meta name=\"twitter:data2\" content=\"1 minute\" \/>\n<script type=\"application\/ld+json\" class=\"yoast-schema-graph\">{\"@context\":\"https:\\\/\\\/schema.org\",\"@graph\":[{\"@type\":\"Article\",\"@id\":\"https:\\\/\\\/dmcsrb.com\\\/svijet\\\/preminuo-bivsi-predsjednik-kipra-jorgos-vasiliju\\\/#article\",\"isPartOf\":{\"@id\":\"https:\\\/\\\/dmcsrb.com\\\/svijet\\\/preminuo-bivsi-predsjednik-kipra-jorgos-vasiliju\\\/\"},\"author\":{\"name\":\"dmcsrbija.com@gmail.com\",\"@id\":\"https:\\\/\\\/dmcsrb.com\\\/#\\\/schema\\\/person\\\/5c39170f12db1b8b457732d0b5c854e2\"},\"headline\":\"Preminuo biv\u0161i predsjednik Kipra Jorgos Vasiliju\",\"datePublished\":\"2026-01-14T16:13:00+00:00\",\"mainEntityOfPage\":{\"@id\":\"https:\\\/\\\/dmcsrb.com\\\/svijet\\\/preminuo-bivsi-predsjednik-kipra-jorgos-vasiliju\\\/\"},\"wordCount\":194,\"commentCount\":0,\"image\":{\"@id\":\"https:\\\/\\\/dmcsrb.com\\\/svijet\\\/preminuo-bivsi-predsjednik-kipra-jorgos-vasiliju\\\/#primaryimage\"},\"thumbnailUrl\":\"https:\\\/\\\/dmcsrb.com\\\/wp-content\\\/uploads\\\/2026\\\/01\\\/kipar.webp\",\"keywords\":[\"Jorgos Vasiliju\",\"Kipar\"],\"articleSection\":[\"Svijet\"],\"inLanguage\":\"en-GB\",\"potentialAction\":[{\"@type\":\"CommentAction\",\"name\":\"Comment\",\"target\":[\"https:\\\/\\\/dmcsrb.com\\\/svijet\\\/preminuo-bivsi-predsjednik-kipra-jorgos-vasiliju\\\/#respond\"]}]},{\"@type\":\"WebPage\",\"@id\":\"https:\\\/\\\/dmcsrb.com\\\/svijet\\\/preminuo-bivsi-predsjednik-kipra-jorgos-vasiliju\\\/\",\"url\":\"https:\\\/\\\/dmcsrb.com\\\/svijet\\\/preminuo-bivsi-predsjednik-kipra-jorgos-vasiliju\\\/\",\"name\":\"Preminuo biv\u0161i predsjednik Kipra Jorgos Vasiliju - dmcsrb.com\",\"isPartOf\":{\"@id\":\"https:\\\/\\\/dmcsrb.com\\\/#website\"},\"primaryImageOfPage\":{\"@id\":\"https:\\\/\\\/dmcsrb.com\\\/svijet\\\/preminuo-bivsi-predsjednik-kipra-jorgos-vasiliju\\\/#primaryimage\"},\"image\":{\"@id\":\"https:\\\/\\\/dmcsrb.com\\\/svijet\\\/preminuo-bivsi-predsjednik-kipra-jorgos-vasiliju\\\/#primaryimage\"},\"thumbnailUrl\":\"https:\\\/\\\/dmcsrb.com\\\/wp-content\\\/uploads\\\/2026\\\/01\\\/kipar.webp\",\"datePublished\":\"2026-01-14T16:13:00+00:00\",\"author\":{\"@id\":\"https:\\\/\\\/dmcsrb.com\\\/#\\\/schema\\\/person\\\/5c39170f12db1b8b457732d0b5c854e2\"},\"breadcrumb\":{\"@id\":\"https:\\\/\\\/dmcsrb.com\\\/svijet\\\/preminuo-bivsi-predsjednik-kipra-jorgos-vasiliju\\\/#breadcrumb\"},\"inLanguage\":\"en-GB\",\"potentialAction\":[{\"@type\":\"ReadAction\",\"target\":[\"https:\\\/\\\/dmcsrb.com\\\/svijet\\\/preminuo-bivsi-predsjednik-kipra-jorgos-vasiliju\\\/\"]}]},{\"@type\":\"ImageObject\",\"inLanguage\":\"en-GB\",\"@id\":\"https:\\\/\\\/dmcsrb.com\\\/svijet\\\/preminuo-bivsi-predsjednik-kipra-jorgos-vasiliju\\\/#primaryimage\",\"url\":\"https:\\\/\\\/dmcsrb.com\\\/wp-content\\\/uploads\\\/2026\\\/01\\\/kipar.webp\",\"contentUrl\":\"https:\\\/\\\/dmcsrb.com\\\/wp-content\\\/uploads\\\/2026\\\/01\\\/kipar.webp\",\"width\":730,\"height\":436,\"caption\":\"Foto: Pixabay\"},{\"@type\":\"BreadcrumbList\",\"@id\":\"https:\\\/\\\/dmcsrb.com\\\/svijet\\\/preminuo-bivsi-predsjednik-kipra-jorgos-vasiliju\\\/#breadcrumb\",\"itemListElement\":[{\"@type\":\"ListItem\",\"position\":1,\"name\":\"Home\",\"item\":\"https:\\\/\\\/dmcsrb.com\\\/\"},{\"@type\":\"ListItem\",\"position\":2,\"name\":\"Preminuo biv\u0161i predsjednik Kipra Jorgos Vasiliju\"}]},{\"@type\":\"WebSite\",\"@id\":\"https:\\\/\\\/dmcsrb.com\\\/#website\",\"url\":\"https:\\\/\\\/dmcsrb.com\\\/\",\"name\":\"dmcsrb.com\",\"description\":\"\",\"potentialAction\":[{\"@type\":\"SearchAction\",\"target\":{\"@type\":\"EntryPoint\",\"urlTemplate\":\"https:\\\/\\\/dmcsrb.com\\\/?s={search_term_string}\"},\"query-input\":{\"@type\":\"PropertyValueSpecification\",\"valueRequired\":true,\"valueName\":\"search_term_string\"}}],\"inLanguage\":\"en-GB\"},{\"@type\":\"Person\",\"@id\":\"https:\\\/\\\/dmcsrb.com\\\/#\\\/schema\\\/person\\\/5c39170f12db1b8b457732d0b5c854e2\",\"name\":\"dmcsrbija.com@gmail.com\",\"image\":{\"@type\":\"ImageObject\",\"inLanguage\":\"en-GB\",\"@id\":\"https:\\\/\\\/secure.gravatar.com\\\/avatar\\\/68592660ad6347fad0fb587f8d5d8f1a7b44961362f56e4f2cd524feb87e9069?s=96&d=mm&r=g\",\"url\":\"https:\\\/\\\/secure.gravatar.com\\\/avatar\\\/68592660ad6347fad0fb587f8d5d8f1a7b44961362f56e4f2cd524feb87e9069?s=96&d=mm&r=g\",\"contentUrl\":\"https:\\\/\\\/secure.gravatar.com\\\/avatar\\\/68592660ad6347fad0fb587f8d5d8f1a7b44961362f56e4f2cd524feb87e9069?s=96&d=mm&r=g\",\"caption\":\"dmcsrbija.com@gmail.com\"},\"sameAs\":[\"https:\\\/\\\/dmcsrb.com\"],\"url\":\"https:\\\/\\\/dmcsrb.com\\\/en\\\/author\\\/dmcsrbija-comgmail-com\\\/\"}]}<\/script>\n<!-- \/ Yoast SEO plugin. -->","yoast_head_json":{"title":"Preminuo biv\u0161i predsjednik Kipra Jorgos Vasiliju - dmcsrb.com","robots":{"index":"index","follow":"follow","max-snippet":"max-snippet:-1","max-image-preview":"max-image-preview:large","max-video-preview":"max-video-preview:-1"},"canonical":"https:\/\/dmcsrb.com\/en\/svijet\/preminuo-bivsi-predsjednik-kipra-jorgos-vasiliju\/","og_locale":"en_GB","og_type":"article","og_title":"Preminuo biv\u0161i predsjednik Kipra Jorgos Vasiliju - dmcsrb.com","og_description":"Biv\u0161i predsjednik Kipra Jorgos Vasiliju preminuo je u 94. godini, saop\u0161tila je njegova supruga, Andrula Vasiliju.","og_url":"https:\/\/dmcsrb.com\/en\/svijet\/preminuo-bivsi-predsjednik-kipra-jorgos-vasiliju\/","og_site_name":"dmcsrb.com","article_published_time":"2026-01-14T16:13:00+00:00","og_image":[{"width":730,"height":436,"url":"https:\/\/dmcsrb.com\/wp-content\/uploads\/2026\/01\/kipar.webp","type":"image\/webp"}],"author":"dmcsrbija.com@gmail.com","twitter_card":"summary_large_image","twitter_misc":{"Written by":"dmcsrbija.com@gmail.com","Estimated reading time":"1 minute"},"schema":{"@context":"https:\/\/schema.org","@graph":[{"@type":"Article","@id":"https:\/\/dmcsrb.com\/svijet\/preminuo-bivsi-predsjednik-kipra-jorgos-vasiliju\/#article","isPartOf":{"@id":"https:\/\/dmcsrb.com\/svijet\/preminuo-bivsi-predsjednik-kipra-jorgos-vasiliju\/"},"author":{"name":"dmcsrbija.com@gmail.com","@id":"https:\/\/dmcsrb.com\/#\/schema\/person\/5c39170f12db1b8b457732d0b5c854e2"},"headline":"Preminuo biv\u0161i predsjednik Kipra Jorgos Vasiliju","datePublished":"2026-01-14T16:13:00+00:00","mainEntityOfPage":{"@id":"https:\/\/dmcsrb.com\/svijet\/preminuo-bivsi-predsjednik-kipra-jorgos-vasiliju\/"},"wordCount":194,"commentCount":0,"image":{"@id":"https:\/\/dmcsrb.com\/svijet\/preminuo-bivsi-predsjednik-kipra-jorgos-vasiliju\/#primaryimage"},"thumbnailUrl":"https:\/\/dmcsrb.com\/wp-content\/uploads\/2026\/01\/kipar.webp","keywords":["Jorgos Vasiliju","Kipar"],"articleSection":["Svijet"],"inLanguage":"en-GB","potentialAction":[{"@type":"CommentAction","name":"Comment","target":["https:\/\/dmcsrb.com\/svijet\/preminuo-bivsi-predsjednik-kipra-jorgos-vasiliju\/#respond"]}]},{"@type":"WebPage","@id":"https:\/\/dmcsrb.com\/svijet\/preminuo-bivsi-predsjednik-kipra-jorgos-vasiliju\/","url":"https:\/\/dmcsrb.com\/svijet\/preminuo-bivsi-predsjednik-kipra-jorgos-vasiliju\/","name":"Preminuo biv\u0161i predsjednik Kipra Jorgos Vasiliju - dmcsrb.com","isPartOf":{"@id":"https:\/\/dmcsrb.com\/#website"},"primaryImageOfPage":{"@id":"https:\/\/dmcsrb.com\/svijet\/preminuo-bivsi-predsjednik-kipra-jorgos-vasiliju\/#primaryimage"},"image":{"@id":"https:\/\/dmcsrb.com\/svijet\/preminuo-bivsi-predsjednik-kipra-jorgos-vasiliju\/#primaryimage"},"thumbnailUrl":"https:\/\/dmcsrb.com\/wp-content\/uploads\/2026\/01\/kipar.webp","datePublished":"2026-01-14T16:13:00+00:00","author":{"@id":"https:\/\/dmcsrb.com\/#\/schema\/person\/5c39170f12db1b8b457732d0b5c854e2"},"breadcrumb":{"@id":"https:\/\/dmcsrb.com\/svijet\/preminuo-bivsi-predsjednik-kipra-jorgos-vasiliju\/#breadcrumb"},"inLanguage":"en-GB","potentialAction":[{"@type":"ReadAction","target":["https:\/\/dmcsrb.com\/svijet\/preminuo-bivsi-predsjednik-kipra-jorgos-vasiliju\/"]}]},{"@type":"ImageObject","inLanguage":"en-GB","@id":"https:\/\/dmcsrb.com\/svijet\/preminuo-bivsi-predsjednik-kipra-jorgos-vasiliju\/#primaryimage","url":"https:\/\/dmcsrb.com\/wp-content\/uploads\/2026\/01\/kipar.webp","contentUrl":"https:\/\/dmcsrb.com\/wp-content\/uploads\/2026\/01\/kipar.webp","width":730,"height":436,"caption":"Foto: Pixabay"},{"@type":"BreadcrumbList","@id":"https:\/\/dmcsrb.com\/svijet\/preminuo-bivsi-predsjednik-kipra-jorgos-vasiliju\/#breadcrumb","itemListElement":[{"@type":"ListItem","position":1,"name":"Home","item":"https:\/\/dmcsrb.com\/"},{"@type":"ListItem","position":2,"name":"Preminuo biv\u0161i predsjednik Kipra Jorgos Vasiliju"}]},{"@type":"WebSite","@id":"https:\/\/dmcsrb.com\/#website","url":"https:\/\/dmcsrb.com\/","name":"dmcsrb.com","description":"","potentialAction":[{"@type":"SearchAction","target":{"@type":"EntryPoint","urlTemplate":"https:\/\/dmcsrb.com\/?s={search_term_string}"},"query-input":{"@type":"PropertyValueSpecification","valueRequired":true,"valueName":"search_term_string"}}],"inLanguage":"en-GB"},{"@type":"Person","@id":"https:\/\/dmcsrb.com\/#\/schema\/person\/5c39170f12db1b8b457732d0b5c854e2","name":"dmcsrbija.com@gmail.com","image":{"@type":"ImageObject","inLanguage":"en-GB","@id":"https:\/\/secure.gravatar.com\/avatar\/68592660ad6347fad0fb587f8d5d8f1a7b44961362f56e4f2cd524feb87e9069?s=96&d=mm&r=g","url":"https:\/\/secure.gravatar.com\/avatar\/68592660ad6347fad0fb587f8d5d8f1a7b44961362f56e4f2cd524feb87e9069?s=96&d=mm&r=g","contentUrl":"https:\/\/secure.gravatar.com\/avatar\/68592660ad6347fad0fb587f8d5d8f1a7b44961362f56e4f2cd524feb87e9069?s=96&d=mm&r=g","caption":"dmcsrbija.com@gmail.com"},"sameAs":["https:\/\/dmcsrb.com"],"url":"https:\/\/dmcsrb.com\/en\/author\/dmcsrbija-comgmail-com\/"}]}},"_links":{"self":[{"href":"https:\/\/dmcsrb.com\/en\/wp-json\/wp\/v2\/posts\/908798","targetHints":{"allow":["GET"]}}],"collection":[{"href":"https:\/\/dmcsrb.com\/en\/wp-json\/wp\/v2\/posts"}],"about":[{"href":"https:\/\/dmcsrb.com\/en\/wp-json\/wp\/v2\/types\/post"}],"author":[{"embeddable":true,"href":"https:\/\/dmcsrb.com\/en\/wp-json\/wp\/v2\/users\/1"}],"replies":[{"embeddable":true,"href":"https:\/\/dmcsrb.com\/en\/wp-json\/wp\/v2\/comments?post=908798"}],"version-history":[{"count":0,"href":"https:\/\/dmcsrb.com\/en\/wp-json\/wp\/v2\/posts\/908798\/revisions"}],"wp:featuredmedia":[{"embeddable":true,"href":"https:\/\/dmcsrb.com\/en\/wp-json\/wp\/v2\/media\/942684"}],"wp:attachment":[{"href":"https:\/\/dmcsrb.com\/en\/wp-json\/wp\/v2\/media?parent=908798"}],"wp:term":[{"taxonomy":"category","embeddable":true,"href":"https:\/\/dmcsrb.com\/en\/wp-json\/wp\/v2\/categories?post=908798"},{"taxonomy":"post_tag","embeddable":true,"href":"https:\/\/dmcsrb.com\/en\/wp-json\/wp\/v2\/tags?post=908798"},{"taxonomy":"naslovna","embeddable":true,"href":"https:\/\/dmcsrb.com\/en\/wp-json\/wp\/v2\/naslovna?post=908798"}],"curies":[{"name":"wp","href":"https:\/\/api.w.org\/{rel}","templated":true}]}}