{"id":908672,"date":"2025-11-30T11:56:00","date_gmt":"2025-11-30T10:56:00","guid":{"rendered":"https:\/\/dmcsrb.com\/uncategorized\/erdogan-sve-cemo-razotkriti-svijet-vise-ne-moze-ignorisati-genocid\/"},"modified":"2025-11-30T11:56:00","modified_gmt":"2025-11-30T10:56:00","slug":"erdogan-sve-cemo-razotkriti-svijet-vise-ne-moze-ignorisati-genocid","status":"publish","type":"post","link":"https:\/\/dmcsrb.com\/en\/svijet\/erdogan-sve-cemo-razotkriti-svijet-vise-ne-moze-ignorisati-genocid\/","title":{"rendered":"Erdogan: Sve \u0107emo razotkriti, svijet vi\u0161e ne mo\u017ee ignorisati genocid"},"content":{"rendered":"<p><\/p>\n\n\n\n<p>Govore\u0107i na ceremoniji dodjele nagrada \u0130lim Yayma u Istanbulu, Erdogan je istakao da je od po\u010detka izraelskih operacija pogo\u0111eno 80 odsto obrazovnih objekata u Gazi, ukupno 668 \u0161kola, dok je 165 potpuno uni\u0161teno, a 392 o\u0161te\u0107ene do mjere neupotrebljivosti.<\/p>\n\n\n\n<p>Prema podacima koje je iznio, izraelske snage su, od po\u010detka rata, usmrtile vi\u0161e od 13.500 u\u010denika, preko 830 nastavnika i 193 nau\u010dnika i akademika, dok je vi\u0161e od 785.000 u\u010denika ostalo bez prava na obrazovanje.<\/p>\n\n\n\n<p>&#8220;Ovo nisu surove posljedice rata, ovo je svjesna, planirana politika masovnog uni\u0161tavanja&#8221;, rekao je Erdogan.<\/p>\n\n\n\n<p><strong>&#8220;Ignorisanje genocida zna\u010di sau\u010desni\u0161tvo&#8221;<\/strong><\/p>\n\n\n\n<p>Turski predsjednik upozorio je da je Izrael vi\u0161e puta prekr\u0161io primirje &#8220;pod izmi\u0161ljenim izgovorima&#8221;, dok Hamas, kako tvrdi, &#8220;pokazuje strpljenje&#8221; i po\u0161tuje dogovore.<\/p>\n\n\n\n<p>&#8220;Ignorisati ili \u0107utati o izraelskom genocidu u Gazi zna\u010di biti njegov sau\u010desnik. Mi nikada nismo \u0161utjeli o Palestini i nikada ne\u0107emo&#8221;, poru\u010dio je Erdogan, podsjetiv\u0161i da Turska &#8220;na svakoj me\u0111unarodnoj platformi jasno iznosi svoj stav&#8221;.<\/p>\n\n\n\n<p>Njegov govor odr\u017ean je na Me\u0111unarodni dan solidarnosti s palestinskim narodom, a Ankara je ponovo potvrdila svoju &#8220;nepokolebljivu podr\u0161ku palestinskim pravima i dr\u017eavnosti&#8221;.<\/p>\n\n\n\n<p><strong>Kritike me\u0111unarodnim medijima<\/strong><\/p>\n\n\n\n<p>Erdogan je optu\u017eio globalne medijske ku\u0107e da ne izvje\u0161tavaju adekvatno o stradanjima novinara u Gazi, navode\u0107i da je od po\u010detka sukoba ubijeno vi\u0161e od 270 novinara.<\/p>\n\n\n\n<p>&#8220;Me\u0111unarodni mediji, koji su tokom Gezi protesta bili u Istanbulu, sada nisu \u010dak ni spomenuli smrt svojih kolega u Gazi&#8221;, rekao je.<\/p>\n\n\n\n<p>S pribli\u017eavanjem zime, Erdogan je naglasio da Turska poja\u010dava aktivnosti na dostavljanju humanitarne pomo\u0107i u Gazu.<\/p>\n\n\n\n<p>&#8220;Radimo sve \u0161to je potrebno kako bismo odr\u017eali prekid vatre i omogu\u0107ili isporuku pomo\u0107i. Izrael to na svakom koraku opstruira&#8221;, rekao je, dodaju\u0107i da se Palestinci nalaze u &#8220;katastrofalnim uslovima&#8221;.<\/p>\n\n\n\n<p>Ponovio je i posve\u0107enost Ankare rje\u0161enju zasnovanom na dvije dr\u017eave, pozivaju\u0107i na uspostavljanje &#8220;slobodne, suverene i nezavisne Dr\u017eave Palestine u granicama iz 1967. godine, s Isto\u010dnim Jerusalimom kao glavnim gradom&#8221;.<\/p>\n\n\n\n<p><strong>\u0160ira poruka: kritika globalnog poretka i &#8220;brisanja humanosti&#8221;<\/strong><\/p>\n\n\n\n<p>U drugom dijelu govora, Erdogan se osvrnuo na svjetske trendove koje je opisao kao &#8220;metodi\u010dko potiskivanje moralnih i humanisti\u010dkih vrijednosti&#8221;.<\/p>\n\n\n\n<p>&#8220;Oni \u017eele svesti ljudsko bi\u0107e na materiju, na umjetnu konstrukciju. Poku\u0161avaju izbaciti pojmove poput dobrote, etike, savjesti i saosje\u0107anja iz kolektivne svijesti,&#8221; rekao je, tvrde\u0107i da je &#8220;pozitivisti\u010dki i materijalisti\u010dki pogled&#8221; doprinio tome da se &#8220;brutalni zlo\u010dini u Gazi do\u017eivljavaju kao normalni&#8221;.<\/p>\n\n\n\n<p>Ukazao je i na to da je protiv Turske vo\u0111ena &#8220;kampanja dezinformacija&#8221; kako bi se potkopala solidarnost turskog naroda s Palestincima, tvrde\u0107i da je dio tih aktivnosti vo\u0111en iz inostranstva, uklju\u010duju\u0107i i mre\u017ee povezane s FET\u00d6-om.<\/p>\n\n\n\n<p>Erdogan je poru\u010dio da \u0107e Turska nastaviti svoju politi\u010dku i diplomatsku borbu i da \u0107e razotkriti one \u010diji je cilj ignorisanje genocida.<\/p>\n\n\n\n<p>&#8220;Na\u0161 cilj je region bez terorizma, u kojem \u0107e vladati bratstvo i mir. Sabur, oprez i samopouzdanje, tako \u0107emo pobijediti,&#8221; rekao je, dodaju\u0107i da se sprema &#8220;nova istorijska epoha&#8221; u kojoj \u0107e Turska zauzeti &#8220;veliko, sna\u017eno i \u010dasno mjesto&#8221;.<\/p>","protected":false},"excerpt":{"rendered":"<p>Predsjednik Turske Red\u017eep Tajip Erdogan o\u0161tro je kritikovao Izrael zbog, kako je naveo, &#8220;sistematskog uni\u0161tavanja obrazovne infrastrukture i masakra civila&#8221; u Gazi, upozoriv\u0161i da takve akcije potkopavaju napore za odr\u017eavanje krhkog primirja.<\/p>","protected":false},"author":1,"featured_media":908673,"comment_status":"open","ping_status":"open","sticky":false,"template":"","format":"standard","meta":{"_acf_changed":false,"footnotes":""},"categories":[144],"tags":[1559,751,4961,1066],"naslovna":[],"class_list":["post-908672","post","type-post","status-publish","format-standard","has-post-thumbnail","hentry","category-svijet","tag-gaza","tag-izrael","tag-redzep-tajip-erdogan","tag-turska"],"acf":[],"yoast_head":"<!-- This site is optimized with the Yoast SEO plugin v27.4 - https:\/\/yoast.com\/product\/yoast-seo-wordpress\/ -->\n<title>Erdogan: Sve \u0107emo razotkriti, svijet vi\u0161e ne mo\u017ee ignorisati genocid - dmcsrb.com<\/title>\n<meta name=\"robots\" content=\"index, follow, max-snippet:-1, max-image-preview:large, max-video-preview:-1\" \/>\n<link rel=\"canonical\" href=\"https:\/\/dmcsrb.com\/en\/svijet\/erdogan-sve-cemo-razotkriti-svijet-vise-ne-moze-ignorisati-genocid\/\" \/>\n<meta property=\"og:locale\" content=\"en_GB\" \/>\n<meta property=\"og:type\" content=\"article\" \/>\n<meta property=\"og:title\" content=\"Erdogan: Sve \u0107emo razotkriti, svijet vi\u0161e ne mo\u017ee ignorisati genocid - dmcsrb.com\" \/>\n<meta property=\"og:description\" content=\"Predsjednik Turske Red\u017eep Tajip Erdogan o\u0161tro je kritikovao Izrael zbog, kako je naveo, &quot;sistematskog uni\u0161tavanja obrazovne infrastrukture i masakra civila&quot; u Gazi, upozoriv\u0161i da takve akcije potkopavaju napore za odr\u017eavanje krhkog primirja.\" \/>\n<meta property=\"og:url\" content=\"https:\/\/dmcsrb.com\/en\/svijet\/erdogan-sve-cemo-razotkriti-svijet-vise-ne-moze-ignorisati-genocid\/\" \/>\n<meta property=\"og:site_name\" content=\"dmcsrb.com\" \/>\n<meta property=\"article:published_time\" content=\"2025-11-30T10:56:00+00:00\" \/>\n<meta property=\"og:image\" content=\"https:\/\/dmcsrb.com\/wp-content\/uploads\/2026\/01\/3000-3-scaled-1.jpeg\" \/>\n\t<meta property=\"og:image:width\" content=\"2560\" \/>\n\t<meta property=\"og:image:height\" content=\"1699\" \/>\n\t<meta property=\"og:image:type\" content=\"image\/jpeg\" \/>\n<meta name=\"author\" content=\"dmcsrbija.com@gmail.com\" \/>\n<meta name=\"twitter:card\" content=\"summary_large_image\" \/>\n<meta name=\"twitter:label1\" content=\"Written by\" \/>\n\t<meta name=\"twitter:data1\" content=\"dmcsrbija.com@gmail.com\" \/>\n\t<meta name=\"twitter:label2\" content=\"Estimated reading time\" \/>\n\t<meta name=\"twitter:data2\" content=\"3 minutes\" \/>\n<script type=\"application\/ld+json\" class=\"yoast-schema-graph\">{\"@context\":\"https:\\\/\\\/schema.org\",\"@graph\":[{\"@type\":\"Article\",\"@id\":\"https:\\\/\\\/dmcsrb.com\\\/svijet\\\/erdogan-sve-cemo-razotkriti-svijet-vise-ne-moze-ignorisati-genocid\\\/#article\",\"isPartOf\":{\"@id\":\"https:\\\/\\\/dmcsrb.com\\\/svijet\\\/erdogan-sve-cemo-razotkriti-svijet-vise-ne-moze-ignorisati-genocid\\\/\"},\"author\":{\"name\":\"dmcsrbija.com@gmail.com\",\"@id\":\"https:\\\/\\\/dmcsrb.com\\\/#\\\/schema\\\/person\\\/5c39170f12db1b8b457732d0b5c854e2\"},\"headline\":\"Erdogan: Sve \u0107emo razotkriti, svijet vi\u0161e ne mo\u017ee ignorisati genocid\",\"datePublished\":\"2025-11-30T10:56:00+00:00\",\"mainEntityOfPage\":{\"@id\":\"https:\\\/\\\/dmcsrb.com\\\/svijet\\\/erdogan-sve-cemo-razotkriti-svijet-vise-ne-moze-ignorisati-genocid\\\/\"},\"wordCount\":542,\"commentCount\":0,\"image\":{\"@id\":\"https:\\\/\\\/dmcsrb.com\\\/svijet\\\/erdogan-sve-cemo-razotkriti-svijet-vise-ne-moze-ignorisati-genocid\\\/#primaryimage\"},\"thumbnailUrl\":\"https:\\\/\\\/dmcsrb.com\\\/wp-content\\\/uploads\\\/2026\\\/01\\\/3000-3-scaled-1.jpeg\",\"keywords\":[\"Gaza\",\"Izrael\",\"Red\u017eep Tajip Erdogan\",\"Turska\"],\"articleSection\":[\"Svijet\"],\"inLanguage\":\"en-GB\",\"potentialAction\":[{\"@type\":\"CommentAction\",\"name\":\"Comment\",\"target\":[\"https:\\\/\\\/dmcsrb.com\\\/svijet\\\/erdogan-sve-cemo-razotkriti-svijet-vise-ne-moze-ignorisati-genocid\\\/#respond\"]}]},{\"@type\":\"WebPage\",\"@id\":\"https:\\\/\\\/dmcsrb.com\\\/svijet\\\/erdogan-sve-cemo-razotkriti-svijet-vise-ne-moze-ignorisati-genocid\\\/\",\"url\":\"https:\\\/\\\/dmcsrb.com\\\/svijet\\\/erdogan-sve-cemo-razotkriti-svijet-vise-ne-moze-ignorisati-genocid\\\/\",\"name\":\"Erdogan: Sve \u0107emo razotkriti, svijet vi\u0161e ne mo\u017ee ignorisati genocid - dmcsrb.com\",\"isPartOf\":{\"@id\":\"https:\\\/\\\/dmcsrb.com\\\/#website\"},\"primaryImageOfPage\":{\"@id\":\"https:\\\/\\\/dmcsrb.com\\\/svijet\\\/erdogan-sve-cemo-razotkriti-svijet-vise-ne-moze-ignorisati-genocid\\\/#primaryimage\"},\"image\":{\"@id\":\"https:\\\/\\\/dmcsrb.com\\\/svijet\\\/erdogan-sve-cemo-razotkriti-svijet-vise-ne-moze-ignorisati-genocid\\\/#primaryimage\"},\"thumbnailUrl\":\"https:\\\/\\\/dmcsrb.com\\\/wp-content\\\/uploads\\\/2026\\\/01\\\/3000-3-scaled-1.jpeg\",\"datePublished\":\"2025-11-30T10:56:00+00:00\",\"author\":{\"@id\":\"https:\\\/\\\/dmcsrb.com\\\/#\\\/schema\\\/person\\\/5c39170f12db1b8b457732d0b5c854e2\"},\"breadcrumb\":{\"@id\":\"https:\\\/\\\/dmcsrb.com\\\/svijet\\\/erdogan-sve-cemo-razotkriti-svijet-vise-ne-moze-ignorisati-genocid\\\/#breadcrumb\"},\"inLanguage\":\"en-GB\",\"potentialAction\":[{\"@type\":\"ReadAction\",\"target\":[\"https:\\\/\\\/dmcsrb.com\\\/svijet\\\/erdogan-sve-cemo-razotkriti-svijet-vise-ne-moze-ignorisati-genocid\\\/\"]}]},{\"@type\":\"ImageObject\",\"inLanguage\":\"en-GB\",\"@id\":\"https:\\\/\\\/dmcsrb.com\\\/svijet\\\/erdogan-sve-cemo-razotkriti-svijet-vise-ne-moze-ignorisati-genocid\\\/#primaryimage\",\"url\":\"https:\\\/\\\/dmcsrb.com\\\/wp-content\\\/uploads\\\/2026\\\/01\\\/3000-3-scaled-1.jpeg\",\"contentUrl\":\"https:\\\/\\\/dmcsrb.com\\\/wp-content\\\/uploads\\\/2026\\\/01\\\/3000-3-scaled-1.jpeg\",\"width\":2560,\"height\":1699},{\"@type\":\"BreadcrumbList\",\"@id\":\"https:\\\/\\\/dmcsrb.com\\\/svijet\\\/erdogan-sve-cemo-razotkriti-svijet-vise-ne-moze-ignorisati-genocid\\\/#breadcrumb\",\"itemListElement\":[{\"@type\":\"ListItem\",\"position\":1,\"name\":\"Home\",\"item\":\"https:\\\/\\\/dmcsrb.com\\\/\"},{\"@type\":\"ListItem\",\"position\":2,\"name\":\"Erdogan: Sve \u0107emo razotkriti, svijet vi\u0161e ne mo\u017ee ignorisati genocid\"}]},{\"@type\":\"WebSite\",\"@id\":\"https:\\\/\\\/dmcsrb.com\\\/#website\",\"url\":\"https:\\\/\\\/dmcsrb.com\\\/\",\"name\":\"dmcsrb.com\",\"description\":\"\",\"potentialAction\":[{\"@type\":\"SearchAction\",\"target\":{\"@type\":\"EntryPoint\",\"urlTemplate\":\"https:\\\/\\\/dmcsrb.com\\\/?s={search_term_string}\"},\"query-input\":{\"@type\":\"PropertyValueSpecification\",\"valueRequired\":true,\"valueName\":\"search_term_string\"}}],\"inLanguage\":\"en-GB\"},{\"@type\":\"Person\",\"@id\":\"https:\\\/\\\/dmcsrb.com\\\/#\\\/schema\\\/person\\\/5c39170f12db1b8b457732d0b5c854e2\",\"name\":\"dmcsrbija.com@gmail.com\",\"image\":{\"@type\":\"ImageObject\",\"inLanguage\":\"en-GB\",\"@id\":\"https:\\\/\\\/secure.gravatar.com\\\/avatar\\\/68592660ad6347fad0fb587f8d5d8f1a7b44961362f56e4f2cd524feb87e9069?s=96&d=mm&r=g\",\"url\":\"https:\\\/\\\/secure.gravatar.com\\\/avatar\\\/68592660ad6347fad0fb587f8d5d8f1a7b44961362f56e4f2cd524feb87e9069?s=96&d=mm&r=g\",\"contentUrl\":\"https:\\\/\\\/secure.gravatar.com\\\/avatar\\\/68592660ad6347fad0fb587f8d5d8f1a7b44961362f56e4f2cd524feb87e9069?s=96&d=mm&r=g\",\"caption\":\"dmcsrbija.com@gmail.com\"},\"sameAs\":[\"https:\\\/\\\/dmcsrb.com\"],\"url\":\"https:\\\/\\\/dmcsrb.com\\\/en\\\/author\\\/dmcsrbija-comgmail-com\\\/\"}]}<\/script>\n<!-- \/ Yoast SEO plugin. -->","yoast_head_json":{"title":"Erdogan: Sve \u0107emo razotkriti, svijet vi\u0161e ne mo\u017ee ignorisati genocid - dmcsrb.com","robots":{"index":"index","follow":"follow","max-snippet":"max-snippet:-1","max-image-preview":"max-image-preview:large","max-video-preview":"max-video-preview:-1"},"canonical":"https:\/\/dmcsrb.com\/en\/svijet\/erdogan-sve-cemo-razotkriti-svijet-vise-ne-moze-ignorisati-genocid\/","og_locale":"en_GB","og_type":"article","og_title":"Erdogan: Sve \u0107emo razotkriti, svijet vi\u0161e ne mo\u017ee ignorisati genocid - dmcsrb.com","og_description":"Predsjednik Turske Red\u017eep Tajip Erdogan o\u0161tro je kritikovao Izrael zbog, kako je naveo, \"sistematskog uni\u0161tavanja obrazovne infrastrukture i masakra civila\" u Gazi, upozoriv\u0161i da takve akcije potkopavaju napore za odr\u017eavanje krhkog primirja.","og_url":"https:\/\/dmcsrb.com\/en\/svijet\/erdogan-sve-cemo-razotkriti-svijet-vise-ne-moze-ignorisati-genocid\/","og_site_name":"dmcsrb.com","article_published_time":"2025-11-30T10:56:00+00:00","og_image":[{"width":2560,"height":1699,"url":"https:\/\/dmcsrb.com\/wp-content\/uploads\/2026\/01\/3000-3-scaled-1.jpeg","type":"image\/jpeg"}],"author":"dmcsrbija.com@gmail.com","twitter_card":"summary_large_image","twitter_misc":{"Written by":"dmcsrbija.com@gmail.com","Estimated reading time":"3 minutes"},"schema":{"@context":"https:\/\/schema.org","@graph":[{"@type":"Article","@id":"https:\/\/dmcsrb.com\/svijet\/erdogan-sve-cemo-razotkriti-svijet-vise-ne-moze-ignorisati-genocid\/#article","isPartOf":{"@id":"https:\/\/dmcsrb.com\/svijet\/erdogan-sve-cemo-razotkriti-svijet-vise-ne-moze-ignorisati-genocid\/"},"author":{"name":"dmcsrbija.com@gmail.com","@id":"https:\/\/dmcsrb.com\/#\/schema\/person\/5c39170f12db1b8b457732d0b5c854e2"},"headline":"Erdogan: Sve \u0107emo razotkriti, svijet vi\u0161e ne mo\u017ee ignorisati genocid","datePublished":"2025-11-30T10:56:00+00:00","mainEntityOfPage":{"@id":"https:\/\/dmcsrb.com\/svijet\/erdogan-sve-cemo-razotkriti-svijet-vise-ne-moze-ignorisati-genocid\/"},"wordCount":542,"commentCount":0,"image":{"@id":"https:\/\/dmcsrb.com\/svijet\/erdogan-sve-cemo-razotkriti-svijet-vise-ne-moze-ignorisati-genocid\/#primaryimage"},"thumbnailUrl":"https:\/\/dmcsrb.com\/wp-content\/uploads\/2026\/01\/3000-3-scaled-1.jpeg","keywords":["Gaza","Izrael","Red\u017eep Tajip Erdogan","Turska"],"articleSection":["Svijet"],"inLanguage":"en-GB","potentialAction":[{"@type":"CommentAction","name":"Comment","target":["https:\/\/dmcsrb.com\/svijet\/erdogan-sve-cemo-razotkriti-svijet-vise-ne-moze-ignorisati-genocid\/#respond"]}]},{"@type":"WebPage","@id":"https:\/\/dmcsrb.com\/svijet\/erdogan-sve-cemo-razotkriti-svijet-vise-ne-moze-ignorisati-genocid\/","url":"https:\/\/dmcsrb.com\/svijet\/erdogan-sve-cemo-razotkriti-svijet-vise-ne-moze-ignorisati-genocid\/","name":"Erdogan: Sve \u0107emo razotkriti, svijet vi\u0161e ne mo\u017ee ignorisati genocid - dmcsrb.com","isPartOf":{"@id":"https:\/\/dmcsrb.com\/#website"},"primaryImageOfPage":{"@id":"https:\/\/dmcsrb.com\/svijet\/erdogan-sve-cemo-razotkriti-svijet-vise-ne-moze-ignorisati-genocid\/#primaryimage"},"image":{"@id":"https:\/\/dmcsrb.com\/svijet\/erdogan-sve-cemo-razotkriti-svijet-vise-ne-moze-ignorisati-genocid\/#primaryimage"},"thumbnailUrl":"https:\/\/dmcsrb.com\/wp-content\/uploads\/2026\/01\/3000-3-scaled-1.jpeg","datePublished":"2025-11-30T10:56:00+00:00","author":{"@id":"https:\/\/dmcsrb.com\/#\/schema\/person\/5c39170f12db1b8b457732d0b5c854e2"},"breadcrumb":{"@id":"https:\/\/dmcsrb.com\/svijet\/erdogan-sve-cemo-razotkriti-svijet-vise-ne-moze-ignorisati-genocid\/#breadcrumb"},"inLanguage":"en-GB","potentialAction":[{"@type":"ReadAction","target":["https:\/\/dmcsrb.com\/svijet\/erdogan-sve-cemo-razotkriti-svijet-vise-ne-moze-ignorisati-genocid\/"]}]},{"@type":"ImageObject","inLanguage":"en-GB","@id":"https:\/\/dmcsrb.com\/svijet\/erdogan-sve-cemo-razotkriti-svijet-vise-ne-moze-ignorisati-genocid\/#primaryimage","url":"https:\/\/dmcsrb.com\/wp-content\/uploads\/2026\/01\/3000-3-scaled-1.jpeg","contentUrl":"https:\/\/dmcsrb.com\/wp-content\/uploads\/2026\/01\/3000-3-scaled-1.jpeg","width":2560,"height":1699},{"@type":"BreadcrumbList","@id":"https:\/\/dmcsrb.com\/svijet\/erdogan-sve-cemo-razotkriti-svijet-vise-ne-moze-ignorisati-genocid\/#breadcrumb","itemListElement":[{"@type":"ListItem","position":1,"name":"Home","item":"https:\/\/dmcsrb.com\/"},{"@type":"ListItem","position":2,"name":"Erdogan: Sve \u0107emo razotkriti, svijet vi\u0161e ne mo\u017ee ignorisati genocid"}]},{"@type":"WebSite","@id":"https:\/\/dmcsrb.com\/#website","url":"https:\/\/dmcsrb.com\/","name":"dmcsrb.com","description":"","potentialAction":[{"@type":"SearchAction","target":{"@type":"EntryPoint","urlTemplate":"https:\/\/dmcsrb.com\/?s={search_term_string}"},"query-input":{"@type":"PropertyValueSpecification","valueRequired":true,"valueName":"search_term_string"}}],"inLanguage":"en-GB"},{"@type":"Person","@id":"https:\/\/dmcsrb.com\/#\/schema\/person\/5c39170f12db1b8b457732d0b5c854e2","name":"dmcsrbija.com@gmail.com","image":{"@type":"ImageObject","inLanguage":"en-GB","@id":"https:\/\/secure.gravatar.com\/avatar\/68592660ad6347fad0fb587f8d5d8f1a7b44961362f56e4f2cd524feb87e9069?s=96&d=mm&r=g","url":"https:\/\/secure.gravatar.com\/avatar\/68592660ad6347fad0fb587f8d5d8f1a7b44961362f56e4f2cd524feb87e9069?s=96&d=mm&r=g","contentUrl":"https:\/\/secure.gravatar.com\/avatar\/68592660ad6347fad0fb587f8d5d8f1a7b44961362f56e4f2cd524feb87e9069?s=96&d=mm&r=g","caption":"dmcsrbija.com@gmail.com"},"sameAs":["https:\/\/dmcsrb.com"],"url":"https:\/\/dmcsrb.com\/en\/author\/dmcsrbija-comgmail-com\/"}]}},"_links":{"self":[{"href":"https:\/\/dmcsrb.com\/en\/wp-json\/wp\/v2\/posts\/908672","targetHints":{"allow":["GET"]}}],"collection":[{"href":"https:\/\/dmcsrb.com\/en\/wp-json\/wp\/v2\/posts"}],"about":[{"href":"https:\/\/dmcsrb.com\/en\/wp-json\/wp\/v2\/types\/post"}],"author":[{"embeddable":true,"href":"https:\/\/dmcsrb.com\/en\/wp-json\/wp\/v2\/users\/1"}],"replies":[{"embeddable":true,"href":"https:\/\/dmcsrb.com\/en\/wp-json\/wp\/v2\/comments?post=908672"}],"version-history":[{"count":0,"href":"https:\/\/dmcsrb.com\/en\/wp-json\/wp\/v2\/posts\/908672\/revisions"}],"wp:featuredmedia":[{"embeddable":true,"href":"https:\/\/dmcsrb.com\/en\/wp-json\/wp\/v2\/media\/908673"}],"wp:attachment":[{"href":"https:\/\/dmcsrb.com\/en\/wp-json\/wp\/v2\/media?parent=908672"}],"wp:term":[{"taxonomy":"category","embeddable":true,"href":"https:\/\/dmcsrb.com\/en\/wp-json\/wp\/v2\/categories?post=908672"},{"taxonomy":"post_tag","embeddable":true,"href":"https:\/\/dmcsrb.com\/en\/wp-json\/wp\/v2\/tags?post=908672"},{"taxonomy":"naslovna","embeddable":true,"href":"https:\/\/dmcsrb.com\/en\/wp-json\/wp\/v2\/naslovna?post=908672"}],"curies":[{"name":"wp","href":"https:\/\/api.w.org\/{rel}","templated":true}]}}