{"id":908626,"date":"2025-11-30T11:05:00","date_gmt":"2025-11-30T10:05:00","guid":{"rendered":"https:\/\/dmcsrb.com\/uncategorized\/vujovic-useljenje-u-novu-zgradu-centralni-trenutak-75-godina-stvaranja-gradskog-pozorista\/"},"modified":"2025-11-30T11:05:00","modified_gmt":"2025-11-30T10:05:00","slug":"vujovic-useljenje-u-novu-zgradu-centralni-trenutak-75-godina-stvaranja-gradskog-pozorista","status":"publish","type":"post","link":"https:\/\/dmcsrb.com\/en\/podgorica\/vujovic-useljenje-u-novu-zgradu-centralni-trenutak-75-godina-stvaranja-gradskog-pozorista\/","title":{"rendered":"Vujovi\u0107: Useljenje u novu zgradu centralni trenutak 75 godina stvaranja Gradskog pozori\u0161ta"},"content":{"rendered":"<p><\/p>\n\n\n\n<p>Nakon 8 godina izgradnje kona\u010dno se o\u010dekuje otvaranje Gradskog pozori\u0161ta, Vujovi\u0107 isti\u010de kako otvaranje nove zgrade Gradskog pozori\u0161ta dolazi u godini koja za njih ima posebnu simboliku. <\/p>\n\n\n\n<p>\u201eNa\u0161e pozori\u0161te 2026. obilje\u017eava <strong>75 godina postojanja<\/strong>, i te\u0161ko da bismo mogli zamisliti zna\u010dajniji ili emotivniji ro\u0111endanski poklon od useljenja u prostor koji generacije prije nas nijesu do\u010dekale&#8221;, navodi Vujovi\u0107.<\/p>\n\n\n\n<p>Cijela naredna godina, potencira Vujovi\u0107, bi\u0107e u znaku velikog jubileja. <\/p>\n\n\n\n<p>\u201ePlanirali smo niz programa, premijera, gostovanja i posebnih segmenata koji \u0107e obilje\u017eiti tih 75 godina stvaranja, ali \u0107e upravo useljenje u novu zgradu biti centralni trenutak. \u017delimo da otvorenje bude dostojanstveno, sve\u010dano i duboko vezano za na\u0161e naslje\u0111e, ali i usmjereno ka budu\u0107nosti, odnosno ka publici koja raste, umjetnicima koji dolaze i pozori\u0161tu koje \u0107e, po prvi put u svojoj istoriji, imati svoj pravi dom\u201c, nagla\u0161ava Vujovi\u0107.<\/p>\n\n\n\n<p>Vujovi\u0107 isti\u010de da Gradsko pozori\u0161te, iako uskoro slavi svoj 75. ro\u0111endan, jeste i ostaje moderna, savremena teatarska ku\u0107a koja paralelno njeguje ve\u010dernju scenu i scenu za najmla\u0111e. U periodu koji je pred njima, cilj je da jo\u0161 jasnije oblikuju programski profil u skladu sa savremenim svjetskim dramskim trendovima i da taj kvalitet bude prepoznat na sve tri postoje\u0107e scene.<\/p>\n\n\n\n<p>\u201eU tom pravcu pokre\u0107emo i \u010detvrtu scenu,<strong> Index<\/strong> scenu, posve\u0107enu mladim autorima, novim glasovima i hrabrim dramatur\u0161kim iskoracima. Vjerujem da je upravo to prostor u kojem \u0107e se stvarati nova generacija crnogorskog teatra\u201c, nagla\u0161ava Vujovi\u0107.<\/p>\n\n\n\n<p>Poseban fokus, dodaje, bi\u0107e na savremenom doma\u0107em dramskom tekstu, zatim na popularizaciji muzi\u010dkih formi u drami, kao i na intenzivnijoj saradnji sa institucijama iz regiona i Evrope, kako bi dodatno oja\u010dali me\u0111unarodnu vidljivost Podgorice kao teatarskog centra.<\/p>\n\n\n\n<p>\u201eIstovremeno, \u017eelimo da razvijamo i osna\u017eujemo <strong>Festival pozori\u0161ne re\u017eije \u201eJago\u0161 Markovi\u0107\u201c<\/strong>, \u010dija je ideja da u narednim godinama preraste u jedan od najzna\u010dajnijih festivala ovog dijela Evrope, odnosno platformu koja okuplja najbolje, najhrabrije i najinovativnije rediteljske poetike\u201c, nagla\u0161ava Vujovi\u0107.<\/p>\n\n\n\n<p>U tom smislu, njena vizija je jasna i kre\u0107e se ka Gradskom pozori\u0161tu koje \u010duva tradiciju, a di\u0161e savremeno.<\/p>\n\n\n\n<p>\u201eTo zna\u010di da gradimo teatarsku ku\u0107u stabilnog repertoara, sna\u017ene produkcije i otvorenosti prema stvarala\u0161tvu koje dolazi. Gradsko pozori\u0161te treba da bude dom kvalitetne umjetnosti, prostor zajednice i refleksija grada u kojem \u017eivimo\u201c, isti\u010de Vujovi\u0107.<\/p>\n\n\n\n<p>Klju\u010dne promjene u repertoaru i radu pozori\u0161ta bi\u0107e, nagla\u0161ava Vujovi\u0107, prije svega &#8211; nova energija. Nova imena, nove forme, savremeniji izraz, hrabrije teme i nova estetika. \u017deli da publika vidi <strong>drasti\u010dan iskorak<\/strong>, i na sceni i u cjelokupnoj kulturi rada pozori\u0161ta. Da prepoznaju inovativnost, originalnost i atraktivnost repertoara.<\/p>\n\n\n\n<p>\u201eDa vide da dolazi neka druga, osvje\u017eena dinamika. Ta dinamika, prije svega, donosi vi\u0161e novih naslova. Dakle, bi\u0107e mnogo novih imena, savremenih pristupa, originalnih rje\u0161enja i predstava koje govore jezikom dana\u0161njice. Ali najva\u017enije od svega: \u017eelim da gra\u0111ani Podgorice Gradsko pozori\u0161te istinski do\u017eive kao svoje. Mjesto koje pripada njima u koje dolaze \u010desto. Prostor njihovog okupljanja, dobra navika od koje ne odustaju. Sadr\u017eaj koji im nedostaje kada ga presko\u010de. Da svaki put kad do\u0111u, osjete da smo im ponudili ne\u0161to novo, relevantno i \u017eivo\u201c, potencira Vujovi\u0107.<\/p>\n\n\n\n<p>\u0160to se ti\u010de repertoara za 2026. godinu, Vujovi\u0107 navodi da je koncipiran kao \u017eanrovski i tematski raznolik, uz jasno definisan umjetni\u010dki pravac. Planirano je \u0161est samostalnih produkcija i tri koprodukcije. <\/p>\n\n\n\n<p>\u201eNa na\u0161im scenama na\u0107i \u0107e se dvije predstave namijenjene djeci i mladima, dok \u0107e sedam naslova biti dio ve\u010dernjeg repertoara, me\u0111u kojima \u010dak tri mjuzikla, \u0161to je zna\u010dajan iskorak u odnosu na dosada\u0161nje sezone. Tematski, naredna godina bi\u0107e izrazito anga\u017eovana. Bavi\u0107emo se savremenim dru\u0161tvenim izazovima, ali i univerzalnim vrijednostima koje smatramo klju\u010dnim za \u017eivot zajednice: mirom, ljubavlju, tolerancijom i solidarno\u0161\u0107u. Istovremeno, repertoar \u0107e ponuditi kriti\u010dko ogledalo savremenog dru\u0161tva, od konzumerizma i militarizma, do drugih pritisaka koji sputavaju \u010dovjekovu slobodu i integritet\u201c, nagla\u0161ava Vujovi\u0107.<\/p>\n\n\n\n<p>Posebno isti\u010de da je Gradsko pozori\u0161te krajem prolje\u0107a raspisalo <strong>Javni poziv za autore<\/strong>, s ciljem da otvore vrata novim glasovima, novim idejama i novim dramatur\u0161kim perspektivama. <\/p>\n\n\n\n<p>\u201eNa\u0161 je cilj da stvorimo prostor u kojem mladi, afirmisani i me\u0111unarodni autori mogu slobodno da predla\u017eu svoje projekte, tekstove i konceptualne opuse. Javni poziv predstavlja dugoro\u010dnu strategiju otvaranja i demokratizacije teatra, \u017eelimo da najbolje ideje prona\u0111u put do scene, bez prepreka i zatvorenih krugova\u201c, navodi Vujovi\u0107.<\/p>\n\n\n\n<p>Zato i izbor tekstova za novu sezonu po\u010diva na dvije osovine: prva je njihov interni umjetni\u010dki koncept i vizija razvoja pozori\u0161ta, a druga je upravo odgovor autora na Javni poziv, njihov stvarala\u010dki impuls, hrabrost i originalnost. Na taj na\u010din, dodaje, grade repertoar koji je savremen, otvoren, dinami\u010dan i istinski u dijalogu sa dru\u0161tvom u kojem \u017eivimo.<\/p>\n\n\n\n<p>Vujovi\u0107 isti\u010de kako su Savremeni doma\u0107i komadi su jedna od na\u0161ih glavnih programskih odrednica, \u017eelimo novo, hrabro i moderno pozori\u0161te koje prati duh vremena. <\/p>\n\n\n\n<p>\u201eIpak, klasici ostaju va\u017ean stub repertoara. Njihova vrijednost je neprolazna i uvijek \u0107e imati svoje mjesto na na\u0161oj sceni\u201c, nagla\u0161ava Vujovi\u0107.<\/p>\n\n\n\n<p>Zbog privla\u010denja nove, mla\u0111e publike, Gradsko pozori\u0161te pokre\u0107e <strong>Index scenu<\/strong>, namijenjenu mladim autorima i novim dramskim izrazima. <\/p>\n\n\n\n<p>\u201eOsim toga, objavili smo <strong>Javni poziv<\/strong> <strong>za autore i autorske timove<\/strong> kako bismo otvorili prostor svje\u017eim idejama i druga\u010dijim perspektivama. Vjerujem da se nova publika osvaja hrabro\u0161\u0107u, autenti\u010dno\u0161\u0107u i programima koji govore njihovim jezikom i Gradsko pozori\u0161te \u0107e u narednom periodu upravo na tome insistirati\u201c, isti\u010de Vujovi\u0107.<\/p>\n\n\n\n<p>Vujovi\u0107 navodi kako je saradnja sa lokalnom zajednicom je temelj rada Gradskog pozori\u0161ta. <\/p>\n\n\n\n<p>\u201eOna postoji odavno i nastavljamo je u istom, dobrom duhu. Sa \u0161kolama sara\u0111ujemo kroz organizovane posjete, edukativne programe i predstave namijenjene djeci i mladima, dok sa kulturnim institucijama razvijamo koprodukcije, razmjenu programa i zajedni\u010dke projekte. Vjerujemo da pozori\u0161te pripada svima i da samo kroz otvoren dijalog sa zajednicom mo\u017ee rasti i biti istinski relevantno\u201c, isti\u010de Vujovi\u0107.<\/p>\n\n\n\n<p>Kada su u pitanju finansijske mogu\u0107nosti pozori\u0161ta, na pitanje da li je bud\u017eet dovoljan za ostvarivanje zami\u0161ljenih aktivnosti Vujovi\u0107 isti\u010de da nikad nije lako uskladiti \u017eelje i mogu\u0107nosti, ali zato postoje kompromisi i neopisiva ljubav prema stvaranju u teatru. Upravo ta ljubav savlada sve prepreke, pa i one bud\u017eetske. Ona nadvlada sve izazove i tjera nas da damo sve od sebe, pa \u010dak i onda kada nemamo dovoljno sredstava. Ta ljubav je razlog \u0161to ideje pronalaze put, \u0161to uprkos ograni\u010denjima nastaju predstave koje traju i dopiru do publike. <\/p>\n\n\n\n<p>\u201eOna je na\u0161 glavni resurs. I dok god je ima, bi\u0107e i na\u010dina da svaka dobra ideja do\u0111e pred publiku\u201c, nagla\u0161ava Vujovi\u0107.<\/p>\n\n\n\n<p>Najve\u0107im uspjehom Gradskog pozori\u0161ta ove godine, Vujovi\u0107 smatra \u0161to su uspjeli da ostvare izuzetno dinami\u010dan i kvalitetan programski tempo. <\/p>\n\n\n\n<p>\u201eRealizovali smo pet premijera, imali zapa\u017een festivalski \u017eivot na me\u0111unarodnoj sceni, potpisali nekoliko va\u017enih memoranduma o saradnji sa institucijama u zemlji i inostranstvu i pokrenuli Festival pozori\u0161ne re\u017eije \u201eJago\u0161 Markovi\u0107\u201c kao novi, tradicionalni stub crnogorske dramske scene. Svaki od ovih doga\u0111aja nosi svoju te\u017einu i govori o snazi i posve\u0107enosti ansambla i cijelog tima&#8221;, zaklju\u010duje Vujovi\u0107.<\/p>\n\n\n\n<p><strong>D. Lekovi\u0107<\/strong><\/p>","protected":false},"excerpt":{"rendered":"<p>Nakon gotovo deceniju i\u0161\u010dekivanja, Gradsko pozori\u0161te Podgorica uskoro \u0107e prvi put u svojoj istoriji dobiti svoj stalni dom. Nova zgrada otvara se u godini kada ova institucija obilje\u017eava veliki jubilej \u2013 75 godina postojanja \u2013 \u0161to \u010ditav doga\u0111aj dodatno \u010dini simboli\u010dnim i prelomnim. O planovima za sve\u010dano otvaranje, ambicijama za razvoj pozori\u0161ta, novim scenama, repertoarskoj politici i odnosu prema publici, Portal TV Podgorica razgovarao je sa direktoricom Gradskog pozori\u0161ta, Sandrom Vujovi\u0107, koja otkriva kakvu budu\u0107nost ova ku\u0107a priprema gradu i njegovim gra\u0111anima.<\/p>","protected":false},"author":1,"featured_media":908627,"comment_status":"open","ping_status":"open","sticky":false,"template":"","format":"standard","meta":{"_acf_changed":false,"footnotes":""},"categories":[56],"tags":[5452,5453,2213,5454,236,5455],"naslovna":[],"class_list":["post-908626","post","type-post","status-publish","format-standard","has-post-thumbnail","hentry","category-podgorica","tag-75-godina-stvaranja","tag-centralni-trenutak","tag-gradsko-pozoriste","tag-nova-zgrada","tag-sandra-vujovic","tag-useljenje"],"acf":[],"yoast_head":"<!-- This site is optimized with the Yoast SEO plugin v27.4 - https:\/\/yoast.com\/product\/yoast-seo-wordpress\/ -->\n<title>Vujovi\u0107: Useljenje u novu zgradu centralni trenutak 75 godina stvaranja Gradskog pozori\u0161ta - dmcsrb.com<\/title>\n<meta name=\"robots\" content=\"index, follow, max-snippet:-1, max-image-preview:large, max-video-preview:-1\" \/>\n<link rel=\"canonical\" href=\"https:\/\/dmcsrb.com\/en\/podgorica\/vujovic-useljenje-u-novu-zgradu-centralni-trenutak-75-godina-stvaranja-gradskog-pozorista\/\" \/>\n<meta property=\"og:locale\" content=\"en_GB\" \/>\n<meta property=\"og:type\" content=\"article\" \/>\n<meta property=\"og:title\" content=\"Vujovi\u0107: Useljenje u novu zgradu centralni trenutak 75 godina stvaranja Gradskog pozori\u0161ta - dmcsrb.com\" \/>\n<meta property=\"og:description\" content=\"Nakon gotovo deceniju i\u0161\u010dekivanja, Gradsko pozori\u0161te Podgorica uskoro \u0107e prvi put u svojoj istoriji dobiti svoj stalni dom. Nova zgrada otvara se u godini kada ova institucija obilje\u017eava veliki jubilej \u2013 75 godina postojanja \u2013 \u0161to \u010ditav doga\u0111aj dodatno \u010dini simboli\u010dnim i prelomnim. O planovima za sve\u010dano otvaranje, ambicijama za razvoj pozori\u0161ta, novim scenama, repertoarskoj politici i odnosu prema publici, Portal TV Podgorica razgovarao je sa direktoricom Gradskog pozori\u0161ta, Sandrom Vujovi\u0107, koja otkriva kakvu budu\u0107nost ova ku\u0107a priprema gradu i njegovim gra\u0111anima.\" \/>\n<meta property=\"og:url\" content=\"https:\/\/dmcsrb.com\/en\/podgorica\/vujovic-useljenje-u-novu-zgradu-centralni-trenutak-75-godina-stvaranja-gradskog-pozorista\/\" \/>\n<meta property=\"og:site_name\" content=\"dmcsrb.com\" \/>\n<meta property=\"article:published_time\" content=\"2025-11-30T10:05:00+00:00\" \/>\n<meta property=\"og:image\" content=\"https:\/\/dmcsrb.com\/wp-content\/uploads\/2026\/01\/17968909-c0ed-495e-ab22-c484bf1042db.jpg\" \/>\n\t<meta property=\"og:image:width\" content=\"2048\" \/>\n\t<meta property=\"og:image:height\" content=\"1363\" \/>\n\t<meta property=\"og:image:type\" content=\"image\/jpeg\" \/>\n<meta name=\"author\" content=\"dmcsrbija.com@gmail.com\" \/>\n<meta name=\"twitter:card\" content=\"summary_large_image\" \/>\n<meta name=\"twitter:label1\" content=\"Written by\" \/>\n\t<meta name=\"twitter:data1\" content=\"dmcsrbija.com@gmail.com\" \/>\n\t<meta name=\"twitter:label2\" content=\"Estimated reading time\" \/>\n\t<meta name=\"twitter:data2\" content=\"6 minutes\" \/>\n<script type=\"application\/ld+json\" class=\"yoast-schema-graph\">{\"@context\":\"https:\\\/\\\/schema.org\",\"@graph\":[{\"@type\":\"Article\",\"@id\":\"https:\\\/\\\/dmcsrb.com\\\/podgorica\\\/vujovic-useljenje-u-novu-zgradu-centralni-trenutak-75-godina-stvaranja-gradskog-pozorista\\\/#article\",\"isPartOf\":{\"@id\":\"https:\\\/\\\/dmcsrb.com\\\/podgorica\\\/vujovic-useljenje-u-novu-zgradu-centralni-trenutak-75-godina-stvaranja-gradskog-pozorista\\\/\"},\"author\":{\"name\":\"dmcsrbija.com@gmail.com\",\"@id\":\"https:\\\/\\\/dmcsrb.com\\\/#\\\/schema\\\/person\\\/5c39170f12db1b8b457732d0b5c854e2\"},\"headline\":\"Vujovi\u0107: Useljenje u novu zgradu centralni trenutak 75 godina stvaranja Gradskog pozori\u0161ta\",\"datePublished\":\"2025-11-30T10:05:00+00:00\",\"mainEntityOfPage\":{\"@id\":\"https:\\\/\\\/dmcsrb.com\\\/podgorica\\\/vujovic-useljenje-u-novu-zgradu-centralni-trenutak-75-godina-stvaranja-gradskog-pozorista\\\/\"},\"wordCount\":1253,\"commentCount\":0,\"image\":{\"@id\":\"https:\\\/\\\/dmcsrb.com\\\/podgorica\\\/vujovic-useljenje-u-novu-zgradu-centralni-trenutak-75-godina-stvaranja-gradskog-pozorista\\\/#primaryimage\"},\"thumbnailUrl\":\"https:\\\/\\\/dmcsrb.com\\\/wp-content\\\/uploads\\\/2026\\\/01\\\/17968909-c0ed-495e-ab22-c484bf1042db.jpg\",\"keywords\":[\"75 godina stvaranja\",\"Centralni trenutak\",\"gradsko pozori\u0161te\",\"Nova zgrada\",\"Sandra Vujovi\u0107\",\"Useljenje\"],\"articleSection\":[\"Podgorica\"],\"inLanguage\":\"en-GB\",\"potentialAction\":[{\"@type\":\"CommentAction\",\"name\":\"Comment\",\"target\":[\"https:\\\/\\\/dmcsrb.com\\\/podgorica\\\/vujovic-useljenje-u-novu-zgradu-centralni-trenutak-75-godina-stvaranja-gradskog-pozorista\\\/#respond\"]}]},{\"@type\":\"WebPage\",\"@id\":\"https:\\\/\\\/dmcsrb.com\\\/podgorica\\\/vujovic-useljenje-u-novu-zgradu-centralni-trenutak-75-godina-stvaranja-gradskog-pozorista\\\/\",\"url\":\"https:\\\/\\\/dmcsrb.com\\\/podgorica\\\/vujovic-useljenje-u-novu-zgradu-centralni-trenutak-75-godina-stvaranja-gradskog-pozorista\\\/\",\"name\":\"Vujovi\u0107: Useljenje u novu zgradu centralni trenutak 75 godina stvaranja Gradskog pozori\u0161ta - dmcsrb.com\",\"isPartOf\":{\"@id\":\"https:\\\/\\\/dmcsrb.com\\\/#website\"},\"primaryImageOfPage\":{\"@id\":\"https:\\\/\\\/dmcsrb.com\\\/podgorica\\\/vujovic-useljenje-u-novu-zgradu-centralni-trenutak-75-godina-stvaranja-gradskog-pozorista\\\/#primaryimage\"},\"image\":{\"@id\":\"https:\\\/\\\/dmcsrb.com\\\/podgorica\\\/vujovic-useljenje-u-novu-zgradu-centralni-trenutak-75-godina-stvaranja-gradskog-pozorista\\\/#primaryimage\"},\"thumbnailUrl\":\"https:\\\/\\\/dmcsrb.com\\\/wp-content\\\/uploads\\\/2026\\\/01\\\/17968909-c0ed-495e-ab22-c484bf1042db.jpg\",\"datePublished\":\"2025-11-30T10:05:00+00:00\",\"author\":{\"@id\":\"https:\\\/\\\/dmcsrb.com\\\/#\\\/schema\\\/person\\\/5c39170f12db1b8b457732d0b5c854e2\"},\"breadcrumb\":{\"@id\":\"https:\\\/\\\/dmcsrb.com\\\/podgorica\\\/vujovic-useljenje-u-novu-zgradu-centralni-trenutak-75-godina-stvaranja-gradskog-pozorista\\\/#breadcrumb\"},\"inLanguage\":\"en-GB\",\"potentialAction\":[{\"@type\":\"ReadAction\",\"target\":[\"https:\\\/\\\/dmcsrb.com\\\/podgorica\\\/vujovic-useljenje-u-novu-zgradu-centralni-trenutak-75-godina-stvaranja-gradskog-pozorista\\\/\"]}]},{\"@type\":\"ImageObject\",\"inLanguage\":\"en-GB\",\"@id\":\"https:\\\/\\\/dmcsrb.com\\\/podgorica\\\/vujovic-useljenje-u-novu-zgradu-centralni-trenutak-75-godina-stvaranja-gradskog-pozorista\\\/#primaryimage\",\"url\":\"https:\\\/\\\/dmcsrb.com\\\/wp-content\\\/uploads\\\/2026\\\/01\\\/17968909-c0ed-495e-ab22-c484bf1042db.jpg\",\"contentUrl\":\"https:\\\/\\\/dmcsrb.com\\\/wp-content\\\/uploads\\\/2026\\\/01\\\/17968909-c0ed-495e-ab22-c484bf1042db.jpg\",\"width\":2048,\"height\":1363},{\"@type\":\"BreadcrumbList\",\"@id\":\"https:\\\/\\\/dmcsrb.com\\\/podgorica\\\/vujovic-useljenje-u-novu-zgradu-centralni-trenutak-75-godina-stvaranja-gradskog-pozorista\\\/#breadcrumb\",\"itemListElement\":[{\"@type\":\"ListItem\",\"position\":1,\"name\":\"Home\",\"item\":\"https:\\\/\\\/dmcsrb.com\\\/\"},{\"@type\":\"ListItem\",\"position\":2,\"name\":\"Vujovi\u0107: Useljenje u novu zgradu centralni trenutak 75 godina stvaranja Gradskog pozori\u0161ta\"}]},{\"@type\":\"WebSite\",\"@id\":\"https:\\\/\\\/dmcsrb.com\\\/#website\",\"url\":\"https:\\\/\\\/dmcsrb.com\\\/\",\"name\":\"dmcsrb.com\",\"description\":\"\",\"potentialAction\":[{\"@type\":\"SearchAction\",\"target\":{\"@type\":\"EntryPoint\",\"urlTemplate\":\"https:\\\/\\\/dmcsrb.com\\\/?s={search_term_string}\"},\"query-input\":{\"@type\":\"PropertyValueSpecification\",\"valueRequired\":true,\"valueName\":\"search_term_string\"}}],\"inLanguage\":\"en-GB\"},{\"@type\":\"Person\",\"@id\":\"https:\\\/\\\/dmcsrb.com\\\/#\\\/schema\\\/person\\\/5c39170f12db1b8b457732d0b5c854e2\",\"name\":\"dmcsrbija.com@gmail.com\",\"image\":{\"@type\":\"ImageObject\",\"inLanguage\":\"en-GB\",\"@id\":\"https:\\\/\\\/secure.gravatar.com\\\/avatar\\\/68592660ad6347fad0fb587f8d5d8f1a7b44961362f56e4f2cd524feb87e9069?s=96&d=mm&r=g\",\"url\":\"https:\\\/\\\/secure.gravatar.com\\\/avatar\\\/68592660ad6347fad0fb587f8d5d8f1a7b44961362f56e4f2cd524feb87e9069?s=96&d=mm&r=g\",\"contentUrl\":\"https:\\\/\\\/secure.gravatar.com\\\/avatar\\\/68592660ad6347fad0fb587f8d5d8f1a7b44961362f56e4f2cd524feb87e9069?s=96&d=mm&r=g\",\"caption\":\"dmcsrbija.com@gmail.com\"},\"sameAs\":[\"https:\\\/\\\/dmcsrb.com\"],\"url\":\"https:\\\/\\\/dmcsrb.com\\\/en\\\/author\\\/dmcsrbija-comgmail-com\\\/\"}]}<\/script>\n<!-- \/ Yoast SEO plugin. -->","yoast_head_json":{"title":"Vujovi\u0107: Useljenje u novu zgradu centralni trenutak 75 godina stvaranja Gradskog pozori\u0161ta - dmcsrb.com","robots":{"index":"index","follow":"follow","max-snippet":"max-snippet:-1","max-image-preview":"max-image-preview:large","max-video-preview":"max-video-preview:-1"},"canonical":"https:\/\/dmcsrb.com\/en\/podgorica\/vujovic-useljenje-u-novu-zgradu-centralni-trenutak-75-godina-stvaranja-gradskog-pozorista\/","og_locale":"en_GB","og_type":"article","og_title":"Vujovi\u0107: Useljenje u novu zgradu centralni trenutak 75 godina stvaranja Gradskog pozori\u0161ta - dmcsrb.com","og_description":"Nakon gotovo deceniju i\u0161\u010dekivanja, Gradsko pozori\u0161te Podgorica uskoro \u0107e prvi put u svojoj istoriji dobiti svoj stalni dom. Nova zgrada otvara se u godini kada ova institucija obilje\u017eava veliki jubilej \u2013 75 godina postojanja \u2013 \u0161to \u010ditav doga\u0111aj dodatno \u010dini simboli\u010dnim i prelomnim. O planovima za sve\u010dano otvaranje, ambicijama za razvoj pozori\u0161ta, novim scenama, repertoarskoj politici i odnosu prema publici, Portal TV Podgorica razgovarao je sa direktoricom Gradskog pozori\u0161ta, Sandrom Vujovi\u0107, koja otkriva kakvu budu\u0107nost ova ku\u0107a priprema gradu i njegovim gra\u0111anima.","og_url":"https:\/\/dmcsrb.com\/en\/podgorica\/vujovic-useljenje-u-novu-zgradu-centralni-trenutak-75-godina-stvaranja-gradskog-pozorista\/","og_site_name":"dmcsrb.com","article_published_time":"2025-11-30T10:05:00+00:00","og_image":[{"width":2048,"height":1363,"url":"https:\/\/dmcsrb.com\/wp-content\/uploads\/2026\/01\/17968909-c0ed-495e-ab22-c484bf1042db.jpg","type":"image\/jpeg"}],"author":"dmcsrbija.com@gmail.com","twitter_card":"summary_large_image","twitter_misc":{"Written by":"dmcsrbija.com@gmail.com","Estimated reading time":"6 minutes"},"schema":{"@context":"https:\/\/schema.org","@graph":[{"@type":"Article","@id":"https:\/\/dmcsrb.com\/podgorica\/vujovic-useljenje-u-novu-zgradu-centralni-trenutak-75-godina-stvaranja-gradskog-pozorista\/#article","isPartOf":{"@id":"https:\/\/dmcsrb.com\/podgorica\/vujovic-useljenje-u-novu-zgradu-centralni-trenutak-75-godina-stvaranja-gradskog-pozorista\/"},"author":{"name":"dmcsrbija.com@gmail.com","@id":"https:\/\/dmcsrb.com\/#\/schema\/person\/5c39170f12db1b8b457732d0b5c854e2"},"headline":"Vujovi\u0107: Useljenje u novu zgradu centralni trenutak 75 godina stvaranja Gradskog pozori\u0161ta","datePublished":"2025-11-30T10:05:00+00:00","mainEntityOfPage":{"@id":"https:\/\/dmcsrb.com\/podgorica\/vujovic-useljenje-u-novu-zgradu-centralni-trenutak-75-godina-stvaranja-gradskog-pozorista\/"},"wordCount":1253,"commentCount":0,"image":{"@id":"https:\/\/dmcsrb.com\/podgorica\/vujovic-useljenje-u-novu-zgradu-centralni-trenutak-75-godina-stvaranja-gradskog-pozorista\/#primaryimage"},"thumbnailUrl":"https:\/\/dmcsrb.com\/wp-content\/uploads\/2026\/01\/17968909-c0ed-495e-ab22-c484bf1042db.jpg","keywords":["75 godina stvaranja","Centralni trenutak","gradsko pozori\u0161te","Nova zgrada","Sandra Vujovi\u0107","Useljenje"],"articleSection":["Podgorica"],"inLanguage":"en-GB","potentialAction":[{"@type":"CommentAction","name":"Comment","target":["https:\/\/dmcsrb.com\/podgorica\/vujovic-useljenje-u-novu-zgradu-centralni-trenutak-75-godina-stvaranja-gradskog-pozorista\/#respond"]}]},{"@type":"WebPage","@id":"https:\/\/dmcsrb.com\/podgorica\/vujovic-useljenje-u-novu-zgradu-centralni-trenutak-75-godina-stvaranja-gradskog-pozorista\/","url":"https:\/\/dmcsrb.com\/podgorica\/vujovic-useljenje-u-novu-zgradu-centralni-trenutak-75-godina-stvaranja-gradskog-pozorista\/","name":"Vujovi\u0107: Useljenje u novu zgradu centralni trenutak 75 godina stvaranja Gradskog pozori\u0161ta - dmcsrb.com","isPartOf":{"@id":"https:\/\/dmcsrb.com\/#website"},"primaryImageOfPage":{"@id":"https:\/\/dmcsrb.com\/podgorica\/vujovic-useljenje-u-novu-zgradu-centralni-trenutak-75-godina-stvaranja-gradskog-pozorista\/#primaryimage"},"image":{"@id":"https:\/\/dmcsrb.com\/podgorica\/vujovic-useljenje-u-novu-zgradu-centralni-trenutak-75-godina-stvaranja-gradskog-pozorista\/#primaryimage"},"thumbnailUrl":"https:\/\/dmcsrb.com\/wp-content\/uploads\/2026\/01\/17968909-c0ed-495e-ab22-c484bf1042db.jpg","datePublished":"2025-11-30T10:05:00+00:00","author":{"@id":"https:\/\/dmcsrb.com\/#\/schema\/person\/5c39170f12db1b8b457732d0b5c854e2"},"breadcrumb":{"@id":"https:\/\/dmcsrb.com\/podgorica\/vujovic-useljenje-u-novu-zgradu-centralni-trenutak-75-godina-stvaranja-gradskog-pozorista\/#breadcrumb"},"inLanguage":"en-GB","potentialAction":[{"@type":"ReadAction","target":["https:\/\/dmcsrb.com\/podgorica\/vujovic-useljenje-u-novu-zgradu-centralni-trenutak-75-godina-stvaranja-gradskog-pozorista\/"]}]},{"@type":"ImageObject","inLanguage":"en-GB","@id":"https:\/\/dmcsrb.com\/podgorica\/vujovic-useljenje-u-novu-zgradu-centralni-trenutak-75-godina-stvaranja-gradskog-pozorista\/#primaryimage","url":"https:\/\/dmcsrb.com\/wp-content\/uploads\/2026\/01\/17968909-c0ed-495e-ab22-c484bf1042db.jpg","contentUrl":"https:\/\/dmcsrb.com\/wp-content\/uploads\/2026\/01\/17968909-c0ed-495e-ab22-c484bf1042db.jpg","width":2048,"height":1363},{"@type":"BreadcrumbList","@id":"https:\/\/dmcsrb.com\/podgorica\/vujovic-useljenje-u-novu-zgradu-centralni-trenutak-75-godina-stvaranja-gradskog-pozorista\/#breadcrumb","itemListElement":[{"@type":"ListItem","position":1,"name":"Home","item":"https:\/\/dmcsrb.com\/"},{"@type":"ListItem","position":2,"name":"Vujovi\u0107: Useljenje u novu zgradu centralni trenutak 75 godina stvaranja Gradskog pozori\u0161ta"}]},{"@type":"WebSite","@id":"https:\/\/dmcsrb.com\/#website","url":"https:\/\/dmcsrb.com\/","name":"dmcsrb.com","description":"","potentialAction":[{"@type":"SearchAction","target":{"@type":"EntryPoint","urlTemplate":"https:\/\/dmcsrb.com\/?s={search_term_string}"},"query-input":{"@type":"PropertyValueSpecification","valueRequired":true,"valueName":"search_term_string"}}],"inLanguage":"en-GB"},{"@type":"Person","@id":"https:\/\/dmcsrb.com\/#\/schema\/person\/5c39170f12db1b8b457732d0b5c854e2","name":"dmcsrbija.com@gmail.com","image":{"@type":"ImageObject","inLanguage":"en-GB","@id":"https:\/\/secure.gravatar.com\/avatar\/68592660ad6347fad0fb587f8d5d8f1a7b44961362f56e4f2cd524feb87e9069?s=96&d=mm&r=g","url":"https:\/\/secure.gravatar.com\/avatar\/68592660ad6347fad0fb587f8d5d8f1a7b44961362f56e4f2cd524feb87e9069?s=96&d=mm&r=g","contentUrl":"https:\/\/secure.gravatar.com\/avatar\/68592660ad6347fad0fb587f8d5d8f1a7b44961362f56e4f2cd524feb87e9069?s=96&d=mm&r=g","caption":"dmcsrbija.com@gmail.com"},"sameAs":["https:\/\/dmcsrb.com"],"url":"https:\/\/dmcsrb.com\/en\/author\/dmcsrbija-comgmail-com\/"}]}},"_links":{"self":[{"href":"https:\/\/dmcsrb.com\/en\/wp-json\/wp\/v2\/posts\/908626","targetHints":{"allow":["GET"]}}],"collection":[{"href":"https:\/\/dmcsrb.com\/en\/wp-json\/wp\/v2\/posts"}],"about":[{"href":"https:\/\/dmcsrb.com\/en\/wp-json\/wp\/v2\/types\/post"}],"author":[{"embeddable":true,"href":"https:\/\/dmcsrb.com\/en\/wp-json\/wp\/v2\/users\/1"}],"replies":[{"embeddable":true,"href":"https:\/\/dmcsrb.com\/en\/wp-json\/wp\/v2\/comments?post=908626"}],"version-history":[{"count":0,"href":"https:\/\/dmcsrb.com\/en\/wp-json\/wp\/v2\/posts\/908626\/revisions"}],"wp:featuredmedia":[{"embeddable":true,"href":"https:\/\/dmcsrb.com\/en\/wp-json\/wp\/v2\/media\/908627"}],"wp:attachment":[{"href":"https:\/\/dmcsrb.com\/en\/wp-json\/wp\/v2\/media?parent=908626"}],"wp:term":[{"taxonomy":"category","embeddable":true,"href":"https:\/\/dmcsrb.com\/en\/wp-json\/wp\/v2\/categories?post=908626"},{"taxonomy":"post_tag","embeddable":true,"href":"https:\/\/dmcsrb.com\/en\/wp-json\/wp\/v2\/tags?post=908626"},{"taxonomy":"naslovna","embeddable":true,"href":"https:\/\/dmcsrb.com\/en\/wp-json\/wp\/v2\/naslovna?post=908626"}],"curies":[{"name":"wp","href":"https:\/\/api.w.org\/{rel}","templated":true}]}}