{"id":908535,"date":"2026-01-14T08:07:00","date_gmt":"2026-01-14T07:07:00","guid":{"rendered":"https:\/\/gradski.me\/?p=908535"},"modified":"2026-01-14T08:07:00","modified_gmt":"2026-01-14T07:07:00","slug":"drakic-presuda-potvrdjuje-zakonska-ovlascenja-ask-a","status":"publish","type":"post","link":"https:\/\/dmcsrb.com\/en\/politika\/drakic-presuda-potvrdjuje-zakonska-ovlascenja-ask-a\/","title":{"rendered":"Draki\u0107: Presuda potvr\u0111uje zakonska ovla\u0161\u0107enja ASK-a"},"content":{"rendered":"<p><\/p>\n\n\n\n<p><\/p>\n\n\n\n<p>Prvostepenom presudom odbijen je kao preuranjen tu\u017ebeni zahtjev \u0110ukanovi\u0107a, kojim je tra\u017eio naknadu nematerijalne \u0161tete u iznosu od 5.000 eura zbog, kako je naveo, povrede \u010dasti, ugleda i dostojanstva.<\/p>\n\n\n\n<p>\u201eZa Agenciju je posebno va\u017eno \u0161to je ovom presudom potvr\u0111eno jasno razgrani\u010denje nadle\u017enosti izme\u0111u sudova i o\u010duvan institucionalni okvir za zakonito i nesmetano djelovanje organa u sistemu borbe protiv korupcije\u201c, rekao je Draki\u0107 komentari\u0161u\u0107i tu presudu.<\/p>\n\n\n\n<p>On je dodao da je Agencija u konkretnom predmetu postupala u skladu sa Zakonom o spre\u010davanju korupcije i svojim zakonskim ovla\u0161\u0107enjima, vode\u0107i se javnim interesom, principom transparentnosti i jednakom primjenom pravila na sve javne funkcionere.<\/p>\n\n\n\n<p>\u201eAgencija ostaje posve\u0107ena svom mandatu i nastavi\u0107e da obavlja svoje nadle\u017enosti profesionalno, neselektivno i u skladu sa zakonom, uz puno po\u0161tovanje sudova i vladavine prava\u201c, poru\u010dio je Draki\u0107.<\/p>\n\n\n\n<p>Ju\u010de je ovu presudu komentarisao i Dejan Milovac iz MANS-a i ocijenio da bez obzira na aktuelne sudske postupke koje je pokrenuo protiv Agencije za spre\u010davanje korupcije, biv\u0161i predsjednik dr\u017eave Milo \u0110ukanovi\u0107 \u0107e na kraju ipak morati da dokazuje porijeklo svoje imovine.<\/p>\n\n\n\n<p><a href=\"https:\/\/rtcg.me\/vijesti\/drustvo\/799536\/milovac-djukanovic-ce-morati-da-dokazuje-porijeklo-imovine.html\"><\/a><\/p>\n\n\n\n<p><\/p>\n\n\n\n<p>&#8220;Postupci koje ASK vodi protiv \u0110ukanovi\u0107a, a koji su predmet njegovih tu\u017ebi i privatnih tu\u017ebi, ne ti\u010du se dokazivanja porijekla njegove imovine. Rije\u010d je o tome da \u0110ukanovi\u0107 odre\u0111enu imovinu nije prijavio u trenutku kada je bio u obavezi da to u\u010dini Agenciji za spre\u010davanje korupcije, odnosno ranije Komisiji za spre\u010davanje sukoba interesa\u201c, naveo je Milovac.<\/p>\n\n\n\n<p>Kako dodaje, to je isklju\u010divo administrativno pitanje, dok bi klju\u010dnu ulogu moralo da ima dr\u017eavno tu\u017eila\u0161tvo.<\/p>\n\n\n\n<p>&#8220;Ono \u0161to bi trebalo da uslijedi, prema na\u0161im saznanjima, jeste postupanje tu\u017eila\u0161tva, koje je u pojedinim slu\u010dajevima i samo saop\u0161tilo da je otvorilo odre\u0111ene predmete kada je u pitanju porijeklo njegove imovine. Bez obzira na to da li je imovina prijavljena ili nije, tu\u017eila\u0161tvo bi kona\u010dno trebalo da ispita odakle ona poti\u010de\u201c, kazao je Milovac.<\/p>\n\n\n\n<p>Upozorava da va\u017ee\u0107i zakonski okvir u velikoj mjeri ote\u017eava takve postupke.<\/p>\n\n\n\n<p><a href=\"https:\/\/rtcg.me\/hronika\/799311\/odbijen-tuzbeni-zahtjev-mila-djukanovica-za-naknadu-stete-protiv-ask-a-.html\"><\/a><\/p>\n\n\n\n<p><\/p>\n\n\n\n<p>Podsjetimo, odbijen je kao preuranjen tu\u017ebeni zahtjev Mila \u0110ukanovi\u0107a protiv Agencije za spre\u010davanje korupcije, kojim je biv\u0161i predsjednik dr\u017eave tra\u017eio naknadu nematerijalne \u0161tete u iznosu od 5.000 eura zbog povrede \u010dasti, ugleda i dostojanstva.<\/p>\n\n\n\n<p>Sud je ocijenio da se o tom zahtjevu ne mo\u017ee odlu\u010divati dok traje upravni spor pred Upravnim sudom Crne Gore, u kojem \u0110ukanovi\u0107 osporava zakonitost odluke ASK-a da je prekr\u0161io Zakon o spre\u010davanju korupcije jer nije prijavio uve\u0107anje imovine u iznosu od 16.741 euro, koje se odnosi na izmirenje duga po revolving kartici Atlas banke.<\/p>\n\n\n\n<p>Sud je naveo da bi odlu\u010divanje o naknadi \u0161tete u ovoj fazi zna\u010dilo posredno ocjenjivanje zakonitosti upravnog akta, \u0161to, navode, nije dozvoljeno, te napominju da \u0110ukanovi\u0107 ima pravo da ponovo podnese tu\u017ebu nakon pravosna\u017enog okon\u010danja upravnog spora.<\/p>","protected":false},"excerpt":{"rendered":"<p>Vr\u0161ilac du\u017enosti direktora Agencije za spre\u010davanje korupcije (ASK) Du\u0161an Draki\u0107 ocijenio je za Portal RTCG da odluka Osnovnog suda u Podgorici, kojom je odbijen tu\u017ebeni zahtjev biv\u0161eg predsjednika dr\u017eave Mila \u0110ukanovi\u0107a, jasno potvr\u0111uje da parni\u010dni sud ne mo\u017ee preispitivati zakonitost upravnih odluka Agencije i da njen rad ostaje utemeljen u zakon<\/p>","protected":false},"author":1,"featured_media":887625,"comment_status":"open","ping_status":"open","sticky":false,"template":"","format":"standard","meta":{"_acf_changed":false,"footnotes":""},"categories":[12],"tags":[118,835,140],"naslovna":[],"class_list":["post-908535","post","type-post","status-publish","format-standard","has-post-thumbnail","hentry","category-politika","tag-ask","tag-milo-djukanovic","tag-presuda"],"acf":[],"yoast_head":"<!-- This site is optimized with the Yoast SEO plugin v27.0 - https:\/\/yoast.com\/product\/yoast-seo-wordpress\/ -->\n<title>Draki\u0107: Presuda potvr\u0111uje zakonska ovla\u0161\u0107enja ASK-a - dmcsrb.com<\/title>\n<meta name=\"robots\" content=\"index, follow, max-snippet:-1, max-image-preview:large, max-video-preview:-1\" \/>\n<link rel=\"canonical\" href=\"https:\/\/dmcsrb.com\/en\/politika\/drakic-presuda-potvrdjuje-zakonska-ovlascenja-ask-a\/\" \/>\n<meta property=\"og:locale\" content=\"en_GB\" \/>\n<meta property=\"og:type\" content=\"article\" \/>\n<meta property=\"og:title\" content=\"Draki\u0107: Presuda potvr\u0111uje zakonska ovla\u0161\u0107enja ASK-a - dmcsrb.com\" \/>\n<meta property=\"og:description\" content=\"Vr\u0161ilac du\u017enosti direktora Agencije za spre\u010davanje korupcije (ASK) Du\u0161an Draki\u0107 ocijenio je za Portal RTCG da odluka Osnovnog suda u Podgorici, kojom je odbijen tu\u017ebeni zahtjev biv\u0161eg predsjednika dr\u017eave Mila \u0110ukanovi\u0107a, jasno potvr\u0111uje da parni\u010dni sud ne mo\u017ee preispitivati zakonitost upravnih odluka Agencije i da njen rad ostaje utemeljen u zakon\" \/>\n<meta property=\"og:url\" content=\"https:\/\/dmcsrb.com\/en\/politika\/drakic-presuda-potvrdjuje-zakonska-ovlascenja-ask-a\/\" \/>\n<meta property=\"og:site_name\" content=\"dmcsrb.com\" \/>\n<meta property=\"article:published_time\" content=\"2026-01-14T07:07:00+00:00\" \/>\n<meta property=\"og:image\" content=\"https:\/\/dmcsrb.com\/wp-content\/uploads\/2025\/12\/dusan-drakic.webp\" \/>\n\t<meta property=\"og:image:width\" content=\"1800\" \/>\n\t<meta property=\"og:image:height\" content=\"819\" \/>\n\t<meta property=\"og:image:type\" content=\"image\/jpeg\" \/>\n<meta name=\"author\" content=\"dmcsrbija.com@gmail.com\" \/>\n<meta name=\"twitter:card\" content=\"summary_large_image\" \/>\n<meta name=\"twitter:label1\" content=\"Written by\" \/>\n\t<meta name=\"twitter:data1\" content=\"dmcsrbija.com@gmail.com\" \/>\n\t<meta name=\"twitter:label2\" content=\"Estimated reading time\" \/>\n\t<meta name=\"twitter:data2\" content=\"2 minutes\" \/>\n<script type=\"application\/ld+json\" class=\"yoast-schema-graph\">{\"@context\":\"https:\/\/schema.org\",\"@graph\":[{\"@type\":\"Article\",\"@id\":\"https:\/\/dmcsrb.com\/politika\/drakic-presuda-potvrdjuje-zakonska-ovlascenja-ask-a\/#article\",\"isPartOf\":{\"@id\":\"https:\/\/dmcsrb.com\/politika\/drakic-presuda-potvrdjuje-zakonska-ovlascenja-ask-a\/\"},\"author\":{\"name\":\"dmcsrbija.com@gmail.com\",\"@id\":\"https:\/\/dmcsrb.com\/#\/schema\/person\/5c39170f12db1b8b457732d0b5c854e2\"},\"headline\":\"Draki\u0107: Presuda potvr\u0111uje zakonska ovla\u0161\u0107enja ASK-a\",\"datePublished\":\"2026-01-14T07:07:00+00:00\",\"mainEntityOfPage\":{\"@id\":\"https:\/\/dmcsrb.com\/politika\/drakic-presuda-potvrdjuje-zakonska-ovlascenja-ask-a\/\"},\"wordCount\":504,\"commentCount\":0,\"image\":{\"@id\":\"https:\/\/dmcsrb.com\/politika\/drakic-presuda-potvrdjuje-zakonska-ovlascenja-ask-a\/#primaryimage\"},\"thumbnailUrl\":\"https:\/\/dmcsrb.com\/wp-content\/uploads\/2025\/12\/dusan-drakic.webp\",\"keywords\":[\"ASK\",\"Milo \u0110ukanovi\u0107\",\"presuda\"],\"articleSection\":[\"Politika\"],\"inLanguage\":\"en-GB\",\"potentialAction\":[{\"@type\":\"CommentAction\",\"name\":\"Comment\",\"target\":[\"https:\/\/dmcsrb.com\/politika\/drakic-presuda-potvrdjuje-zakonska-ovlascenja-ask-a\/#respond\"]}]},{\"@type\":\"WebPage\",\"@id\":\"https:\/\/dmcsrb.com\/politika\/drakic-presuda-potvrdjuje-zakonska-ovlascenja-ask-a\/\",\"url\":\"https:\/\/dmcsrb.com\/politika\/drakic-presuda-potvrdjuje-zakonska-ovlascenja-ask-a\/\",\"name\":\"Draki\u0107: Presuda potvr\u0111uje zakonska ovla\u0161\u0107enja ASK-a - dmcsrb.com\",\"isPartOf\":{\"@id\":\"https:\/\/dmcsrb.com\/#website\"},\"primaryImageOfPage\":{\"@id\":\"https:\/\/dmcsrb.com\/politika\/drakic-presuda-potvrdjuje-zakonska-ovlascenja-ask-a\/#primaryimage\"},\"image\":{\"@id\":\"https:\/\/dmcsrb.com\/politika\/drakic-presuda-potvrdjuje-zakonska-ovlascenja-ask-a\/#primaryimage\"},\"thumbnailUrl\":\"https:\/\/dmcsrb.com\/wp-content\/uploads\/2025\/12\/dusan-drakic.webp\",\"datePublished\":\"2026-01-14T07:07:00+00:00\",\"author\":{\"@id\":\"https:\/\/dmcsrb.com\/#\/schema\/person\/5c39170f12db1b8b457732d0b5c854e2\"},\"breadcrumb\":{\"@id\":\"https:\/\/dmcsrb.com\/politika\/drakic-presuda-potvrdjuje-zakonska-ovlascenja-ask-a\/#breadcrumb\"},\"inLanguage\":\"en-GB\",\"potentialAction\":[{\"@type\":\"ReadAction\",\"target\":[\"https:\/\/dmcsrb.com\/politika\/drakic-presuda-potvrdjuje-zakonska-ovlascenja-ask-a\/\"]}]},{\"@type\":\"ImageObject\",\"inLanguage\":\"en-GB\",\"@id\":\"https:\/\/dmcsrb.com\/politika\/drakic-presuda-potvrdjuje-zakonska-ovlascenja-ask-a\/#primaryimage\",\"url\":\"https:\/\/dmcsrb.com\/wp-content\/uploads\/2025\/12\/dusan-drakic.webp\",\"contentUrl\":\"https:\/\/dmcsrb.com\/wp-content\/uploads\/2025\/12\/dusan-drakic.webp\",\"width\":1800,\"height\":819,\"caption\":\"foto: RTV Podgorica\"},{\"@type\":\"BreadcrumbList\",\"@id\":\"https:\/\/dmcsrb.com\/politika\/drakic-presuda-potvrdjuje-zakonska-ovlascenja-ask-a\/#breadcrumb\",\"itemListElement\":[{\"@type\":\"ListItem\",\"position\":1,\"name\":\"Home\",\"item\":\"https:\/\/dmcsrb.com\/\"},{\"@type\":\"ListItem\",\"position\":2,\"name\":\"Draki\u0107: Presuda potvr\u0111uje zakonska ovla\u0161\u0107enja ASK-a\"}]},{\"@type\":\"WebSite\",\"@id\":\"https:\/\/dmcsrb.com\/#website\",\"url\":\"https:\/\/dmcsrb.com\/\",\"name\":\"dmcsrb.com\",\"description\":\"\",\"potentialAction\":[{\"@type\":\"SearchAction\",\"target\":{\"@type\":\"EntryPoint\",\"urlTemplate\":\"https:\/\/dmcsrb.com\/?s={search_term_string}\"},\"query-input\":{\"@type\":\"PropertyValueSpecification\",\"valueRequired\":true,\"valueName\":\"search_term_string\"}}],\"inLanguage\":\"en-GB\"},{\"@type\":\"Person\",\"@id\":\"https:\/\/dmcsrb.com\/#\/schema\/person\/5c39170f12db1b8b457732d0b5c854e2\",\"name\":\"dmcsrbija.com@gmail.com\",\"image\":{\"@type\":\"ImageObject\",\"inLanguage\":\"en-GB\",\"@id\":\"https:\/\/dmcsrb.com\/#\/schema\/person\/image\/\",\"url\":\"https:\/\/secure.gravatar.com\/avatar\/68592660ad6347fad0fb587f8d5d8f1a7b44961362f56e4f2cd524feb87e9069?s=96&d=mm&r=g\",\"contentUrl\":\"https:\/\/secure.gravatar.com\/avatar\/68592660ad6347fad0fb587f8d5d8f1a7b44961362f56e4f2cd524feb87e9069?s=96&d=mm&r=g\",\"caption\":\"dmcsrbija.com@gmail.com\"},\"sameAs\":[\"https:\/\/dmcsrb.com\"],\"url\":\"https:\/\/dmcsrb.com\/en\/author\/dmcsrbija-comgmail-com\/\"}]}<\/script>\n<!-- \/ Yoast SEO plugin. -->","yoast_head_json":{"title":"Draki\u0107: Presuda potvr\u0111uje zakonska ovla\u0161\u0107enja ASK-a - dmcsrb.com","robots":{"index":"index","follow":"follow","max-snippet":"max-snippet:-1","max-image-preview":"max-image-preview:large","max-video-preview":"max-video-preview:-1"},"canonical":"https:\/\/dmcsrb.com\/en\/politika\/drakic-presuda-potvrdjuje-zakonska-ovlascenja-ask-a\/","og_locale":"en_GB","og_type":"article","og_title":"Draki\u0107: Presuda potvr\u0111uje zakonska ovla\u0161\u0107enja ASK-a - dmcsrb.com","og_description":"Vr\u0161ilac du\u017enosti direktora Agencije za spre\u010davanje korupcije (ASK) Du\u0161an Draki\u0107 ocijenio je za Portal RTCG da odluka Osnovnog suda u Podgorici, kojom je odbijen tu\u017ebeni zahtjev biv\u0161eg predsjednika dr\u017eave Mila \u0110ukanovi\u0107a, jasno potvr\u0111uje da parni\u010dni sud ne mo\u017ee preispitivati zakonitost upravnih odluka Agencije i da njen rad ostaje utemeljen u zakon","og_url":"https:\/\/dmcsrb.com\/en\/politika\/drakic-presuda-potvrdjuje-zakonska-ovlascenja-ask-a\/","og_site_name":"dmcsrb.com","article_published_time":"2026-01-14T07:07:00+00:00","og_image":[{"width":1800,"height":819,"url":"https:\/\/dmcsrb.com\/wp-content\/uploads\/2025\/12\/dusan-drakic.webp","type":"image\/jpeg"}],"author":"dmcsrbija.com@gmail.com","twitter_card":"summary_large_image","twitter_misc":{"Written by":"dmcsrbija.com@gmail.com","Estimated reading time":"2 minutes"},"schema":{"@context":"https:\/\/schema.org","@graph":[{"@type":"Article","@id":"https:\/\/dmcsrb.com\/politika\/drakic-presuda-potvrdjuje-zakonska-ovlascenja-ask-a\/#article","isPartOf":{"@id":"https:\/\/dmcsrb.com\/politika\/drakic-presuda-potvrdjuje-zakonska-ovlascenja-ask-a\/"},"author":{"name":"dmcsrbija.com@gmail.com","@id":"https:\/\/dmcsrb.com\/#\/schema\/person\/5c39170f12db1b8b457732d0b5c854e2"},"headline":"Draki\u0107: Presuda potvr\u0111uje zakonska ovla\u0161\u0107enja ASK-a","datePublished":"2026-01-14T07:07:00+00:00","mainEntityOfPage":{"@id":"https:\/\/dmcsrb.com\/politika\/drakic-presuda-potvrdjuje-zakonska-ovlascenja-ask-a\/"},"wordCount":504,"commentCount":0,"image":{"@id":"https:\/\/dmcsrb.com\/politika\/drakic-presuda-potvrdjuje-zakonska-ovlascenja-ask-a\/#primaryimage"},"thumbnailUrl":"https:\/\/dmcsrb.com\/wp-content\/uploads\/2025\/12\/dusan-drakic.webp","keywords":["ASK","Milo \u0110ukanovi\u0107","presuda"],"articleSection":["Politika"],"inLanguage":"en-GB","potentialAction":[{"@type":"CommentAction","name":"Comment","target":["https:\/\/dmcsrb.com\/politika\/drakic-presuda-potvrdjuje-zakonska-ovlascenja-ask-a\/#respond"]}]},{"@type":"WebPage","@id":"https:\/\/dmcsrb.com\/politika\/drakic-presuda-potvrdjuje-zakonska-ovlascenja-ask-a\/","url":"https:\/\/dmcsrb.com\/politika\/drakic-presuda-potvrdjuje-zakonska-ovlascenja-ask-a\/","name":"Draki\u0107: Presuda potvr\u0111uje zakonska ovla\u0161\u0107enja ASK-a - dmcsrb.com","isPartOf":{"@id":"https:\/\/dmcsrb.com\/#website"},"primaryImageOfPage":{"@id":"https:\/\/dmcsrb.com\/politika\/drakic-presuda-potvrdjuje-zakonska-ovlascenja-ask-a\/#primaryimage"},"image":{"@id":"https:\/\/dmcsrb.com\/politika\/drakic-presuda-potvrdjuje-zakonska-ovlascenja-ask-a\/#primaryimage"},"thumbnailUrl":"https:\/\/dmcsrb.com\/wp-content\/uploads\/2025\/12\/dusan-drakic.webp","datePublished":"2026-01-14T07:07:00+00:00","author":{"@id":"https:\/\/dmcsrb.com\/#\/schema\/person\/5c39170f12db1b8b457732d0b5c854e2"},"breadcrumb":{"@id":"https:\/\/dmcsrb.com\/politika\/drakic-presuda-potvrdjuje-zakonska-ovlascenja-ask-a\/#breadcrumb"},"inLanguage":"en-GB","potentialAction":[{"@type":"ReadAction","target":["https:\/\/dmcsrb.com\/politika\/drakic-presuda-potvrdjuje-zakonska-ovlascenja-ask-a\/"]}]},{"@type":"ImageObject","inLanguage":"en-GB","@id":"https:\/\/dmcsrb.com\/politika\/drakic-presuda-potvrdjuje-zakonska-ovlascenja-ask-a\/#primaryimage","url":"https:\/\/dmcsrb.com\/wp-content\/uploads\/2025\/12\/dusan-drakic.webp","contentUrl":"https:\/\/dmcsrb.com\/wp-content\/uploads\/2025\/12\/dusan-drakic.webp","width":1800,"height":819,"caption":"foto: RTV Podgorica"},{"@type":"BreadcrumbList","@id":"https:\/\/dmcsrb.com\/politika\/drakic-presuda-potvrdjuje-zakonska-ovlascenja-ask-a\/#breadcrumb","itemListElement":[{"@type":"ListItem","position":1,"name":"Home","item":"https:\/\/dmcsrb.com\/"},{"@type":"ListItem","position":2,"name":"Draki\u0107: Presuda potvr\u0111uje zakonska ovla\u0161\u0107enja ASK-a"}]},{"@type":"WebSite","@id":"https:\/\/dmcsrb.com\/#website","url":"https:\/\/dmcsrb.com\/","name":"dmcsrb.com","description":"","potentialAction":[{"@type":"SearchAction","target":{"@type":"EntryPoint","urlTemplate":"https:\/\/dmcsrb.com\/?s={search_term_string}"},"query-input":{"@type":"PropertyValueSpecification","valueRequired":true,"valueName":"search_term_string"}}],"inLanguage":"en-GB"},{"@type":"Person","@id":"https:\/\/dmcsrb.com\/#\/schema\/person\/5c39170f12db1b8b457732d0b5c854e2","name":"dmcsrbija.com@gmail.com","image":{"@type":"ImageObject","inLanguage":"en-GB","@id":"https:\/\/dmcsrb.com\/#\/schema\/person\/image\/","url":"https:\/\/secure.gravatar.com\/avatar\/68592660ad6347fad0fb587f8d5d8f1a7b44961362f56e4f2cd524feb87e9069?s=96&d=mm&r=g","contentUrl":"https:\/\/secure.gravatar.com\/avatar\/68592660ad6347fad0fb587f8d5d8f1a7b44961362f56e4f2cd524feb87e9069?s=96&d=mm&r=g","caption":"dmcsrbija.com@gmail.com"},"sameAs":["https:\/\/dmcsrb.com"],"url":"https:\/\/dmcsrb.com\/en\/author\/dmcsrbija-comgmail-com\/"}]}},"_links":{"self":[{"href":"https:\/\/dmcsrb.com\/en\/wp-json\/wp\/v2\/posts\/908535","targetHints":{"allow":["GET"]}}],"collection":[{"href":"https:\/\/dmcsrb.com\/en\/wp-json\/wp\/v2\/posts"}],"about":[{"href":"https:\/\/dmcsrb.com\/en\/wp-json\/wp\/v2\/types\/post"}],"author":[{"embeddable":true,"href":"https:\/\/dmcsrb.com\/en\/wp-json\/wp\/v2\/users\/1"}],"replies":[{"embeddable":true,"href":"https:\/\/dmcsrb.com\/en\/wp-json\/wp\/v2\/comments?post=908535"}],"version-history":[{"count":0,"href":"https:\/\/dmcsrb.com\/en\/wp-json\/wp\/v2\/posts\/908535\/revisions"}],"wp:featuredmedia":[{"embeddable":true,"href":"https:\/\/dmcsrb.com\/en\/wp-json\/wp\/v2\/media\/887625"}],"wp:attachment":[{"href":"https:\/\/dmcsrb.com\/en\/wp-json\/wp\/v2\/media?parent=908535"}],"wp:term":[{"taxonomy":"category","embeddable":true,"href":"https:\/\/dmcsrb.com\/en\/wp-json\/wp\/v2\/categories?post=908535"},{"taxonomy":"post_tag","embeddable":true,"href":"https:\/\/dmcsrb.com\/en\/wp-json\/wp\/v2\/tags?post=908535"},{"taxonomy":"naslovna","embeddable":true,"href":"https:\/\/dmcsrb.com\/en\/wp-json\/wp\/v2\/naslovna?post=908535"}],"curies":[{"name":"wp","href":"https:\/\/api.w.org\/{rel}","templated":true}]}}