{"id":908437,"date":"2026-01-13T20:34:00","date_gmt":"2026-01-13T19:34:00","guid":{"rendered":"https:\/\/gradski.me\/?p=908437"},"modified":"2026-01-13T20:34:00","modified_gmt":"2026-01-13T19:34:00","slug":"vojinovic-klinicki-centar-nastavlja-sa-narusavanjem-dostojanstva-i-ugleda-radojicic","status":"publish","type":"post","link":"https:\/\/dmcsrb.com\/en\/drustvo\/vojinovic-klinicki-centar-nastavlja-sa-narusavanjem-dostojanstva-i-ugleda-radojicic\/","title":{"rendered":"Vojinovi\u0107: Klini\u010dki centar nastavlja sa naru\u0161avanjem dostojanstva i ugleda Radoji\u010di\u0107"},"content":{"rendered":"<p>Reagovanje prenosimo integralno:<\/p>\n\n\n\n<p>\u201c\u010cinjenice su neumoljive.<\/p>\n\n\n\n<p>Dr Jelena Radoji\u010di\u0107 je obavljala poslove direktora Klinike za o\u010dne bolesti od 22. 01. 2021. godine, sve do 11. 09. 2024. godine, kada je, dva dana prije isteka godi\u0161njeg odmora, dobila ponudu sa aneksom i bila raspore\u0111ena na poslove doktora medicine \u2013 specijaliste. Po dobijanju uputstva pokrenula je postupak pred Agencijom za mirno rje\u0161avanje sporova, koji je KCCG u po\u010detku prihvatio, a kasnije od njega odustao, pa je postupak nastavljen pred Sudom.<\/p>\n\n\n\n<p>Aneks je poni\u0161ten presudom Osnovnog suda u Podgorici P.br. 448\/25, koja je potvr\u0111ena presudom Vi\u0161eg suda G\u017e.br. 4636\/25 od 02. 12. 2025. godine.<\/p>\n\n\n\n<figure class=\"wp-block-embed is-type-wp-embed is-provider-gradski-portal wp-block-embed-gradski-portal\"><div class=\"wp-block-embed__wrapper\">\n<blockquote class=\"wp-embedded-content\" data-secret=\"fx896ZvxDf\"><a href=\"https:\/\/gradski.me\/kccg-sudije-hoce-da-rukovode-klinickim-centrom-crne-gore\/\">KCCG: Sudije ho\u0107e da rukovode Klini\u010dkim centrom Crne Gore?<\/a><\/blockquote><iframe loading=\"lazy\" class=\"wp-embedded-content\" sandbox=\"allow-scripts\" security=\"restricted\" style=\"position: absolute; visibility: hidden;\" title=\"&#132;KCCG: Sudije ho\u0107e da rukovode Klini\u010dkim centrom Crne Gore?&#147; &#8212; Gradski portal\" src=\"https:\/\/gradski.me\/kccg-sudije-hoce-da-rukovode-klinickim-centrom-crne-gore\/embed\/#?secret=z6BFi0Ns4V#?secret=fx896ZvxDf\" data-secret=\"fx896ZvxDf\" width=\"500\" height=\"282\" frameborder=\"0\" marginwidth=\"0\" marginheight=\"0\" scrolling=\"no\"><\/iframe>\n<\/div><\/figure>\n\n\n\n<p>Navedenom presudom, pored poni\u0161tenja aneksa, nalo\u017eeno je KCCG-u da dr Jelenu Radoji\u010di\u0107 vrati na radno mjesto direktora Klinike za o\u010dne bolesti. Umjesto vra\u0107anja na posao, dostavljena je nova ponuda sa aneksom o njenom rasporedu na radno mjesto po aneksu koji je ve\u0107 poni\u0161ten, a shodno Aktu o sistematizaciji direktor obavlja i poslove specijaliste za o\u010dne bolesti, \u0161to zna\u010di da nema razloga za premje\u0161taj.<\/p>\n\n\n\n<p>Nije potrebno posebno tuma\u010diti niti zaklju\u010divati da je dostavljena ponuda sa aneksom, u stvari, aktivno pona\u0161anje poslodavca koje ima za cilj povredu dostojanstva, ugleda te li\u010dnog i profesionalnog integriteta dr Jelene Radoji\u010di\u0107, sa namjerom da se izoluje i eventualno, na sopstvenu inicijativu, otka\u017ee ugovor o radu.<\/p>\n\n\n\n<p>To, zaista, dr Jelena Radoji\u010di\u0107 ne\u0107e u\u010diniti. Ve\u0107 smo podnijeli predlog Osnovnom sudu u Podgorici za izvr\u0161enje donesene odluke prinudnim putem, zatra\u017eeno je postupanje Inspekcije rada, a podnije\u0107e se i krivi\u010dna prijava nadle\u017enom tu\u017eila\u0161tvu radi utvr\u0111ivanja krivi\u010dne odgovornosti direktora KCCG-a. Tako\u0111e, nadamo se da \u0107e i Ministarstvo zdravlja, shodno Zakonu o zdravstvenom osiguranju, pokrenuti postupak njegove odgovornosti, a nastavi\u0107emo, ukoliko bude potrebno, da tra\u017eimo za\u0161titu pred nadle\u017enim pravosudnim organima.<\/p>\n\n\n\n<p>Posebno nagla\u0161avam da se u prirodi i u dru\u0161tvu de\u0161avaju \u010duda, ali za\u010du\u0111uje da nakon ovog teksta \u0107uti Ministarstvo pravde, Osnovni, Vi\u0161i i Vrhovni sud, a posebno Sudski savjet, jer se od njih tra\u017ei da ne sude po zakonu i pravdi, ve\u0107 da donose odluke u korist KCCG-a.<\/p>\n\n\n\n<p>U dugogodi\u0161njoj praksi ovo se nije de\u0161avalo, te mora postojati njihova reakcija, a KCCG-u preporu\u010dujem da pa\u017eljivo prou\u010di \u010dlanove 47. i 48. Zakona o radu, kao i Zakon o zabrani zlostavljanja na radu i Zakon o zabrani diskriminacije\u201d.<\/p>","protected":false},"excerpt":{"rendered":"<p>Advokat Milan Vojinovi\u0107 reagovao je povodom saop\u0161tenja Klini\u010dkog centra na pravosna\u017enu presudu suda u vezi dr Jelene Radoji\u010di\u0107, i kazao da KCCG nastavlja sa naru\u0161avanjem njenog dostojanstva i ugleda, sa namjerom da eventualno samoinicijativno da otkaz.<\/p>","protected":false},"author":1,"featured_media":679040,"comment_status":"open","ping_status":"open","sticky":false,"template":"","format":"standard","meta":{"_acf_changed":false,"footnotes":""},"categories":[2],"tags":[15945,119],"naslovna":[],"class_list":["post-908437","post","type-post","status-publish","format-standard","has-post-thumbnail","hentry","category-drustvo","tag-advokat-milan-vojinovic","tag-kccg"],"acf":[],"yoast_head":"<!-- This site is optimized with the Yoast SEO plugin v27.4 - https:\/\/yoast.com\/product\/yoast-seo-wordpress\/ -->\n<title>Vojinovi\u0107: Klini\u010dki centar nastavlja sa naru\u0161avanjem dostojanstva i ugleda Radoji\u010di\u0107 - dmcsrb.com<\/title>\n<meta name=\"robots\" content=\"index, follow, max-snippet:-1, max-image-preview:large, max-video-preview:-1\" \/>\n<link rel=\"canonical\" href=\"https:\/\/dmcsrb.com\/en\/drustvo\/vojinovic-klinicki-centar-nastavlja-sa-narusavanjem-dostojanstva-i-ugleda-radojicic\/\" \/>\n<meta property=\"og:locale\" content=\"en_GB\" \/>\n<meta property=\"og:type\" content=\"article\" \/>\n<meta property=\"og:title\" content=\"Vojinovi\u0107: Klini\u010dki centar nastavlja sa naru\u0161avanjem dostojanstva i ugleda Radoji\u010di\u0107 - dmcsrb.com\" \/>\n<meta property=\"og:description\" content=\"Advokat Milan Vojinovi\u0107 reagovao je povodom saop\u0161tenja Klini\u010dkog centra na pravosna\u017enu presudu suda u vezi dr Jelene Radoji\u010di\u0107, i kazao da KCCG nastavlja sa naru\u0161avanjem njenog dostojanstva i ugleda, sa namjerom da eventualno samoinicijativno da otkaz.\" \/>\n<meta property=\"og:url\" content=\"https:\/\/dmcsrb.com\/en\/drustvo\/vojinovic-klinicki-centar-nastavlja-sa-narusavanjem-dostojanstva-i-ugleda-radojicic\/\" \/>\n<meta property=\"og:site_name\" content=\"dmcsrb.com\" \/>\n<meta property=\"article:published_time\" content=\"2026-01-13T19:34:00+00:00\" \/>\n<meta property=\"og:image\" content=\"https:\/\/dmcsrb.com\/wp-content\/uploads\/2025\/01\/Klinicki-centar-Crne-Gore-a-1024x683-2.webp\" \/>\n\t<meta property=\"og:image:width\" content=\"1024\" \/>\n\t<meta property=\"og:image:height\" content=\"683\" \/>\n\t<meta property=\"og:image:type\" content=\"image\/jpeg\" \/>\n<meta name=\"author\" content=\"dmcsrbija.com@gmail.com\" \/>\n<meta name=\"twitter:card\" content=\"summary_large_image\" \/>\n<meta name=\"twitter:label1\" content=\"Written by\" \/>\n\t<meta name=\"twitter:data1\" content=\"dmcsrbija.com@gmail.com\" \/>\n\t<meta name=\"twitter:label2\" content=\"Estimated reading time\" \/>\n\t<meta name=\"twitter:data2\" content=\"2 minutes\" \/>\n<script type=\"application\/ld+json\" class=\"yoast-schema-graph\">{\"@context\":\"https:\\\/\\\/schema.org\",\"@graph\":[{\"@type\":\"Article\",\"@id\":\"https:\\\/\\\/dmcsrb.com\\\/drustvo\\\/vojinovic-klinicki-centar-nastavlja-sa-narusavanjem-dostojanstva-i-ugleda-radojicic\\\/#article\",\"isPartOf\":{\"@id\":\"https:\\\/\\\/dmcsrb.com\\\/drustvo\\\/vojinovic-klinicki-centar-nastavlja-sa-narusavanjem-dostojanstva-i-ugleda-radojicic\\\/\"},\"author\":{\"name\":\"dmcsrbija.com@gmail.com\",\"@id\":\"https:\\\/\\\/dmcsrb.com\\\/#\\\/schema\\\/person\\\/5c39170f12db1b8b457732d0b5c854e2\"},\"headline\":\"Vojinovi\u0107: Klini\u010dki centar nastavlja sa naru\u0161avanjem dostojanstva i ugleda Radoji\u010di\u0107\",\"datePublished\":\"2026-01-13T19:34:00+00:00\",\"mainEntityOfPage\":{\"@id\":\"https:\\\/\\\/dmcsrb.com\\\/drustvo\\\/vojinovic-klinicki-centar-nastavlja-sa-narusavanjem-dostojanstva-i-ugleda-radojicic\\\/\"},\"wordCount\":423,\"commentCount\":0,\"image\":{\"@id\":\"https:\\\/\\\/dmcsrb.com\\\/drustvo\\\/vojinovic-klinicki-centar-nastavlja-sa-narusavanjem-dostojanstva-i-ugleda-radojicic\\\/#primaryimage\"},\"thumbnailUrl\":\"https:\\\/\\\/dmcsrb.com\\\/wp-content\\\/uploads\\\/2025\\\/01\\\/Klinicki-centar-Crne-Gore-a-1024x683-2.webp\",\"keywords\":[\"Advokat Milan Vojinovi\u0107\",\"KCCG\"],\"articleSection\":[\"Dru\u0161tvo\"],\"inLanguage\":\"en-GB\",\"potentialAction\":[{\"@type\":\"CommentAction\",\"name\":\"Comment\",\"target\":[\"https:\\\/\\\/dmcsrb.com\\\/drustvo\\\/vojinovic-klinicki-centar-nastavlja-sa-narusavanjem-dostojanstva-i-ugleda-radojicic\\\/#respond\"]}]},{\"@type\":\"WebPage\",\"@id\":\"https:\\\/\\\/dmcsrb.com\\\/drustvo\\\/vojinovic-klinicki-centar-nastavlja-sa-narusavanjem-dostojanstva-i-ugleda-radojicic\\\/\",\"url\":\"https:\\\/\\\/dmcsrb.com\\\/drustvo\\\/vojinovic-klinicki-centar-nastavlja-sa-narusavanjem-dostojanstva-i-ugleda-radojicic\\\/\",\"name\":\"Vojinovi\u0107: Klini\u010dki centar nastavlja sa naru\u0161avanjem dostojanstva i ugleda Radoji\u010di\u0107 - dmcsrb.com\",\"isPartOf\":{\"@id\":\"https:\\\/\\\/dmcsrb.com\\\/#website\"},\"primaryImageOfPage\":{\"@id\":\"https:\\\/\\\/dmcsrb.com\\\/drustvo\\\/vojinovic-klinicki-centar-nastavlja-sa-narusavanjem-dostojanstva-i-ugleda-radojicic\\\/#primaryimage\"},\"image\":{\"@id\":\"https:\\\/\\\/dmcsrb.com\\\/drustvo\\\/vojinovic-klinicki-centar-nastavlja-sa-narusavanjem-dostojanstva-i-ugleda-radojicic\\\/#primaryimage\"},\"thumbnailUrl\":\"https:\\\/\\\/dmcsrb.com\\\/wp-content\\\/uploads\\\/2025\\\/01\\\/Klinicki-centar-Crne-Gore-a-1024x683-2.webp\",\"datePublished\":\"2026-01-13T19:34:00+00:00\",\"author\":{\"@id\":\"https:\\\/\\\/dmcsrb.com\\\/#\\\/schema\\\/person\\\/5c39170f12db1b8b457732d0b5c854e2\"},\"breadcrumb\":{\"@id\":\"https:\\\/\\\/dmcsrb.com\\\/drustvo\\\/vojinovic-klinicki-centar-nastavlja-sa-narusavanjem-dostojanstva-i-ugleda-radojicic\\\/#breadcrumb\"},\"inLanguage\":\"en-GB\",\"potentialAction\":[{\"@type\":\"ReadAction\",\"target\":[\"https:\\\/\\\/dmcsrb.com\\\/drustvo\\\/vojinovic-klinicki-centar-nastavlja-sa-narusavanjem-dostojanstva-i-ugleda-radojicic\\\/\"]}]},{\"@type\":\"ImageObject\",\"inLanguage\":\"en-GB\",\"@id\":\"https:\\\/\\\/dmcsrb.com\\\/drustvo\\\/vojinovic-klinicki-centar-nastavlja-sa-narusavanjem-dostojanstva-i-ugleda-radojicic\\\/#primaryimage\",\"url\":\"https:\\\/\\\/dmcsrb.com\\\/wp-content\\\/uploads\\\/2025\\\/01\\\/Klinicki-centar-Crne-Gore-a-1024x683-2.webp\",\"contentUrl\":\"https:\\\/\\\/dmcsrb.com\\\/wp-content\\\/uploads\\\/2025\\\/01\\\/Klinicki-centar-Crne-Gore-a-1024x683-2.webp\",\"width\":1024,\"height\":683,\"caption\":\"Foto: KCCG\"},{\"@type\":\"BreadcrumbList\",\"@id\":\"https:\\\/\\\/dmcsrb.com\\\/drustvo\\\/vojinovic-klinicki-centar-nastavlja-sa-narusavanjem-dostojanstva-i-ugleda-radojicic\\\/#breadcrumb\",\"itemListElement\":[{\"@type\":\"ListItem\",\"position\":1,\"name\":\"Home\",\"item\":\"https:\\\/\\\/dmcsrb.com\\\/\"},{\"@type\":\"ListItem\",\"position\":2,\"name\":\"Vojinovi\u0107: Klini\u010dki centar nastavlja sa naru\u0161avanjem dostojanstva i ugleda Radoji\u010di\u0107\"}]},{\"@type\":\"WebSite\",\"@id\":\"https:\\\/\\\/dmcsrb.com\\\/#website\",\"url\":\"https:\\\/\\\/dmcsrb.com\\\/\",\"name\":\"dmcsrb.com\",\"description\":\"\",\"potentialAction\":[{\"@type\":\"SearchAction\",\"target\":{\"@type\":\"EntryPoint\",\"urlTemplate\":\"https:\\\/\\\/dmcsrb.com\\\/?s={search_term_string}\"},\"query-input\":{\"@type\":\"PropertyValueSpecification\",\"valueRequired\":true,\"valueName\":\"search_term_string\"}}],\"inLanguage\":\"en-GB\"},{\"@type\":\"Person\",\"@id\":\"https:\\\/\\\/dmcsrb.com\\\/#\\\/schema\\\/person\\\/5c39170f12db1b8b457732d0b5c854e2\",\"name\":\"dmcsrbija.com@gmail.com\",\"image\":{\"@type\":\"ImageObject\",\"inLanguage\":\"en-GB\",\"@id\":\"https:\\\/\\\/secure.gravatar.com\\\/avatar\\\/68592660ad6347fad0fb587f8d5d8f1a7b44961362f56e4f2cd524feb87e9069?s=96&d=mm&r=g\",\"url\":\"https:\\\/\\\/secure.gravatar.com\\\/avatar\\\/68592660ad6347fad0fb587f8d5d8f1a7b44961362f56e4f2cd524feb87e9069?s=96&d=mm&r=g\",\"contentUrl\":\"https:\\\/\\\/secure.gravatar.com\\\/avatar\\\/68592660ad6347fad0fb587f8d5d8f1a7b44961362f56e4f2cd524feb87e9069?s=96&d=mm&r=g\",\"caption\":\"dmcsrbija.com@gmail.com\"},\"sameAs\":[\"https:\\\/\\\/dmcsrb.com\"],\"url\":\"https:\\\/\\\/dmcsrb.com\\\/en\\\/author\\\/dmcsrbija-comgmail-com\\\/\"}]}<\/script>\n<!-- \/ Yoast SEO plugin. -->","yoast_head_json":{"title":"Vojinovi\u0107: Klini\u010dki centar nastavlja sa naru\u0161avanjem dostojanstva i ugleda Radoji\u010di\u0107 - dmcsrb.com","robots":{"index":"index","follow":"follow","max-snippet":"max-snippet:-1","max-image-preview":"max-image-preview:large","max-video-preview":"max-video-preview:-1"},"canonical":"https:\/\/dmcsrb.com\/en\/drustvo\/vojinovic-klinicki-centar-nastavlja-sa-narusavanjem-dostojanstva-i-ugleda-radojicic\/","og_locale":"en_GB","og_type":"article","og_title":"Vojinovi\u0107: Klini\u010dki centar nastavlja sa naru\u0161avanjem dostojanstva i ugleda Radoji\u010di\u0107 - dmcsrb.com","og_description":"Advokat Milan Vojinovi\u0107 reagovao je povodom saop\u0161tenja Klini\u010dkog centra na pravosna\u017enu presudu suda u vezi dr Jelene Radoji\u010di\u0107, i kazao da KCCG nastavlja sa naru\u0161avanjem njenog dostojanstva i ugleda, sa namjerom da eventualno samoinicijativno da otkaz.","og_url":"https:\/\/dmcsrb.com\/en\/drustvo\/vojinovic-klinicki-centar-nastavlja-sa-narusavanjem-dostojanstva-i-ugleda-radojicic\/","og_site_name":"dmcsrb.com","article_published_time":"2026-01-13T19:34:00+00:00","og_image":[{"width":1024,"height":683,"url":"https:\/\/dmcsrb.com\/wp-content\/uploads\/2025\/01\/Klinicki-centar-Crne-Gore-a-1024x683-2.webp","type":"image\/jpeg"}],"author":"dmcsrbija.com@gmail.com","twitter_card":"summary_large_image","twitter_misc":{"Written by":"dmcsrbija.com@gmail.com","Estimated reading time":"2 minutes"},"schema":{"@context":"https:\/\/schema.org","@graph":[{"@type":"Article","@id":"https:\/\/dmcsrb.com\/drustvo\/vojinovic-klinicki-centar-nastavlja-sa-narusavanjem-dostojanstva-i-ugleda-radojicic\/#article","isPartOf":{"@id":"https:\/\/dmcsrb.com\/drustvo\/vojinovic-klinicki-centar-nastavlja-sa-narusavanjem-dostojanstva-i-ugleda-radojicic\/"},"author":{"name":"dmcsrbija.com@gmail.com","@id":"https:\/\/dmcsrb.com\/#\/schema\/person\/5c39170f12db1b8b457732d0b5c854e2"},"headline":"Vojinovi\u0107: Klini\u010dki centar nastavlja sa naru\u0161avanjem dostojanstva i ugleda Radoji\u010di\u0107","datePublished":"2026-01-13T19:34:00+00:00","mainEntityOfPage":{"@id":"https:\/\/dmcsrb.com\/drustvo\/vojinovic-klinicki-centar-nastavlja-sa-narusavanjem-dostojanstva-i-ugleda-radojicic\/"},"wordCount":423,"commentCount":0,"image":{"@id":"https:\/\/dmcsrb.com\/drustvo\/vojinovic-klinicki-centar-nastavlja-sa-narusavanjem-dostojanstva-i-ugleda-radojicic\/#primaryimage"},"thumbnailUrl":"https:\/\/dmcsrb.com\/wp-content\/uploads\/2025\/01\/Klinicki-centar-Crne-Gore-a-1024x683-2.webp","keywords":["Advokat Milan Vojinovi\u0107","KCCG"],"articleSection":["Dru\u0161tvo"],"inLanguage":"en-GB","potentialAction":[{"@type":"CommentAction","name":"Comment","target":["https:\/\/dmcsrb.com\/drustvo\/vojinovic-klinicki-centar-nastavlja-sa-narusavanjem-dostojanstva-i-ugleda-radojicic\/#respond"]}]},{"@type":"WebPage","@id":"https:\/\/dmcsrb.com\/drustvo\/vojinovic-klinicki-centar-nastavlja-sa-narusavanjem-dostojanstva-i-ugleda-radojicic\/","url":"https:\/\/dmcsrb.com\/drustvo\/vojinovic-klinicki-centar-nastavlja-sa-narusavanjem-dostojanstva-i-ugleda-radojicic\/","name":"Vojinovi\u0107: Klini\u010dki centar nastavlja sa naru\u0161avanjem dostojanstva i ugleda Radoji\u010di\u0107 - dmcsrb.com","isPartOf":{"@id":"https:\/\/dmcsrb.com\/#website"},"primaryImageOfPage":{"@id":"https:\/\/dmcsrb.com\/drustvo\/vojinovic-klinicki-centar-nastavlja-sa-narusavanjem-dostojanstva-i-ugleda-radojicic\/#primaryimage"},"image":{"@id":"https:\/\/dmcsrb.com\/drustvo\/vojinovic-klinicki-centar-nastavlja-sa-narusavanjem-dostojanstva-i-ugleda-radojicic\/#primaryimage"},"thumbnailUrl":"https:\/\/dmcsrb.com\/wp-content\/uploads\/2025\/01\/Klinicki-centar-Crne-Gore-a-1024x683-2.webp","datePublished":"2026-01-13T19:34:00+00:00","author":{"@id":"https:\/\/dmcsrb.com\/#\/schema\/person\/5c39170f12db1b8b457732d0b5c854e2"},"breadcrumb":{"@id":"https:\/\/dmcsrb.com\/drustvo\/vojinovic-klinicki-centar-nastavlja-sa-narusavanjem-dostojanstva-i-ugleda-radojicic\/#breadcrumb"},"inLanguage":"en-GB","potentialAction":[{"@type":"ReadAction","target":["https:\/\/dmcsrb.com\/drustvo\/vojinovic-klinicki-centar-nastavlja-sa-narusavanjem-dostojanstva-i-ugleda-radojicic\/"]}]},{"@type":"ImageObject","inLanguage":"en-GB","@id":"https:\/\/dmcsrb.com\/drustvo\/vojinovic-klinicki-centar-nastavlja-sa-narusavanjem-dostojanstva-i-ugleda-radojicic\/#primaryimage","url":"https:\/\/dmcsrb.com\/wp-content\/uploads\/2025\/01\/Klinicki-centar-Crne-Gore-a-1024x683-2.webp","contentUrl":"https:\/\/dmcsrb.com\/wp-content\/uploads\/2025\/01\/Klinicki-centar-Crne-Gore-a-1024x683-2.webp","width":1024,"height":683,"caption":"Foto: KCCG"},{"@type":"BreadcrumbList","@id":"https:\/\/dmcsrb.com\/drustvo\/vojinovic-klinicki-centar-nastavlja-sa-narusavanjem-dostojanstva-i-ugleda-radojicic\/#breadcrumb","itemListElement":[{"@type":"ListItem","position":1,"name":"Home","item":"https:\/\/dmcsrb.com\/"},{"@type":"ListItem","position":2,"name":"Vojinovi\u0107: Klini\u010dki centar nastavlja sa naru\u0161avanjem dostojanstva i ugleda Radoji\u010di\u0107"}]},{"@type":"WebSite","@id":"https:\/\/dmcsrb.com\/#website","url":"https:\/\/dmcsrb.com\/","name":"dmcsrb.com","description":"","potentialAction":[{"@type":"SearchAction","target":{"@type":"EntryPoint","urlTemplate":"https:\/\/dmcsrb.com\/?s={search_term_string}"},"query-input":{"@type":"PropertyValueSpecification","valueRequired":true,"valueName":"search_term_string"}}],"inLanguage":"en-GB"},{"@type":"Person","@id":"https:\/\/dmcsrb.com\/#\/schema\/person\/5c39170f12db1b8b457732d0b5c854e2","name":"dmcsrbija.com@gmail.com","image":{"@type":"ImageObject","inLanguage":"en-GB","@id":"https:\/\/secure.gravatar.com\/avatar\/68592660ad6347fad0fb587f8d5d8f1a7b44961362f56e4f2cd524feb87e9069?s=96&d=mm&r=g","url":"https:\/\/secure.gravatar.com\/avatar\/68592660ad6347fad0fb587f8d5d8f1a7b44961362f56e4f2cd524feb87e9069?s=96&d=mm&r=g","contentUrl":"https:\/\/secure.gravatar.com\/avatar\/68592660ad6347fad0fb587f8d5d8f1a7b44961362f56e4f2cd524feb87e9069?s=96&d=mm&r=g","caption":"dmcsrbija.com@gmail.com"},"sameAs":["https:\/\/dmcsrb.com"],"url":"https:\/\/dmcsrb.com\/en\/author\/dmcsrbija-comgmail-com\/"}]}},"_links":{"self":[{"href":"https:\/\/dmcsrb.com\/en\/wp-json\/wp\/v2\/posts\/908437","targetHints":{"allow":["GET"]}}],"collection":[{"href":"https:\/\/dmcsrb.com\/en\/wp-json\/wp\/v2\/posts"}],"about":[{"href":"https:\/\/dmcsrb.com\/en\/wp-json\/wp\/v2\/types\/post"}],"author":[{"embeddable":true,"href":"https:\/\/dmcsrb.com\/en\/wp-json\/wp\/v2\/users\/1"}],"replies":[{"embeddable":true,"href":"https:\/\/dmcsrb.com\/en\/wp-json\/wp\/v2\/comments?post=908437"}],"version-history":[{"count":0,"href":"https:\/\/dmcsrb.com\/en\/wp-json\/wp\/v2\/posts\/908437\/revisions"}],"wp:featuredmedia":[{"embeddable":true,"href":"https:\/\/dmcsrb.com\/en\/wp-json\/wp\/v2\/media\/679040"}],"wp:attachment":[{"href":"https:\/\/dmcsrb.com\/en\/wp-json\/wp\/v2\/media?parent=908437"}],"wp:term":[{"taxonomy":"category","embeddable":true,"href":"https:\/\/dmcsrb.com\/en\/wp-json\/wp\/v2\/categories?post=908437"},{"taxonomy":"post_tag","embeddable":true,"href":"https:\/\/dmcsrb.com\/en\/wp-json\/wp\/v2\/tags?post=908437"},{"taxonomy":"naslovna","embeddable":true,"href":"https:\/\/dmcsrb.com\/en\/wp-json\/wp\/v2\/naslovna?post=908437"}],"curies":[{"name":"wp","href":"https:\/\/api.w.org\/{rel}","templated":true}]}}