{"id":908396,"date":"2026-01-13T19:15:00","date_gmt":"2026-01-13T18:15:00","guid":{"rendered":"https:\/\/gradski.me\/?p=908396"},"modified":"2026-01-13T19:15:00","modified_gmt":"2026-01-13T18:15:00","slug":"veliki-preokret-za-pobjedu-na-startu-crna-gora-slavila-protiv-grcke","status":"publish","type":"post","link":"https:\/\/dmcsrb.com\/en\/sport\/veliki-preokret-za-pobjedu-na-startu-crna-gora-slavila-protiv-grcke\/","title":{"rendered":"Veliki preokret za pobjedu na startu: Crna Gora slavila protiv Gr\u010dke"},"content":{"rendered":"<p>Svaki set utakmice u sportskoj dvorani \u201eHristo Botev\u201c bio je ujedna\u010den, a prvi set mogao je lako da pripadne na\u0161em mladom timu. U ve\u0107em dijelu \u201ecrvene\u201c su imale vo\u0111stvo, \u010dak osjetno, u vi\u0161e navrata i od pet poena, u fini\u0161u su imale dvije set-lopte, ali su Grkinje uspjele da povedu na servis Papatanasiu, 28:26.<\/p>\n\n\n\n<p>Gr\u010dka je dobila krila i u naletu do\u010dekala drugi set, u kom je vodila sve vrijeme i na prag pobjede do\u0161la sa 25:20, ali to nije demoralisalo ekipu Milana Milo\u0161evi\u0107a.<\/p>\n\n\n\n<p>Crna Gora je dobro otvorila tre\u0107i set, dr\u017eala konce igre u svojim rukama do 20. poena, kada je Gr\u010dka uspjela da preokrene, ali samo nakratko. Sjajnom rolom Sofije Duleti\u0107 na\u0161a ekipa uspjela je da zakora\u010di ka \u010detvrtom setu, preokrenula je na 18:15 i zavr\u0161ila posao sa stilom, 25:21.<\/p>\n\n\n\n<p>Na isti na\u010din Crna Gora je izjedna\u010dila, ponovo je odbila nalete rivala koji je jurio pobjedu, predvo\u0111ena triom \u0106orovi\u0107\u2013Koprivica\u2013\u010colakovi\u0107 osigurala dva boda, a nakon 25:21 sa psiholo\u0161kom predno\u0161\u0107u do\u010dekala peti set.<\/p>\n\n\n\n<p>U njemu je povela gre\u0161kom Galu na servis, 4:3, i od tada igrala sjajno. Servis je funkcionisao kako treba i desio se veliki preokret.<\/p>\n\n\n\n<p>Pobjeda je jo\u0161 jedna potvrda kvaliteta cijele ekipe, koja je zajedni\u010dkim snagama dobila me\u010d. \u010cak pet odbojka\u0161ica imalo je dvocifren u\u010dinak, sa po 17 poena efikasnije od ostalih bile su Anastasija Koprivica i Elena \u010colakovi\u0107, 15 je osvojila Jelena \u0106orovi\u0107, 13 Sofija Duleti\u0107, a 10 Andrea Glavanovi\u0107. Kod Gr\u010dke su sa po 16 poena najefikasnije bile Razakia Triantopulu.<\/p>\n\n\n\n<p>Naredni me\u010d Crna Gora igra\u0107e sa doma\u0107inom, selekcijom Bugarske, u srijedu, 14. januara, od 18.30 h, a grupu \u0107e zaklju\u010diti utakmicom sa Kosovom, u \u010detvrtak od 16.30 h.<\/p>\n\n\n\n<p>Prvo kolo grupe A zaklju\u010di\u0107e Bugarska i Kosovo.<\/p>\n\n\n\n<h3 class=\"wp-block-heading\">CRNA GORA \u2013 GR\u010cKA 3:2 <strong>(26:28, 20:25, 25:21, 25:21, 15:12)<\/strong><\/h3>\n\n\n\n<p><strong>Sofija&nbsp;<\/strong>\u2013 SC \u201cHristo Botev\u201d. Gledalaca: 90. Sudije:&nbsp;<strong>Bo\u017eidara Mitkova&nbsp;<\/strong>(Bugarska) i&nbsp;<strong>Vasilios Raptis&nbsp;<\/strong>(Gr\u010dka).<\/p>\n\n\n\n<p>Montenegro<strong>: Jovovi\u0107, Leki\u0107 1, Krasni\u0107i 2, Gudelj, Strikovi\u0107 (libero), Duleti\u0107 13, To\u0161i\u0107 (libero), \u0106orovi\u0107 15, \u0110uki\u0107, Pekovi\u0107 1, Glavanovi\u0107 10, \u010colakovi\u0107 17, Koprivica 17, Milivojevi\u0107.&nbsp;<\/strong>Selektor<strong>: Milan Milo\u0161evi\u0107.<\/strong><\/p>\n\n\n\n<p>Gr\u010dka<strong>: Galu 9, Kacarelia, Trauda 8, Karainidu, Razakia 16, Triantopulu 16, Drempela, Papatanasiu 11, Andriopolu 1, Haritu, Dimu, Panajotopolu, Zafeiropulu 5, Zoniteli 10.&nbsp;<\/strong>Selektor<strong>: Konstantinos Kuntas.<\/strong><\/p>","protected":false},"excerpt":{"rendered":"<p>Mlade crnogorske odbojka\u0161ice ponovo su pokazale ogroman talenat i, prije svega, vjeru u sebe. Iako su gubile 2:0 nakon velike borbe, uspjele su da velikim preokretom savladaju Gr\u010dku 3:2 (26:28, 20:25, 25:21, 25:21, 15:12) i trijumfom otvorile turnir CEV zonskih kvalifikacija za Evropsko prvenstvo 2026.<\/p>","protected":false},"author":1,"featured_media":908398,"comment_status":"open","ping_status":"open","sticky":false,"template":"","format":"standard","meta":{"_acf_changed":false,"footnotes":""},"categories":[148],"tags":[11649,15939,15940],"naslovna":[],"class_list":["post-908396","post","type-post","status-publish","format-standard","has-post-thumbnail","hentry","category-sport","tag-cev","tag-mlada-zenska-odbojkaska-reprezentacija-crne-gore","tag-zonske-kvalifikacije-za-ep"],"acf":[],"yoast_head":"<!-- This site is optimized with the Yoast SEO plugin v27.4 - https:\/\/yoast.com\/product\/yoast-seo-wordpress\/ -->\n<title>Veliki preokret za pobjedu na startu: Crna Gora slavila protiv Gr\u010dke - dmcsrb.com<\/title>\n<meta name=\"robots\" content=\"index, follow, max-snippet:-1, max-image-preview:large, max-video-preview:-1\" \/>\n<link rel=\"canonical\" href=\"https:\/\/dmcsrb.com\/en\/sport\/veliki-preokret-za-pobjedu-na-startu-crna-gora-slavila-protiv-grcke\/\" \/>\n<meta property=\"og:locale\" content=\"en_GB\" \/>\n<meta property=\"og:type\" content=\"article\" \/>\n<meta property=\"og:title\" content=\"Veliki preokret za pobjedu na startu: Crna Gora slavila protiv Gr\u010dke - dmcsrb.com\" \/>\n<meta property=\"og:description\" content=\"Mlade crnogorske odbojka\u0161ice ponovo su pokazale ogroman talenat i, prije svega, vjeru u sebe. Iako su gubile 2:0 nakon velike borbe, uspjele su da velikim preokretom savladaju Gr\u010dku 3:2 (26:28, 20:25, 25:21, 25:21, 15:12) i trijumfom otvorile turnir CEV zonskih kvalifikacija za Evropsko prvenstvo 2026.\" \/>\n<meta property=\"og:url\" content=\"https:\/\/dmcsrb.com\/en\/sport\/veliki-preokret-za-pobjedu-na-startu-crna-gora-slavila-protiv-grcke\/\" \/>\n<meta property=\"og:site_name\" content=\"dmcsrb.com\" \/>\n<meta property=\"article:published_time\" content=\"2026-01-13T18:15:00+00:00\" \/>\n<meta property=\"og:image\" content=\"https:\/\/dmcsrb.com\/wp-content\/uploads\/2026\/01\/Mlade-odbojkasice-CEV-.webp\" \/>\n\t<meta property=\"og:image:width\" content=\"2000\" \/>\n\t<meta property=\"og:image:height\" content=\"1333\" \/>\n\t<meta property=\"og:image:type\" content=\"image\/jpeg\" \/>\n<meta name=\"author\" content=\"dmcsrbija.com@gmail.com\" \/>\n<meta name=\"twitter:card\" content=\"summary_large_image\" \/>\n<meta name=\"twitter:label1\" content=\"Written by\" \/>\n\t<meta name=\"twitter:data1\" content=\"dmcsrbija.com@gmail.com\" \/>\n\t<meta name=\"twitter:label2\" content=\"Estimated reading time\" \/>\n\t<meta name=\"twitter:data2\" content=\"2 minutes\" \/>\n<script type=\"application\/ld+json\" class=\"yoast-schema-graph\">{\"@context\":\"https:\\\/\\\/schema.org\",\"@graph\":[{\"@type\":\"Article\",\"@id\":\"https:\\\/\\\/dmcsrb.com\\\/sport\\\/veliki-preokret-za-pobjedu-na-startu-crna-gora-slavila-protiv-grcke\\\/#article\",\"isPartOf\":{\"@id\":\"https:\\\/\\\/dmcsrb.com\\\/sport\\\/veliki-preokret-za-pobjedu-na-startu-crna-gora-slavila-protiv-grcke\\\/\"},\"author\":{\"name\":\"dmcsrbija.com@gmail.com\",\"@id\":\"https:\\\/\\\/dmcsrb.com\\\/#\\\/schema\\\/person\\\/5c39170f12db1b8b457732d0b5c854e2\"},\"headline\":\"Veliki preokret za pobjedu na startu: Crna Gora slavila protiv Gr\u010dke\",\"datePublished\":\"2026-01-13T18:15:00+00:00\",\"mainEntityOfPage\":{\"@id\":\"https:\\\/\\\/dmcsrb.com\\\/sport\\\/veliki-preokret-za-pobjedu-na-startu-crna-gora-slavila-protiv-grcke\\\/\"},\"wordCount\":382,\"commentCount\":0,\"image\":{\"@id\":\"https:\\\/\\\/dmcsrb.com\\\/sport\\\/veliki-preokret-za-pobjedu-na-startu-crna-gora-slavila-protiv-grcke\\\/#primaryimage\"},\"thumbnailUrl\":\"https:\\\/\\\/dmcsrb.com\\\/wp-content\\\/uploads\\\/2026\\\/01\\\/Mlade-odbojkasice-CEV-.webp\",\"keywords\":[\"CEV\",\"Mlada \u017eenska odbojka\u0161ka reprezentacija Crne Gore\",\"zonske kvalifikacije za EP\"],\"articleSection\":[\"Sport\"],\"inLanguage\":\"en-GB\",\"potentialAction\":[{\"@type\":\"CommentAction\",\"name\":\"Comment\",\"target\":[\"https:\\\/\\\/dmcsrb.com\\\/sport\\\/veliki-preokret-za-pobjedu-na-startu-crna-gora-slavila-protiv-grcke\\\/#respond\"]}]},{\"@type\":\"WebPage\",\"@id\":\"https:\\\/\\\/dmcsrb.com\\\/sport\\\/veliki-preokret-za-pobjedu-na-startu-crna-gora-slavila-protiv-grcke\\\/\",\"url\":\"https:\\\/\\\/dmcsrb.com\\\/sport\\\/veliki-preokret-za-pobjedu-na-startu-crna-gora-slavila-protiv-grcke\\\/\",\"name\":\"Veliki preokret za pobjedu na startu: Crna Gora slavila protiv Gr\u010dke - dmcsrb.com\",\"isPartOf\":{\"@id\":\"https:\\\/\\\/dmcsrb.com\\\/#website\"},\"primaryImageOfPage\":{\"@id\":\"https:\\\/\\\/dmcsrb.com\\\/sport\\\/veliki-preokret-za-pobjedu-na-startu-crna-gora-slavila-protiv-grcke\\\/#primaryimage\"},\"image\":{\"@id\":\"https:\\\/\\\/dmcsrb.com\\\/sport\\\/veliki-preokret-za-pobjedu-na-startu-crna-gora-slavila-protiv-grcke\\\/#primaryimage\"},\"thumbnailUrl\":\"https:\\\/\\\/dmcsrb.com\\\/wp-content\\\/uploads\\\/2026\\\/01\\\/Mlade-odbojkasice-CEV-.webp\",\"datePublished\":\"2026-01-13T18:15:00+00:00\",\"author\":{\"@id\":\"https:\\\/\\\/dmcsrb.com\\\/#\\\/schema\\\/person\\\/5c39170f12db1b8b457732d0b5c854e2\"},\"breadcrumb\":{\"@id\":\"https:\\\/\\\/dmcsrb.com\\\/sport\\\/veliki-preokret-za-pobjedu-na-startu-crna-gora-slavila-protiv-grcke\\\/#breadcrumb\"},\"inLanguage\":\"en-GB\",\"potentialAction\":[{\"@type\":\"ReadAction\",\"target\":[\"https:\\\/\\\/dmcsrb.com\\\/sport\\\/veliki-preokret-za-pobjedu-na-startu-crna-gora-slavila-protiv-grcke\\\/\"]}]},{\"@type\":\"ImageObject\",\"inLanguage\":\"en-GB\",\"@id\":\"https:\\\/\\\/dmcsrb.com\\\/sport\\\/veliki-preokret-za-pobjedu-na-startu-crna-gora-slavila-protiv-grcke\\\/#primaryimage\",\"url\":\"https:\\\/\\\/dmcsrb.com\\\/wp-content\\\/uploads\\\/2026\\\/01\\\/Mlade-odbojkasice-CEV-.webp\",\"contentUrl\":\"https:\\\/\\\/dmcsrb.com\\\/wp-content\\\/uploads\\\/2026\\\/01\\\/Mlade-odbojkasice-CEV-.webp\",\"width\":2000,\"height\":1333,\"caption\":\"Foto: CEV\"},{\"@type\":\"BreadcrumbList\",\"@id\":\"https:\\\/\\\/dmcsrb.com\\\/sport\\\/veliki-preokret-za-pobjedu-na-startu-crna-gora-slavila-protiv-grcke\\\/#breadcrumb\",\"itemListElement\":[{\"@type\":\"ListItem\",\"position\":1,\"name\":\"Home\",\"item\":\"https:\\\/\\\/dmcsrb.com\\\/\"},{\"@type\":\"ListItem\",\"position\":2,\"name\":\"Veliki preokret za pobjedu na startu: Crna Gora slavila protiv Gr\u010dke\"}]},{\"@type\":\"WebSite\",\"@id\":\"https:\\\/\\\/dmcsrb.com\\\/#website\",\"url\":\"https:\\\/\\\/dmcsrb.com\\\/\",\"name\":\"dmcsrb.com\",\"description\":\"\",\"potentialAction\":[{\"@type\":\"SearchAction\",\"target\":{\"@type\":\"EntryPoint\",\"urlTemplate\":\"https:\\\/\\\/dmcsrb.com\\\/?s={search_term_string}\"},\"query-input\":{\"@type\":\"PropertyValueSpecification\",\"valueRequired\":true,\"valueName\":\"search_term_string\"}}],\"inLanguage\":\"en-GB\"},{\"@type\":\"Person\",\"@id\":\"https:\\\/\\\/dmcsrb.com\\\/#\\\/schema\\\/person\\\/5c39170f12db1b8b457732d0b5c854e2\",\"name\":\"dmcsrbija.com@gmail.com\",\"image\":{\"@type\":\"ImageObject\",\"inLanguage\":\"en-GB\",\"@id\":\"https:\\\/\\\/secure.gravatar.com\\\/avatar\\\/68592660ad6347fad0fb587f8d5d8f1a7b44961362f56e4f2cd524feb87e9069?s=96&d=mm&r=g\",\"url\":\"https:\\\/\\\/secure.gravatar.com\\\/avatar\\\/68592660ad6347fad0fb587f8d5d8f1a7b44961362f56e4f2cd524feb87e9069?s=96&d=mm&r=g\",\"contentUrl\":\"https:\\\/\\\/secure.gravatar.com\\\/avatar\\\/68592660ad6347fad0fb587f8d5d8f1a7b44961362f56e4f2cd524feb87e9069?s=96&d=mm&r=g\",\"caption\":\"dmcsrbija.com@gmail.com\"},\"sameAs\":[\"https:\\\/\\\/dmcsrb.com\"],\"url\":\"https:\\\/\\\/dmcsrb.com\\\/en\\\/author\\\/dmcsrbija-comgmail-com\\\/\"}]}<\/script>\n<!-- \/ Yoast SEO plugin. -->","yoast_head_json":{"title":"Veliki preokret za pobjedu na startu: Crna Gora slavila protiv Gr\u010dke - dmcsrb.com","robots":{"index":"index","follow":"follow","max-snippet":"max-snippet:-1","max-image-preview":"max-image-preview:large","max-video-preview":"max-video-preview:-1"},"canonical":"https:\/\/dmcsrb.com\/en\/sport\/veliki-preokret-za-pobjedu-na-startu-crna-gora-slavila-protiv-grcke\/","og_locale":"en_GB","og_type":"article","og_title":"Veliki preokret za pobjedu na startu: Crna Gora slavila protiv Gr\u010dke - dmcsrb.com","og_description":"Mlade crnogorske odbojka\u0161ice ponovo su pokazale ogroman talenat i, prije svega, vjeru u sebe. Iako su gubile 2:0 nakon velike borbe, uspjele su da velikim preokretom savladaju Gr\u010dku 3:2 (26:28, 20:25, 25:21, 25:21, 15:12) i trijumfom otvorile turnir CEV zonskih kvalifikacija za Evropsko prvenstvo 2026.","og_url":"https:\/\/dmcsrb.com\/en\/sport\/veliki-preokret-za-pobjedu-na-startu-crna-gora-slavila-protiv-grcke\/","og_site_name":"dmcsrb.com","article_published_time":"2026-01-13T18:15:00+00:00","og_image":[{"width":2000,"height":1333,"url":"https:\/\/dmcsrb.com\/wp-content\/uploads\/2026\/01\/Mlade-odbojkasice-CEV-.webp","type":"image\/jpeg"}],"author":"dmcsrbija.com@gmail.com","twitter_card":"summary_large_image","twitter_misc":{"Written by":"dmcsrbija.com@gmail.com","Estimated reading time":"2 minutes"},"schema":{"@context":"https:\/\/schema.org","@graph":[{"@type":"Article","@id":"https:\/\/dmcsrb.com\/sport\/veliki-preokret-za-pobjedu-na-startu-crna-gora-slavila-protiv-grcke\/#article","isPartOf":{"@id":"https:\/\/dmcsrb.com\/sport\/veliki-preokret-za-pobjedu-na-startu-crna-gora-slavila-protiv-grcke\/"},"author":{"name":"dmcsrbija.com@gmail.com","@id":"https:\/\/dmcsrb.com\/#\/schema\/person\/5c39170f12db1b8b457732d0b5c854e2"},"headline":"Veliki preokret za pobjedu na startu: Crna Gora slavila protiv Gr\u010dke","datePublished":"2026-01-13T18:15:00+00:00","mainEntityOfPage":{"@id":"https:\/\/dmcsrb.com\/sport\/veliki-preokret-za-pobjedu-na-startu-crna-gora-slavila-protiv-grcke\/"},"wordCount":382,"commentCount":0,"image":{"@id":"https:\/\/dmcsrb.com\/sport\/veliki-preokret-za-pobjedu-na-startu-crna-gora-slavila-protiv-grcke\/#primaryimage"},"thumbnailUrl":"https:\/\/dmcsrb.com\/wp-content\/uploads\/2026\/01\/Mlade-odbojkasice-CEV-.webp","keywords":["CEV","Mlada \u017eenska odbojka\u0161ka reprezentacija Crne Gore","zonske kvalifikacije za EP"],"articleSection":["Sport"],"inLanguage":"en-GB","potentialAction":[{"@type":"CommentAction","name":"Comment","target":["https:\/\/dmcsrb.com\/sport\/veliki-preokret-za-pobjedu-na-startu-crna-gora-slavila-protiv-grcke\/#respond"]}]},{"@type":"WebPage","@id":"https:\/\/dmcsrb.com\/sport\/veliki-preokret-za-pobjedu-na-startu-crna-gora-slavila-protiv-grcke\/","url":"https:\/\/dmcsrb.com\/sport\/veliki-preokret-za-pobjedu-na-startu-crna-gora-slavila-protiv-grcke\/","name":"Veliki preokret za pobjedu na startu: Crna Gora slavila protiv Gr\u010dke - dmcsrb.com","isPartOf":{"@id":"https:\/\/dmcsrb.com\/#website"},"primaryImageOfPage":{"@id":"https:\/\/dmcsrb.com\/sport\/veliki-preokret-za-pobjedu-na-startu-crna-gora-slavila-protiv-grcke\/#primaryimage"},"image":{"@id":"https:\/\/dmcsrb.com\/sport\/veliki-preokret-za-pobjedu-na-startu-crna-gora-slavila-protiv-grcke\/#primaryimage"},"thumbnailUrl":"https:\/\/dmcsrb.com\/wp-content\/uploads\/2026\/01\/Mlade-odbojkasice-CEV-.webp","datePublished":"2026-01-13T18:15:00+00:00","author":{"@id":"https:\/\/dmcsrb.com\/#\/schema\/person\/5c39170f12db1b8b457732d0b5c854e2"},"breadcrumb":{"@id":"https:\/\/dmcsrb.com\/sport\/veliki-preokret-za-pobjedu-na-startu-crna-gora-slavila-protiv-grcke\/#breadcrumb"},"inLanguage":"en-GB","potentialAction":[{"@type":"ReadAction","target":["https:\/\/dmcsrb.com\/sport\/veliki-preokret-za-pobjedu-na-startu-crna-gora-slavila-protiv-grcke\/"]}]},{"@type":"ImageObject","inLanguage":"en-GB","@id":"https:\/\/dmcsrb.com\/sport\/veliki-preokret-za-pobjedu-na-startu-crna-gora-slavila-protiv-grcke\/#primaryimage","url":"https:\/\/dmcsrb.com\/wp-content\/uploads\/2026\/01\/Mlade-odbojkasice-CEV-.webp","contentUrl":"https:\/\/dmcsrb.com\/wp-content\/uploads\/2026\/01\/Mlade-odbojkasice-CEV-.webp","width":2000,"height":1333,"caption":"Foto: CEV"},{"@type":"BreadcrumbList","@id":"https:\/\/dmcsrb.com\/sport\/veliki-preokret-za-pobjedu-na-startu-crna-gora-slavila-protiv-grcke\/#breadcrumb","itemListElement":[{"@type":"ListItem","position":1,"name":"Home","item":"https:\/\/dmcsrb.com\/"},{"@type":"ListItem","position":2,"name":"Veliki preokret za pobjedu na startu: Crna Gora slavila protiv Gr\u010dke"}]},{"@type":"WebSite","@id":"https:\/\/dmcsrb.com\/#website","url":"https:\/\/dmcsrb.com\/","name":"dmcsrb.com","description":"","potentialAction":[{"@type":"SearchAction","target":{"@type":"EntryPoint","urlTemplate":"https:\/\/dmcsrb.com\/?s={search_term_string}"},"query-input":{"@type":"PropertyValueSpecification","valueRequired":true,"valueName":"search_term_string"}}],"inLanguage":"en-GB"},{"@type":"Person","@id":"https:\/\/dmcsrb.com\/#\/schema\/person\/5c39170f12db1b8b457732d0b5c854e2","name":"dmcsrbija.com@gmail.com","image":{"@type":"ImageObject","inLanguage":"en-GB","@id":"https:\/\/secure.gravatar.com\/avatar\/68592660ad6347fad0fb587f8d5d8f1a7b44961362f56e4f2cd524feb87e9069?s=96&d=mm&r=g","url":"https:\/\/secure.gravatar.com\/avatar\/68592660ad6347fad0fb587f8d5d8f1a7b44961362f56e4f2cd524feb87e9069?s=96&d=mm&r=g","contentUrl":"https:\/\/secure.gravatar.com\/avatar\/68592660ad6347fad0fb587f8d5d8f1a7b44961362f56e4f2cd524feb87e9069?s=96&d=mm&r=g","caption":"dmcsrbija.com@gmail.com"},"sameAs":["https:\/\/dmcsrb.com"],"url":"https:\/\/dmcsrb.com\/en\/author\/dmcsrbija-comgmail-com\/"}]}},"_links":{"self":[{"href":"https:\/\/dmcsrb.com\/en\/wp-json\/wp\/v2\/posts\/908396","targetHints":{"allow":["GET"]}}],"collection":[{"href":"https:\/\/dmcsrb.com\/en\/wp-json\/wp\/v2\/posts"}],"about":[{"href":"https:\/\/dmcsrb.com\/en\/wp-json\/wp\/v2\/types\/post"}],"author":[{"embeddable":true,"href":"https:\/\/dmcsrb.com\/en\/wp-json\/wp\/v2\/users\/1"}],"replies":[{"embeddable":true,"href":"https:\/\/dmcsrb.com\/en\/wp-json\/wp\/v2\/comments?post=908396"}],"version-history":[{"count":0,"href":"https:\/\/dmcsrb.com\/en\/wp-json\/wp\/v2\/posts\/908396\/revisions"}],"wp:featuredmedia":[{"embeddable":true,"href":"https:\/\/dmcsrb.com\/en\/wp-json\/wp\/v2\/media\/908398"}],"wp:attachment":[{"href":"https:\/\/dmcsrb.com\/en\/wp-json\/wp\/v2\/media?parent=908396"}],"wp:term":[{"taxonomy":"category","embeddable":true,"href":"https:\/\/dmcsrb.com\/en\/wp-json\/wp\/v2\/categories?post=908396"},{"taxonomy":"post_tag","embeddable":true,"href":"https:\/\/dmcsrb.com\/en\/wp-json\/wp\/v2\/tags?post=908396"},{"taxonomy":"naslovna","embeddable":true,"href":"https:\/\/dmcsrb.com\/en\/wp-json\/wp\/v2\/naslovna?post=908396"}],"curies":[{"name":"wp","href":"https:\/\/api.w.org\/{rel}","templated":true}]}}