{"id":908360,"date":"2026-01-13T18:16:00","date_gmt":"2026-01-13T17:16:00","guid":{"rendered":"https:\/\/gradski.me\/?p=908360"},"modified":"2026-01-13T18:16:00","modified_gmt":"2026-01-13T17:16:00","slug":"nedovic-drzava-sama-uklanjala-bezbjednosni-mehanizam-za-lica-koja-su-bila-prijetnja-nacionalnoj-bezbjednosti","status":"publish","type":"post","link":"https:\/\/dmcsrb.com\/en\/politika\/nedovic-drzava-sama-uklanjala-bezbjednosni-mehanizam-za-lica-koja-su-bila-prijetnja-nacionalnoj-bezbjednosti\/","title":{"rendered":"Nedovi\u0107: Dr\u017eava sama uklanjala bezbjednosni mehanizam za lica koja su bila prijetnja nacionalnoj bezbjednosti"},"content":{"rendered":"<p><\/p>\n\n\n\n<p>&#8220;Brisanje operativne mjere za lica ozna\u010dena kao pripadnici kriminalne organizacije nije administrativni potez. To je svjesna odluka koja kriminalcima otvara prostor, a institucije pretvara u sau\u010desnike. Nije ovdje problem jedan \u010dovjek. Problem je sistem u kojem su papiri bili \u010disti, a bezbjednost dr\u017eave prljava. Sistem u kojem su operativne mjere slu\u017eile za za\u0161titu \u201eodabranih\u201c, a ne gra\u0111ana. Svjedo\u010denje biv\u0161eg policijskog funkcionera (Enisa) Bakovi\u0107a, potvr\u0111uje za\u0161to je Crna Gora godinama stajala u mjestu \u2013 jer nema dr\u017eave tamo gdje kriminal ima institucionalnu za\u0161titu&#8221;, navela je Nedovi\u0107.&nbsp;<\/p>\n\n\n\n<p>\u010cak i ako nije bilo formalne zabrane ulaska, dodala je, uklanjanje operativne mjere za lica ozna\u010dena kao prijetnja nacionalnoj bezbjednosti, bez pravila i pisanog traga, jeste su\u0161tinski i sistemski problem ovog slu\u010daja.&nbsp;<\/p>\n\n\n\n<p>&#8220;Da objasnim \u0161ta to zna\u010di &#8211; operativna mjera je postojala.\u00a0(Veljko) Belivuk i (Marko) Miljkovi\u0107 su bili ozna\u010deni kao bezbjednosno interesantna lica. Mjera je uvedena 2018. na osnovu podataka iz Srbije, grani\u010dna policija je morala da reaguje i obavje\u0161tava nadre\u0111ene. Dakle &#8211;\u00a0 sistem ih je smatrao prijetnjom po bezbjednost.\u00a0A to zna\u010di da je operativna mjera uklonjena&#8221;, kazala je Nedovi\u0107 u objavi na Fejsbuku.\u00a0<\/p>\n\n\n\n<p>Dakle, obja\u0161njava, u decembru 2020. godine, na usmeni zahtjev, bez pisanog traga, bez pravilnika, bez jasnog obrazlo\u017eenja i bez kontrole.<\/p>\n\n\n\n<p>&#8220;Ovo je klju\u010dni momenat. Nije postojao pravilnik. \u0160to i Bakovi\u0107 ka\u017ee &#8211; nije bilo pravilnika kako se neko stavlja na operativnu mjeru &#8211; niti kako se ta mjera skida a to zna\u010di da su se odluke donosile proizvoljno i sistem je bio otvoren za zloupotrebu. Zaklju\u010dak ove pri\u010de stavljanja pa brisanja operativne mjere &#8211; brisanjem operativne mjere iz sistema, policija je izgubila svaku obavezu da nadle\u017ene slu\u017ebe obavje\u0161tava o ulasku bezbjednosno interesantnog lica u Crnu Goru. Dok je mjera postojala, svaki njegov dolazak na grani\u010dni prelaz morao je biti registrovan i prijavljen, nakon \u010dega se odlu\u010divalo o daljem postupanju. Nakon \u0161to je ta mjera uklonjena, takvo lice se u sistemu pojavljuje kao obi\u010dan putnik \u2013 bez upozorenja, bez alarma i bez ikakve institucionalne reakcije&#8221;, upozorila je Nedovi\u0107.<\/p>\n\n\n\n<p>Grani\u010dna policija vi\u0161e nema osnov niti obavezu da ikoga obavijesti o njegovom ulasku u dr\u017eavu, navela je.&nbsp;<\/p>\n\n\n\n<p>&#8220;Zato ovdje nije klju\u010dno pitanje da li je postojala formalna zabrana ulaska, ve\u0107 \u010dinjenica da je dr\u017eava sama uklonila bezbjednosni mehanizam za lica koja su bila ozna\u010dena kao prijetnja nacionalnoj bezbjednosti. Upravo u tome le\u017ei su\u0161tina ovog slu\u010daja i odgovornost sistema. Dakle, brisanje mjere znaci da policija na granici nije bila u obavezi da bilo koga obavijesti da je u\u0161ao u Crnu Goru.&nbsp; Da podsjetim &#8211; Veljko Belivuk i Marko Miljkovi\u0107 ozna\u010deni su kao vo\u0111e organizovane kriminalne grupe odgovorne za te\u0161ka krivi\u010dna djela, uklju\u010duju\u0107i vi\u0161estruka ubistva, otmice i trgovinu narkoticima. Protiv njih se vodi postupak pred Specijalnim sudom u Beogradu i jo\u0161 ne postoji pravosna\u017ena presuda. Upravo zato su navodi o njihovom ranijem &#8216;nestanku&#8217; iz bezbjednosnih evidencija posebno ozbiljni&#8221;, kazala je Nedovi\u0107.<\/p>\n\n\n\n<p>Ovaj predmet je, isti\u010de, od posebnog zna\u010daja &#8211; regionalnog, jer pokazuje visok nivo organizovanosti kriminala.<\/p>\n\n\n\n<p>&#8220;Otvara pitanje veza kriminalnih grupa sa djelovima bezbjednosnih struktura i ima direktne implikacije i na Crnu Goru, zbog kretanja, za\u0161tite i djelovanja ove grupe u regionu&#8221;, podvukla je Nedovi\u0107.\u00a0<\/p>\n\n\n\n<figure class=\"wp-block-embed is-type-wp-embed is-provider-gradski-portal wp-block-embed-gradski-portal\"><div class=\"wp-block-embed__wrapper\">\n<blockquote class=\"wp-embedded-content\" data-secret=\"IPEUjhaejg\"><a href=\"https:\/\/gradski.me\/bakovic-belivuk-i-miljkovic-imali-operativnu-mjeru-a-ne-zabranu-ulaska-i-ona-ukinuta-na-zahtjev-lazovica\/\">Bakovi\u0107: Belivuk i Miljkovi\u0107 imali operativnu mjeru, a ne zabranu ulaska, i ona ukinuta na zahtjev Lazovi\u0107a<\/a><\/blockquote><iframe loading=\"lazy\" class=\"wp-embedded-content\" sandbox=\"allow-scripts\" security=\"restricted\" style=\"position: absolute; visibility: hidden;\" title=\"&#132;Bakovi\u0107: Belivuk i Miljkovi\u0107 imali operativnu mjeru, a ne zabranu ulaska, i ona ukinuta na zahtjev Lazovi\u0107a&#147; &#8212; Gradski portal\" src=\"https:\/\/gradski.me\/bakovic-belivuk-i-miljkovic-imali-operativnu-mjeru-a-ne-zabranu-ulaska-i-ona-ukinuta-na-zahtjev-lazovica\/embed\/#?secret=Wh1J5eqXuZ#?secret=IPEUjhaejg\" data-secret=\"IPEUjhaejg\" width=\"500\" height=\"282\" frameborder=\"0\" marginwidth=\"0\" marginheight=\"0\" scrolling=\"no\"><\/iframe>\n<\/div><\/figure>\n\n\n\n<p>Podsjetimo, crnogorsko tu\u017eila\u0161tvo tereti biv\u0161eg oficira policije Lazovi\u0107a da je formirao kriminalnu organizaciju, \u010diji su \u010dlanovi raniji glavni specijalni tu\u017eilac Milivoje Katni\u0107, nekada\u0161nji tu\u017eilac Sa\u0161a \u010ca\u0111enovi\u0107 i Zoranov sin, Petar Lazovi\u0107, svojevremeno agent Agencije za nacionalnu bezbjednost.<\/p>\n\n\n\n<p>Lazovi\u0107 se od SDT-a tereti da je u vrijeme dok je bio na \u010delu Sektora za borbu protiv organizovanog kriminala formirao kriminalnu organizaciju, \u010diji je pripadnik postao Milivoje Katni\u0107. U centru kriminalnih veza, za koje se sumnji\u010de, jeste za\u0161tita pripadnika kava\u010dkog kriminalnog klana, pa i dvojice beogradskih saradnika te grupe, Veljka Belivuka i Marka Miljkovi\u0107a.<\/p>\n\n\n\n<p>Jedno od djela se odnosi na ukidanje zabrane ulaska u Crnu Goru Veljku Belivuku i Marku Miljkovi\u0107u krajem 2020. godine. Belivuk i Miljkovi\u0107, koji su mjesecima bili na spisku osoba kojima je zabranjen ulazak u Crnu Goru iz bezbjednosnih razloga, tada su doletjeli u Tivat, a zatim boravili u Kotoru u gostima kod vo\u0111e &#8220;kav\u010dana&#8221; Radoja Zvicera. Da su Belivuk i Miljkovi\u0107 u Crnoj Gori saznalo se kada ih je crnogorska policija, zajedno sa Zvicerom, privela na informativni razgovor.<\/p>\n\n\n\n<p><\/p>","protected":false},"excerpt":{"rendered":"<p>Ovo \u0161to danas izlazi na sudu nije lapsus niti &#8220;gre\u0161ka u sistemu\u201c. To je ogoljena istina o tome kako je dio bezbjednosnog aparata u Crnoj Gori godinama radio &#8211; ne u interesu dr\u017eave, ve\u0107 kriminala, rekla je poslanica Evrope sad (PES) Jelena Nedovi\u0107.\u00a0<\/p>","protected":false},"author":1,"featured_media":903942,"comment_status":"open","ping_status":"open","sticky":false,"template":"","format":"standard","meta":{"_acf_changed":false,"footnotes":""},"categories":[12],"tags":[15931,1653,312,984,314],"naslovna":[],"class_list":["post-908360","post","type-post","status-publish","format-standard","has-post-thumbnail","hentry","category-politika","tag-enis-bakovic","tag-jelena-nedovic","tag-marko-miljkovic","tag-pes","tag-veljko-belivuk"],"acf":[],"yoast_head":"<!-- This site is optimized with the Yoast SEO plugin v27.0 - https:\/\/yoast.com\/product\/yoast-seo-wordpress\/ -->\n<title>Nedovi\u0107: Dr\u017eava sama uklanjala bezbjednosni mehanizam za lica koja su bila prijetnja nacionalnoj bezbjednosti - dmcsrb.com<\/title>\n<meta name=\"robots\" content=\"index, follow, max-snippet:-1, max-image-preview:large, max-video-preview:-1\" \/>\n<link rel=\"canonical\" href=\"https:\/\/dmcsrb.com\/en\/politika\/nedovic-drzava-sama-uklanjala-bezbjednosni-mehanizam-za-lica-koja-su-bila-prijetnja-nacionalnoj-bezbjednosti\/\" \/>\n<meta property=\"og:locale\" content=\"en_GB\" \/>\n<meta property=\"og:type\" content=\"article\" \/>\n<meta property=\"og:title\" content=\"Nedovi\u0107: Dr\u017eava sama uklanjala bezbjednosni mehanizam za lica koja su bila prijetnja nacionalnoj bezbjednosti - dmcsrb.com\" \/>\n<meta property=\"og:description\" content=\"Ovo \u0161to danas izlazi na sudu nije lapsus niti &quot;gre\u0161ka u sistemu\u201c. To je ogoljena istina o tome kako je dio bezbjednosnog aparata u Crnoj Gori godinama radio - ne u interesu dr\u017eave, ve\u0107 kriminala, rekla je poslanica Evrope sad (PES) Jelena Nedovi\u0107.\u00a0\" \/>\n<meta property=\"og:url\" content=\"https:\/\/dmcsrb.com\/en\/politika\/nedovic-drzava-sama-uklanjala-bezbjednosni-mehanizam-za-lica-koja-su-bila-prijetnja-nacionalnoj-bezbjednosti\/\" \/>\n<meta property=\"og:site_name\" content=\"dmcsrb.com\" \/>\n<meta property=\"article:published_time\" content=\"2026-01-13T17:16:00+00:00\" \/>\n<meta property=\"og:image\" content=\"https:\/\/dmcsrb.com\/wp-content\/uploads\/2026\/01\/Jelena-Nedovic-PES-foto-skupstina-cg-1-1.jpg\" \/>\n\t<meta property=\"og:image:width\" content=\"906\" \/>\n\t<meta property=\"og:image:height\" content=\"584\" \/>\n\t<meta property=\"og:image:type\" content=\"image\/jpeg\" \/>\n<meta name=\"author\" content=\"dmcsrbija.com@gmail.com\" \/>\n<meta name=\"twitter:card\" content=\"summary_large_image\" \/>\n<meta name=\"twitter:label1\" content=\"Written by\" \/>\n\t<meta name=\"twitter:data1\" content=\"dmcsrbija.com@gmail.com\" \/>\n\t<meta name=\"twitter:label2\" content=\"Estimated reading time\" \/>\n\t<meta name=\"twitter:data2\" content=\"4 minutes\" \/>\n<script type=\"application\/ld+json\" class=\"yoast-schema-graph\">{\"@context\":\"https:\/\/schema.org\",\"@graph\":[{\"@type\":\"Article\",\"@id\":\"https:\/\/dmcsrb.com\/politika\/nedovic-drzava-sama-uklanjala-bezbjednosni-mehanizam-za-lica-koja-su-bila-prijetnja-nacionalnoj-bezbjednosti\/#article\",\"isPartOf\":{\"@id\":\"https:\/\/dmcsrb.com\/politika\/nedovic-drzava-sama-uklanjala-bezbjednosni-mehanizam-za-lica-koja-su-bila-prijetnja-nacionalnoj-bezbjednosti\/\"},\"author\":{\"name\":\"dmcsrbija.com@gmail.com\",\"@id\":\"https:\/\/dmcsrb.com\/#\/schema\/person\/5c39170f12db1b8b457732d0b5c854e2\"},\"headline\":\"Nedovi\u0107: Dr\u017eava sama uklanjala bezbjednosni mehanizam za lica koja su bila prijetnja nacionalnoj bezbjednosti\",\"datePublished\":\"2026-01-13T17:16:00+00:00\",\"mainEntityOfPage\":{\"@id\":\"https:\/\/dmcsrb.com\/politika\/nedovic-drzava-sama-uklanjala-bezbjednosni-mehanizam-za-lica-koja-su-bila-prijetnja-nacionalnoj-bezbjednosti\/\"},\"wordCount\":772,\"commentCount\":0,\"image\":{\"@id\":\"https:\/\/dmcsrb.com\/politika\/nedovic-drzava-sama-uklanjala-bezbjednosni-mehanizam-za-lica-koja-su-bila-prijetnja-nacionalnoj-bezbjednosti\/#primaryimage\"},\"thumbnailUrl\":\"https:\/\/dmcsrb.com\/wp-content\/uploads\/2026\/01\/Jelena-Nedovic-PES-foto-skupstina-cg-1-1.jpg\",\"keywords\":[\"Enis Bakovi\u0107\",\"Jelena Nedovi\u0107\",\"Marko Miljkovi\u0107\",\"PES\",\"Veljko Belivuk\"],\"articleSection\":[\"Politika\"],\"inLanguage\":\"en-GB\",\"potentialAction\":[{\"@type\":\"CommentAction\",\"name\":\"Comment\",\"target\":[\"https:\/\/dmcsrb.com\/politika\/nedovic-drzava-sama-uklanjala-bezbjednosni-mehanizam-za-lica-koja-su-bila-prijetnja-nacionalnoj-bezbjednosti\/#respond\"]}]},{\"@type\":\"WebPage\",\"@id\":\"https:\/\/dmcsrb.com\/politika\/nedovic-drzava-sama-uklanjala-bezbjednosni-mehanizam-za-lica-koja-su-bila-prijetnja-nacionalnoj-bezbjednosti\/\",\"url\":\"https:\/\/dmcsrb.com\/politika\/nedovic-drzava-sama-uklanjala-bezbjednosni-mehanizam-za-lica-koja-su-bila-prijetnja-nacionalnoj-bezbjednosti\/\",\"name\":\"Nedovi\u0107: Dr\u017eava sama uklanjala bezbjednosni mehanizam za lica koja su bila prijetnja nacionalnoj bezbjednosti - dmcsrb.com\",\"isPartOf\":{\"@id\":\"https:\/\/dmcsrb.com\/#website\"},\"primaryImageOfPage\":{\"@id\":\"https:\/\/dmcsrb.com\/politika\/nedovic-drzava-sama-uklanjala-bezbjednosni-mehanizam-za-lica-koja-su-bila-prijetnja-nacionalnoj-bezbjednosti\/#primaryimage\"},\"image\":{\"@id\":\"https:\/\/dmcsrb.com\/politika\/nedovic-drzava-sama-uklanjala-bezbjednosni-mehanizam-za-lica-koja-su-bila-prijetnja-nacionalnoj-bezbjednosti\/#primaryimage\"},\"thumbnailUrl\":\"https:\/\/dmcsrb.com\/wp-content\/uploads\/2026\/01\/Jelena-Nedovic-PES-foto-skupstina-cg-1-1.jpg\",\"datePublished\":\"2026-01-13T17:16:00+00:00\",\"author\":{\"@id\":\"https:\/\/dmcsrb.com\/#\/schema\/person\/5c39170f12db1b8b457732d0b5c854e2\"},\"breadcrumb\":{\"@id\":\"https:\/\/dmcsrb.com\/politika\/nedovic-drzava-sama-uklanjala-bezbjednosni-mehanizam-za-lica-koja-su-bila-prijetnja-nacionalnoj-bezbjednosti\/#breadcrumb\"},\"inLanguage\":\"en-GB\",\"potentialAction\":[{\"@type\":\"ReadAction\",\"target\":[\"https:\/\/dmcsrb.com\/politika\/nedovic-drzava-sama-uklanjala-bezbjednosni-mehanizam-za-lica-koja-su-bila-prijetnja-nacionalnoj-bezbjednosti\/\"]}]},{\"@type\":\"ImageObject\",\"inLanguage\":\"en-GB\",\"@id\":\"https:\/\/dmcsrb.com\/politika\/nedovic-drzava-sama-uklanjala-bezbjednosni-mehanizam-za-lica-koja-su-bila-prijetnja-nacionalnoj-bezbjednosti\/#primaryimage\",\"url\":\"https:\/\/dmcsrb.com\/wp-content\/uploads\/2026\/01\/Jelena-Nedovic-PES-foto-skupstina-cg-1-1.jpg\",\"contentUrl\":\"https:\/\/dmcsrb.com\/wp-content\/uploads\/2026\/01\/Jelena-Nedovic-PES-foto-skupstina-cg-1-1.jpg\",\"width\":906,\"height\":584},{\"@type\":\"BreadcrumbList\",\"@id\":\"https:\/\/dmcsrb.com\/politika\/nedovic-drzava-sama-uklanjala-bezbjednosni-mehanizam-za-lica-koja-su-bila-prijetnja-nacionalnoj-bezbjednosti\/#breadcrumb\",\"itemListElement\":[{\"@type\":\"ListItem\",\"position\":1,\"name\":\"Home\",\"item\":\"https:\/\/dmcsrb.com\/\"},{\"@type\":\"ListItem\",\"position\":2,\"name\":\"Nedovi\u0107: Dr\u017eava sama uklanjala bezbjednosni mehanizam za lica koja su bila prijetnja nacionalnoj bezbjednosti\"}]},{\"@type\":\"WebSite\",\"@id\":\"https:\/\/dmcsrb.com\/#website\",\"url\":\"https:\/\/dmcsrb.com\/\",\"name\":\"dmcsrb.com\",\"description\":\"\",\"potentialAction\":[{\"@type\":\"SearchAction\",\"target\":{\"@type\":\"EntryPoint\",\"urlTemplate\":\"https:\/\/dmcsrb.com\/?s={search_term_string}\"},\"query-input\":{\"@type\":\"PropertyValueSpecification\",\"valueRequired\":true,\"valueName\":\"search_term_string\"}}],\"inLanguage\":\"en-GB\"},{\"@type\":\"Person\",\"@id\":\"https:\/\/dmcsrb.com\/#\/schema\/person\/5c39170f12db1b8b457732d0b5c854e2\",\"name\":\"dmcsrbija.com@gmail.com\",\"image\":{\"@type\":\"ImageObject\",\"inLanguage\":\"en-GB\",\"@id\":\"https:\/\/dmcsrb.com\/#\/schema\/person\/image\/\",\"url\":\"https:\/\/secure.gravatar.com\/avatar\/68592660ad6347fad0fb587f8d5d8f1a7b44961362f56e4f2cd524feb87e9069?s=96&d=mm&r=g\",\"contentUrl\":\"https:\/\/secure.gravatar.com\/avatar\/68592660ad6347fad0fb587f8d5d8f1a7b44961362f56e4f2cd524feb87e9069?s=96&d=mm&r=g\",\"caption\":\"dmcsrbija.com@gmail.com\"},\"sameAs\":[\"https:\/\/dmcsrb.com\"],\"url\":\"https:\/\/dmcsrb.com\/en\/author\/dmcsrbija-comgmail-com\/\"}]}<\/script>\n<!-- \/ Yoast SEO plugin. -->","yoast_head_json":{"title":"Nedovi\u0107: Dr\u017eava sama uklanjala bezbjednosni mehanizam za lica koja su bila prijetnja nacionalnoj bezbjednosti - dmcsrb.com","robots":{"index":"index","follow":"follow","max-snippet":"max-snippet:-1","max-image-preview":"max-image-preview:large","max-video-preview":"max-video-preview:-1"},"canonical":"https:\/\/dmcsrb.com\/en\/politika\/nedovic-drzava-sama-uklanjala-bezbjednosni-mehanizam-za-lica-koja-su-bila-prijetnja-nacionalnoj-bezbjednosti\/","og_locale":"en_GB","og_type":"article","og_title":"Nedovi\u0107: Dr\u017eava sama uklanjala bezbjednosni mehanizam za lica koja su bila prijetnja nacionalnoj bezbjednosti - dmcsrb.com","og_description":"Ovo \u0161to danas izlazi na sudu nije lapsus niti \"gre\u0161ka u sistemu\u201c. To je ogoljena istina o tome kako je dio bezbjednosnog aparata u Crnoj Gori godinama radio - ne u interesu dr\u017eave, ve\u0107 kriminala, rekla je poslanica Evrope sad (PES) Jelena Nedovi\u0107.\u00a0","og_url":"https:\/\/dmcsrb.com\/en\/politika\/nedovic-drzava-sama-uklanjala-bezbjednosni-mehanizam-za-lica-koja-su-bila-prijetnja-nacionalnoj-bezbjednosti\/","og_site_name":"dmcsrb.com","article_published_time":"2026-01-13T17:16:00+00:00","og_image":[{"width":906,"height":584,"url":"https:\/\/dmcsrb.com\/wp-content\/uploads\/2026\/01\/Jelena-Nedovic-PES-foto-skupstina-cg-1-1.jpg","type":"image\/jpeg"}],"author":"dmcsrbija.com@gmail.com","twitter_card":"summary_large_image","twitter_misc":{"Written by":"dmcsrbija.com@gmail.com","Estimated reading time":"4 minutes"},"schema":{"@context":"https:\/\/schema.org","@graph":[{"@type":"Article","@id":"https:\/\/dmcsrb.com\/politika\/nedovic-drzava-sama-uklanjala-bezbjednosni-mehanizam-za-lica-koja-su-bila-prijetnja-nacionalnoj-bezbjednosti\/#article","isPartOf":{"@id":"https:\/\/dmcsrb.com\/politika\/nedovic-drzava-sama-uklanjala-bezbjednosni-mehanizam-za-lica-koja-su-bila-prijetnja-nacionalnoj-bezbjednosti\/"},"author":{"name":"dmcsrbija.com@gmail.com","@id":"https:\/\/dmcsrb.com\/#\/schema\/person\/5c39170f12db1b8b457732d0b5c854e2"},"headline":"Nedovi\u0107: Dr\u017eava sama uklanjala bezbjednosni mehanizam za lica koja su bila prijetnja nacionalnoj bezbjednosti","datePublished":"2026-01-13T17:16:00+00:00","mainEntityOfPage":{"@id":"https:\/\/dmcsrb.com\/politika\/nedovic-drzava-sama-uklanjala-bezbjednosni-mehanizam-za-lica-koja-su-bila-prijetnja-nacionalnoj-bezbjednosti\/"},"wordCount":772,"commentCount":0,"image":{"@id":"https:\/\/dmcsrb.com\/politika\/nedovic-drzava-sama-uklanjala-bezbjednosni-mehanizam-za-lica-koja-su-bila-prijetnja-nacionalnoj-bezbjednosti\/#primaryimage"},"thumbnailUrl":"https:\/\/dmcsrb.com\/wp-content\/uploads\/2026\/01\/Jelena-Nedovic-PES-foto-skupstina-cg-1-1.jpg","keywords":["Enis Bakovi\u0107","Jelena Nedovi\u0107","Marko Miljkovi\u0107","PES","Veljko Belivuk"],"articleSection":["Politika"],"inLanguage":"en-GB","potentialAction":[{"@type":"CommentAction","name":"Comment","target":["https:\/\/dmcsrb.com\/politika\/nedovic-drzava-sama-uklanjala-bezbjednosni-mehanizam-za-lica-koja-su-bila-prijetnja-nacionalnoj-bezbjednosti\/#respond"]}]},{"@type":"WebPage","@id":"https:\/\/dmcsrb.com\/politika\/nedovic-drzava-sama-uklanjala-bezbjednosni-mehanizam-za-lica-koja-su-bila-prijetnja-nacionalnoj-bezbjednosti\/","url":"https:\/\/dmcsrb.com\/politika\/nedovic-drzava-sama-uklanjala-bezbjednosni-mehanizam-za-lica-koja-su-bila-prijetnja-nacionalnoj-bezbjednosti\/","name":"Nedovi\u0107: Dr\u017eava sama uklanjala bezbjednosni mehanizam za lica koja su bila prijetnja nacionalnoj bezbjednosti - dmcsrb.com","isPartOf":{"@id":"https:\/\/dmcsrb.com\/#website"},"primaryImageOfPage":{"@id":"https:\/\/dmcsrb.com\/politika\/nedovic-drzava-sama-uklanjala-bezbjednosni-mehanizam-za-lica-koja-su-bila-prijetnja-nacionalnoj-bezbjednosti\/#primaryimage"},"image":{"@id":"https:\/\/dmcsrb.com\/politika\/nedovic-drzava-sama-uklanjala-bezbjednosni-mehanizam-za-lica-koja-su-bila-prijetnja-nacionalnoj-bezbjednosti\/#primaryimage"},"thumbnailUrl":"https:\/\/dmcsrb.com\/wp-content\/uploads\/2026\/01\/Jelena-Nedovic-PES-foto-skupstina-cg-1-1.jpg","datePublished":"2026-01-13T17:16:00+00:00","author":{"@id":"https:\/\/dmcsrb.com\/#\/schema\/person\/5c39170f12db1b8b457732d0b5c854e2"},"breadcrumb":{"@id":"https:\/\/dmcsrb.com\/politika\/nedovic-drzava-sama-uklanjala-bezbjednosni-mehanizam-za-lica-koja-su-bila-prijetnja-nacionalnoj-bezbjednosti\/#breadcrumb"},"inLanguage":"en-GB","potentialAction":[{"@type":"ReadAction","target":["https:\/\/dmcsrb.com\/politika\/nedovic-drzava-sama-uklanjala-bezbjednosni-mehanizam-za-lica-koja-su-bila-prijetnja-nacionalnoj-bezbjednosti\/"]}]},{"@type":"ImageObject","inLanguage":"en-GB","@id":"https:\/\/dmcsrb.com\/politika\/nedovic-drzava-sama-uklanjala-bezbjednosni-mehanizam-za-lica-koja-su-bila-prijetnja-nacionalnoj-bezbjednosti\/#primaryimage","url":"https:\/\/dmcsrb.com\/wp-content\/uploads\/2026\/01\/Jelena-Nedovic-PES-foto-skupstina-cg-1-1.jpg","contentUrl":"https:\/\/dmcsrb.com\/wp-content\/uploads\/2026\/01\/Jelena-Nedovic-PES-foto-skupstina-cg-1-1.jpg","width":906,"height":584},{"@type":"BreadcrumbList","@id":"https:\/\/dmcsrb.com\/politika\/nedovic-drzava-sama-uklanjala-bezbjednosni-mehanizam-za-lica-koja-su-bila-prijetnja-nacionalnoj-bezbjednosti\/#breadcrumb","itemListElement":[{"@type":"ListItem","position":1,"name":"Home","item":"https:\/\/dmcsrb.com\/"},{"@type":"ListItem","position":2,"name":"Nedovi\u0107: Dr\u017eava sama uklanjala bezbjednosni mehanizam za lica koja su bila prijetnja nacionalnoj bezbjednosti"}]},{"@type":"WebSite","@id":"https:\/\/dmcsrb.com\/#website","url":"https:\/\/dmcsrb.com\/","name":"dmcsrb.com","description":"","potentialAction":[{"@type":"SearchAction","target":{"@type":"EntryPoint","urlTemplate":"https:\/\/dmcsrb.com\/?s={search_term_string}"},"query-input":{"@type":"PropertyValueSpecification","valueRequired":true,"valueName":"search_term_string"}}],"inLanguage":"en-GB"},{"@type":"Person","@id":"https:\/\/dmcsrb.com\/#\/schema\/person\/5c39170f12db1b8b457732d0b5c854e2","name":"dmcsrbija.com@gmail.com","image":{"@type":"ImageObject","inLanguage":"en-GB","@id":"https:\/\/dmcsrb.com\/#\/schema\/person\/image\/","url":"https:\/\/secure.gravatar.com\/avatar\/68592660ad6347fad0fb587f8d5d8f1a7b44961362f56e4f2cd524feb87e9069?s=96&d=mm&r=g","contentUrl":"https:\/\/secure.gravatar.com\/avatar\/68592660ad6347fad0fb587f8d5d8f1a7b44961362f56e4f2cd524feb87e9069?s=96&d=mm&r=g","caption":"dmcsrbija.com@gmail.com"},"sameAs":["https:\/\/dmcsrb.com"],"url":"https:\/\/dmcsrb.com\/en\/author\/dmcsrbija-comgmail-com\/"}]}},"_links":{"self":[{"href":"https:\/\/dmcsrb.com\/en\/wp-json\/wp\/v2\/posts\/908360","targetHints":{"allow":["GET"]}}],"collection":[{"href":"https:\/\/dmcsrb.com\/en\/wp-json\/wp\/v2\/posts"}],"about":[{"href":"https:\/\/dmcsrb.com\/en\/wp-json\/wp\/v2\/types\/post"}],"author":[{"embeddable":true,"href":"https:\/\/dmcsrb.com\/en\/wp-json\/wp\/v2\/users\/1"}],"replies":[{"embeddable":true,"href":"https:\/\/dmcsrb.com\/en\/wp-json\/wp\/v2\/comments?post=908360"}],"version-history":[{"count":0,"href":"https:\/\/dmcsrb.com\/en\/wp-json\/wp\/v2\/posts\/908360\/revisions"}],"wp:featuredmedia":[{"embeddable":true,"href":"https:\/\/dmcsrb.com\/en\/wp-json\/wp\/v2\/media\/903942"}],"wp:attachment":[{"href":"https:\/\/dmcsrb.com\/en\/wp-json\/wp\/v2\/media?parent=908360"}],"wp:term":[{"taxonomy":"category","embeddable":true,"href":"https:\/\/dmcsrb.com\/en\/wp-json\/wp\/v2\/categories?post=908360"},{"taxonomy":"post_tag","embeddable":true,"href":"https:\/\/dmcsrb.com\/en\/wp-json\/wp\/v2\/tags?post=908360"},{"taxonomy":"naslovna","embeddable":true,"href":"https:\/\/dmcsrb.com\/en\/wp-json\/wp\/v2\/naslovna?post=908360"}],"curies":[{"name":"wp","href":"https:\/\/api.w.org\/{rel}","templated":true}]}}