{"id":908207,"date":"2026-01-13T14:47:00","date_gmt":"2026-01-13T13:47:00","guid":{"rendered":"https:\/\/gradski.me\/?p=908207"},"modified":"2026-01-13T14:47:00","modified_gmt":"2026-01-13T13:47:00","slug":"epcg-sjutra-potpisivanje-memoranduma-sa-kompanijom-masdar","status":"publish","type":"post","link":"https:\/\/dmcsrb.com\/en\/ekonomija\/epcg-sjutra-potpisivanje-memoranduma-sa-kompanijom-masdar\/","title":{"rendered":"EPCG: Sjutra potpisivanje memoranduma sa kompanijom MASDAR"},"content":{"rendered":"<p><\/p>\n\n\n\n<p><\/p>\n\n\n\n<p><\/p>\n\n\n\n<p>Ovaj me\u0111unarodni forum <strong>okuplja predsjednike dr\u017eava i vlada, ministre, \u010delnike me\u0111unarodnih organizacija, kao i rukovodioce vode\u0107ih svjetskih energetskih i tehnolo\u0161kih kompanija<\/strong>, te predstavlja centralno mjesto godi\u0161nje globalne debate o energetskoj bezbjednosti, zelenoj tranziciji i odr\u017eivim ekonomskim modelima.<\/p>\n\n\n\n<p>Prisustvo Crne Gore na ovom visokom me\u0111unarodnom forumu potvr\u0111uje njeno sve vidljivije mjesto u globalnim procesima energetske tranzicije, ja\u010danja energetske bezbjednosti i promocije odr\u017eivih razvojnih politika. U\u010de\u0161\u0107e EPCG na ovom doga\u0111aju ima poseban zna\u010daj, jer omogu\u0107ava direktan dijalog sa klju\u010dnim me\u0111unarodnim partnerima, pristup savremenim tehnolo\u0161kim i investicionim praksama, kao i sna\u017enu promociju potencijala Crne Gore u oblasti obnovljivih izvora energije i odr\u017eive energetske infrastrukture.<\/p>\n\n\n\n<p>U okviru zvani\u010dne posjete Abu Dabiju, za srijedu je <strong>predvi\u0111eno potpisivanje Memoranduma o saradnji izme\u0111u Elektroprivrede Crne Gore i kompanije <\/strong><em>Masdar<\/em>, jednog od globalnih lidera u razvoju i implementaciji projekata iz oblasti obnovljivih izvora energije. Memorandum \u0107e postaviti temelje za dugoro\u010dnu saradnju na razvoju solarnih, vjetro i drugih projekata \u010diste energije, uz razmjenu znanja i razmatranje zajedni\u010dkih investicija.<\/p>\n\n\n\n<p>Tokom boravka u Abu Dabiju planirani su i bilateralni susreti crnogorske delegacije sa najvi\u0161im zvani\u010dnicima Ujedinjenih Arapskih Emirata, uklju\u010duju\u0107i ministra industrije i naprednih tehnologija UAE i predsjedavaju\u0107eg kompanije <em>Masdar<\/em> Sultana Al D\u017eabera, \u0161to dodatno potvr\u0111uje strate\u0161ki zna\u010daj ove posjete i interesovanje me\u0111unarodnih partnera za saradnju sa Crnom Gorom.<\/p>\n\n\n\n<p>U\u010de\u0161\u0107e EPCG na Abu Dabi Nedjelji odr\u017eivosti predstavlja va\u017ean korak u ja\u010danju me\u0111unarodnog kredibiliteta kompanije i Crne Gore u cjelini, kao i sna\u017enu potvrdu opredijeljenosti EPCG da bude klju\u010dni nosilac energetske tranzicije, energetske bezbjednosti i odr\u017eivog ekonomskog razvoja dr\u017eave.<\/p>","protected":false},"excerpt":{"rendered":"<p>Predstavnici Elektroprivrede Crne Gore (EPCG) \u2013 predsjednik Odbora direktora Milutin \u0110ukanovi\u0107, izvr\u0161ni direktor Zdravko Draga\u0161 i izvr\u0161ni rukovodilac Direkcije za razvoj i investicije Ivan Mrvaljevi\u0107 \u2013 u\u010destvuju u radu Abu Dabi Nedjelje odr\u017eivosti (Abu Dhabi Sustainability Week \u2013 ADSW), koja se od 13. do 15. januara odr\u017eava u Ujedinjenim Arapskim Emiratima, u okviru zvani\u010dne crnogorske delegacije koju predvodi predsjednik Vlade Crne Gore Milojko Spaji\u0107.<\/p>","protected":false},"author":1,"featured_media":908209,"comment_status":"open","ping_status":"open","sticky":false,"template":"","format":"standard","meta":{"_acf_changed":false,"footnotes":""},"categories":[27],"tags":[43,13779,3438],"naslovna":[],"class_list":["post-908207","post","type-post","status-publish","format-standard","has-post-thumbnail","hentry","category-ekonomija","tag-epcg","tag-masdar","tag-memorandum"],"acf":[],"yoast_head":"<!-- This site is optimized with the Yoast SEO plugin v27.4 - https:\/\/yoast.com\/product\/yoast-seo-wordpress\/ -->\n<title>EPCG: Sjutra potpisivanje memoranduma sa kompanijom MASDAR - dmcsrb.com<\/title>\n<meta name=\"robots\" content=\"index, follow, max-snippet:-1, max-image-preview:large, max-video-preview:-1\" \/>\n<link rel=\"canonical\" href=\"https:\/\/dmcsrb.com\/en\/ekonomija\/epcg-sjutra-potpisivanje-memoranduma-sa-kompanijom-masdar\/\" \/>\n<meta property=\"og:locale\" content=\"en_GB\" \/>\n<meta property=\"og:type\" content=\"article\" \/>\n<meta property=\"og:title\" content=\"EPCG: Sjutra potpisivanje memoranduma sa kompanijom MASDAR - dmcsrb.com\" \/>\n<meta property=\"og:description\" content=\"Predstavnici Elektroprivrede Crne Gore (EPCG) \u2013 predsjednik Odbora direktora Milutin \u0110ukanovi\u0107, izvr\u0161ni direktor Zdravko Draga\u0161 i izvr\u0161ni rukovodilac Direkcije za razvoj i investicije Ivan Mrvaljevi\u0107 \u2013 u\u010destvuju u radu Abu Dabi Nedjelje odr\u017eivosti (Abu Dhabi Sustainability Week \u2013 ADSW), koja se od 13. do 15. januara odr\u017eava u Ujedinjenim Arapskim Emiratima, u okviru zvani\u010dne crnogorske delegacije koju predvodi predsjednik Vlade Crne Gore Milojko Spaji\u0107.\" \/>\n<meta property=\"og:url\" content=\"https:\/\/dmcsrb.com\/en\/ekonomija\/epcg-sjutra-potpisivanje-memoranduma-sa-kompanijom-masdar\/\" \/>\n<meta property=\"og:site_name\" content=\"dmcsrb.com\" \/>\n<meta property=\"article:published_time\" content=\"2026-01-13T13:47:00+00:00\" \/>\n<meta property=\"og:image\" content=\"https:\/\/dmcsrb.com\/wp-content\/uploads\/2026\/01\/epcg1.webp\" \/>\n\t<meta property=\"og:image:width\" content=\"525\" \/>\n\t<meta property=\"og:image:height\" content=\"473\" \/>\n\t<meta property=\"og:image:type\" content=\"image\/jpeg\" \/>\n<meta name=\"author\" content=\"dmcsrbija.com@gmail.com\" \/>\n<meta name=\"twitter:card\" content=\"summary_large_image\" \/>\n<meta name=\"twitter:label1\" content=\"Written by\" \/>\n\t<meta name=\"twitter:data1\" content=\"dmcsrbija.com@gmail.com\" \/>\n\t<meta name=\"twitter:label2\" content=\"Estimated reading time\" \/>\n\t<meta name=\"twitter:data2\" content=\"1 minute\" \/>\n<script type=\"application\/ld+json\" class=\"yoast-schema-graph\">{\"@context\":\"https:\\\/\\\/schema.org\",\"@graph\":[{\"@type\":\"Article\",\"@id\":\"https:\\\/\\\/dmcsrb.com\\\/ekonomija\\\/epcg-sjutra-potpisivanje-memoranduma-sa-kompanijom-masdar\\\/#article\",\"isPartOf\":{\"@id\":\"https:\\\/\\\/dmcsrb.com\\\/ekonomija\\\/epcg-sjutra-potpisivanje-memoranduma-sa-kompanijom-masdar\\\/\"},\"author\":{\"name\":\"dmcsrbija.com@gmail.com\",\"@id\":\"https:\\\/\\\/dmcsrb.com\\\/#\\\/schema\\\/person\\\/5c39170f12db1b8b457732d0b5c854e2\"},\"headline\":\"EPCG: Sjutra potpisivanje memoranduma sa kompanijom MASDAR\",\"datePublished\":\"2026-01-13T13:47:00+00:00\",\"mainEntityOfPage\":{\"@id\":\"https:\\\/\\\/dmcsrb.com\\\/ekonomija\\\/epcg-sjutra-potpisivanje-memoranduma-sa-kompanijom-masdar\\\/\"},\"wordCount\":299,\"commentCount\":0,\"image\":{\"@id\":\"https:\\\/\\\/dmcsrb.com\\\/ekonomija\\\/epcg-sjutra-potpisivanje-memoranduma-sa-kompanijom-masdar\\\/#primaryimage\"},\"thumbnailUrl\":\"https:\\\/\\\/dmcsrb.com\\\/wp-content\\\/uploads\\\/2026\\\/01\\\/epcg1.webp\",\"keywords\":[\"EPCG\",\"Masdar\",\"memorandum\"],\"articleSection\":[\"Ekonomija\"],\"inLanguage\":\"en-GB\",\"potentialAction\":[{\"@type\":\"CommentAction\",\"name\":\"Comment\",\"target\":[\"https:\\\/\\\/dmcsrb.com\\\/ekonomija\\\/epcg-sjutra-potpisivanje-memoranduma-sa-kompanijom-masdar\\\/#respond\"]}]},{\"@type\":\"WebPage\",\"@id\":\"https:\\\/\\\/dmcsrb.com\\\/ekonomija\\\/epcg-sjutra-potpisivanje-memoranduma-sa-kompanijom-masdar\\\/\",\"url\":\"https:\\\/\\\/dmcsrb.com\\\/ekonomija\\\/epcg-sjutra-potpisivanje-memoranduma-sa-kompanijom-masdar\\\/\",\"name\":\"EPCG: Sjutra potpisivanje memoranduma sa kompanijom MASDAR - dmcsrb.com\",\"isPartOf\":{\"@id\":\"https:\\\/\\\/dmcsrb.com\\\/#website\"},\"primaryImageOfPage\":{\"@id\":\"https:\\\/\\\/dmcsrb.com\\\/ekonomija\\\/epcg-sjutra-potpisivanje-memoranduma-sa-kompanijom-masdar\\\/#primaryimage\"},\"image\":{\"@id\":\"https:\\\/\\\/dmcsrb.com\\\/ekonomija\\\/epcg-sjutra-potpisivanje-memoranduma-sa-kompanijom-masdar\\\/#primaryimage\"},\"thumbnailUrl\":\"https:\\\/\\\/dmcsrb.com\\\/wp-content\\\/uploads\\\/2026\\\/01\\\/epcg1.webp\",\"datePublished\":\"2026-01-13T13:47:00+00:00\",\"author\":{\"@id\":\"https:\\\/\\\/dmcsrb.com\\\/#\\\/schema\\\/person\\\/5c39170f12db1b8b457732d0b5c854e2\"},\"breadcrumb\":{\"@id\":\"https:\\\/\\\/dmcsrb.com\\\/ekonomija\\\/epcg-sjutra-potpisivanje-memoranduma-sa-kompanijom-masdar\\\/#breadcrumb\"},\"inLanguage\":\"en-GB\",\"potentialAction\":[{\"@type\":\"ReadAction\",\"target\":[\"https:\\\/\\\/dmcsrb.com\\\/ekonomija\\\/epcg-sjutra-potpisivanje-memoranduma-sa-kompanijom-masdar\\\/\"]}]},{\"@type\":\"ImageObject\",\"inLanguage\":\"en-GB\",\"@id\":\"https:\\\/\\\/dmcsrb.com\\\/ekonomija\\\/epcg-sjutra-potpisivanje-memoranduma-sa-kompanijom-masdar\\\/#primaryimage\",\"url\":\"https:\\\/\\\/dmcsrb.com\\\/wp-content\\\/uploads\\\/2026\\\/01\\\/epcg1.webp\",\"contentUrl\":\"https:\\\/\\\/dmcsrb.com\\\/wp-content\\\/uploads\\\/2026\\\/01\\\/epcg1.webp\",\"width\":525,\"height\":473,\"caption\":\"Foto: EPCG\"},{\"@type\":\"BreadcrumbList\",\"@id\":\"https:\\\/\\\/dmcsrb.com\\\/ekonomija\\\/epcg-sjutra-potpisivanje-memoranduma-sa-kompanijom-masdar\\\/#breadcrumb\",\"itemListElement\":[{\"@type\":\"ListItem\",\"position\":1,\"name\":\"Home\",\"item\":\"https:\\\/\\\/dmcsrb.com\\\/\"},{\"@type\":\"ListItem\",\"position\":2,\"name\":\"EPCG: Sjutra potpisivanje memoranduma sa kompanijom MASDAR\"}]},{\"@type\":\"WebSite\",\"@id\":\"https:\\\/\\\/dmcsrb.com\\\/#website\",\"url\":\"https:\\\/\\\/dmcsrb.com\\\/\",\"name\":\"dmcsrb.com\",\"description\":\"\",\"potentialAction\":[{\"@type\":\"SearchAction\",\"target\":{\"@type\":\"EntryPoint\",\"urlTemplate\":\"https:\\\/\\\/dmcsrb.com\\\/?s={search_term_string}\"},\"query-input\":{\"@type\":\"PropertyValueSpecification\",\"valueRequired\":true,\"valueName\":\"search_term_string\"}}],\"inLanguage\":\"en-GB\"},{\"@type\":\"Person\",\"@id\":\"https:\\\/\\\/dmcsrb.com\\\/#\\\/schema\\\/person\\\/5c39170f12db1b8b457732d0b5c854e2\",\"name\":\"dmcsrbija.com@gmail.com\",\"image\":{\"@type\":\"ImageObject\",\"inLanguage\":\"en-GB\",\"@id\":\"https:\\\/\\\/secure.gravatar.com\\\/avatar\\\/68592660ad6347fad0fb587f8d5d8f1a7b44961362f56e4f2cd524feb87e9069?s=96&d=mm&r=g\",\"url\":\"https:\\\/\\\/secure.gravatar.com\\\/avatar\\\/68592660ad6347fad0fb587f8d5d8f1a7b44961362f56e4f2cd524feb87e9069?s=96&d=mm&r=g\",\"contentUrl\":\"https:\\\/\\\/secure.gravatar.com\\\/avatar\\\/68592660ad6347fad0fb587f8d5d8f1a7b44961362f56e4f2cd524feb87e9069?s=96&d=mm&r=g\",\"caption\":\"dmcsrbija.com@gmail.com\"},\"sameAs\":[\"https:\\\/\\\/dmcsrb.com\"],\"url\":\"https:\\\/\\\/dmcsrb.com\\\/en\\\/author\\\/dmcsrbija-comgmail-com\\\/\"}]}<\/script>\n<!-- \/ Yoast SEO plugin. -->","yoast_head_json":{"title":"EPCG: Sjutra potpisivanje memoranduma sa kompanijom MASDAR - dmcsrb.com","robots":{"index":"index","follow":"follow","max-snippet":"max-snippet:-1","max-image-preview":"max-image-preview:large","max-video-preview":"max-video-preview:-1"},"canonical":"https:\/\/dmcsrb.com\/en\/ekonomija\/epcg-sjutra-potpisivanje-memoranduma-sa-kompanijom-masdar\/","og_locale":"en_GB","og_type":"article","og_title":"EPCG: Sjutra potpisivanje memoranduma sa kompanijom MASDAR - dmcsrb.com","og_description":"Predstavnici Elektroprivrede Crne Gore (EPCG) \u2013 predsjednik Odbora direktora Milutin \u0110ukanovi\u0107, izvr\u0161ni direktor Zdravko Draga\u0161 i izvr\u0161ni rukovodilac Direkcije za razvoj i investicije Ivan Mrvaljevi\u0107 \u2013 u\u010destvuju u radu Abu Dabi Nedjelje odr\u017eivosti (Abu Dhabi Sustainability Week \u2013 ADSW), koja se od 13. do 15. januara odr\u017eava u Ujedinjenim Arapskim Emiratima, u okviru zvani\u010dne crnogorske delegacije koju predvodi predsjednik Vlade Crne Gore Milojko Spaji\u0107.","og_url":"https:\/\/dmcsrb.com\/en\/ekonomija\/epcg-sjutra-potpisivanje-memoranduma-sa-kompanijom-masdar\/","og_site_name":"dmcsrb.com","article_published_time":"2026-01-13T13:47:00+00:00","og_image":[{"width":525,"height":473,"url":"https:\/\/dmcsrb.com\/wp-content\/uploads\/2026\/01\/epcg1.webp","type":"image\/jpeg"}],"author":"dmcsrbija.com@gmail.com","twitter_card":"summary_large_image","twitter_misc":{"Written by":"dmcsrbija.com@gmail.com","Estimated reading time":"1 minute"},"schema":{"@context":"https:\/\/schema.org","@graph":[{"@type":"Article","@id":"https:\/\/dmcsrb.com\/ekonomija\/epcg-sjutra-potpisivanje-memoranduma-sa-kompanijom-masdar\/#article","isPartOf":{"@id":"https:\/\/dmcsrb.com\/ekonomija\/epcg-sjutra-potpisivanje-memoranduma-sa-kompanijom-masdar\/"},"author":{"name":"dmcsrbija.com@gmail.com","@id":"https:\/\/dmcsrb.com\/#\/schema\/person\/5c39170f12db1b8b457732d0b5c854e2"},"headline":"EPCG: Sjutra potpisivanje memoranduma sa kompanijom MASDAR","datePublished":"2026-01-13T13:47:00+00:00","mainEntityOfPage":{"@id":"https:\/\/dmcsrb.com\/ekonomija\/epcg-sjutra-potpisivanje-memoranduma-sa-kompanijom-masdar\/"},"wordCount":299,"commentCount":0,"image":{"@id":"https:\/\/dmcsrb.com\/ekonomija\/epcg-sjutra-potpisivanje-memoranduma-sa-kompanijom-masdar\/#primaryimage"},"thumbnailUrl":"https:\/\/dmcsrb.com\/wp-content\/uploads\/2026\/01\/epcg1.webp","keywords":["EPCG","Masdar","memorandum"],"articleSection":["Ekonomija"],"inLanguage":"en-GB","potentialAction":[{"@type":"CommentAction","name":"Comment","target":["https:\/\/dmcsrb.com\/ekonomija\/epcg-sjutra-potpisivanje-memoranduma-sa-kompanijom-masdar\/#respond"]}]},{"@type":"WebPage","@id":"https:\/\/dmcsrb.com\/ekonomija\/epcg-sjutra-potpisivanje-memoranduma-sa-kompanijom-masdar\/","url":"https:\/\/dmcsrb.com\/ekonomija\/epcg-sjutra-potpisivanje-memoranduma-sa-kompanijom-masdar\/","name":"EPCG: Sjutra potpisivanje memoranduma sa kompanijom MASDAR - dmcsrb.com","isPartOf":{"@id":"https:\/\/dmcsrb.com\/#website"},"primaryImageOfPage":{"@id":"https:\/\/dmcsrb.com\/ekonomija\/epcg-sjutra-potpisivanje-memoranduma-sa-kompanijom-masdar\/#primaryimage"},"image":{"@id":"https:\/\/dmcsrb.com\/ekonomija\/epcg-sjutra-potpisivanje-memoranduma-sa-kompanijom-masdar\/#primaryimage"},"thumbnailUrl":"https:\/\/dmcsrb.com\/wp-content\/uploads\/2026\/01\/epcg1.webp","datePublished":"2026-01-13T13:47:00+00:00","author":{"@id":"https:\/\/dmcsrb.com\/#\/schema\/person\/5c39170f12db1b8b457732d0b5c854e2"},"breadcrumb":{"@id":"https:\/\/dmcsrb.com\/ekonomija\/epcg-sjutra-potpisivanje-memoranduma-sa-kompanijom-masdar\/#breadcrumb"},"inLanguage":"en-GB","potentialAction":[{"@type":"ReadAction","target":["https:\/\/dmcsrb.com\/ekonomija\/epcg-sjutra-potpisivanje-memoranduma-sa-kompanijom-masdar\/"]}]},{"@type":"ImageObject","inLanguage":"en-GB","@id":"https:\/\/dmcsrb.com\/ekonomija\/epcg-sjutra-potpisivanje-memoranduma-sa-kompanijom-masdar\/#primaryimage","url":"https:\/\/dmcsrb.com\/wp-content\/uploads\/2026\/01\/epcg1.webp","contentUrl":"https:\/\/dmcsrb.com\/wp-content\/uploads\/2026\/01\/epcg1.webp","width":525,"height":473,"caption":"Foto: EPCG"},{"@type":"BreadcrumbList","@id":"https:\/\/dmcsrb.com\/ekonomija\/epcg-sjutra-potpisivanje-memoranduma-sa-kompanijom-masdar\/#breadcrumb","itemListElement":[{"@type":"ListItem","position":1,"name":"Home","item":"https:\/\/dmcsrb.com\/"},{"@type":"ListItem","position":2,"name":"EPCG: Sjutra potpisivanje memoranduma sa kompanijom MASDAR"}]},{"@type":"WebSite","@id":"https:\/\/dmcsrb.com\/#website","url":"https:\/\/dmcsrb.com\/","name":"dmcsrb.com","description":"","potentialAction":[{"@type":"SearchAction","target":{"@type":"EntryPoint","urlTemplate":"https:\/\/dmcsrb.com\/?s={search_term_string}"},"query-input":{"@type":"PropertyValueSpecification","valueRequired":true,"valueName":"search_term_string"}}],"inLanguage":"en-GB"},{"@type":"Person","@id":"https:\/\/dmcsrb.com\/#\/schema\/person\/5c39170f12db1b8b457732d0b5c854e2","name":"dmcsrbija.com@gmail.com","image":{"@type":"ImageObject","inLanguage":"en-GB","@id":"https:\/\/secure.gravatar.com\/avatar\/68592660ad6347fad0fb587f8d5d8f1a7b44961362f56e4f2cd524feb87e9069?s=96&d=mm&r=g","url":"https:\/\/secure.gravatar.com\/avatar\/68592660ad6347fad0fb587f8d5d8f1a7b44961362f56e4f2cd524feb87e9069?s=96&d=mm&r=g","contentUrl":"https:\/\/secure.gravatar.com\/avatar\/68592660ad6347fad0fb587f8d5d8f1a7b44961362f56e4f2cd524feb87e9069?s=96&d=mm&r=g","caption":"dmcsrbija.com@gmail.com"},"sameAs":["https:\/\/dmcsrb.com"],"url":"https:\/\/dmcsrb.com\/en\/author\/dmcsrbija-comgmail-com\/"}]}},"_links":{"self":[{"href":"https:\/\/dmcsrb.com\/en\/wp-json\/wp\/v2\/posts\/908207","targetHints":{"allow":["GET"]}}],"collection":[{"href":"https:\/\/dmcsrb.com\/en\/wp-json\/wp\/v2\/posts"}],"about":[{"href":"https:\/\/dmcsrb.com\/en\/wp-json\/wp\/v2\/types\/post"}],"author":[{"embeddable":true,"href":"https:\/\/dmcsrb.com\/en\/wp-json\/wp\/v2\/users\/1"}],"replies":[{"embeddable":true,"href":"https:\/\/dmcsrb.com\/en\/wp-json\/wp\/v2\/comments?post=908207"}],"version-history":[{"count":0,"href":"https:\/\/dmcsrb.com\/en\/wp-json\/wp\/v2\/posts\/908207\/revisions"}],"wp:featuredmedia":[{"embeddable":true,"href":"https:\/\/dmcsrb.com\/en\/wp-json\/wp\/v2\/media\/908209"}],"wp:attachment":[{"href":"https:\/\/dmcsrb.com\/en\/wp-json\/wp\/v2\/media?parent=908207"}],"wp:term":[{"taxonomy":"category","embeddable":true,"href":"https:\/\/dmcsrb.com\/en\/wp-json\/wp\/v2\/categories?post=908207"},{"taxonomy":"post_tag","embeddable":true,"href":"https:\/\/dmcsrb.com\/en\/wp-json\/wp\/v2\/tags?post=908207"},{"taxonomy":"naslovna","embeddable":true,"href":"https:\/\/dmcsrb.com\/en\/wp-json\/wp\/v2\/naslovna?post=908207"}],"curies":[{"name":"wp","href":"https:\/\/api.w.org\/{rel}","templated":true}]}}